{"id":39002,"date":"2026-08-31T22:04:04","date_gmt":"2026-08-31T22:04:04","guid":{"rendered":"https:\/\/lacolombeplus.net\/?p=39002"},"modified":"2026-08-31T22:04:04","modified_gmt":"2026-08-31T22:04:04","slug":"police-nationale-police-nationale-une-formation-de-passage-en-grade-pour-2-364-policiers","status":"publish","type":"post","link":"https:\/\/lacolombeplus.net\/index.php\/2026\/08\/31\/police-nationale-police-nationale-une-formation-de-passage-en-grade-pour-2-364-policiers\/","title":{"rendered":"Police Nationale :Police nationale : une formation de passage en grade pour 2 364 policiers"},"content":{"rendered":"<h2>L\u2019Acad\u00e9mie de Police de Pabr\u00e9 a servi de cadre, ce lundi 31 ao\u00fbt 2026, au lancement officiel des formations de passage en grade au titre de l\u2019ann\u00e9e 2026. Pr\u00e9sid\u00e9e par l\u2019Inspecteur g\u00e9n\u00e9ral de Police Thierry Dofizouho Tuina, Directeur g\u00e9n\u00e9ral de la Police nationale, cette initiative s\u2019inscrit dans une dynamique de renforcement des comp\u00e9tences, de responsabilisation des agents et d\u2019am\u00e9lioration continue de l\u2019efficacit\u00e9 des forces de s\u00e9curit\u00e9 au service de la Nation.<\/h2>\n<p>Ils sont au total 2 364 policiers, r\u00e9partis sur l\u2019ensemble du territoire national, \u00e0 prendre part \u00e0 cette formation de deux semaines. Dans les rangs, on compte 92 commissaires de police, 304 officiers et 1 968 sous-officiers. Au-del\u00e0 de ces effectifs, cette session marque une \u00e9tape importante dans le parcours professionnel des participants. Elle les pr\u00e9pare \u00e0 franchir un nouveau cap dans leur carri\u00e8re et \u00e0 assumer de nouvelles responsabilit\u00e9s au sein de l\u2019institution polici\u00e8re.<\/p>\n<p>Cette session de formation traduit la mise en \u0153uvre effective d\u2019une disposition attendue de longue date dans le statut de la Police nationale. Conform\u00e9ment \u00e0 la loi n\u00b0027-2018\/AN du 1er juin 2018, le passage au grade sup\u00e9rieur ne se limite plus au seul crit\u00e8re de l\u2019anciennet\u00e9. Il repose \u00e9galement sur le m\u00e9rite, la discipline, les aptitudes professionnelles ainsi que la formation, autant d\u2019exigences destin\u00e9es \u00e0 renforcer la comp\u00e9tence et la qualit\u00e9 des ressources humaines au sein de l\u2019institution polici\u00e8re.<\/p>\n<h4 style=\"text-align: center;\"><strong>La comp\u00e9tence au c\u0153ur de l\u2019avancement<\/strong><\/h4>\n<figure id=\"attachment_39008\" aria-describedby=\"caption-attachment-39008\" style=\"width: 372px\" class=\"wp-caption alignleft\"><img fetchpriority=\"high\" decoding=\"async\" class=\"size-full wp-image-39008\" src=\"http:\/\/lacolombeplus.net\/wp-content\/uploads\/2026\/08\/WhatsApp-Image-2026-08-31-at-21.59.40.webp\" alt=\"\" width=\"372\" height=\"378\" srcset=\"https:\/\/lacolombeplus.net\/wp-content\/uploads\/2026\/08\/WhatsApp-Image-2026-08-31-at-21.59.40.webp 372w, https:\/\/lacolombeplus.net\/wp-content\/uploads\/2026\/08\/WhatsApp-Image-2026-08-31-at-21.59.40-295x300.webp 295w\" sizes=\"(max-width: 372px) 100vw, 372px\" \/><figcaption id=\"caption-attachment-39008\" class=\"wp-caption-text\">Lassina TRAORE, camarade directeur g\u00e9n\u00e9ral de l\u2019acad\u00e9mie de police.<\/figcaption><\/figure>\n<p class=\"isSelectedEnd\">Dans son mot de bienvenue, le Commissaire divisionnaire de police Lassina Traor\u00e9, Directeur g\u00e9n\u00e9ral de l\u2019Acad\u00e9mie de Police, a salu\u00e9 la confiance renouvel\u00e9e \u00e0 son institution pour l\u2019organisation de cette session. Il a, par ailleurs, insist\u00e9 sur la responsabilit\u00e9 des formateurs et des enseignants dans la transmission du savoir et des valeurs professionnelles. \u00ab<em> Transmettre le savoir \u00e0 vos coll\u00e8gues et collaborateurs est un acte de commandement, de bonne gouvernance et de fraternit\u00e9 d\u2019armes \u00bb<\/em>, a-t-il lanc\u00e9 \u00e0 leur endroit.<\/p>\n<p class=\"isSelectedEnd\">Pour le Directeur g\u00e9n\u00e9ral de l\u2019Acad\u00e9mie de Police, le passage en grade doit avant tout reposer sur la comp\u00e9tence. Cette formation entend ainsi renforcer les connaissances professionnelles et techniques des participants, tout en actualisant leur ma\u00eetrise des lois, r\u00e8glements et autres textes qui encadrent l\u2019action de la Police nationale.<\/p>\n<p>Pr\u00e9sidant la c\u00e9r\u00e9monie, l\u2019Inspecteur g\u00e9n\u00e9ral de Police Thierry Dofizouho Tuina, Directeur g\u00e9n\u00e9ral de la Police nationale, a inscrit cette session dans la dynamique de professionnalisation et de renforcement des capacit\u00e9s de l\u2019institution. Dans un contexte national marqu\u00e9 par d\u2019importants d\u00e9fis s\u00e9curitaires et une forte sollicitation des Forces de d\u00e9fense et de s\u00e9curit\u00e9, il a soulign\u00e9 que l\u2019accession \u00e0 un grade sup\u00e9rieur doit n\u00e9cessairement s\u2019accompagner d\u2019un sens accru des responsabilit\u00e9s. \u00ab<em> Le grade auquel vous aspirez est avant tout synonyme de responsabilit\u00e9 et de charge accrue au service de la s\u00e9curit\u00e9 du peuple \u00bb<\/em>, a-t-il rappel\u00e9.<\/p>\n<figure id=\"attachment_39009\" aria-describedby=\"caption-attachment-39009\" style=\"width: 960px\" class=\"wp-caption alignnone\"><img decoding=\"async\" class=\"size-full wp-image-39009\" src=\"http:\/\/lacolombeplus.net\/wp-content\/uploads\/2026\/08\/WhatsApp-Image-2026-08-31-at-16.58.54.webp\" alt=\"\" width=\"960\" height=\"540\" srcset=\"https:\/\/lacolombeplus.net\/wp-content\/uploads\/2026\/08\/WhatsApp-Image-2026-08-31-at-16.58.54.webp 960w, https:\/\/lacolombeplus.net\/wp-content\/uploads\/2026\/08\/WhatsApp-Image-2026-08-31-at-16.58.54-300x169.webp 300w, https:\/\/lacolombeplus.net\/wp-content\/uploads\/2026\/08\/WhatsApp-Image-2026-08-31-at-16.58.54-768x432.webp 768w\" sizes=\"(max-width: 960px) 100vw, 960px\" \/><figcaption id=\"caption-attachment-39009\" class=\"wp-caption-text\">Thierry Dofizouho Tuina le directeur g\u00e9n\u00e9ral de la police nationale du Burkina Faso, pr\u00e9sident de la c\u00e9r\u00e9monie.<\/figcaption><\/figure>\n<p class=\"isSelectedEnd\">Les formations visent notamment \u00e0 pr\u00e9parer les b\u00e9n\u00e9ficiaires \u00e0 l\u2019exercice de nouvelles responsabilit\u00e9s en mati\u00e8re de conception, de commandement, de planification, de gestion op\u00e9rationnelle et d\u2019encadrement. Elles doivent \u00e9galement renforcer leur ma\u00eetrise du cadre l\u00e9gal, r\u00e9glementaire et d\u00e9ontologique qui r\u00e9git les missions de la Police nationale.<\/p>\n<h4 style=\"text-align: center;\"><strong>Un dispositif d\u00e9ploy\u00e9 \u00e0 l\u2019\u00e9chelle nationale<\/strong><\/h4>\n<p class=\"isSelectedEnd\">Le Directeur g\u00e9n\u00e9ral de la Police nationale a \u00e9galement indiqu\u00e9 que les enseignements ne se d\u00e9rouleront pas uniquement \u00e0 l\u2019Acad\u00e9mie de Police de Pabr\u00e9. L\u2019\u00c9cole nationale de Police ainsi que plusieurs centres de formation implant\u00e9s \u00e0 l\u2019int\u00e9rieur du pays sont associ\u00e9s au dispositif. Cette organisation doit permettre d\u2019assurer la formation de l\u2019ensemble des policiers inscrits au tableau d\u2019avancement, malgr\u00e9 leur d\u00e9ploiement sur diff\u00e9rents sites et th\u00e9\u00e2tres d\u2019op\u00e9ration.<\/p>\n<p class=\"isSelectedEnd\">Dans un contexte marqu\u00e9 par la lutte contre le terrorisme et les efforts de reconqu\u00eate du territoire national, le renforcement des capacit\u00e9s des personnels appara\u00eet comme un enjeu strat\u00e9gique. Pour les responsables de la Police nationale, il ne s\u2019agit donc pas seulement d\u2019accompagner une \u00e9volution de carri\u00e8re, mais de disposer de cadres et d&rsquo;agents davantage outill\u00e9s pour r\u00e9pondre aux exigences s\u00e9curitaires et aux mutations de l\u2019environnement national.<\/p>\n<p>Au-del\u00e0 de l\u2019obtention d\u2019un nouveau grade, cette session place ainsi la comp\u00e9tence et le perfectionnement professionnel au c\u0153ur de la progression hi\u00e9rarchique. L\u2019ambition affich\u00e9e est de faire de la formation continue un levier durable de professionnalisation, afin que chaque promotion en grade s\u2019accompagne d\u2019une am\u00e9lioration r\u00e9elle des capacit\u00e9s et d\u2019un engagement renouvel\u00e9 au service de la s\u00e9curit\u00e9 des populations.<\/p>\n<p style=\"text-align: right;\"><em><strong>Cl\u00e9ment KABA<\/strong><\/em><\/p>\n","protected":false},"excerpt":{"rendered":"<p>L\u2019Acad\u00e9mie de Police de Pabr\u00e9 a servi de cadre, ce lundi 31 ao\u00fbt 2026, au lancement officiel des formations de passage en grade au titre de l\u2019ann\u00e9e 2026. Pr\u00e9sid\u00e9e par l\u2019Inspecteur g\u00e9n\u00e9ral de Police Thierry Dofizouho Tuina, Directeur g\u00e9n\u00e9ral de la Police nationale, cette initiative s\u2019inscrit dans une dynamique de renforcement des comp\u00e9tences, de responsabilisation&#8230;<\/p>\n","protected":false},"author":6,"featured_media":39003,"comment_status":"open","ping_status":"open","sticky":false,"template":"","format":"standard","meta":{"_jetpack_newsletter_access":"","_jetpack_dont_email_post_to_subs":false,"_jetpack_newsletter_tier_id":0,"_jetpack_memberships_contains_paywalled_content":false,"_jetpack_feature_clip_id":0,"_jetpack_memberships_contains_paid_content":false,"footnotes":"","jetpack_post_was_ever_published":false},"categories":[2,111],"tags":[],"class_list":["post-39002","post","type-post","status-publish","format-standard","has-post-thumbnail","hentry","category-a-la-une","category-securite"],"yoast_head":"<!-- This site is optimized with the Yoast SEO plugin v28.3 - https:\/\/yoast.com\/product\/yoast-seo-wordpress\/ -->\n<title>Police Nationale :Police nationale : une formation de passage en grade pour 2 364 policiers - WordPress<\/title>\n<meta name=\"robots\" content=\"index, follow, max-snippet:-1, max-image-preview:large, max-video-preview:-1\" \/>\n<link rel=\"canonical\" href=\"https:\/\/lacolombeplus.net\/index.php\/2026\/08\/31\/police-nationale-police-nationale-une-formation-de-passage-en-grade-pour-2-364-policiers\/\" \/>\n<meta property=\"og:locale\" content=\"fr_FR\" \/>\n<meta property=\"og:type\" content=\"article\" \/>\n<meta property=\"og:title\" content=\"Police Nationale :Police nationale : une formation de passage en grade pour 2 364 policiers - WordPress\" \/>\n<meta property=\"og:description\" content=\"L\u2019Acad\u00e9mie de Police de Pabr\u00e9 a servi de cadre, ce lundi 31 ao\u00fbt 2026, au lancement officiel des formations de passage en grade au titre de l\u2019ann\u00e9e 2026. Pr\u00e9sid\u00e9e par l\u2019Inspecteur g\u00e9n\u00e9ral de Police Thierry Dofizouho Tuina, Directeur g\u00e9n\u00e9ral de la Police nationale, cette initiative s\u2019inscrit dans une dynamique de renforcement des comp\u00e9tences, de responsabilisation...\" \/>\n<meta property=\"og:url\" content=\"https:\/\/lacolombeplus.net\/index.php\/2026\/08\/31\/police-nationale-police-nationale-une-formation-de-passage-en-grade-pour-2-364-policiers\/\" \/>\n<meta property=\"og:site_name\" content=\"WordPress\" \/>\n<meta property=\"article:publisher\" content=\"https:\/\/web.facebook.com\/profile.php?id=61589477078953\" \/>\n<meta property=\"article:published_time\" content=\"2026-08-31T22:04:04+00:00\" \/>\n<meta property=\"og:image\" content=\"http:\/\/lacolombeplus.net\/wp-content\/uploads\/2026\/08\/IMG-20260831-WA0038.webp\" \/>\n\t<meta property=\"og:image:width\" content=\"960\" \/>\n\t<meta property=\"og:image:height\" content=\"540\" \/>\n\t<meta property=\"og:image:type\" content=\"image\/webp\" \/>\n<meta name=\"author\" content=\"Dramane FAYAMA\" \/>\n<meta name=\"twitter:card\" content=\"summary_large_image\" \/>\n<meta name=\"twitter:label1\" content=\"\u00c9crit par\" \/>\n\t<meta name=\"twitter:data1\" content=\"Dramane FAYAMA\" \/>\n\t<meta name=\"twitter:label2\" content=\"Dur\u00e9e de lecture estim\u00e9e\" \/>\n\t<meta name=\"twitter:data2\" content=\"5 minutes\" \/>\n<script type=\"application\/ld+json\" class=\"yoast-schema-graph\">{\"@context\":\"https:\\\/\\\/schema.org\",\"@graph\":[{\"@type\":\"Article\",\"@id\":\"https:\\\/\\\/lacolombeplus.net\\\/index.php\\\/2026\\\/08\\\/31\\\/police-nationale-police-nationale-une-formation-de-passage-en-grade-pour-2-364-policiers\\\/#article\",\"isPartOf\":{\"@id\":\"https:\\\/\\\/lacolombeplus.net\\\/index.php\\\/2026\\\/08\\\/31\\\/police-nationale-police-nationale-une-formation-de-passage-en-grade-pour-2-364-policiers\\\/\"},\"author\":{\"name\":\"Dramane FAYAMA\",\"@id\":\"https:\\\/\\\/lacolombeplus.net\\\/#\\\/schema\\\/person\\\/1a433b3fa6e8f9696f18ece67a69915c\"},\"headline\":\"Police Nationale :Police nationale : une formation de passage en grade pour 2 364 policiers\",\"datePublished\":\"2026-08-31T22:04:04+00:00\",\"mainEntityOfPage\":{\"@id\":\"https:\\\/\\\/lacolombeplus.net\\\/index.php\\\/2026\\\/08\\\/31\\\/police-nationale-police-nationale-une-formation-de-passage-en-grade-pour-2-364-policiers\\\/\"},\"wordCount\":873,\"commentCount\":0,\"publisher\":{\"@id\":\"https:\\\/\\\/lacolombeplus.net\\\/#organization\"},\"image\":{\"@id\":\"https:\\\/\\\/lacolombeplus.net\\\/index.php\\\/2026\\\/08\\\/31\\\/police-nationale-police-nationale-une-formation-de-passage-en-grade-pour-2-364-policiers\\\/#primaryimage\"},\"thumbnailUrl\":\"https:\\\/\\\/lacolombeplus.net\\\/wp-content\\\/uploads\\\/2026\\\/08\\\/IMG-20260831-WA0038.webp\",\"articleSection\":[\"A la Une\",\"S\u00e9curit\u00e9\"],\"inLanguage\":\"fr-FR\",\"potentialAction\":[{\"@type\":\"CommentAction\",\"name\":\"Comment\",\"target\":[\"https:\\\/\\\/lacolombeplus.net\\\/index.php\\\/2026\\\/08\\\/31\\\/police-nationale-police-nationale-une-formation-de-passage-en-grade-pour-2-364-policiers\\\/#respond\"]}]},{\"@type\":\"WebPage\",\"@id\":\"https:\\\/\\\/lacolombeplus.net\\\/index.php\\\/2026\\\/08\\\/31\\\/police-nationale-police-nationale-une-formation-de-passage-en-grade-pour-2-364-policiers\\\/\",\"url\":\"https:\\\/\\\/lacolombeplus.net\\\/index.php\\\/2026\\\/08\\\/31\\\/police-nationale-police-nationale-une-formation-de-passage-en-grade-pour-2-364-policiers\\\/\",\"name\":\"Police Nationale :Police nationale : une formation de passage en grade pour 2 364 policiers - WordPress\",\"isPartOf\":{\"@id\":\"https:\\\/\\\/lacolombeplus.net\\\/#website\"},\"primaryImageOfPage\":{\"@id\":\"https:\\\/\\\/lacolombeplus.net\\\/index.php\\\/2026\\\/08\\\/31\\\/police-nationale-police-nationale-une-formation-de-passage-en-grade-pour-2-364-policiers\\\/#primaryimage\"},\"image\":{\"@id\":\"https:\\\/\\\/lacolombeplus.net\\\/index.php\\\/2026\\\/08\\\/31\\\/police-nationale-police-nationale-une-formation-de-passage-en-grade-pour-2-364-policiers\\\/#primaryimage\"},\"thumbnailUrl\":\"https:\\\/\\\/lacolombeplus.net\\\/wp-content\\\/uploads\\\/2026\\\/08\\\/IMG-20260831-WA0038.webp\",\"datePublished\":\"2026-08-31T22:04:04+00:00\",\"breadcrumb\":{\"@id\":\"https:\\\/\\\/lacolombeplus.net\\\/index.php\\\/2026\\\/08\\\/31\\\/police-nationale-police-nationale-une-formation-de-passage-en-grade-pour-2-364-policiers\\\/#breadcrumb\"},\"inLanguage\":\"fr-FR\",\"potentialAction\":[{\"@type\":\"ReadAction\",\"target\":[\"https:\\\/\\\/lacolombeplus.net\\\/index.php\\\/2026\\\/08\\\/31\\\/police-nationale-police-nationale-une-formation-de-passage-en-grade-pour-2-364-policiers\\\/\"]}]},{\"@type\":\"ImageObject\",\"inLanguage\":\"fr-FR\",\"@id\":\"https:\\\/\\\/lacolombeplus.net\\\/index.php\\\/2026\\\/08\\\/31\\\/police-nationale-police-nationale-une-formation-de-passage-en-grade-pour-2-364-policiers\\\/#primaryimage\",\"url\":\"https:\\\/\\\/lacolombeplus.net\\\/wp-content\\\/uploads\\\/2026\\\/08\\\/IMG-20260831-WA0038.webp\",\"contentUrl\":\"https:\\\/\\\/lacolombeplus.net\\\/wp-content\\\/uploads\\\/2026\\\/08\\\/IMG-20260831-WA0038.webp\",\"width\":960,\"height\":540},{\"@type\":\"BreadcrumbList\",\"@id\":\"https:\\\/\\\/lacolombeplus.net\\\/index.php\\\/2026\\\/08\\\/31\\\/police-nationale-police-nationale-une-formation-de-passage-en-grade-pour-2-364-policiers\\\/#breadcrumb\",\"itemListElement\":[{\"@type\":\"ListItem\",\"position\":1,\"name\":\"Accueil\",\"item\":\"https:\\\/\\\/lacolombeplus.net\\\/\"},{\"@type\":\"ListItem\",\"position\":2,\"name\":\"Police Nationale :Police nationale : une formation de passage en grade pour 2 364 policiers\"}]},{\"@type\":\"WebSite\",\"@id\":\"https:\\\/\\\/lacolombeplus.net\\\/#website\",\"url\":\"https:\\\/\\\/lacolombeplus.net\\\/\",\"name\":\"Lacolombeplus\",\"description\":\"\",\"publisher\":{\"@id\":\"https:\\\/\\\/lacolombeplus.net\\\/#organization\"},\"potentialAction\":[{\"@type\":\"SearchAction\",\"target\":{\"@type\":\"EntryPoint\",\"urlTemplate\":\"https:\\\/\\\/lacolombeplus.net\\\/?s={search_term_string}\"},\"query-input\":{\"@type\":\"PropertyValueSpecification\",\"valueRequired\":true,\"valueName\":\"search_term_string\"}}],\"inLanguage\":\"fr-FR\"},{\"@type\":\"Organization\",\"@id\":\"https:\\\/\\\/lacolombeplus.net\\\/#organization\",\"name\":\"lacolombeplus.net\",\"url\":\"https:\\\/\\\/lacolombeplus.net\\\/\",\"logo\":{\"@type\":\"ImageObject\",\"inLanguage\":\"fr-FR\",\"@id\":\"https:\\\/\\\/lacolombeplus.net\\\/#\\\/schema\\\/logo\\\/image\\\/\",\"url\":\"https:\\\/\\\/lacolombeplus.net\\\/wp-content\\\/uploads\\\/2026\\\/04\\\/a84391f3-a521-4177-867d-b9aaa3066b88.png\",\"contentUrl\":\"https:\\\/\\\/lacolombeplus.net\\\/wp-content\\\/uploads\\\/2026\\\/04\\\/a84391f3-a521-4177-867d-b9aaa3066b88.png\",\"width\":1045,\"height\":1505,\"caption\":\"lacolombeplus.net\"},\"image\":{\"@id\":\"https:\\\/\\\/lacolombeplus.net\\\/#\\\/schema\\\/logo\\\/image\\\/\"},\"sameAs\":[\"https:\\\/\\\/web.facebook.com\\\/profile.php?id=61589477078953\"]},{\"@type\":\"Person\",\"@id\":\"https:\\\/\\\/lacolombeplus.net\\\/#\\\/schema\\\/person\\\/1a433b3fa6e8f9696f18ece67a69915c\",\"name\":\"Dramane FAYAMA\",\"image\":{\"@type\":\"ImageObject\",\"inLanguage\":\"fr-FR\",\"@id\":\"https:\\\/\\\/secure.gravatar.com\\\/avatar\\\/6ae061b9c102ae93ffb7a4076195d78ace54801f91540899a6e8aacf91eacff8?s=96&d=mm&r=g\",\"url\":\"https:\\\/\\\/secure.gravatar.com\\\/avatar\\\/6ae061b9c102ae93ffb7a4076195d78ace54801f91540899a6e8aacf91eacff8?s=96&d=mm&r=g\",\"contentUrl\":\"https:\\\/\\\/secure.gravatar.com\\\/avatar\\\/6ae061b9c102ae93ffb7a4076195d78ace54801f91540899a6e8aacf91eacff8?s=96&d=mm&r=g\",\"caption\":\"Dramane FAYAMA\"},\"url\":\"https:\\\/\\\/lacolombeplus.net\\\/index.php\\\/author\\\/dramane\\\/\"}]}<\/script>\n<!-- \/ Yoast SEO plugin. -->","yoast_head_json":{"title":"Police Nationale :Police nationale : une formation de passage en grade pour 2 364 policiers - WordPress","robots":{"index":"index","follow":"follow","max-snippet":"max-snippet:-1","max-image-preview":"max-image-preview:large","max-video-preview":"max-video-preview:-1"},"canonical":"https:\/\/lacolombeplus.net\/index.php\/2026\/08\/31\/police-nationale-police-nationale-une-formation-de-passage-en-grade-pour-2-364-policiers\/","og_locale":"fr_FR","og_type":"article","og_title":"Police Nationale :Police nationale : une formation de passage en grade pour 2 364 policiers - WordPress","og_description":"L\u2019Acad\u00e9mie de Police de Pabr\u00e9 a servi de cadre, ce lundi 31 ao\u00fbt 2026, au lancement officiel des formations de passage en grade au titre de l\u2019ann\u00e9e 2026. Pr\u00e9sid\u00e9e par l\u2019Inspecteur g\u00e9n\u00e9ral de Police Thierry Dofizouho Tuina, Directeur g\u00e9n\u00e9ral de la Police nationale, cette initiative s\u2019inscrit dans une dynamique de renforcement des comp\u00e9tences, de responsabilisation...","og_url":"https:\/\/lacolombeplus.net\/index.php\/2026\/08\/31\/police-nationale-police-nationale-une-formation-de-passage-en-grade-pour-2-364-policiers\/","og_site_name":"WordPress","article_publisher":"https:\/\/web.facebook.com\/profile.php?id=61589477078953","article_published_time":"2026-08-31T22:04:04+00:00","og_image":[{"width":960,"height":540,"url":"http:\/\/lacolombeplus.net\/wp-content\/uploads\/2026\/08\/IMG-20260831-WA0038.webp","type":"image\/webp"}],"author":"Dramane FAYAMA","twitter_card":"summary_large_image","twitter_misc":{"\u00c9crit par":"Dramane FAYAMA","Dur\u00e9e de lecture estim\u00e9e":"5 minutes"},"schema":{"@context":"https:\/\/schema.org","@graph":[{"@type":"Article","@id":"https:\/\/lacolombeplus.net\/index.php\/2026\/08\/31\/police-nationale-police-nationale-une-formation-de-passage-en-grade-pour-2-364-policiers\/#article","isPartOf":{"@id":"https:\/\/lacolombeplus.net\/index.php\/2026\/08\/31\/police-nationale-police-nationale-une-formation-de-passage-en-grade-pour-2-364-policiers\/"},"author":{"name":"Dramane FAYAMA","@id":"https:\/\/lacolombeplus.net\/#\/schema\/person\/1a433b3fa6e8f9696f18ece67a69915c"},"headline":"Police Nationale :Police nationale : une formation de passage en grade pour 2 364 policiers","datePublished":"2026-08-31T22:04:04+00:00","mainEntityOfPage":{"@id":"https:\/\/lacolombeplus.net\/index.php\/2026\/08\/31\/police-nationale-police-nationale-une-formation-de-passage-en-grade-pour-2-364-policiers\/"},"wordCount":873,"commentCount":0,"publisher":{"@id":"https:\/\/lacolombeplus.net\/#organization"},"image":{"@id":"https:\/\/lacolombeplus.net\/index.php\/2026\/08\/31\/police-nationale-police-nationale-une-formation-de-passage-en-grade-pour-2-364-policiers\/#primaryimage"},"thumbnailUrl":"https:\/\/lacolombeplus.net\/wp-content\/uploads\/2026\/08\/IMG-20260831-WA0038.webp","articleSection":["A la Une","S\u00e9curit\u00e9"],"inLanguage":"fr-FR","potentialAction":[{"@type":"CommentAction","name":"Comment","target":["https:\/\/lacolombeplus.net\/index.php\/2026\/08\/31\/police-nationale-police-nationale-une-formation-de-passage-en-grade-pour-2-364-policiers\/#respond"]}]},{"@type":"WebPage","@id":"https:\/\/lacolombeplus.net\/index.php\/2026\/08\/31\/police-nationale-police-nationale-une-formation-de-passage-en-grade-pour-2-364-policiers\/","url":"https:\/\/lacolombeplus.net\/index.php\/2026\/08\/31\/police-nationale-police-nationale-une-formation-de-passage-en-grade-pour-2-364-policiers\/","name":"Police Nationale :Police nationale : une formation de passage en grade pour 2 364 policiers - WordPress","isPartOf":{"@id":"https:\/\/lacolombeplus.net\/#website"},"primaryImageOfPage":{"@id":"https:\/\/lacolombeplus.net\/index.php\/2026\/08\/31\/police-nationale-police-nationale-une-formation-de-passage-en-grade-pour-2-364-policiers\/#primaryimage"},"image":{"@id":"https:\/\/lacolombeplus.net\/index.php\/2026\/08\/31\/police-nationale-police-nationale-une-formation-de-passage-en-grade-pour-2-364-policiers\/#primaryimage"},"thumbnailUrl":"https:\/\/lacolombeplus.net\/wp-content\/uploads\/2026\/08\/IMG-20260831-WA0038.webp","datePublished":"2026-08-31T22:04:04+00:00","breadcrumb":{"@id":"https:\/\/lacolombeplus.net\/index.php\/2026\/08\/31\/police-nationale-police-nationale-une-formation-de-passage-en-grade-pour-2-364-policiers\/#breadcrumb"},"inLanguage":"fr-FR","potentialAction":[{"@type":"ReadAction","target":["https:\/\/lacolombeplus.net\/index.php\/2026\/08\/31\/police-nationale-police-nationale-une-formation-de-passage-en-grade-pour-2-364-policiers\/"]}]},{"@type":"ImageObject","inLanguage":"fr-FR","@id":"https:\/\/lacolombeplus.net\/index.php\/2026\/08\/31\/police-nationale-police-nationale-une-formation-de-passage-en-grade-pour-2-364-policiers\/#primaryimage","url":"https:\/\/lacolombeplus.net\/wp-content\/uploads\/2026\/08\/IMG-20260831-WA0038.webp","contentUrl":"https:\/\/lacolombeplus.net\/wp-content\/uploads\/2026\/08\/IMG-20260831-WA0038.webp","width":960,"height":540},{"@type":"BreadcrumbList","@id":"https:\/\/lacolombeplus.net\/index.php\/2026\/08\/31\/police-nationale-police-nationale-une-formation-de-passage-en-grade-pour-2-364-policiers\/#breadcrumb","itemListElement":[{"@type":"ListItem","position":1,"name":"Accueil","item":"https:\/\/lacolombeplus.net\/"},{"@type":"ListItem","position":2,"name":"Police Nationale :Police nationale : une formation de passage en grade pour 2 364 policiers"}]},{"@type":"WebSite","@id":"https:\/\/lacolombeplus.net\/#website","url":"https:\/\/lacolombeplus.net\/","name":"Lacolombeplus","description":"","publisher":{"@id":"https:\/\/lacolombeplus.net\/#organization"},"potentialAction":[{"@type":"SearchAction","target":{"@type":"EntryPoint","urlTemplate":"https:\/\/lacolombeplus.net\/?s={search_term_string}"},"query-input":{"@type":"PropertyValueSpecification","valueRequired":true,"valueName":"search_term_string"}}],"inLanguage":"fr-FR"},{"@type":"Organization","@id":"https:\/\/lacolombeplus.net\/#organization","name":"lacolombeplus.net","url":"https:\/\/lacolombeplus.net\/","logo":{"@type":"ImageObject","inLanguage":"fr-FR","@id":"https:\/\/lacolombeplus.net\/#\/schema\/logo\/image\/","url":"https:\/\/lacolombeplus.net\/wp-content\/uploads\/2026\/04\/a84391f3-a521-4177-867d-b9aaa3066b88.png","contentUrl":"https:\/\/lacolombeplus.net\/wp-content\/uploads\/2026\/04\/a84391f3-a521-4177-867d-b9aaa3066b88.png","width":1045,"height":1505,"caption":"lacolombeplus.net"},"image":{"@id":"https:\/\/lacolombeplus.net\/#\/schema\/logo\/image\/"},"sameAs":["https:\/\/web.facebook.com\/profile.php?id=61589477078953"]},{"@type":"Person","@id":"https:\/\/lacolombeplus.net\/#\/schema\/person\/1a433b3fa6e8f9696f18ece67a69915c","name":"Dramane FAYAMA","image":{"@type":"ImageObject","inLanguage":"fr-FR","@id":"https:\/\/secure.gravatar.com\/avatar\/6ae061b9c102ae93ffb7a4076195d78ace54801f91540899a6e8aacf91eacff8?s=96&d=mm&r=g","url":"https:\/\/secure.gravatar.com\/avatar\/6ae061b9c102ae93ffb7a4076195d78ace54801f91540899a6e8aacf91eacff8?s=96&d=mm&r=g","contentUrl":"https:\/\/secure.gravatar.com\/avatar\/6ae061b9c102ae93ffb7a4076195d78ace54801f91540899a6e8aacf91eacff8?s=96&d=mm&r=g","caption":"Dramane FAYAMA"},"url":"https:\/\/lacolombeplus.net\/index.php\/author\/dramane\/"}]}},"jetpack_featured_media_url":"https:\/\/lacolombeplus.net\/wp-content\/uploads\/2026\/08\/IMG-20260831-WA0038.webp","jetpack_sharing_enabled":true,"_links":{"self":[{"href":"https:\/\/lacolombeplus.net\/index.php\/wp-json\/wp\/v2\/posts\/39002","targetHints":{"allow":["GET"]}}],"collection":[{"href":"https:\/\/lacolombeplus.net\/index.php\/wp-json\/wp\/v2\/posts"}],"about":[{"href":"https:\/\/lacolombeplus.net\/index.php\/wp-json\/wp\/v2\/types\/post"}],"author":[{"embeddable":true,"href":"https:\/\/lacolombeplus.net\/index.php\/wp-json\/wp\/v2\/users\/6"}],"replies":[{"embeddable":true,"href":"https:\/\/lacolombeplus.net\/index.php\/wp-json\/wp\/v2\/comments?post=39002"}],"version-history":[{"count":2,"href":"https:\/\/lacolombeplus.net\/index.php\/wp-json\/wp\/v2\/posts\/39002\/revisions"}],"predecessor-version":[{"id":39010,"href":"https:\/\/lacolombeplus.net\/index.php\/wp-json\/wp\/v2\/posts\/39002\/revisions\/39010"}],"wp:featuredmedia":[{"embeddable":true,"href":"https:\/\/lacolombeplus.net\/index.php\/wp-json\/wp\/v2\/media\/39003"}],"wp:attachment":[{"href":"https:\/\/lacolombeplus.net\/index.php\/wp-json\/wp\/v2\/media?parent=39002"}],"wp:term":[{"taxonomy":"category","embeddable":true,"href":"https:\/\/lacolombeplus.net\/index.php\/wp-json\/wp\/v2\/categories?post=39002"},{"taxonomy":"post_tag","embeddable":true,"href":"https:\/\/lacolombeplus.net\/index.php\/wp-json\/wp\/v2\/tags?post=39002"}],"curies":[{"name":"wp","href":"https:\/\/api.w.org\/{rel}","templated":true}]}}