{"id":38995,"date":"2026-08-28T19:43:46","date_gmt":"2026-08-28T19:43:46","guid":{"rendered":"https:\/\/lacolombeplus.net\/?p=38995"},"modified":"2026-08-28T23:15:37","modified_gmt":"2026-08-28T23:15:37","slug":"luct-aes-lancement-de-l-elaboration-du-premier-plan-de-travail-2026","status":"publish","type":"post","link":"https:\/\/lacolombeplus.net\/index.php\/2026\/08\/28\/luct-aes-lancement-de-l-elaboration-du-premier-plan-de-travail-2026\/","title":{"rendered":"L\u2019UCT-AES\u00a0: lancement de l \u2019\u00e9laboration du premier Plan de travail 2026"},"content":{"rendered":"<h1>Ouagadougou, le 28 ao\u00fbt 2026. L\u2019Union des Collectivit\u00e9s Territoriales de l\u2019Alliance des \u00c9tats du Sahel (UCT-AES) veut passer de la mise en place institutionnelle \u00e0 l\u2019action. Les travaux de l\u2019atelier d\u2019\u00e9laboration et de validation de son premier Plan de travail 2026 ont \u00e9t\u00e9 officiellement ouverts \u00e0 Ouagadougou, en pr\u00e9sence du repr\u00e9sentant du ministre d\u2019\u00c9tat, ministre de l\u2019Administration territoriale et de la Mobilit\u00e9, Sa\u00efdou SANKARA, ainsi que des responsables des faiti\u00e8res des collectivit\u00e9s territoriales du Burkina Faso, du Mali et du Niger. Au c\u0153ur des \u00e9changes : d\u00e9finir des priorit\u00e9s communes et donner une traduction concr\u00e8te \u00e0 la coop\u00e9ration entre les territoires de l\u2019espace AES.<\/h1>\n<p>N\u00e9e \u00e0 l\u2019issue du sommet de Niamey des 11 et 12 juin 2026, l\u2019UCT-AES entend d\u00e9sormais franchir une nouvelle \u00e9tape. Pour son pr\u00e9sident, l\u2019\u00e9laboration de ce premier plan de travail constitue l\u2019une des premi\u00e8res \u00e9tapes majeures de la mise en \u0153uvre concr\u00e8te de l\u2019Union.<\/p>\n<p>L\u2019ambition affich\u00e9e d\u00e9passe ainsi la simple coordination institutionnelle. Les collectivit\u00e9s des trois pays font face \u00e0 des probl\u00e9matiques largement partag\u00e9es : acc\u00e8s aux services sociaux de base, d\u00e9veloppement \u00e9conomique local, emploi, gestion des ressources naturelles, am\u00e9nagement du territoire, mobilit\u00e9, environnement, financement du d\u00e9veloppement local et r\u00e9silience des populations.<\/p>\n<p>Face \u00e0 ces d\u00e9fis, l\u2019UCT-AES entend privil\u00e9gier une approche collective. Pour Abdoulaye Bassinga, pr\u00e9sident de l\u2019Union des collectivit\u00e9s territoriales de l\u2019AES, \u00ab <em>nous devons d\u00e9passer les r\u00e9ponses isol\u00e9es et faire de l\u2019Union un espace de dialogue, de concertation, de mutualisation des exp\u00e9riences et de mobilisation des ressources \u00bb.<\/em><\/p>\n<figure id=\"attachment_38997\" aria-describedby=\"caption-attachment-38997\" style=\"width: 1600px\" class=\"wp-caption alignnone\"><img fetchpriority=\"high\" decoding=\"async\" class=\"size-full wp-image-38997\" src=\"http:\/\/lacolombeplus.net\/wp-content\/uploads\/2026\/08\/IMG-20260828-WA0013.webp\" alt=\"\" width=\"1600\" height=\"1200\" srcset=\"https:\/\/lacolombeplus.net\/wp-content\/uploads\/2026\/08\/IMG-20260828-WA0013.webp 1600w, https:\/\/lacolombeplus.net\/wp-content\/uploads\/2026\/08\/IMG-20260828-WA0013-300x225.webp 300w, https:\/\/lacolombeplus.net\/wp-content\/uploads\/2026\/08\/IMG-20260828-WA0013-1024x768.webp 1024w, https:\/\/lacolombeplus.net\/wp-content\/uploads\/2026\/08\/IMG-20260828-WA0013-768x576.webp 768w, https:\/\/lacolombeplus.net\/wp-content\/uploads\/2026\/08\/IMG-20260828-WA0013-1536x1152.webp 1536w\" sizes=\"(max-width: 1600px) 100vw, 1600px\" \/><figcaption id=\"caption-attachment-38997\" class=\"wp-caption-text\">Abdoulaye BASSINGA, pr\u00e9sident de l\u2019union des collectivit\u00e9s territoriales de l\u2019AES.<\/figcaption><\/figure>\n<p style=\"text-align: center;\"><strong>Trois priorit\u00e9s pour le Plan de travail 2026<\/strong><\/p>\n<p style=\"text-align: left;\">\u00a0Repr\u00e9sentant du ministre de l\u2019administration territorial et de la mobilit\u00e9, Sa\u00efdou SANKARA secr\u00e9taire g\u00e9n\u00e9ral du ministre a, pour sa part, soulign\u00e9 l\u2019importance de construire l\u2019int\u00e9gration r\u00e9gionale \u00e0 partir des territoires. \u00ab L\u2019int\u00e9gration r\u00e9gionale doit \u00e9galement se <em>construire dans les territoires et avec les territoires, car c\u2019est au niveau local que se posent avec le plus d\u2019acuit\u00e9 les questions de s\u00e9curit\u00e9, d\u2019acc\u00e8s \u00e0 l\u2019eau, d\u2019\u00e9ducation, de sant\u00e9, d\u2019emploi et de s\u00e9curit\u00e9 alimentaire<\/em> \u00bb, a-t-il d\u00e9clar\u00e9.<\/p>\n<figure id=\"attachment_38998\" aria-describedby=\"caption-attachment-38998\" style=\"width: 949px\" class=\"wp-caption alignnone\"><img decoding=\"async\" class=\"wp-image-38998 size-full\" src=\"http:\/\/lacolombeplus.net\/wp-content\/uploads\/2026\/08\/IMG-20260828-WA0014.webp\" alt=\"\" width=\"949\" height=\"627\" srcset=\"https:\/\/lacolombeplus.net\/wp-content\/uploads\/2026\/08\/IMG-20260828-WA0014.webp 949w, https:\/\/lacolombeplus.net\/wp-content\/uploads\/2026\/08\/IMG-20260828-WA0014-300x198.webp 300w, https:\/\/lacolombeplus.net\/wp-content\/uploads\/2026\/08\/IMG-20260828-WA0014-768x507.webp 768w, https:\/\/lacolombeplus.net\/wp-content\/uploads\/2026\/08\/IMG-20260828-WA0014-455x300.webp 455w\" sizes=\"(max-width: 949px) 100vw, 949px\" \/><figcaption id=\"caption-attachment-38998\" class=\"wp-caption-text\">Sa\u00efdou SANKARA, repr\u00e9sentant du ministre de l\u2019administration territorial et de la mobilit\u00e9 du Burkina Faso.<\/figcaption><\/figure>\n<p style=\"text-align: left;\">Pour orienter les travaux, trois exigences ont \u00e9t\u00e9 mises en avant : la pertinence, la compl\u00e9mentarit\u00e9 et la mutualisation. Les actions retenues devront r\u00e9pondre aux objectifs de l\u2019UCT-AES, s\u2019articuler avec les initiatives d\u00e9j\u00e0 conduites par les autres institutions de l\u2019espace AES et permettre aux collectivit\u00e9s de partager leurs exp\u00e9riences et leurs comp\u00e9tences. Le Plan de travail 2026 est ainsi appel\u00e9 \u00e0 d\u00e9passer le cadre d\u2019un document administratif. Il devra traduire les orientations de l\u2019Union en priorit\u00e9s, puis ces priorit\u00e9s en actions concr\u00e8tes, r\u00e9alistes et mesurables.<\/p>\n<p style=\"text-align: center;\"><strong>Un premier test pour l\u2019UCT-AES<\/strong><\/p>\n<p>Au-del\u00e0 de son \u00e9laboration, ce document constitue un premier v\u00e9ritable test pour la jeune organisation. Sa port\u00e9e d\u00e9pendra de la capacit\u00e9 des collectivit\u00e9s \u00e0 transformer les engagements pris en initiatives concr\u00e8tes au b\u00e9n\u00e9fice des populations.<\/p>\n<p>La c\u00e9r\u00e9monie d\u2019ouverture s\u2019est achev\u00e9e sur un appel \u00e0 la coop\u00e9ration, \u00e0 la solidarit\u00e9 entre les peuples du Burkina Faso, du Mali et du Niger, ainsi qu\u2019\u00e0 la consolidation de l\u2019Alliance des \u00c9tats du Sahel. D\u00e9sormais, l\u2019enjeu pour l\u2019UCT-AES sera de faire vivre cette ambition dans les territoires, l\u00e0 o\u00f9 se mesurera concr\u00e8tement l\u2019efficacit\u00e9 de cette nouvelle dynamique de coop\u00e9ration.<\/p>\n<p style=\"text-align: right;\"><em><strong>Cl\u00e9ment KABA<\/strong><\/em><\/p>\n","protected":false},"excerpt":{"rendered":"<p>Ouagadougou, le 28 ao\u00fbt 2026. L\u2019Union des Collectivit\u00e9s Territoriales de l\u2019Alliance des \u00c9tats du Sahel (UCT-AES) veut passer de la mise en place institutionnelle \u00e0 l\u2019action. Les travaux de l\u2019atelier d\u2019\u00e9laboration et de validation de son premier Plan de travail 2026 ont \u00e9t\u00e9 officiellement ouverts \u00e0 Ouagadougou, en pr\u00e9sence du repr\u00e9sentant du ministre d\u2019\u00c9tat, ministre&#8230;<\/p>\n","protected":false},"author":6,"featured_media":38996,"comment_status":"open","ping_status":"open","sticky":false,"template":"","format":"standard","meta":{"_jetpack_newsletter_access":"","_jetpack_dont_email_post_to_subs":false,"_jetpack_newsletter_tier_id":0,"_jetpack_memberships_contains_paywalled_content":false,"_jetpack_feature_clip_id":0,"_jetpack_memberships_contains_paid_content":false,"footnotes":"","jetpack_post_was_ever_published":false},"categories":[2,5,6],"tags":[],"class_list":["post-38995","post","type-post","status-publish","format-standard","has-post-thumbnail","hentry","category-a-la-une","category-international","category-politique"],"yoast_head":"<!-- This site is optimized with the Yoast SEO plugin v28.3 - https:\/\/yoast.com\/product\/yoast-seo-wordpress\/ -->\n<title>L\u2019UCT-AES\u00a0: lancement de l \u2019\u00e9laboration du premier Plan de travail 2026 - WordPress<\/title>\n<meta name=\"robots\" content=\"index, follow, max-snippet:-1, max-image-preview:large, max-video-preview:-1\" \/>\n<link rel=\"canonical\" href=\"https:\/\/lacolombeplus.net\/index.php\/2026\/08\/28\/luct-aes-lancement-de-l-elaboration-du-premier-plan-de-travail-2026\/\" \/>\n<meta property=\"og:locale\" content=\"fr_FR\" \/>\n<meta property=\"og:type\" content=\"article\" \/>\n<meta property=\"og:title\" content=\"L\u2019UCT-AES\u00a0: lancement de l \u2019\u00e9laboration du premier Plan de travail 2026 - WordPress\" \/>\n<meta property=\"og:description\" content=\"Ouagadougou, le 28 ao\u00fbt 2026. L\u2019Union des Collectivit\u00e9s Territoriales de l\u2019Alliance des \u00c9tats du Sahel (UCT-AES) veut passer de la mise en place institutionnelle \u00e0 l\u2019action. Les travaux de l\u2019atelier d\u2019\u00e9laboration et de validation de son premier Plan de travail 2026 ont \u00e9t\u00e9 officiellement ouverts \u00e0 Ouagadougou, en pr\u00e9sence du repr\u00e9sentant du ministre d\u2019\u00c9tat, ministre...\" \/>\n<meta property=\"og:url\" content=\"https:\/\/lacolombeplus.net\/index.php\/2026\/08\/28\/luct-aes-lancement-de-l-elaboration-du-premier-plan-de-travail-2026\/\" \/>\n<meta property=\"og:site_name\" content=\"WordPress\" \/>\n<meta property=\"article:publisher\" content=\"https:\/\/web.facebook.com\/profile.php?id=61589477078953\" \/>\n<meta property=\"article:published_time\" content=\"2026-08-28T19:43:46+00:00\" \/>\n<meta property=\"article:modified_time\" content=\"2026-08-28T23:15:37+00:00\" \/>\n<meta property=\"og:image\" content=\"http:\/\/lacolombeplus.net\/wp-content\/uploads\/2026\/08\/IMG-20260828-WA0012.webp\" \/>\n\t<meta property=\"og:image:width\" content=\"1280\" \/>\n\t<meta property=\"og:image:height\" content=\"960\" \/>\n\t<meta property=\"og:image:type\" content=\"image\/webp\" \/>\n<meta name=\"author\" content=\"Dramane FAYAMA\" \/>\n<meta name=\"twitter:card\" content=\"summary_large_image\" \/>\n<meta name=\"twitter:label1\" content=\"\u00c9crit par\" \/>\n\t<meta name=\"twitter:data1\" content=\"Dramane FAYAMA\" \/>\n\t<meta name=\"twitter:label2\" content=\"Dur\u00e9e de lecture estim\u00e9e\" \/>\n\t<meta name=\"twitter:data2\" content=\"4 minutes\" \/>\n<script type=\"application\/ld+json\" class=\"yoast-schema-graph\">{\"@context\":\"https:\\\/\\\/schema.org\",\"@graph\":[{\"@type\":\"Article\",\"@id\":\"https:\\\/\\\/lacolombeplus.net\\\/index.php\\\/2026\\\/08\\\/28\\\/luct-aes-lancement-de-l-elaboration-du-premier-plan-de-travail-2026\\\/#article\",\"isPartOf\":{\"@id\":\"https:\\\/\\\/lacolombeplus.net\\\/index.php\\\/2026\\\/08\\\/28\\\/luct-aes-lancement-de-l-elaboration-du-premier-plan-de-travail-2026\\\/\"},\"author\":{\"name\":\"Dramane FAYAMA\",\"@id\":\"https:\\\/\\\/lacolombeplus.net\\\/#\\\/schema\\\/person\\\/1a433b3fa6e8f9696f18ece67a69915c\"},\"headline\":\"L\u2019UCT-AES\u00a0: lancement de l \u2019\u00e9laboration du premier Plan de travail 2026\",\"datePublished\":\"2026-08-28T19:43:46+00:00\",\"dateModified\":\"2026-08-28T23:15:37+00:00\",\"mainEntityOfPage\":{\"@id\":\"https:\\\/\\\/lacolombeplus.net\\\/index.php\\\/2026\\\/08\\\/28\\\/luct-aes-lancement-de-l-elaboration-du-premier-plan-de-travail-2026\\\/\"},\"wordCount\":658,\"commentCount\":0,\"publisher\":{\"@id\":\"https:\\\/\\\/lacolombeplus.net\\\/#organization\"},\"image\":{\"@id\":\"https:\\\/\\\/lacolombeplus.net\\\/index.php\\\/2026\\\/08\\\/28\\\/luct-aes-lancement-de-l-elaboration-du-premier-plan-de-travail-2026\\\/#primaryimage\"},\"thumbnailUrl\":\"https:\\\/\\\/lacolombeplus.net\\\/wp-content\\\/uploads\\\/2026\\\/08\\\/IMG-20260828-WA0012.webp\",\"articleSection\":[\"A la Une\",\"International\",\"Politique\"],\"inLanguage\":\"fr-FR\",\"potentialAction\":[{\"@type\":\"CommentAction\",\"name\":\"Comment\",\"target\":[\"https:\\\/\\\/lacolombeplus.net\\\/index.php\\\/2026\\\/08\\\/28\\\/luct-aes-lancement-de-l-elaboration-du-premier-plan-de-travail-2026\\\/#respond\"]}]},{\"@type\":\"WebPage\",\"@id\":\"https:\\\/\\\/lacolombeplus.net\\\/index.php\\\/2026\\\/08\\\/28\\\/luct-aes-lancement-de-l-elaboration-du-premier-plan-de-travail-2026\\\/\",\"url\":\"https:\\\/\\\/lacolombeplus.net\\\/index.php\\\/2026\\\/08\\\/28\\\/luct-aes-lancement-de-l-elaboration-du-premier-plan-de-travail-2026\\\/\",\"name\":\"L\u2019UCT-AES\u00a0: lancement de l \u2019\u00e9laboration du premier Plan de travail 2026 - WordPress\",\"isPartOf\":{\"@id\":\"https:\\\/\\\/lacolombeplus.net\\\/#website\"},\"primaryImageOfPage\":{\"@id\":\"https:\\\/\\\/lacolombeplus.net\\\/index.php\\\/2026\\\/08\\\/28\\\/luct-aes-lancement-de-l-elaboration-du-premier-plan-de-travail-2026\\\/#primaryimage\"},\"image\":{\"@id\":\"https:\\\/\\\/lacolombeplus.net\\\/index.php\\\/2026\\\/08\\\/28\\\/luct-aes-lancement-de-l-elaboration-du-premier-plan-de-travail-2026\\\/#primaryimage\"},\"thumbnailUrl\":\"https:\\\/\\\/lacolombeplus.net\\\/wp-content\\\/uploads\\\/2026\\\/08\\\/IMG-20260828-WA0012.webp\",\"datePublished\":\"2026-08-28T19:43:46+00:00\",\"dateModified\":\"2026-08-28T23:15:37+00:00\",\"breadcrumb\":{\"@id\":\"https:\\\/\\\/lacolombeplus.net\\\/index.php\\\/2026\\\/08\\\/28\\\/luct-aes-lancement-de-l-elaboration-du-premier-plan-de-travail-2026\\\/#breadcrumb\"},\"inLanguage\":\"fr-FR\",\"potentialAction\":[{\"@type\":\"ReadAction\",\"target\":[\"https:\\\/\\\/lacolombeplus.net\\\/index.php\\\/2026\\\/08\\\/28\\\/luct-aes-lancement-de-l-elaboration-du-premier-plan-de-travail-2026\\\/\"]}]},{\"@type\":\"ImageObject\",\"inLanguage\":\"fr-FR\",\"@id\":\"https:\\\/\\\/lacolombeplus.net\\\/index.php\\\/2026\\\/08\\\/28\\\/luct-aes-lancement-de-l-elaboration-du-premier-plan-de-travail-2026\\\/#primaryimage\",\"url\":\"https:\\\/\\\/lacolombeplus.net\\\/wp-content\\\/uploads\\\/2026\\\/08\\\/IMG-20260828-WA0012.webp\",\"contentUrl\":\"https:\\\/\\\/lacolombeplus.net\\\/wp-content\\\/uploads\\\/2026\\\/08\\\/IMG-20260828-WA0012.webp\",\"width\":1280,\"height\":960},{\"@type\":\"BreadcrumbList\",\"@id\":\"https:\\\/\\\/lacolombeplus.net\\\/index.php\\\/2026\\\/08\\\/28\\\/luct-aes-lancement-de-l-elaboration-du-premier-plan-de-travail-2026\\\/#breadcrumb\",\"itemListElement\":[{\"@type\":\"ListItem\",\"position\":1,\"name\":\"Accueil\",\"item\":\"https:\\\/\\\/lacolombeplus.net\\\/\"},{\"@type\":\"ListItem\",\"position\":2,\"name\":\"L\u2019UCT-AES\u00a0: lancement de l \u2019\u00e9laboration du premier Plan de travail 2026\"}]},{\"@type\":\"WebSite\",\"@id\":\"https:\\\/\\\/lacolombeplus.net\\\/#website\",\"url\":\"https:\\\/\\\/lacolombeplus.net\\\/\",\"name\":\"Lacolombeplus\",\"description\":\"\",\"publisher\":{\"@id\":\"https:\\\/\\\/lacolombeplus.net\\\/#organization\"},\"potentialAction\":[{\"@type\":\"SearchAction\",\"target\":{\"@type\":\"EntryPoint\",\"urlTemplate\":\"https:\\\/\\\/lacolombeplus.net\\\/?s={search_term_string}\"},\"query-input\":{\"@type\":\"PropertyValueSpecification\",\"valueRequired\":true,\"valueName\":\"search_term_string\"}}],\"inLanguage\":\"fr-FR\"},{\"@type\":\"Organization\",\"@id\":\"https:\\\/\\\/lacolombeplus.net\\\/#organization\",\"name\":\"lacolombeplus.net\",\"url\":\"https:\\\/\\\/lacolombeplus.net\\\/\",\"logo\":{\"@type\":\"ImageObject\",\"inLanguage\":\"fr-FR\",\"@id\":\"https:\\\/\\\/lacolombeplus.net\\\/#\\\/schema\\\/logo\\\/image\\\/\",\"url\":\"https:\\\/\\\/lacolombeplus.net\\\/wp-content\\\/uploads\\\/2026\\\/04\\\/a84391f3-a521-4177-867d-b9aaa3066b88.png\",\"contentUrl\":\"https:\\\/\\\/lacolombeplus.net\\\/wp-content\\\/uploads\\\/2026\\\/04\\\/a84391f3-a521-4177-867d-b9aaa3066b88.png\",\"width\":1045,\"height\":1505,\"caption\":\"lacolombeplus.net\"},\"image\":{\"@id\":\"https:\\\/\\\/lacolombeplus.net\\\/#\\\/schema\\\/logo\\\/image\\\/\"},\"sameAs\":[\"https:\\\/\\\/web.facebook.com\\\/profile.php?id=61589477078953\"]},{\"@type\":\"Person\",\"@id\":\"https:\\\/\\\/lacolombeplus.net\\\/#\\\/schema\\\/person\\\/1a433b3fa6e8f9696f18ece67a69915c\",\"name\":\"Dramane FAYAMA\",\"image\":{\"@type\":\"ImageObject\",\"inLanguage\":\"fr-FR\",\"@id\":\"https:\\\/\\\/secure.gravatar.com\\\/avatar\\\/6ae061b9c102ae93ffb7a4076195d78ace54801f91540899a6e8aacf91eacff8?s=96&d=mm&r=g\",\"url\":\"https:\\\/\\\/secure.gravatar.com\\\/avatar\\\/6ae061b9c102ae93ffb7a4076195d78ace54801f91540899a6e8aacf91eacff8?s=96&d=mm&r=g\",\"contentUrl\":\"https:\\\/\\\/secure.gravatar.com\\\/avatar\\\/6ae061b9c102ae93ffb7a4076195d78ace54801f91540899a6e8aacf91eacff8?s=96&d=mm&r=g\",\"caption\":\"Dramane FAYAMA\"},\"url\":\"https:\\\/\\\/lacolombeplus.net\\\/index.php\\\/author\\\/dramane\\\/\"}]}<\/script>\n<!-- \/ Yoast SEO plugin. -->","yoast_head_json":{"title":"L\u2019UCT-AES\u00a0: lancement de l \u2019\u00e9laboration du premier Plan de travail 2026 - WordPress","robots":{"index":"index","follow":"follow","max-snippet":"max-snippet:-1","max-image-preview":"max-image-preview:large","max-video-preview":"max-video-preview:-1"},"canonical":"https:\/\/lacolombeplus.net\/index.php\/2026\/08\/28\/luct-aes-lancement-de-l-elaboration-du-premier-plan-de-travail-2026\/","og_locale":"fr_FR","og_type":"article","og_title":"L\u2019UCT-AES\u00a0: lancement de l \u2019\u00e9laboration du premier Plan de travail 2026 - WordPress","og_description":"Ouagadougou, le 28 ao\u00fbt 2026. L\u2019Union des Collectivit\u00e9s Territoriales de l\u2019Alliance des \u00c9tats du Sahel (UCT-AES) veut passer de la mise en place institutionnelle \u00e0 l\u2019action. Les travaux de l\u2019atelier d\u2019\u00e9laboration et de validation de son premier Plan de travail 2026 ont \u00e9t\u00e9 officiellement ouverts \u00e0 Ouagadougou, en pr\u00e9sence du repr\u00e9sentant du ministre d\u2019\u00c9tat, ministre...","og_url":"https:\/\/lacolombeplus.net\/index.php\/2026\/08\/28\/luct-aes-lancement-de-l-elaboration-du-premier-plan-de-travail-2026\/","og_site_name":"WordPress","article_publisher":"https:\/\/web.facebook.com\/profile.php?id=61589477078953","article_published_time":"2026-08-28T19:43:46+00:00","article_modified_time":"2026-08-28T23:15:37+00:00","og_image":[{"width":1280,"height":960,"url":"http:\/\/lacolombeplus.net\/wp-content\/uploads\/2026\/08\/IMG-20260828-WA0012.webp","type":"image\/webp"}],"author":"Dramane FAYAMA","twitter_card":"summary_large_image","twitter_misc":{"\u00c9crit par":"Dramane FAYAMA","Dur\u00e9e de lecture estim\u00e9e":"4 minutes"},"schema":{"@context":"https:\/\/schema.org","@graph":[{"@type":"Article","@id":"https:\/\/lacolombeplus.net\/index.php\/2026\/08\/28\/luct-aes-lancement-de-l-elaboration-du-premier-plan-de-travail-2026\/#article","isPartOf":{"@id":"https:\/\/lacolombeplus.net\/index.php\/2026\/08\/28\/luct-aes-lancement-de-l-elaboration-du-premier-plan-de-travail-2026\/"},"author":{"name":"Dramane FAYAMA","@id":"https:\/\/lacolombeplus.net\/#\/schema\/person\/1a433b3fa6e8f9696f18ece67a69915c"},"headline":"L\u2019UCT-AES\u00a0: lancement de l \u2019\u00e9laboration du premier Plan de travail 2026","datePublished":"2026-08-28T19:43:46+00:00","dateModified":"2026-08-28T23:15:37+00:00","mainEntityOfPage":{"@id":"https:\/\/lacolombeplus.net\/index.php\/2026\/08\/28\/luct-aes-lancement-de-l-elaboration-du-premier-plan-de-travail-2026\/"},"wordCount":658,"commentCount":0,"publisher":{"@id":"https:\/\/lacolombeplus.net\/#organization"},"image":{"@id":"https:\/\/lacolombeplus.net\/index.php\/2026\/08\/28\/luct-aes-lancement-de-l-elaboration-du-premier-plan-de-travail-2026\/#primaryimage"},"thumbnailUrl":"https:\/\/lacolombeplus.net\/wp-content\/uploads\/2026\/08\/IMG-20260828-WA0012.webp","articleSection":["A la Une","International","Politique"],"inLanguage":"fr-FR","potentialAction":[{"@type":"CommentAction","name":"Comment","target":["https:\/\/lacolombeplus.net\/index.php\/2026\/08\/28\/luct-aes-lancement-de-l-elaboration-du-premier-plan-de-travail-2026\/#respond"]}]},{"@type":"WebPage","@id":"https:\/\/lacolombeplus.net\/index.php\/2026\/08\/28\/luct-aes-lancement-de-l-elaboration-du-premier-plan-de-travail-2026\/","url":"https:\/\/lacolombeplus.net\/index.php\/2026\/08\/28\/luct-aes-lancement-de-l-elaboration-du-premier-plan-de-travail-2026\/","name":"L\u2019UCT-AES\u00a0: lancement de l \u2019\u00e9laboration du premier Plan de travail 2026 - WordPress","isPartOf":{"@id":"https:\/\/lacolombeplus.net\/#website"},"primaryImageOfPage":{"@id":"https:\/\/lacolombeplus.net\/index.php\/2026\/08\/28\/luct-aes-lancement-de-l-elaboration-du-premier-plan-de-travail-2026\/#primaryimage"},"image":{"@id":"https:\/\/lacolombeplus.net\/index.php\/2026\/08\/28\/luct-aes-lancement-de-l-elaboration-du-premier-plan-de-travail-2026\/#primaryimage"},"thumbnailUrl":"https:\/\/lacolombeplus.net\/wp-content\/uploads\/2026\/08\/IMG-20260828-WA0012.webp","datePublished":"2026-08-28T19:43:46+00:00","dateModified":"2026-08-28T23:15:37+00:00","breadcrumb":{"@id":"https:\/\/lacolombeplus.net\/index.php\/2026\/08\/28\/luct-aes-lancement-de-l-elaboration-du-premier-plan-de-travail-2026\/#breadcrumb"},"inLanguage":"fr-FR","potentialAction":[{"@type":"ReadAction","target":["https:\/\/lacolombeplus.net\/index.php\/2026\/08\/28\/luct-aes-lancement-de-l-elaboration-du-premier-plan-de-travail-2026\/"]}]},{"@type":"ImageObject","inLanguage":"fr-FR","@id":"https:\/\/lacolombeplus.net\/index.php\/2026\/08\/28\/luct-aes-lancement-de-l-elaboration-du-premier-plan-de-travail-2026\/#primaryimage","url":"https:\/\/lacolombeplus.net\/wp-content\/uploads\/2026\/08\/IMG-20260828-WA0012.webp","contentUrl":"https:\/\/lacolombeplus.net\/wp-content\/uploads\/2026\/08\/IMG-20260828-WA0012.webp","width":1280,"height":960},{"@type":"BreadcrumbList","@id":"https:\/\/lacolombeplus.net\/index.php\/2026\/08\/28\/luct-aes-lancement-de-l-elaboration-du-premier-plan-de-travail-2026\/#breadcrumb","itemListElement":[{"@type":"ListItem","position":1,"name":"Accueil","item":"https:\/\/lacolombeplus.net\/"},{"@type":"ListItem","position":2,"name":"L\u2019UCT-AES\u00a0: lancement de l \u2019\u00e9laboration du premier Plan de travail 2026"}]},{"@type":"WebSite","@id":"https:\/\/lacolombeplus.net\/#website","url":"https:\/\/lacolombeplus.net\/","name":"Lacolombeplus","description":"","publisher":{"@id":"https:\/\/lacolombeplus.net\/#organization"},"potentialAction":[{"@type":"SearchAction","target":{"@type":"EntryPoint","urlTemplate":"https:\/\/lacolombeplus.net\/?s={search_term_string}"},"query-input":{"@type":"PropertyValueSpecification","valueRequired":true,"valueName":"search_term_string"}}],"inLanguage":"fr-FR"},{"@type":"Organization","@id":"https:\/\/lacolombeplus.net\/#organization","name":"lacolombeplus.net","url":"https:\/\/lacolombeplus.net\/","logo":{"@type":"ImageObject","inLanguage":"fr-FR","@id":"https:\/\/lacolombeplus.net\/#\/schema\/logo\/image\/","url":"https:\/\/lacolombeplus.net\/wp-content\/uploads\/2026\/04\/a84391f3-a521-4177-867d-b9aaa3066b88.png","contentUrl":"https:\/\/lacolombeplus.net\/wp-content\/uploads\/2026\/04\/a84391f3-a521-4177-867d-b9aaa3066b88.png","width":1045,"height":1505,"caption":"lacolombeplus.net"},"image":{"@id":"https:\/\/lacolombeplus.net\/#\/schema\/logo\/image\/"},"sameAs":["https:\/\/web.facebook.com\/profile.php?id=61589477078953"]},{"@type":"Person","@id":"https:\/\/lacolombeplus.net\/#\/schema\/person\/1a433b3fa6e8f9696f18ece67a69915c","name":"Dramane FAYAMA","image":{"@type":"ImageObject","inLanguage":"fr-FR","@id":"https:\/\/secure.gravatar.com\/avatar\/6ae061b9c102ae93ffb7a4076195d78ace54801f91540899a6e8aacf91eacff8?s=96&d=mm&r=g","url":"https:\/\/secure.gravatar.com\/avatar\/6ae061b9c102ae93ffb7a4076195d78ace54801f91540899a6e8aacf91eacff8?s=96&d=mm&r=g","contentUrl":"https:\/\/secure.gravatar.com\/avatar\/6ae061b9c102ae93ffb7a4076195d78ace54801f91540899a6e8aacf91eacff8?s=96&d=mm&r=g","caption":"Dramane FAYAMA"},"url":"https:\/\/lacolombeplus.net\/index.php\/author\/dramane\/"}]}},"jetpack_featured_media_url":"https:\/\/lacolombeplus.net\/wp-content\/uploads\/2026\/08\/IMG-20260828-WA0012.webp","jetpack_sharing_enabled":true,"_links":{"self":[{"href":"https:\/\/lacolombeplus.net\/index.php\/wp-json\/wp\/v2\/posts\/38995","targetHints":{"allow":["GET"]}}],"collection":[{"href":"https:\/\/lacolombeplus.net\/index.php\/wp-json\/wp\/v2\/posts"}],"about":[{"href":"https:\/\/lacolombeplus.net\/index.php\/wp-json\/wp\/v2\/types\/post"}],"author":[{"embeddable":true,"href":"https:\/\/lacolombeplus.net\/index.php\/wp-json\/wp\/v2\/users\/6"}],"replies":[{"embeddable":true,"href":"https:\/\/lacolombeplus.net\/index.php\/wp-json\/wp\/v2\/comments?post=38995"}],"version-history":[{"count":3,"href":"https:\/\/lacolombeplus.net\/index.php\/wp-json\/wp\/v2\/posts\/38995\/revisions"}],"predecessor-version":[{"id":39001,"href":"https:\/\/lacolombeplus.net\/index.php\/wp-json\/wp\/v2\/posts\/38995\/revisions\/39001"}],"wp:featuredmedia":[{"embeddable":true,"href":"https:\/\/lacolombeplus.net\/index.php\/wp-json\/wp\/v2\/media\/38996"}],"wp:attachment":[{"href":"https:\/\/lacolombeplus.net\/index.php\/wp-json\/wp\/v2\/media?parent=38995"}],"wp:term":[{"taxonomy":"category","embeddable":true,"href":"https:\/\/lacolombeplus.net\/index.php\/wp-json\/wp\/v2\/categories?post=38995"},{"taxonomy":"post_tag","embeddable":true,"href":"https:\/\/lacolombeplus.net\/index.php\/wp-json\/wp\/v2\/tags?post=38995"}],"curies":[{"name":"wp","href":"https:\/\/api.w.org\/{rel}","templated":true}]}}