{"id":38991,"date":"2026-08-28T19:19:49","date_gmt":"2026-08-28T19:19:49","guid":{"rendered":"https:\/\/lacolombeplus.net\/?p=38991"},"modified":"2026-08-28T19:19:49","modified_gmt":"2026-08-28T19:19:49","slug":"hausse-unilaterale-des-tarifs-de-transport-17-societes-epinglees-et-sanctionnees-par-le-gouvernement","status":"publish","type":"post","link":"https:\/\/lacolombeplus.net\/index.php\/2026\/08\/28\/hausse-unilaterale-des-tarifs-de-transport-17-societes-epinglees-et-sanctionnees-par-le-gouvernement\/","title":{"rendered":"Hausse unilat\u00e9rale des tarifs de transport : 17 soci\u00e9t\u00e9s \u00e9pingl\u00e9es et sanctionn\u00e9es par le gouvernement"},"content":{"rendered":"<h1 dir=\"ltr\">\u200eLe gouvernement burkinab\u00e8 a d\u00e9cid\u00e9 de s\u00e9vir contre les soci\u00e9t\u00e9s de transport routier de personnes qui ont proc\u00e9d\u00e9 \u00e0 une augmentation unilat\u00e9rale de leurs tarifs. Par arr\u00eat\u00e9 conjoint n\u00b02026-456\/MATM\/MEF du 28 ao\u00fbt 2026, le Ministre d&rsquo;\u00c9tat, Ministre de l&rsquo;Administration territoriale et de la Mobilit\u00e9, Emile Zerbo, et le Ministre de l&rsquo;\u00c9conomie et des Finances, Aboubakar Nacanabo, ont prononc\u00e9 des p\u00e9nalit\u00e9s financi\u00e8res \u00e0 l&rsquo;encontre de dix-sept compagnies de transport.<\/h1>\n<p dir=\"ltr\">Selon le communiqu\u00e9 du Minist\u00e8re de l&rsquo;Administration territoriale et de la Mobilit\u00e9, une audience avait \u00e9t\u00e9 accord\u00e9e \u00e0 la F\u00e9d\u00e9ration nationale des acteurs du transport routier du Burkina (FENAT) afin d&rsquo;engager des n\u00e9gociations sur une \u00e9ventuelle r\u00e9vision des tarifs. En attendant l&rsquo;issue de ces discussions, une correspondance du 21 ao\u00fbt 2026 avait invit\u00e9 la FENAT \u00e0 maintenir les tarifs en vigueur.<br \/>\n\u200e<br \/>\n\u200eMais malgr\u00e9 plusieurs interpellations, la FENAT a d\u00e9cid\u00e9 unilat\u00e9ralement d&rsquo;augmenter les tarifs, de 500 \u00e0 plus de 1 000 francs CFA, et ce d\u00e8s le 22 ao\u00fbt 2026.<\/p>\n<p dir=\"ltr\" style=\"text-align: center;\"><strong>Les sanctions<\/strong><\/p>\n<p dir=\"ltr\" style=\"text-align: left;\">Face \u00e0 cette d\u00e9cision jug\u00e9e non autoris\u00e9e, les autorit\u00e9s ont r\u00e9agi par des p\u00e9nalit\u00e9s financi\u00e8res calcul\u00e9es sur la base des sommes per\u00e7ues du fait de cette hausse. Le montant total r\u00e9clam\u00e9 aux soci\u00e9t\u00e9s d\u00e9passe 110 millions de francs CFA, r\u00e9parti comme suit :<\/p>\n<p dir=\"ltr\">-Compagnie Burkinab\u00e8 de Transport RAKIETA : 17 500 000 FCFA<br \/>\n\u200e-Transport Sana Rasmane (TSR) : 26 250 000 FCFA<br \/>\n\u200e- Soci\u00e9t\u00e9 Kinda Internationale (SKI) : 3 500 000 FCFA<br \/>\n\u200e- Fairness Transports and Services (FTS) : 3 500 000 FCFA<br \/>\n\u200e- Soci\u00e9t\u00e9 de Transport Aoereme et Fr\u00e8re (STAF) : 26 250 000 FCFA<br \/>\n\u200e- Transports Ki\u00e9br\u00e9 et Fr\u00e8re (TKF) : 1 750 000 FCFA<br \/>\n\u200e- Transports Toujours Etalon (TTE) : 3 500 000 FCFA<br \/>\n\u200e- Soci\u00e9t\u00e9 de Transport Diao Yaya et Fils (SOTRADYF) : 1 750 000 FCFA<br \/>\n&#8211; CTKE WAYS : 3 500 000 FCFA<br \/>\n\u200e- Royal Transports : 1 750 000 FCFA<br \/>\n&#8211; Helena : 3 500 000 FCFA<br \/>\n&#8211; Rahimo : 3 500 000 FCFA<br \/>\n&#8211; L\u00e9r\u00e9 Transport : 1 050 000 FCFA<br \/>\n\u200e- Farafina Tours : 3 500 000 FCFA<br \/>\n\u200e- Saramaya : 8 750 000 FCFA<br \/>\n\u200e- Soci\u00e9t\u00e9 Bonkoungou Transports de Agneby (SBTA) : 3 500 000 FCFA<br \/>\n\u200e- Compagnie de Transport Ralle Ou\u00e9draogo et Fr\u00e8res (CTROF) : 1 750 000 FCFA<\/p>\n<p dir=\"ltr\" style=\"text-align: center;\"><strong>Modalit\u00e9s de paiement et sanctions compl\u00e9mentaires<\/strong><\/p>\n<p dir=\"ltr\" style=\"text-align: left;\">\n\u200eL&rsquo;arr\u00eat\u00e9 fixe un d\u00e9lai de 72 heures \u00e0 compter du 31 ao\u00fbt 2026 pour le versement des p\u00e9nalit\u00e9s au Tr\u00e9sor public. Tout retard entra\u00eenera une majoration de 10 % par jour de d\u00e9passement, et au-del\u00e0 d&rsquo;un mois sans r\u00e8glement, la soci\u00e9t\u00e9 concern\u00e9e sera purement et simplement suspendue de toute activit\u00e9 de transport.<\/p>\n<p dir=\"ltr\" style=\"text-align: left;\">P\u200ear ailleurs, les soci\u00e9t\u00e9s vis\u00e9es ont l&rsquo;obligation de revenir imm\u00e9diatement aux tarifs pratiqu\u00e9s avant le 21 ao\u00fbt 2026. Le non-respect de cette disposition entra\u00eene \u00e9galement une suspension d&rsquo;activit\u00e9 sur toute l&rsquo;\u00e9tendue du territoire national.<\/p>\n<p dir=\"ltr\" style=\"text-align: center;\">\u200e<br \/>\n<strong>Un appel \u00e0 la vigilance citoyenne<\/strong><\/p>\n<p dir=\"ltr\" style=\"text-align: left;\"><!--more-->\u200eLe Ministre d&rsquo;\u00c9tat invite par ailleurs la population \u00e0 d\u00e9noncer toute augmentation de tarifs de transport routier non autoris\u00e9e et non communiqu\u00e9e officiellement par le Gouvernement.<\/p>\n<p dir=\"ltr\" style=\"text-align: right;\"><em><strong>La r\u00e9daction <\/strong><\/em><\/p>\n","protected":false},"excerpt":{"rendered":"<p>\u200eLe gouvernement burkinab\u00e8 a d\u00e9cid\u00e9 de s\u00e9vir contre les soci\u00e9t\u00e9s de transport routier de personnes qui ont proc\u00e9d\u00e9 \u00e0 une augmentation unilat\u00e9rale de leurs tarifs. Par arr\u00eat\u00e9 conjoint n\u00b02026-456\/MATM\/MEF du 28 ao\u00fbt 2026, le Ministre d&rsquo;\u00c9tat, Ministre de l&rsquo;Administration territoriale et de la Mobilit\u00e9, Emile Zerbo, et le Ministre de l&rsquo;\u00c9conomie et des Finances, Aboubakar&#8230;<\/p>\n","protected":false},"author":6,"featured_media":38992,"comment_status":"open","ping_status":"open","sticky":false,"template":"","format":"standard","meta":{"_jetpack_newsletter_access":"","_jetpack_dont_email_post_to_subs":false,"_jetpack_newsletter_tier_id":0,"_jetpack_memberships_contains_paywalled_content":false,"_jetpack_feature_clip_id":0,"_jetpack_memberships_contains_paid_content":false,"footnotes":"","jetpack_post_was_ever_published":false},"categories":[4],"tags":[],"class_list":["post-38991","post","type-post","status-publish","format-standard","has-post-thumbnail","hentry","category-societe"],"yoast_head":"<!-- This site is optimized with the Yoast SEO plugin v28.3 - https:\/\/yoast.com\/product\/yoast-seo-wordpress\/ -->\n<title>Hausse unilat\u00e9rale des tarifs de transport : 17 soci\u00e9t\u00e9s \u00e9pingl\u00e9es et sanctionn\u00e9es par le gouvernement - WordPress<\/title>\n<meta name=\"robots\" content=\"index, follow, max-snippet:-1, max-image-preview:large, max-video-preview:-1\" \/>\n<link rel=\"canonical\" href=\"https:\/\/lacolombeplus.net\/index.php\/2026\/08\/28\/hausse-unilaterale-des-tarifs-de-transport-17-societes-epinglees-et-sanctionnees-par-le-gouvernement\/\" \/>\n<meta property=\"og:locale\" content=\"fr_FR\" \/>\n<meta property=\"og:type\" content=\"article\" \/>\n<meta property=\"og:title\" content=\"Hausse unilat\u00e9rale des tarifs de transport : 17 soci\u00e9t\u00e9s \u00e9pingl\u00e9es et sanctionn\u00e9es par le gouvernement - WordPress\" \/>\n<meta property=\"og:description\" content=\"\u200eLe gouvernement burkinab\u00e8 a d\u00e9cid\u00e9 de s\u00e9vir contre les soci\u00e9t\u00e9s de transport routier de personnes qui ont proc\u00e9d\u00e9 \u00e0 une augmentation unilat\u00e9rale de leurs tarifs. Par arr\u00eat\u00e9 conjoint n\u00b02026-456\/MATM\/MEF du 28 ao\u00fbt 2026, le Ministre d&rsquo;\u00c9tat, Ministre de l&rsquo;Administration territoriale et de la Mobilit\u00e9, Emile Zerbo, et le Ministre de l&rsquo;\u00c9conomie et des Finances, Aboubakar...\" \/>\n<meta property=\"og:url\" content=\"https:\/\/lacolombeplus.net\/index.php\/2026\/08\/28\/hausse-unilaterale-des-tarifs-de-transport-17-societes-epinglees-et-sanctionnees-par-le-gouvernement\/\" \/>\n<meta property=\"og:site_name\" content=\"WordPress\" \/>\n<meta property=\"article:publisher\" content=\"https:\/\/web.facebook.com\/profile.php?id=61589477078953\" \/>\n<meta property=\"article:published_time\" content=\"2026-08-28T19:19:49+00:00\" \/>\n<meta property=\"og:image\" content=\"http:\/\/lacolombeplus.net\/wp-content\/uploads\/2026\/08\/Rahimo.webp\" \/>\n\t<meta property=\"og:image:width\" content=\"600\" \/>\n\t<meta property=\"og:image:height\" content=\"300\" \/>\n\t<meta property=\"og:image:type\" content=\"image\/webp\" \/>\n<meta name=\"author\" content=\"Dramane FAYAMA\" \/>\n<meta name=\"twitter:card\" content=\"summary_large_image\" \/>\n<meta name=\"twitter:label1\" content=\"\u00c9crit par\" \/>\n\t<meta name=\"twitter:data1\" content=\"Dramane FAYAMA\" \/>\n\t<meta name=\"twitter:label2\" content=\"Dur\u00e9e de lecture estim\u00e9e\" \/>\n\t<meta name=\"twitter:data2\" content=\"3 minutes\" \/>\n<script type=\"application\/ld+json\" class=\"yoast-schema-graph\">{\"@context\":\"https:\\\/\\\/schema.org\",\"@graph\":[{\"@type\":\"Article\",\"@id\":\"https:\\\/\\\/lacolombeplus.net\\\/index.php\\\/2026\\\/08\\\/28\\\/hausse-unilaterale-des-tarifs-de-transport-17-societes-epinglees-et-sanctionnees-par-le-gouvernement\\\/#article\",\"isPartOf\":{\"@id\":\"https:\\\/\\\/lacolombeplus.net\\\/index.php\\\/2026\\\/08\\\/28\\\/hausse-unilaterale-des-tarifs-de-transport-17-societes-epinglees-et-sanctionnees-par-le-gouvernement\\\/\"},\"author\":{\"name\":\"Dramane FAYAMA\",\"@id\":\"https:\\\/\\\/lacolombeplus.net\\\/#\\\/schema\\\/person\\\/1a433b3fa6e8f9696f18ece67a69915c\"},\"headline\":\"Hausse unilat\u00e9rale des tarifs de transport : 17 soci\u00e9t\u00e9s \u00e9pingl\u00e9es et sanctionn\u00e9es par le gouvernement\",\"datePublished\":\"2026-08-28T19:19:49+00:00\",\"mainEntityOfPage\":{\"@id\":\"https:\\\/\\\/lacolombeplus.net\\\/index.php\\\/2026\\\/08\\\/28\\\/hausse-unilaterale-des-tarifs-de-transport-17-societes-epinglees-et-sanctionnees-par-le-gouvernement\\\/\"},\"wordCount\":507,\"commentCount\":0,\"publisher\":{\"@id\":\"https:\\\/\\\/lacolombeplus.net\\\/#organization\"},\"image\":{\"@id\":\"https:\\\/\\\/lacolombeplus.net\\\/index.php\\\/2026\\\/08\\\/28\\\/hausse-unilaterale-des-tarifs-de-transport-17-societes-epinglees-et-sanctionnees-par-le-gouvernement\\\/#primaryimage\"},\"thumbnailUrl\":\"https:\\\/\\\/lacolombeplus.net\\\/wp-content\\\/uploads\\\/2026\\\/08\\\/Rahimo.webp\",\"articleSection\":[\"Soci\u00e9t\u00e9\"],\"inLanguage\":\"fr-FR\",\"potentialAction\":[{\"@type\":\"CommentAction\",\"name\":\"Comment\",\"target\":[\"https:\\\/\\\/lacolombeplus.net\\\/index.php\\\/2026\\\/08\\\/28\\\/hausse-unilaterale-des-tarifs-de-transport-17-societes-epinglees-et-sanctionnees-par-le-gouvernement\\\/#respond\"]}]},{\"@type\":\"WebPage\",\"@id\":\"https:\\\/\\\/lacolombeplus.net\\\/index.php\\\/2026\\\/08\\\/28\\\/hausse-unilaterale-des-tarifs-de-transport-17-societes-epinglees-et-sanctionnees-par-le-gouvernement\\\/\",\"url\":\"https:\\\/\\\/lacolombeplus.net\\\/index.php\\\/2026\\\/08\\\/28\\\/hausse-unilaterale-des-tarifs-de-transport-17-societes-epinglees-et-sanctionnees-par-le-gouvernement\\\/\",\"name\":\"Hausse unilat\u00e9rale des tarifs de transport : 17 soci\u00e9t\u00e9s \u00e9pingl\u00e9es et sanctionn\u00e9es par le gouvernement - WordPress\",\"isPartOf\":{\"@id\":\"https:\\\/\\\/lacolombeplus.net\\\/#website\"},\"primaryImageOfPage\":{\"@id\":\"https:\\\/\\\/lacolombeplus.net\\\/index.php\\\/2026\\\/08\\\/28\\\/hausse-unilaterale-des-tarifs-de-transport-17-societes-epinglees-et-sanctionnees-par-le-gouvernement\\\/#primaryimage\"},\"image\":{\"@id\":\"https:\\\/\\\/lacolombeplus.net\\\/index.php\\\/2026\\\/08\\\/28\\\/hausse-unilaterale-des-tarifs-de-transport-17-societes-epinglees-et-sanctionnees-par-le-gouvernement\\\/#primaryimage\"},\"thumbnailUrl\":\"https:\\\/\\\/lacolombeplus.net\\\/wp-content\\\/uploads\\\/2026\\\/08\\\/Rahimo.webp\",\"datePublished\":\"2026-08-28T19:19:49+00:00\",\"breadcrumb\":{\"@id\":\"https:\\\/\\\/lacolombeplus.net\\\/index.php\\\/2026\\\/08\\\/28\\\/hausse-unilaterale-des-tarifs-de-transport-17-societes-epinglees-et-sanctionnees-par-le-gouvernement\\\/#breadcrumb\"},\"inLanguage\":\"fr-FR\",\"potentialAction\":[{\"@type\":\"ReadAction\",\"target\":[\"https:\\\/\\\/lacolombeplus.net\\\/index.php\\\/2026\\\/08\\\/28\\\/hausse-unilaterale-des-tarifs-de-transport-17-societes-epinglees-et-sanctionnees-par-le-gouvernement\\\/\"]}]},{\"@type\":\"ImageObject\",\"inLanguage\":\"fr-FR\",\"@id\":\"https:\\\/\\\/lacolombeplus.net\\\/index.php\\\/2026\\\/08\\\/28\\\/hausse-unilaterale-des-tarifs-de-transport-17-societes-epinglees-et-sanctionnees-par-le-gouvernement\\\/#primaryimage\",\"url\":\"https:\\\/\\\/lacolombeplus.net\\\/wp-content\\\/uploads\\\/2026\\\/08\\\/Rahimo.webp\",\"contentUrl\":\"https:\\\/\\\/lacolombeplus.net\\\/wp-content\\\/uploads\\\/2026\\\/08\\\/Rahimo.webp\",\"width\":600,\"height\":300,\"caption\":\"Image d'illustration\"},{\"@type\":\"BreadcrumbList\",\"@id\":\"https:\\\/\\\/lacolombeplus.net\\\/index.php\\\/2026\\\/08\\\/28\\\/hausse-unilaterale-des-tarifs-de-transport-17-societes-epinglees-et-sanctionnees-par-le-gouvernement\\\/#breadcrumb\",\"itemListElement\":[{\"@type\":\"ListItem\",\"position\":1,\"name\":\"Accueil\",\"item\":\"https:\\\/\\\/lacolombeplus.net\\\/\"},{\"@type\":\"ListItem\",\"position\":2,\"name\":\"Hausse unilat\u00e9rale des tarifs de transport : 17 soci\u00e9t\u00e9s \u00e9pingl\u00e9es et sanctionn\u00e9es par le gouvernement\"}]},{\"@type\":\"WebSite\",\"@id\":\"https:\\\/\\\/lacolombeplus.net\\\/#website\",\"url\":\"https:\\\/\\\/lacolombeplus.net\\\/\",\"name\":\"Lacolombeplus\",\"description\":\"\",\"publisher\":{\"@id\":\"https:\\\/\\\/lacolombeplus.net\\\/#organization\"},\"potentialAction\":[{\"@type\":\"SearchAction\",\"target\":{\"@type\":\"EntryPoint\",\"urlTemplate\":\"https:\\\/\\\/lacolombeplus.net\\\/?s={search_term_string}\"},\"query-input\":{\"@type\":\"PropertyValueSpecification\",\"valueRequired\":true,\"valueName\":\"search_term_string\"}}],\"inLanguage\":\"fr-FR\"},{\"@type\":\"Organization\",\"@id\":\"https:\\\/\\\/lacolombeplus.net\\\/#organization\",\"name\":\"lacolombeplus.net\",\"url\":\"https:\\\/\\\/lacolombeplus.net\\\/\",\"logo\":{\"@type\":\"ImageObject\",\"inLanguage\":\"fr-FR\",\"@id\":\"https:\\\/\\\/lacolombeplus.net\\\/#\\\/schema\\\/logo\\\/image\\\/\",\"url\":\"https:\\\/\\\/lacolombeplus.net\\\/wp-content\\\/uploads\\\/2026\\\/04\\\/a84391f3-a521-4177-867d-b9aaa3066b88.png\",\"contentUrl\":\"https:\\\/\\\/lacolombeplus.net\\\/wp-content\\\/uploads\\\/2026\\\/04\\\/a84391f3-a521-4177-867d-b9aaa3066b88.png\",\"width\":1045,\"height\":1505,\"caption\":\"lacolombeplus.net\"},\"image\":{\"@id\":\"https:\\\/\\\/lacolombeplus.net\\\/#\\\/schema\\\/logo\\\/image\\\/\"},\"sameAs\":[\"https:\\\/\\\/web.facebook.com\\\/profile.php?id=61589477078953\"]},{\"@type\":\"Person\",\"@id\":\"https:\\\/\\\/lacolombeplus.net\\\/#\\\/schema\\\/person\\\/1a433b3fa6e8f9696f18ece67a69915c\",\"name\":\"Dramane FAYAMA\",\"image\":{\"@type\":\"ImageObject\",\"inLanguage\":\"fr-FR\",\"@id\":\"https:\\\/\\\/secure.gravatar.com\\\/avatar\\\/6ae061b9c102ae93ffb7a4076195d78ace54801f91540899a6e8aacf91eacff8?s=96&d=mm&r=g\",\"url\":\"https:\\\/\\\/secure.gravatar.com\\\/avatar\\\/6ae061b9c102ae93ffb7a4076195d78ace54801f91540899a6e8aacf91eacff8?s=96&d=mm&r=g\",\"contentUrl\":\"https:\\\/\\\/secure.gravatar.com\\\/avatar\\\/6ae061b9c102ae93ffb7a4076195d78ace54801f91540899a6e8aacf91eacff8?s=96&d=mm&r=g\",\"caption\":\"Dramane FAYAMA\"},\"url\":\"https:\\\/\\\/lacolombeplus.net\\\/index.php\\\/author\\\/dramane\\\/\"}]}<\/script>\n<!-- \/ Yoast SEO plugin. -->","yoast_head_json":{"title":"Hausse unilat\u00e9rale des tarifs de transport : 17 soci\u00e9t\u00e9s \u00e9pingl\u00e9es et sanctionn\u00e9es par le gouvernement - WordPress","robots":{"index":"index","follow":"follow","max-snippet":"max-snippet:-1","max-image-preview":"max-image-preview:large","max-video-preview":"max-video-preview:-1"},"canonical":"https:\/\/lacolombeplus.net\/index.php\/2026\/08\/28\/hausse-unilaterale-des-tarifs-de-transport-17-societes-epinglees-et-sanctionnees-par-le-gouvernement\/","og_locale":"fr_FR","og_type":"article","og_title":"Hausse unilat\u00e9rale des tarifs de transport : 17 soci\u00e9t\u00e9s \u00e9pingl\u00e9es et sanctionn\u00e9es par le gouvernement - WordPress","og_description":"\u200eLe gouvernement burkinab\u00e8 a d\u00e9cid\u00e9 de s\u00e9vir contre les soci\u00e9t\u00e9s de transport routier de personnes qui ont proc\u00e9d\u00e9 \u00e0 une augmentation unilat\u00e9rale de leurs tarifs. Par arr\u00eat\u00e9 conjoint n\u00b02026-456\/MATM\/MEF du 28 ao\u00fbt 2026, le Ministre d&rsquo;\u00c9tat, Ministre de l&rsquo;Administration territoriale et de la Mobilit\u00e9, Emile Zerbo, et le Ministre de l&rsquo;\u00c9conomie et des Finances, Aboubakar...","og_url":"https:\/\/lacolombeplus.net\/index.php\/2026\/08\/28\/hausse-unilaterale-des-tarifs-de-transport-17-societes-epinglees-et-sanctionnees-par-le-gouvernement\/","og_site_name":"WordPress","article_publisher":"https:\/\/web.facebook.com\/profile.php?id=61589477078953","article_published_time":"2026-08-28T19:19:49+00:00","og_image":[{"width":600,"height":300,"url":"http:\/\/lacolombeplus.net\/wp-content\/uploads\/2026\/08\/Rahimo.webp","type":"image\/webp"}],"author":"Dramane FAYAMA","twitter_card":"summary_large_image","twitter_misc":{"\u00c9crit par":"Dramane FAYAMA","Dur\u00e9e de lecture estim\u00e9e":"3 minutes"},"schema":{"@context":"https:\/\/schema.org","@graph":[{"@type":"Article","@id":"https:\/\/lacolombeplus.net\/index.php\/2026\/08\/28\/hausse-unilaterale-des-tarifs-de-transport-17-societes-epinglees-et-sanctionnees-par-le-gouvernement\/#article","isPartOf":{"@id":"https:\/\/lacolombeplus.net\/index.php\/2026\/08\/28\/hausse-unilaterale-des-tarifs-de-transport-17-societes-epinglees-et-sanctionnees-par-le-gouvernement\/"},"author":{"name":"Dramane FAYAMA","@id":"https:\/\/lacolombeplus.net\/#\/schema\/person\/1a433b3fa6e8f9696f18ece67a69915c"},"headline":"Hausse unilat\u00e9rale des tarifs de transport : 17 soci\u00e9t\u00e9s \u00e9pingl\u00e9es et sanctionn\u00e9es par le gouvernement","datePublished":"2026-08-28T19:19:49+00:00","mainEntityOfPage":{"@id":"https:\/\/lacolombeplus.net\/index.php\/2026\/08\/28\/hausse-unilaterale-des-tarifs-de-transport-17-societes-epinglees-et-sanctionnees-par-le-gouvernement\/"},"wordCount":507,"commentCount":0,"publisher":{"@id":"https:\/\/lacolombeplus.net\/#organization"},"image":{"@id":"https:\/\/lacolombeplus.net\/index.php\/2026\/08\/28\/hausse-unilaterale-des-tarifs-de-transport-17-societes-epinglees-et-sanctionnees-par-le-gouvernement\/#primaryimage"},"thumbnailUrl":"https:\/\/lacolombeplus.net\/wp-content\/uploads\/2026\/08\/Rahimo.webp","articleSection":["Soci\u00e9t\u00e9"],"inLanguage":"fr-FR","potentialAction":[{"@type":"CommentAction","name":"Comment","target":["https:\/\/lacolombeplus.net\/index.php\/2026\/08\/28\/hausse-unilaterale-des-tarifs-de-transport-17-societes-epinglees-et-sanctionnees-par-le-gouvernement\/#respond"]}]},{"@type":"WebPage","@id":"https:\/\/lacolombeplus.net\/index.php\/2026\/08\/28\/hausse-unilaterale-des-tarifs-de-transport-17-societes-epinglees-et-sanctionnees-par-le-gouvernement\/","url":"https:\/\/lacolombeplus.net\/index.php\/2026\/08\/28\/hausse-unilaterale-des-tarifs-de-transport-17-societes-epinglees-et-sanctionnees-par-le-gouvernement\/","name":"Hausse unilat\u00e9rale des tarifs de transport : 17 soci\u00e9t\u00e9s \u00e9pingl\u00e9es et sanctionn\u00e9es par le gouvernement - WordPress","isPartOf":{"@id":"https:\/\/lacolombeplus.net\/#website"},"primaryImageOfPage":{"@id":"https:\/\/lacolombeplus.net\/index.php\/2026\/08\/28\/hausse-unilaterale-des-tarifs-de-transport-17-societes-epinglees-et-sanctionnees-par-le-gouvernement\/#primaryimage"},"image":{"@id":"https:\/\/lacolombeplus.net\/index.php\/2026\/08\/28\/hausse-unilaterale-des-tarifs-de-transport-17-societes-epinglees-et-sanctionnees-par-le-gouvernement\/#primaryimage"},"thumbnailUrl":"https:\/\/lacolombeplus.net\/wp-content\/uploads\/2026\/08\/Rahimo.webp","datePublished":"2026-08-28T19:19:49+00:00","breadcrumb":{"@id":"https:\/\/lacolombeplus.net\/index.php\/2026\/08\/28\/hausse-unilaterale-des-tarifs-de-transport-17-societes-epinglees-et-sanctionnees-par-le-gouvernement\/#breadcrumb"},"inLanguage":"fr-FR","potentialAction":[{"@type":"ReadAction","target":["https:\/\/lacolombeplus.net\/index.php\/2026\/08\/28\/hausse-unilaterale-des-tarifs-de-transport-17-societes-epinglees-et-sanctionnees-par-le-gouvernement\/"]}]},{"@type":"ImageObject","inLanguage":"fr-FR","@id":"https:\/\/lacolombeplus.net\/index.php\/2026\/08\/28\/hausse-unilaterale-des-tarifs-de-transport-17-societes-epinglees-et-sanctionnees-par-le-gouvernement\/#primaryimage","url":"https:\/\/lacolombeplus.net\/wp-content\/uploads\/2026\/08\/Rahimo.webp","contentUrl":"https:\/\/lacolombeplus.net\/wp-content\/uploads\/2026\/08\/Rahimo.webp","width":600,"height":300,"caption":"Image d'illustration"},{"@type":"BreadcrumbList","@id":"https:\/\/lacolombeplus.net\/index.php\/2026\/08\/28\/hausse-unilaterale-des-tarifs-de-transport-17-societes-epinglees-et-sanctionnees-par-le-gouvernement\/#breadcrumb","itemListElement":[{"@type":"ListItem","position":1,"name":"Accueil","item":"https:\/\/lacolombeplus.net\/"},{"@type":"ListItem","position":2,"name":"Hausse unilat\u00e9rale des tarifs de transport : 17 soci\u00e9t\u00e9s \u00e9pingl\u00e9es et sanctionn\u00e9es par le gouvernement"}]},{"@type":"WebSite","@id":"https:\/\/lacolombeplus.net\/#website","url":"https:\/\/lacolombeplus.net\/","name":"Lacolombeplus","description":"","publisher":{"@id":"https:\/\/lacolombeplus.net\/#organization"},"potentialAction":[{"@type":"SearchAction","target":{"@type":"EntryPoint","urlTemplate":"https:\/\/lacolombeplus.net\/?s={search_term_string}"},"query-input":{"@type":"PropertyValueSpecification","valueRequired":true,"valueName":"search_term_string"}}],"inLanguage":"fr-FR"},{"@type":"Organization","@id":"https:\/\/lacolombeplus.net\/#organization","name":"lacolombeplus.net","url":"https:\/\/lacolombeplus.net\/","logo":{"@type":"ImageObject","inLanguage":"fr-FR","@id":"https:\/\/lacolombeplus.net\/#\/schema\/logo\/image\/","url":"https:\/\/lacolombeplus.net\/wp-content\/uploads\/2026\/04\/a84391f3-a521-4177-867d-b9aaa3066b88.png","contentUrl":"https:\/\/lacolombeplus.net\/wp-content\/uploads\/2026\/04\/a84391f3-a521-4177-867d-b9aaa3066b88.png","width":1045,"height":1505,"caption":"lacolombeplus.net"},"image":{"@id":"https:\/\/lacolombeplus.net\/#\/schema\/logo\/image\/"},"sameAs":["https:\/\/web.facebook.com\/profile.php?id=61589477078953"]},{"@type":"Person","@id":"https:\/\/lacolombeplus.net\/#\/schema\/person\/1a433b3fa6e8f9696f18ece67a69915c","name":"Dramane FAYAMA","image":{"@type":"ImageObject","inLanguage":"fr-FR","@id":"https:\/\/secure.gravatar.com\/avatar\/6ae061b9c102ae93ffb7a4076195d78ace54801f91540899a6e8aacf91eacff8?s=96&d=mm&r=g","url":"https:\/\/secure.gravatar.com\/avatar\/6ae061b9c102ae93ffb7a4076195d78ace54801f91540899a6e8aacf91eacff8?s=96&d=mm&r=g","contentUrl":"https:\/\/secure.gravatar.com\/avatar\/6ae061b9c102ae93ffb7a4076195d78ace54801f91540899a6e8aacf91eacff8?s=96&d=mm&r=g","caption":"Dramane FAYAMA"},"url":"https:\/\/lacolombeplus.net\/index.php\/author\/dramane\/"}]}},"jetpack_featured_media_url":"https:\/\/lacolombeplus.net\/wp-content\/uploads\/2026\/08\/Rahimo.webp","jetpack_sharing_enabled":true,"_links":{"self":[{"href":"https:\/\/lacolombeplus.net\/index.php\/wp-json\/wp\/v2\/posts\/38991","targetHints":{"allow":["GET"]}}],"collection":[{"href":"https:\/\/lacolombeplus.net\/index.php\/wp-json\/wp\/v2\/posts"}],"about":[{"href":"https:\/\/lacolombeplus.net\/index.php\/wp-json\/wp\/v2\/types\/post"}],"author":[{"embeddable":true,"href":"https:\/\/lacolombeplus.net\/index.php\/wp-json\/wp\/v2\/users\/6"}],"replies":[{"embeddable":true,"href":"https:\/\/lacolombeplus.net\/index.php\/wp-json\/wp\/v2\/comments?post=38991"}],"version-history":[{"count":2,"href":"https:\/\/lacolombeplus.net\/index.php\/wp-json\/wp\/v2\/posts\/38991\/revisions"}],"predecessor-version":[{"id":38994,"href":"https:\/\/lacolombeplus.net\/index.php\/wp-json\/wp\/v2\/posts\/38991\/revisions\/38994"}],"wp:featuredmedia":[{"embeddable":true,"href":"https:\/\/lacolombeplus.net\/index.php\/wp-json\/wp\/v2\/media\/38992"}],"wp:attachment":[{"href":"https:\/\/lacolombeplus.net\/index.php\/wp-json\/wp\/v2\/media?parent=38991"}],"wp:term":[{"taxonomy":"category","embeddable":true,"href":"https:\/\/lacolombeplus.net\/index.php\/wp-json\/wp\/v2\/categories?post=38991"},{"taxonomy":"post_tag","embeddable":true,"href":"https:\/\/lacolombeplus.net\/index.php\/wp-json\/wp\/v2\/tags?post=38991"}],"curies":[{"name":"wp","href":"https:\/\/api.w.org\/{rel}","templated":true}]}}