{"id":38985,"date":"2026-08-25T17:19:44","date_gmt":"2026-08-25T17:19:44","guid":{"rendered":"https:\/\/lacolombeplus.net\/?p=38985"},"modified":"2026-08-25T17:19:44","modified_gmt":"2026-08-25T17:19:44","slug":"surete-nucleaire-larsn-evalue-les-installations-de-la-clinique-les-oliviers","status":"publish","type":"post","link":"https:\/\/lacolombeplus.net\/index.php\/2026\/08\/25\/surete-nucleaire-larsn-evalue-les-installations-de-la-clinique-les-oliviers\/","title":{"rendered":"S\u00fbret\u00e9 nucl\u00e9aire : L\u2019ARSN \u00e9value les installations de la Clinique les Oliviers"},"content":{"rendered":"<p>Ce mardi 25 ao\u00fbt 2026, l\u2019Autorit\u00e9 nationale de Radioprotection et de S\u00fbret\u00e9 Nucl\u00e9aire (ARSN) a men\u00e9 une mission de pr\u00e9-autorisation \u00e0 la Clinique les Oliviers \u00e0 Ouagadougou. Guid\u00e9e par le Directeur national, le Camarade Belko Massi Barry.<\/p>\n<p>Cette d\u00e9marche s&rsquo;inscrit dans le cadre de la loi n\u00b0032-2012\/AN du 8 juin 2012 portant s\u00fbret\u00e9, s\u00e9curit\u00e9 nucl\u00e9aires et garanties et vise \u00e0 v\u00e9rifier la conformit\u00e9 des \u00e9quipements de radiologie standard avant l&rsquo;octroi de leur permis d&rsquo;exploitation.<\/p>\n<p>L&rsquo;objectif principal demeure la protection optimale des patients, des travailleurs et du grand public contre les risques li\u00e9s aux rayonnements ionisants.<\/p>\n<p>Elle fait suite \u00e0 une demande d\u2019autorisation introduite par la Clinique les Oliviers pour l\u2019exploitation de son appareil de radiologie standard.<\/p>\n<figure id=\"attachment_38988\" aria-describedby=\"caption-attachment-38988\" style=\"width: 2560px\" class=\"wp-caption alignnone\"><img fetchpriority=\"high\" decoding=\"async\" class=\"size-full wp-image-38988\" src=\"http:\/\/lacolombeplus.net\/wp-content\/uploads\/2026\/08\/IMG-20260825-WA0043.webp\" alt=\"\" width=\"2560\" height=\"1623\" srcset=\"https:\/\/lacolombeplus.net\/wp-content\/uploads\/2026\/08\/IMG-20260825-WA0043.webp 2560w, https:\/\/lacolombeplus.net\/wp-content\/uploads\/2026\/08\/IMG-20260825-WA0043-300x190.webp 300w, https:\/\/lacolombeplus.net\/wp-content\/uploads\/2026\/08\/IMG-20260825-WA0043-1024x649.webp 1024w, https:\/\/lacolombeplus.net\/wp-content\/uploads\/2026\/08\/IMG-20260825-WA0043-768x487.webp 768w, https:\/\/lacolombeplus.net\/wp-content\/uploads\/2026\/08\/IMG-20260825-WA0043-1536x974.webp 1536w, https:\/\/lacolombeplus.net\/wp-content\/uploads\/2026\/08\/IMG-20260825-WA0043-2048x1298.webp 2048w\" sizes=\"(max-width: 2560px) 100vw, 2560px\" \/><figcaption id=\"caption-attachment-38988\" class=\"wp-caption-text\">Camarade Belko Massi Barry, Directeur national de l\u2019ARSN.<\/figcaption><\/figure>\n<p>\u00ab <em>Dans le processus d\u2019autorisation, nous devons effectuer une inspection pour nous assurer de la conformit\u00e9 des informations fournies dans le dossier de demande<\/em> \u00bb, a expliqu\u00e9 le Directeur national de l\u2019ARSN, le Camarade Belko Massi Barry.<\/p>\n<p>La d\u00e9marche vise notamment \u00e0 garantir la s\u00e9curit\u00e9 des installations et la protection des patients, des travailleurs et du public contre les rayonnements ionisants.<\/p>\n<p>Sur le terrain, les inspecteurs ont examin\u00e9 la conformit\u00e9 de la salle de radiologie, les barri\u00e8res de protection collective, les \u00e9quipements de protection individuelle ainsi que les dispositifs de surveillance dosim\u00e9trique du personnel. Les registres relatifs aux proc\u00e9dures de travail, \u00e0 la maintenance et au contr\u00f4le qualit\u00e9 des \u00e9quipements ont \u00e9galement \u00e9t\u00e9 v\u00e9rifi\u00e9s.<\/p>\n<p>Selon le Chef de Division des inspections, du contr\u00f4le et de la surveillance radiologique de l\u2019ARSN, le Camarade Dr Yam\u00e9ogo Zakaria, les contr\u00f4les portent notamment sur les dimensions de la salle, les protections mises en place, les vitres plomb\u00e9es, les comp\u00e9tences du personnel et les proc\u00e9dures d\u2019utilisation des \u00e9quipements.<\/p>\n<p>Des tests de contr\u00f4le qualit\u00e9 ont \u00e9galement \u00e9t\u00e9 r\u00e9alis\u00e9s afin de v\u00e9rifier les caract\u00e9ristiques techniques de l\u2019appareil et de s\u2019assurer que son utilisation respecte les exigences de radioprotection. L\u2019\u00e9quipe d\u2019inspection a, par ailleurs, relev\u00e9 la pr\u00e9sence d\u2019une signalisation destin\u00e9e \u00e0 informer sur les risques li\u00e9s aux rayonnements ionisants.<\/p>\n<p>La direction de la Clinique les Oliviers accueille favorablement cette d\u00e9marche. \u00ab <em>Cela nous permettra d\u2019offrir plus de protection aux patients, plus de protection aux travailleurs qui utilisent ces \u00e9quipements et de contribuer, de mani\u00e8re globale, au bien-\u00eatre des populations en mati\u00e8re de sant\u00e9<\/em> \u00bb, a d\u00e9clar\u00e9 le Camarade Tanga Ou\u00e9draogo, Directeur g\u00e9n\u00e9ral adjoint de la structure.<\/p>\n<p>\u00c0 l\u2019issue de la mission, une correspondance sera adress\u00e9e \u00e0 l\u2019\u00e9tablissement sanitaire pour lui notifier les insuffisances qui pourraient \u00eatre constat\u00e9es ainsi que l\u200ces mesures correctives \u00e0 mettre en \u0153uvre. Dans l\u2019attente des conclusions de l\u2019inspection, la direction de la clinique s\u2019est dite dispos\u00e9e \u00e0 prendre en compte les recommandations de l\u2019ARSN et \u00e0 poursuivre le renforcement des comp\u00e9tences de son personnel.<\/p>\n<p>Au-del\u00e0 des contr\u00f4les li\u00e9s aux demandes d\u2019autorisation, l\u2019Autorit\u00e9 nationale de Radioprotection et de S\u00fbret\u00e9 Nucl\u00e9aire m\u00e8ne chaque ann\u00e9e un programme d\u2019inspection des installations radiologiques sur l\u2019ensemble du territoire national. Le Camarade Belko Massi Barry a rappel\u00e9 que le respect de la r\u00e9glementation en mati\u00e8re de radioprotection constitue une obligation dont le non-respect expose les exploitants \u00e0 des sanctions administratives et, selon les cas, p\u00e9nales.<\/p>\n<p>\u00c0 travers ces inspections, l\u2019ARSN veille \u00e0 ce que l\u2019utilisation m\u00e9dicale des rayonnements ionisants s\u2019effectue dans le strict respect des exigences de s\u00fbret\u00e9 et de radioprotection. Une d\u00e9marche de pr\u00e9vention qui vise \u00e0 prot\u00e9ger durablement les patients, les travailleurs et le public contre les risques li\u00e9s aux rayonnements ionisants.<\/p>\n<p style=\"text-align: right;\">La Colombe Plus<\/p>\n<p style=\"text-align: right;\">DCP\/Primature<\/p>\n","protected":false},"excerpt":{"rendered":"<p>Ce mardi 25 ao\u00fbt 2026, l\u2019Autorit\u00e9 nationale de Radioprotection et de S\u00fbret\u00e9 Nucl\u00e9aire (ARSN) a men\u00e9 une mission de pr\u00e9-autorisation \u00e0 la Clinique les Oliviers \u00e0 Ouagadougou. Guid\u00e9e par le Directeur national, le Camarade Belko Massi Barry. Cette d\u00e9marche s&rsquo;inscrit dans le cadre de la loi n\u00b0032-2012\/AN du 8 juin 2012 portant s\u00fbret\u00e9, s\u00e9curit\u00e9 nucl\u00e9aires&#8230;<\/p>\n","protected":false},"author":6,"featured_media":38987,"comment_status":"open","ping_status":"open","sticky":false,"template":"","format":"standard","meta":{"_jetpack_newsletter_access":"","_jetpack_dont_email_post_to_subs":false,"_jetpack_newsletter_tier_id":0,"_jetpack_memberships_contains_paywalled_content":false,"_jetpack_feature_clip_id":0,"_jetpack_memberships_contains_paid_content":false,"footnotes":"","jetpack_post_was_ever_published":false},"categories":[2,199],"tags":[],"class_list":["post-38985","post","type-post","status-publish","format-standard","has-post-thumbnail","hentry","category-a-la-une","category-sante"],"yoast_head":"<!-- This site is optimized with the Yoast SEO plugin v28.3 - https:\/\/yoast.com\/product\/yoast-seo-wordpress\/ -->\n<title>S\u00fbret\u00e9 nucl\u00e9aire : L\u2019ARSN \u00e9value les installations de la Clinique les Oliviers - WordPress<\/title>\n<meta name=\"robots\" content=\"index, follow, max-snippet:-1, max-image-preview:large, max-video-preview:-1\" \/>\n<link rel=\"canonical\" href=\"https:\/\/lacolombeplus.net\/index.php\/2026\/08\/25\/surete-nucleaire-larsn-evalue-les-installations-de-la-clinique-les-oliviers\/\" \/>\n<meta property=\"og:locale\" content=\"fr_FR\" \/>\n<meta property=\"og:type\" content=\"article\" \/>\n<meta property=\"og:title\" content=\"S\u00fbret\u00e9 nucl\u00e9aire : L\u2019ARSN \u00e9value les installations de la Clinique les Oliviers - WordPress\" \/>\n<meta property=\"og:description\" content=\"Ce mardi 25 ao\u00fbt 2026, l\u2019Autorit\u00e9 nationale de Radioprotection et de S\u00fbret\u00e9 Nucl\u00e9aire (ARSN) a men\u00e9 une mission de pr\u00e9-autorisation \u00e0 la Clinique les Oliviers \u00e0 Ouagadougou. Guid\u00e9e par le Directeur national, le Camarade Belko Massi Barry. Cette d\u00e9marche s&rsquo;inscrit dans le cadre de la loi n\u00b0032-2012\/AN du 8 juin 2012 portant s\u00fbret\u00e9, s\u00e9curit\u00e9 nucl\u00e9aires...\" \/>\n<meta property=\"og:url\" content=\"https:\/\/lacolombeplus.net\/index.php\/2026\/08\/25\/surete-nucleaire-larsn-evalue-les-installations-de-la-clinique-les-oliviers\/\" \/>\n<meta property=\"og:site_name\" content=\"WordPress\" \/>\n<meta property=\"article:publisher\" content=\"https:\/\/web.facebook.com\/profile.php?id=61589477078953\" \/>\n<meta property=\"article:published_time\" content=\"2026-08-25T17:19:44+00:00\" \/>\n<meta property=\"og:image\" content=\"http:\/\/lacolombeplus.net\/wp-content\/uploads\/2026\/08\/IMG-20260825-WA0045.webp\" \/>\n\t<meta property=\"og:image:width\" content=\"2560\" \/>\n\t<meta property=\"og:image:height\" content=\"1759\" \/>\n\t<meta property=\"og:image:type\" content=\"image\/webp\" \/>\n<meta name=\"author\" content=\"Dramane FAYAMA\" \/>\n<meta name=\"twitter:card\" content=\"summary_large_image\" \/>\n<meta name=\"twitter:label1\" content=\"\u00c9crit par\" \/>\n\t<meta name=\"twitter:data1\" content=\"Dramane FAYAMA\" \/>\n\t<meta name=\"twitter:label2\" content=\"Dur\u00e9e de lecture estim\u00e9e\" \/>\n\t<meta name=\"twitter:data2\" content=\"4 minutes\" \/>\n<script type=\"application\/ld+json\" class=\"yoast-schema-graph\">{\"@context\":\"https:\\\/\\\/schema.org\",\"@graph\":[{\"@type\":\"Article\",\"@id\":\"https:\\\/\\\/lacolombeplus.net\\\/index.php\\\/2026\\\/08\\\/25\\\/surete-nucleaire-larsn-evalue-les-installations-de-la-clinique-les-oliviers\\\/#article\",\"isPartOf\":{\"@id\":\"https:\\\/\\\/lacolombeplus.net\\\/index.php\\\/2026\\\/08\\\/25\\\/surete-nucleaire-larsn-evalue-les-installations-de-la-clinique-les-oliviers\\\/\"},\"author\":{\"name\":\"Dramane FAYAMA\",\"@id\":\"https:\\\/\\\/lacolombeplus.net\\\/#\\\/schema\\\/person\\\/1a433b3fa6e8f9696f18ece67a69915c\"},\"headline\":\"S\u00fbret\u00e9 nucl\u00e9aire : L\u2019ARSN \u00e9value les installations de la Clinique les Oliviers\",\"datePublished\":\"2026-08-25T17:19:44+00:00\",\"mainEntityOfPage\":{\"@id\":\"https:\\\/\\\/lacolombeplus.net\\\/index.php\\\/2026\\\/08\\\/25\\\/surete-nucleaire-larsn-evalue-les-installations-de-la-clinique-les-oliviers\\\/\"},\"wordCount\":663,\"commentCount\":0,\"publisher\":{\"@id\":\"https:\\\/\\\/lacolombeplus.net\\\/#organization\"},\"image\":{\"@id\":\"https:\\\/\\\/lacolombeplus.net\\\/index.php\\\/2026\\\/08\\\/25\\\/surete-nucleaire-larsn-evalue-les-installations-de-la-clinique-les-oliviers\\\/#primaryimage\"},\"thumbnailUrl\":\"https:\\\/\\\/lacolombeplus.net\\\/wp-content\\\/uploads\\\/2026\\\/08\\\/IMG-20260825-WA0045.webp\",\"articleSection\":[\"A la Une\",\"Sant\u00e9\"],\"inLanguage\":\"fr-FR\",\"potentialAction\":[{\"@type\":\"CommentAction\",\"name\":\"Comment\",\"target\":[\"https:\\\/\\\/lacolombeplus.net\\\/index.php\\\/2026\\\/08\\\/25\\\/surete-nucleaire-larsn-evalue-les-installations-de-la-clinique-les-oliviers\\\/#respond\"]}]},{\"@type\":\"WebPage\",\"@id\":\"https:\\\/\\\/lacolombeplus.net\\\/index.php\\\/2026\\\/08\\\/25\\\/surete-nucleaire-larsn-evalue-les-installations-de-la-clinique-les-oliviers\\\/\",\"url\":\"https:\\\/\\\/lacolombeplus.net\\\/index.php\\\/2026\\\/08\\\/25\\\/surete-nucleaire-larsn-evalue-les-installations-de-la-clinique-les-oliviers\\\/\",\"name\":\"S\u00fbret\u00e9 nucl\u00e9aire : L\u2019ARSN \u00e9value les installations de la Clinique les Oliviers - WordPress\",\"isPartOf\":{\"@id\":\"https:\\\/\\\/lacolombeplus.net\\\/#website\"},\"primaryImageOfPage\":{\"@id\":\"https:\\\/\\\/lacolombeplus.net\\\/index.php\\\/2026\\\/08\\\/25\\\/surete-nucleaire-larsn-evalue-les-installations-de-la-clinique-les-oliviers\\\/#primaryimage\"},\"image\":{\"@id\":\"https:\\\/\\\/lacolombeplus.net\\\/index.php\\\/2026\\\/08\\\/25\\\/surete-nucleaire-larsn-evalue-les-installations-de-la-clinique-les-oliviers\\\/#primaryimage\"},\"thumbnailUrl\":\"https:\\\/\\\/lacolombeplus.net\\\/wp-content\\\/uploads\\\/2026\\\/08\\\/IMG-20260825-WA0045.webp\",\"datePublished\":\"2026-08-25T17:19:44+00:00\",\"breadcrumb\":{\"@id\":\"https:\\\/\\\/lacolombeplus.net\\\/index.php\\\/2026\\\/08\\\/25\\\/surete-nucleaire-larsn-evalue-les-installations-de-la-clinique-les-oliviers\\\/#breadcrumb\"},\"inLanguage\":\"fr-FR\",\"potentialAction\":[{\"@type\":\"ReadAction\",\"target\":[\"https:\\\/\\\/lacolombeplus.net\\\/index.php\\\/2026\\\/08\\\/25\\\/surete-nucleaire-larsn-evalue-les-installations-de-la-clinique-les-oliviers\\\/\"]}]},{\"@type\":\"ImageObject\",\"inLanguage\":\"fr-FR\",\"@id\":\"https:\\\/\\\/lacolombeplus.net\\\/index.php\\\/2026\\\/08\\\/25\\\/surete-nucleaire-larsn-evalue-les-installations-de-la-clinique-les-oliviers\\\/#primaryimage\",\"url\":\"https:\\\/\\\/lacolombeplus.net\\\/wp-content\\\/uploads\\\/2026\\\/08\\\/IMG-20260825-WA0045.webp\",\"contentUrl\":\"https:\\\/\\\/lacolombeplus.net\\\/wp-content\\\/uploads\\\/2026\\\/08\\\/IMG-20260825-WA0045.webp\",\"width\":2560,\"height\":1759},{\"@type\":\"BreadcrumbList\",\"@id\":\"https:\\\/\\\/lacolombeplus.net\\\/index.php\\\/2026\\\/08\\\/25\\\/surete-nucleaire-larsn-evalue-les-installations-de-la-clinique-les-oliviers\\\/#breadcrumb\",\"itemListElement\":[{\"@type\":\"ListItem\",\"position\":1,\"name\":\"Accueil\",\"item\":\"https:\\\/\\\/lacolombeplus.net\\\/\"},{\"@type\":\"ListItem\",\"position\":2,\"name\":\"S\u00fbret\u00e9 nucl\u00e9aire : L\u2019ARSN \u00e9value les installations de la Clinique les Oliviers\"}]},{\"@type\":\"WebSite\",\"@id\":\"https:\\\/\\\/lacolombeplus.net\\\/#website\",\"url\":\"https:\\\/\\\/lacolombeplus.net\\\/\",\"name\":\"Lacolombeplus\",\"description\":\"\",\"publisher\":{\"@id\":\"https:\\\/\\\/lacolombeplus.net\\\/#organization\"},\"potentialAction\":[{\"@type\":\"SearchAction\",\"target\":{\"@type\":\"EntryPoint\",\"urlTemplate\":\"https:\\\/\\\/lacolombeplus.net\\\/?s={search_term_string}\"},\"query-input\":{\"@type\":\"PropertyValueSpecification\",\"valueRequired\":true,\"valueName\":\"search_term_string\"}}],\"inLanguage\":\"fr-FR\"},{\"@type\":\"Organization\",\"@id\":\"https:\\\/\\\/lacolombeplus.net\\\/#organization\",\"name\":\"lacolombeplus.net\",\"url\":\"https:\\\/\\\/lacolombeplus.net\\\/\",\"logo\":{\"@type\":\"ImageObject\",\"inLanguage\":\"fr-FR\",\"@id\":\"https:\\\/\\\/lacolombeplus.net\\\/#\\\/schema\\\/logo\\\/image\\\/\",\"url\":\"https:\\\/\\\/lacolombeplus.net\\\/wp-content\\\/uploads\\\/2026\\\/04\\\/a84391f3-a521-4177-867d-b9aaa3066b88.png\",\"contentUrl\":\"https:\\\/\\\/lacolombeplus.net\\\/wp-content\\\/uploads\\\/2026\\\/04\\\/a84391f3-a521-4177-867d-b9aaa3066b88.png\",\"width\":1045,\"height\":1505,\"caption\":\"lacolombeplus.net\"},\"image\":{\"@id\":\"https:\\\/\\\/lacolombeplus.net\\\/#\\\/schema\\\/logo\\\/image\\\/\"},\"sameAs\":[\"https:\\\/\\\/web.facebook.com\\\/profile.php?id=61589477078953\"]},{\"@type\":\"Person\",\"@id\":\"https:\\\/\\\/lacolombeplus.net\\\/#\\\/schema\\\/person\\\/1a433b3fa6e8f9696f18ece67a69915c\",\"name\":\"Dramane FAYAMA\",\"image\":{\"@type\":\"ImageObject\",\"inLanguage\":\"fr-FR\",\"@id\":\"https:\\\/\\\/secure.gravatar.com\\\/avatar\\\/6ae061b9c102ae93ffb7a4076195d78ace54801f91540899a6e8aacf91eacff8?s=96&d=mm&r=g\",\"url\":\"https:\\\/\\\/secure.gravatar.com\\\/avatar\\\/6ae061b9c102ae93ffb7a4076195d78ace54801f91540899a6e8aacf91eacff8?s=96&d=mm&r=g\",\"contentUrl\":\"https:\\\/\\\/secure.gravatar.com\\\/avatar\\\/6ae061b9c102ae93ffb7a4076195d78ace54801f91540899a6e8aacf91eacff8?s=96&d=mm&r=g\",\"caption\":\"Dramane FAYAMA\"},\"url\":\"https:\\\/\\\/lacolombeplus.net\\\/index.php\\\/author\\\/dramane\\\/\"}]}<\/script>\n<!-- \/ Yoast SEO plugin. -->","yoast_head_json":{"title":"S\u00fbret\u00e9 nucl\u00e9aire : L\u2019ARSN \u00e9value les installations de la Clinique les Oliviers - WordPress","robots":{"index":"index","follow":"follow","max-snippet":"max-snippet:-1","max-image-preview":"max-image-preview:large","max-video-preview":"max-video-preview:-1"},"canonical":"https:\/\/lacolombeplus.net\/index.php\/2026\/08\/25\/surete-nucleaire-larsn-evalue-les-installations-de-la-clinique-les-oliviers\/","og_locale":"fr_FR","og_type":"article","og_title":"S\u00fbret\u00e9 nucl\u00e9aire : L\u2019ARSN \u00e9value les installations de la Clinique les Oliviers - WordPress","og_description":"Ce mardi 25 ao\u00fbt 2026, l\u2019Autorit\u00e9 nationale de Radioprotection et de S\u00fbret\u00e9 Nucl\u00e9aire (ARSN) a men\u00e9 une mission de pr\u00e9-autorisation \u00e0 la Clinique les Oliviers \u00e0 Ouagadougou. Guid\u00e9e par le Directeur national, le Camarade Belko Massi Barry. Cette d\u00e9marche s&rsquo;inscrit dans le cadre de la loi n\u00b0032-2012\/AN du 8 juin 2012 portant s\u00fbret\u00e9, s\u00e9curit\u00e9 nucl\u00e9aires...","og_url":"https:\/\/lacolombeplus.net\/index.php\/2026\/08\/25\/surete-nucleaire-larsn-evalue-les-installations-de-la-clinique-les-oliviers\/","og_site_name":"WordPress","article_publisher":"https:\/\/web.facebook.com\/profile.php?id=61589477078953","article_published_time":"2026-08-25T17:19:44+00:00","og_image":[{"width":2560,"height":1759,"url":"http:\/\/lacolombeplus.net\/wp-content\/uploads\/2026\/08\/IMG-20260825-WA0045.webp","type":"image\/webp"}],"author":"Dramane FAYAMA","twitter_card":"summary_large_image","twitter_misc":{"\u00c9crit par":"Dramane FAYAMA","Dur\u00e9e de lecture estim\u00e9e":"4 minutes"},"schema":{"@context":"https:\/\/schema.org","@graph":[{"@type":"Article","@id":"https:\/\/lacolombeplus.net\/index.php\/2026\/08\/25\/surete-nucleaire-larsn-evalue-les-installations-de-la-clinique-les-oliviers\/#article","isPartOf":{"@id":"https:\/\/lacolombeplus.net\/index.php\/2026\/08\/25\/surete-nucleaire-larsn-evalue-les-installations-de-la-clinique-les-oliviers\/"},"author":{"name":"Dramane FAYAMA","@id":"https:\/\/lacolombeplus.net\/#\/schema\/person\/1a433b3fa6e8f9696f18ece67a69915c"},"headline":"S\u00fbret\u00e9 nucl\u00e9aire : L\u2019ARSN \u00e9value les installations de la Clinique les Oliviers","datePublished":"2026-08-25T17:19:44+00:00","mainEntityOfPage":{"@id":"https:\/\/lacolombeplus.net\/index.php\/2026\/08\/25\/surete-nucleaire-larsn-evalue-les-installations-de-la-clinique-les-oliviers\/"},"wordCount":663,"commentCount":0,"publisher":{"@id":"https:\/\/lacolombeplus.net\/#organization"},"image":{"@id":"https:\/\/lacolombeplus.net\/index.php\/2026\/08\/25\/surete-nucleaire-larsn-evalue-les-installations-de-la-clinique-les-oliviers\/#primaryimage"},"thumbnailUrl":"https:\/\/lacolombeplus.net\/wp-content\/uploads\/2026\/08\/IMG-20260825-WA0045.webp","articleSection":["A la Une","Sant\u00e9"],"inLanguage":"fr-FR","potentialAction":[{"@type":"CommentAction","name":"Comment","target":["https:\/\/lacolombeplus.net\/index.php\/2026\/08\/25\/surete-nucleaire-larsn-evalue-les-installations-de-la-clinique-les-oliviers\/#respond"]}]},{"@type":"WebPage","@id":"https:\/\/lacolombeplus.net\/index.php\/2026\/08\/25\/surete-nucleaire-larsn-evalue-les-installations-de-la-clinique-les-oliviers\/","url":"https:\/\/lacolombeplus.net\/index.php\/2026\/08\/25\/surete-nucleaire-larsn-evalue-les-installations-de-la-clinique-les-oliviers\/","name":"S\u00fbret\u00e9 nucl\u00e9aire : L\u2019ARSN \u00e9value les installations de la Clinique les Oliviers - WordPress","isPartOf":{"@id":"https:\/\/lacolombeplus.net\/#website"},"primaryImageOfPage":{"@id":"https:\/\/lacolombeplus.net\/index.php\/2026\/08\/25\/surete-nucleaire-larsn-evalue-les-installations-de-la-clinique-les-oliviers\/#primaryimage"},"image":{"@id":"https:\/\/lacolombeplus.net\/index.php\/2026\/08\/25\/surete-nucleaire-larsn-evalue-les-installations-de-la-clinique-les-oliviers\/#primaryimage"},"thumbnailUrl":"https:\/\/lacolombeplus.net\/wp-content\/uploads\/2026\/08\/IMG-20260825-WA0045.webp","datePublished":"2026-08-25T17:19:44+00:00","breadcrumb":{"@id":"https:\/\/lacolombeplus.net\/index.php\/2026\/08\/25\/surete-nucleaire-larsn-evalue-les-installations-de-la-clinique-les-oliviers\/#breadcrumb"},"inLanguage":"fr-FR","potentialAction":[{"@type":"ReadAction","target":["https:\/\/lacolombeplus.net\/index.php\/2026\/08\/25\/surete-nucleaire-larsn-evalue-les-installations-de-la-clinique-les-oliviers\/"]}]},{"@type":"ImageObject","inLanguage":"fr-FR","@id":"https:\/\/lacolombeplus.net\/index.php\/2026\/08\/25\/surete-nucleaire-larsn-evalue-les-installations-de-la-clinique-les-oliviers\/#primaryimage","url":"https:\/\/lacolombeplus.net\/wp-content\/uploads\/2026\/08\/IMG-20260825-WA0045.webp","contentUrl":"https:\/\/lacolombeplus.net\/wp-content\/uploads\/2026\/08\/IMG-20260825-WA0045.webp","width":2560,"height":1759},{"@type":"BreadcrumbList","@id":"https:\/\/lacolombeplus.net\/index.php\/2026\/08\/25\/surete-nucleaire-larsn-evalue-les-installations-de-la-clinique-les-oliviers\/#breadcrumb","itemListElement":[{"@type":"ListItem","position":1,"name":"Accueil","item":"https:\/\/lacolombeplus.net\/"},{"@type":"ListItem","position":2,"name":"S\u00fbret\u00e9 nucl\u00e9aire : L\u2019ARSN \u00e9value les installations de la Clinique les Oliviers"}]},{"@type":"WebSite","@id":"https:\/\/lacolombeplus.net\/#website","url":"https:\/\/lacolombeplus.net\/","name":"Lacolombeplus","description":"","publisher":{"@id":"https:\/\/lacolombeplus.net\/#organization"},"potentialAction":[{"@type":"SearchAction","target":{"@type":"EntryPoint","urlTemplate":"https:\/\/lacolombeplus.net\/?s={search_term_string}"},"query-input":{"@type":"PropertyValueSpecification","valueRequired":true,"valueName":"search_term_string"}}],"inLanguage":"fr-FR"},{"@type":"Organization","@id":"https:\/\/lacolombeplus.net\/#organization","name":"lacolombeplus.net","url":"https:\/\/lacolombeplus.net\/","logo":{"@type":"ImageObject","inLanguage":"fr-FR","@id":"https:\/\/lacolombeplus.net\/#\/schema\/logo\/image\/","url":"https:\/\/lacolombeplus.net\/wp-content\/uploads\/2026\/04\/a84391f3-a521-4177-867d-b9aaa3066b88.png","contentUrl":"https:\/\/lacolombeplus.net\/wp-content\/uploads\/2026\/04\/a84391f3-a521-4177-867d-b9aaa3066b88.png","width":1045,"height":1505,"caption":"lacolombeplus.net"},"image":{"@id":"https:\/\/lacolombeplus.net\/#\/schema\/logo\/image\/"},"sameAs":["https:\/\/web.facebook.com\/profile.php?id=61589477078953"]},{"@type":"Person","@id":"https:\/\/lacolombeplus.net\/#\/schema\/person\/1a433b3fa6e8f9696f18ece67a69915c","name":"Dramane FAYAMA","image":{"@type":"ImageObject","inLanguage":"fr-FR","@id":"https:\/\/secure.gravatar.com\/avatar\/6ae061b9c102ae93ffb7a4076195d78ace54801f91540899a6e8aacf91eacff8?s=96&d=mm&r=g","url":"https:\/\/secure.gravatar.com\/avatar\/6ae061b9c102ae93ffb7a4076195d78ace54801f91540899a6e8aacf91eacff8?s=96&d=mm&r=g","contentUrl":"https:\/\/secure.gravatar.com\/avatar\/6ae061b9c102ae93ffb7a4076195d78ace54801f91540899a6e8aacf91eacff8?s=96&d=mm&r=g","caption":"Dramane FAYAMA"},"url":"https:\/\/lacolombeplus.net\/index.php\/author\/dramane\/"}]}},"jetpack_featured_media_url":"https:\/\/lacolombeplus.net\/wp-content\/uploads\/2026\/08\/IMG-20260825-WA0045.webp","jetpack_sharing_enabled":true,"_links":{"self":[{"href":"https:\/\/lacolombeplus.net\/index.php\/wp-json\/wp\/v2\/posts\/38985","targetHints":{"allow":["GET"]}}],"collection":[{"href":"https:\/\/lacolombeplus.net\/index.php\/wp-json\/wp\/v2\/posts"}],"about":[{"href":"https:\/\/lacolombeplus.net\/index.php\/wp-json\/wp\/v2\/types\/post"}],"author":[{"embeddable":true,"href":"https:\/\/lacolombeplus.net\/index.php\/wp-json\/wp\/v2\/users\/6"}],"replies":[{"embeddable":true,"href":"https:\/\/lacolombeplus.net\/index.php\/wp-json\/wp\/v2\/comments?post=38985"}],"version-history":[{"count":2,"href":"https:\/\/lacolombeplus.net\/index.php\/wp-json\/wp\/v2\/posts\/38985\/revisions"}],"predecessor-version":[{"id":38989,"href":"https:\/\/lacolombeplus.net\/index.php\/wp-json\/wp\/v2\/posts\/38985\/revisions\/38989"}],"wp:featuredmedia":[{"embeddable":true,"href":"https:\/\/lacolombeplus.net\/index.php\/wp-json\/wp\/v2\/media\/38987"}],"wp:attachment":[{"href":"https:\/\/lacolombeplus.net\/index.php\/wp-json\/wp\/v2\/media?parent=38985"}],"wp:term":[{"taxonomy":"category","embeddable":true,"href":"https:\/\/lacolombeplus.net\/index.php\/wp-json\/wp\/v2\/categories?post=38985"},{"taxonomy":"post_tag","embeddable":true,"href":"https:\/\/lacolombeplus.net\/index.php\/wp-json\/wp\/v2\/tags?post=38985"}],"curies":[{"name":"wp","href":"https:\/\/api.w.org\/{rel}","templated":true}]}}