{"id":38973,"date":"2026-08-24T15:21:08","date_gmt":"2026-08-24T15:21:08","guid":{"rendered":"https:\/\/lacolombeplus.net\/?p=38973"},"modified":"2026-08-24T15:21:08","modified_gmt":"2026-08-24T15:21:08","slug":"burkina-faso-le-mercredi-26-aout-declare-jour-chome-et-paye-pour-le-maouloud","status":"publish","type":"post","link":"https:\/\/lacolombeplus.net\/index.php\/2026\/08\/24\/burkina-faso-le-mercredi-26-aout-declare-jour-chome-et-paye-pour-le-maouloud\/","title":{"rendered":"Burkina Faso : Le mercredi 26 ao\u00fbt d\u00e9clar\u00e9 jour ch\u00f4m\u00e9 et pay\u00e9 pour le Maouloud"},"content":{"rendered":"<h2 data-path-to-node=\"1\">Le mercredi 26 ao\u00fbt 2026 sera jour ch\u00f4m\u00e9 et pay\u00e9 sur toute l\u2019\u00e9tendue du territoire burkinab\u00e8 \u00e0 l\u2019occasion de la f\u00eate du Maouloud. L\u2019information a \u00e9t\u00e9 rendue publique ce lundi 24 ao\u00fbt par le minist\u00e8re des Serviteurs du Peuple, cons\u00e9cutivement au communiqu\u00e9 de la F\u00e9d\u00e9ration des Associations Islamiques du Burkina (FAIB) confirmant la date de la c\u00e9l\u00e9bration.<\/h2>\n<figure id=\"attachment_38975\" aria-describedby=\"caption-attachment-38975\" style=\"width: 425px\" class=\"wp-caption alignright\"><img fetchpriority=\"high\" decoding=\"async\" class=\" wp-image-38975\" src=\"http:\/\/lacolombeplus.net\/wp-content\/uploads\/2026\/08\/785146473_928184400342345_1296654713801077664_n.webp\" alt=\"\" width=\"425\" height=\"617\" srcset=\"https:\/\/lacolombeplus.net\/wp-content\/uploads\/2026\/08\/785146473_928184400342345_1296654713801077664_n.webp 882w, https:\/\/lacolombeplus.net\/wp-content\/uploads\/2026\/08\/785146473_928184400342345_1296654713801077664_n-207x300.webp 207w, https:\/\/lacolombeplus.net\/wp-content\/uploads\/2026\/08\/785146473_928184400342345_1296654713801077664_n-706x1024.webp 706w, https:\/\/lacolombeplus.net\/wp-content\/uploads\/2026\/08\/785146473_928184400342345_1296654713801077664_n-768x1114.webp 768w\" sizes=\"(max-width: 425px) 100vw, 425px\" \/><figcaption id=\"caption-attachment-38975\" class=\"wp-caption-text\">Lire le communiqu\u00e9<\/figcaption><\/figure>\n<p data-path-to-node=\"2\">Cette mesure s\u2019inscrit dans le cadre de l\u2019article 2 de la loi n\u00b001-2026\/ALT du 9 janvier 2026, r\u00e9gissant les jours f\u00e9ri\u00e9s, de comm\u00e9moration et de recueillement au Burkina Faso.<\/p>\n<p data-path-to-node=\"3\">Afin d&rsquo;assurer la continuit\u00e9 du service public et des activit\u00e9s quotidiennes, les responsables des structures et unit\u00e9s \u00e0 fonctionnement permanent sont invit\u00e9s \u00e0 prendre les dispositions requises pour maintenir leurs prestations.<\/p>\n<p data-path-to-node=\"4\">\u00c0 l\u2019occasion de cette f\u00eate marquant la naissance du Proph\u00e8te Mahomet, le minist\u00e8re des Serviteurs du Peuple a adress\u00e9 ses v\u0153ux de \u00ab bonne c\u00e9l\u00e9bration \u00bb \u00e0 l&rsquo;ensemble de la population burkinab\u00e8.<\/p>\n<p style=\"text-align: right;\" data-path-to-node=\"4\"><em><strong>La Colombe Plus<\/strong><\/em><\/p>\n","protected":false},"excerpt":{"rendered":"<p>Le mercredi 26 ao\u00fbt 2026 sera jour ch\u00f4m\u00e9 et pay\u00e9 sur toute l\u2019\u00e9tendue du territoire burkinab\u00e8 \u00e0 l\u2019occasion de la f\u00eate du Maouloud. L\u2019information a \u00e9t\u00e9 rendue publique ce lundi 24 ao\u00fbt par le minist\u00e8re des Serviteurs du Peuple, cons\u00e9cutivement au communiqu\u00e9 de la F\u00e9d\u00e9ration des Associations Islamiques du Burkina (FAIB) confirmant la date de&#8230;<\/p>\n","protected":false},"author":6,"featured_media":38974,"comment_status":"open","ping_status":"open","sticky":false,"template":"","format":"standard","meta":{"_jetpack_newsletter_access":"","_jetpack_dont_email_post_to_subs":false,"_jetpack_newsletter_tier_id":0,"_jetpack_memberships_contains_paywalled_content":false,"_jetpack_feature_clip_id":0,"_jetpack_memberships_contains_paid_content":false,"footnotes":"","jetpack_post_was_ever_published":false},"categories":[2,111],"tags":[],"class_list":["post-38973","post","type-post","status-publish","format-standard","has-post-thumbnail","hentry","category-a-la-une","category-securite"],"yoast_head":"<!-- This site is optimized with the Yoast SEO plugin v28.3 - https:\/\/yoast.com\/product\/yoast-seo-wordpress\/ -->\n<title>Burkina Faso : Le mercredi 26 ao\u00fbt d\u00e9clar\u00e9 jour ch\u00f4m\u00e9 et pay\u00e9 pour le Maouloud - WordPress<\/title>\n<meta name=\"robots\" content=\"index, follow, max-snippet:-1, max-image-preview:large, max-video-preview:-1\" \/>\n<link rel=\"canonical\" href=\"https:\/\/lacolombeplus.net\/index.php\/2026\/08\/24\/burkina-faso-le-mercredi-26-aout-declare-jour-chome-et-paye-pour-le-maouloud\/\" \/>\n<meta property=\"og:locale\" content=\"fr_FR\" \/>\n<meta property=\"og:type\" content=\"article\" \/>\n<meta property=\"og:title\" content=\"Burkina Faso : Le mercredi 26 ao\u00fbt d\u00e9clar\u00e9 jour ch\u00f4m\u00e9 et pay\u00e9 pour le Maouloud - WordPress\" \/>\n<meta property=\"og:description\" content=\"Le mercredi 26 ao\u00fbt 2026 sera jour ch\u00f4m\u00e9 et pay\u00e9 sur toute l\u2019\u00e9tendue du territoire burkinab\u00e8 \u00e0 l\u2019occasion de la f\u00eate du Maouloud. L\u2019information a \u00e9t\u00e9 rendue publique ce lundi 24 ao\u00fbt par le minist\u00e8re des Serviteurs du Peuple, cons\u00e9cutivement au communiqu\u00e9 de la F\u00e9d\u00e9ration des Associations Islamiques du Burkina (FAIB) confirmant la date de...\" \/>\n<meta property=\"og:url\" content=\"https:\/\/lacolombeplus.net\/index.php\/2026\/08\/24\/burkina-faso-le-mercredi-26-aout-declare-jour-chome-et-paye-pour-le-maouloud\/\" \/>\n<meta property=\"og:site_name\" content=\"WordPress\" \/>\n<meta property=\"article:publisher\" content=\"https:\/\/web.facebook.com\/profile.php?id=61589477078953\" \/>\n<meta property=\"article:published_time\" content=\"2026-08-24T15:21:08+00:00\" \/>\n<meta property=\"og:image\" content=\"http:\/\/lacolombeplus.net\/wp-content\/uploads\/2026\/08\/707454456_1289777296603780_3263658637599778814_n.webp\" \/>\n\t<meta property=\"og:image:width\" content=\"1280\" \/>\n\t<meta property=\"og:image:height\" content=\"720\" \/>\n\t<meta property=\"og:image:type\" content=\"image\/webp\" \/>\n<meta name=\"author\" content=\"Dramane FAYAMA\" \/>\n<meta name=\"twitter:card\" content=\"summary_large_image\" \/>\n<meta name=\"twitter:label1\" content=\"\u00c9crit par\" \/>\n\t<meta name=\"twitter:data1\" content=\"Dramane FAYAMA\" \/>\n\t<meta name=\"twitter:label2\" content=\"Dur\u00e9e de lecture estim\u00e9e\" \/>\n\t<meta name=\"twitter:data2\" content=\"2 minutes\" \/>\n<script type=\"application\/ld+json\" class=\"yoast-schema-graph\">{\"@context\":\"https:\\\/\\\/schema.org\",\"@graph\":[{\"@type\":\"Article\",\"@id\":\"https:\\\/\\\/lacolombeplus.net\\\/index.php\\\/2026\\\/08\\\/24\\\/burkina-faso-le-mercredi-26-aout-declare-jour-chome-et-paye-pour-le-maouloud\\\/#article\",\"isPartOf\":{\"@id\":\"https:\\\/\\\/lacolombeplus.net\\\/index.php\\\/2026\\\/08\\\/24\\\/burkina-faso-le-mercredi-26-aout-declare-jour-chome-et-paye-pour-le-maouloud\\\/\"},\"author\":{\"name\":\"Dramane FAYAMA\",\"@id\":\"https:\\\/\\\/lacolombeplus.net\\\/#\\\/schema\\\/person\\\/1a433b3fa6e8f9696f18ece67a69915c\"},\"headline\":\"Burkina Faso : Le mercredi 26 ao\u00fbt d\u00e9clar\u00e9 jour ch\u00f4m\u00e9 et pay\u00e9 pour le Maouloud\",\"datePublished\":\"2026-08-24T15:21:08+00:00\",\"mainEntityOfPage\":{\"@id\":\"https:\\\/\\\/lacolombeplus.net\\\/index.php\\\/2026\\\/08\\\/24\\\/burkina-faso-le-mercredi-26-aout-declare-jour-chome-et-paye-pour-le-maouloud\\\/\"},\"wordCount\":198,\"commentCount\":0,\"publisher\":{\"@id\":\"https:\\\/\\\/lacolombeplus.net\\\/#organization\"},\"image\":{\"@id\":\"https:\\\/\\\/lacolombeplus.net\\\/index.php\\\/2026\\\/08\\\/24\\\/burkina-faso-le-mercredi-26-aout-declare-jour-chome-et-paye-pour-le-maouloud\\\/#primaryimage\"},\"thumbnailUrl\":\"https:\\\/\\\/lacolombeplus.net\\\/wp-content\\\/uploads\\\/2026\\\/08\\\/707454456_1289777296603780_3263658637599778814_n.webp\",\"articleSection\":[\"A la Une\",\"S\u00e9curit\u00e9\"],\"inLanguage\":\"fr-FR\",\"potentialAction\":[{\"@type\":\"CommentAction\",\"name\":\"Comment\",\"target\":[\"https:\\\/\\\/lacolombeplus.net\\\/index.php\\\/2026\\\/08\\\/24\\\/burkina-faso-le-mercredi-26-aout-declare-jour-chome-et-paye-pour-le-maouloud\\\/#respond\"]}]},{\"@type\":\"WebPage\",\"@id\":\"https:\\\/\\\/lacolombeplus.net\\\/index.php\\\/2026\\\/08\\\/24\\\/burkina-faso-le-mercredi-26-aout-declare-jour-chome-et-paye-pour-le-maouloud\\\/\",\"url\":\"https:\\\/\\\/lacolombeplus.net\\\/index.php\\\/2026\\\/08\\\/24\\\/burkina-faso-le-mercredi-26-aout-declare-jour-chome-et-paye-pour-le-maouloud\\\/\",\"name\":\"Burkina Faso : Le mercredi 26 ao\u00fbt d\u00e9clar\u00e9 jour ch\u00f4m\u00e9 et pay\u00e9 pour le Maouloud - WordPress\",\"isPartOf\":{\"@id\":\"https:\\\/\\\/lacolombeplus.net\\\/#website\"},\"primaryImageOfPage\":{\"@id\":\"https:\\\/\\\/lacolombeplus.net\\\/index.php\\\/2026\\\/08\\\/24\\\/burkina-faso-le-mercredi-26-aout-declare-jour-chome-et-paye-pour-le-maouloud\\\/#primaryimage\"},\"image\":{\"@id\":\"https:\\\/\\\/lacolombeplus.net\\\/index.php\\\/2026\\\/08\\\/24\\\/burkina-faso-le-mercredi-26-aout-declare-jour-chome-et-paye-pour-le-maouloud\\\/#primaryimage\"},\"thumbnailUrl\":\"https:\\\/\\\/lacolombeplus.net\\\/wp-content\\\/uploads\\\/2026\\\/08\\\/707454456_1289777296603780_3263658637599778814_n.webp\",\"datePublished\":\"2026-08-24T15:21:08+00:00\",\"breadcrumb\":{\"@id\":\"https:\\\/\\\/lacolombeplus.net\\\/index.php\\\/2026\\\/08\\\/24\\\/burkina-faso-le-mercredi-26-aout-declare-jour-chome-et-paye-pour-le-maouloud\\\/#breadcrumb\"},\"inLanguage\":\"fr-FR\",\"potentialAction\":[{\"@type\":\"ReadAction\",\"target\":[\"https:\\\/\\\/lacolombeplus.net\\\/index.php\\\/2026\\\/08\\\/24\\\/burkina-faso-le-mercredi-26-aout-declare-jour-chome-et-paye-pour-le-maouloud\\\/\"]}]},{\"@type\":\"ImageObject\",\"inLanguage\":\"fr-FR\",\"@id\":\"https:\\\/\\\/lacolombeplus.net\\\/index.php\\\/2026\\\/08\\\/24\\\/burkina-faso-le-mercredi-26-aout-declare-jour-chome-et-paye-pour-le-maouloud\\\/#primaryimage\",\"url\":\"https:\\\/\\\/lacolombeplus.net\\\/wp-content\\\/uploads\\\/2026\\\/08\\\/707454456_1289777296603780_3263658637599778814_n.webp\",\"contentUrl\":\"https:\\\/\\\/lacolombeplus.net\\\/wp-content\\\/uploads\\\/2026\\\/08\\\/707454456_1289777296603780_3263658637599778814_n.webp\",\"width\":1280,\"height\":720},{\"@type\":\"BreadcrumbList\",\"@id\":\"https:\\\/\\\/lacolombeplus.net\\\/index.php\\\/2026\\\/08\\\/24\\\/burkina-faso-le-mercredi-26-aout-declare-jour-chome-et-paye-pour-le-maouloud\\\/#breadcrumb\",\"itemListElement\":[{\"@type\":\"ListItem\",\"position\":1,\"name\":\"Accueil\",\"item\":\"https:\\\/\\\/lacolombeplus.net\\\/\"},{\"@type\":\"ListItem\",\"position\":2,\"name\":\"Burkina Faso : Le mercredi 26 ao\u00fbt d\u00e9clar\u00e9 jour ch\u00f4m\u00e9 et pay\u00e9 pour le Maouloud\"}]},{\"@type\":\"WebSite\",\"@id\":\"https:\\\/\\\/lacolombeplus.net\\\/#website\",\"url\":\"https:\\\/\\\/lacolombeplus.net\\\/\",\"name\":\"Lacolombeplus\",\"description\":\"\",\"publisher\":{\"@id\":\"https:\\\/\\\/lacolombeplus.net\\\/#organization\"},\"potentialAction\":[{\"@type\":\"SearchAction\",\"target\":{\"@type\":\"EntryPoint\",\"urlTemplate\":\"https:\\\/\\\/lacolombeplus.net\\\/?s={search_term_string}\"},\"query-input\":{\"@type\":\"PropertyValueSpecification\",\"valueRequired\":true,\"valueName\":\"search_term_string\"}}],\"inLanguage\":\"fr-FR\"},{\"@type\":\"Organization\",\"@id\":\"https:\\\/\\\/lacolombeplus.net\\\/#organization\",\"name\":\"lacolombeplus.net\",\"url\":\"https:\\\/\\\/lacolombeplus.net\\\/\",\"logo\":{\"@type\":\"ImageObject\",\"inLanguage\":\"fr-FR\",\"@id\":\"https:\\\/\\\/lacolombeplus.net\\\/#\\\/schema\\\/logo\\\/image\\\/\",\"url\":\"https:\\\/\\\/lacolombeplus.net\\\/wp-content\\\/uploads\\\/2026\\\/04\\\/a84391f3-a521-4177-867d-b9aaa3066b88.png\",\"contentUrl\":\"https:\\\/\\\/lacolombeplus.net\\\/wp-content\\\/uploads\\\/2026\\\/04\\\/a84391f3-a521-4177-867d-b9aaa3066b88.png\",\"width\":1045,\"height\":1505,\"caption\":\"lacolombeplus.net\"},\"image\":{\"@id\":\"https:\\\/\\\/lacolombeplus.net\\\/#\\\/schema\\\/logo\\\/image\\\/\"},\"sameAs\":[\"https:\\\/\\\/web.facebook.com\\\/profile.php?id=61589477078953\"]},{\"@type\":\"Person\",\"@id\":\"https:\\\/\\\/lacolombeplus.net\\\/#\\\/schema\\\/person\\\/1a433b3fa6e8f9696f18ece67a69915c\",\"name\":\"Dramane FAYAMA\",\"image\":{\"@type\":\"ImageObject\",\"inLanguage\":\"fr-FR\",\"@id\":\"https:\\\/\\\/secure.gravatar.com\\\/avatar\\\/6ae061b9c102ae93ffb7a4076195d78ace54801f91540899a6e8aacf91eacff8?s=96&d=mm&r=g\",\"url\":\"https:\\\/\\\/secure.gravatar.com\\\/avatar\\\/6ae061b9c102ae93ffb7a4076195d78ace54801f91540899a6e8aacf91eacff8?s=96&d=mm&r=g\",\"contentUrl\":\"https:\\\/\\\/secure.gravatar.com\\\/avatar\\\/6ae061b9c102ae93ffb7a4076195d78ace54801f91540899a6e8aacf91eacff8?s=96&d=mm&r=g\",\"caption\":\"Dramane FAYAMA\"},\"url\":\"https:\\\/\\\/lacolombeplus.net\\\/index.php\\\/author\\\/dramane\\\/\"}]}<\/script>\n<!-- \/ Yoast SEO plugin. -->","yoast_head_json":{"title":"Burkina Faso : Le mercredi 26 ao\u00fbt d\u00e9clar\u00e9 jour ch\u00f4m\u00e9 et pay\u00e9 pour le Maouloud - WordPress","robots":{"index":"index","follow":"follow","max-snippet":"max-snippet:-1","max-image-preview":"max-image-preview:large","max-video-preview":"max-video-preview:-1"},"canonical":"https:\/\/lacolombeplus.net\/index.php\/2026\/08\/24\/burkina-faso-le-mercredi-26-aout-declare-jour-chome-et-paye-pour-le-maouloud\/","og_locale":"fr_FR","og_type":"article","og_title":"Burkina Faso : Le mercredi 26 ao\u00fbt d\u00e9clar\u00e9 jour ch\u00f4m\u00e9 et pay\u00e9 pour le Maouloud - WordPress","og_description":"Le mercredi 26 ao\u00fbt 2026 sera jour ch\u00f4m\u00e9 et pay\u00e9 sur toute l\u2019\u00e9tendue du territoire burkinab\u00e8 \u00e0 l\u2019occasion de la f\u00eate du Maouloud. L\u2019information a \u00e9t\u00e9 rendue publique ce lundi 24 ao\u00fbt par le minist\u00e8re des Serviteurs du Peuple, cons\u00e9cutivement au communiqu\u00e9 de la F\u00e9d\u00e9ration des Associations Islamiques du Burkina (FAIB) confirmant la date de...","og_url":"https:\/\/lacolombeplus.net\/index.php\/2026\/08\/24\/burkina-faso-le-mercredi-26-aout-declare-jour-chome-et-paye-pour-le-maouloud\/","og_site_name":"WordPress","article_publisher":"https:\/\/web.facebook.com\/profile.php?id=61589477078953","article_published_time":"2026-08-24T15:21:08+00:00","og_image":[{"width":1280,"height":720,"url":"http:\/\/lacolombeplus.net\/wp-content\/uploads\/2026\/08\/707454456_1289777296603780_3263658637599778814_n.webp","type":"image\/webp"}],"author":"Dramane FAYAMA","twitter_card":"summary_large_image","twitter_misc":{"\u00c9crit par":"Dramane FAYAMA","Dur\u00e9e de lecture estim\u00e9e":"2 minutes"},"schema":{"@context":"https:\/\/schema.org","@graph":[{"@type":"Article","@id":"https:\/\/lacolombeplus.net\/index.php\/2026\/08\/24\/burkina-faso-le-mercredi-26-aout-declare-jour-chome-et-paye-pour-le-maouloud\/#article","isPartOf":{"@id":"https:\/\/lacolombeplus.net\/index.php\/2026\/08\/24\/burkina-faso-le-mercredi-26-aout-declare-jour-chome-et-paye-pour-le-maouloud\/"},"author":{"name":"Dramane FAYAMA","@id":"https:\/\/lacolombeplus.net\/#\/schema\/person\/1a433b3fa6e8f9696f18ece67a69915c"},"headline":"Burkina Faso : Le mercredi 26 ao\u00fbt d\u00e9clar\u00e9 jour ch\u00f4m\u00e9 et pay\u00e9 pour le Maouloud","datePublished":"2026-08-24T15:21:08+00:00","mainEntityOfPage":{"@id":"https:\/\/lacolombeplus.net\/index.php\/2026\/08\/24\/burkina-faso-le-mercredi-26-aout-declare-jour-chome-et-paye-pour-le-maouloud\/"},"wordCount":198,"commentCount":0,"publisher":{"@id":"https:\/\/lacolombeplus.net\/#organization"},"image":{"@id":"https:\/\/lacolombeplus.net\/index.php\/2026\/08\/24\/burkina-faso-le-mercredi-26-aout-declare-jour-chome-et-paye-pour-le-maouloud\/#primaryimage"},"thumbnailUrl":"https:\/\/lacolombeplus.net\/wp-content\/uploads\/2026\/08\/707454456_1289777296603780_3263658637599778814_n.webp","articleSection":["A la Une","S\u00e9curit\u00e9"],"inLanguage":"fr-FR","potentialAction":[{"@type":"CommentAction","name":"Comment","target":["https:\/\/lacolombeplus.net\/index.php\/2026\/08\/24\/burkina-faso-le-mercredi-26-aout-declare-jour-chome-et-paye-pour-le-maouloud\/#respond"]}]},{"@type":"WebPage","@id":"https:\/\/lacolombeplus.net\/index.php\/2026\/08\/24\/burkina-faso-le-mercredi-26-aout-declare-jour-chome-et-paye-pour-le-maouloud\/","url":"https:\/\/lacolombeplus.net\/index.php\/2026\/08\/24\/burkina-faso-le-mercredi-26-aout-declare-jour-chome-et-paye-pour-le-maouloud\/","name":"Burkina Faso : Le mercredi 26 ao\u00fbt d\u00e9clar\u00e9 jour ch\u00f4m\u00e9 et pay\u00e9 pour le Maouloud - WordPress","isPartOf":{"@id":"https:\/\/lacolombeplus.net\/#website"},"primaryImageOfPage":{"@id":"https:\/\/lacolombeplus.net\/index.php\/2026\/08\/24\/burkina-faso-le-mercredi-26-aout-declare-jour-chome-et-paye-pour-le-maouloud\/#primaryimage"},"image":{"@id":"https:\/\/lacolombeplus.net\/index.php\/2026\/08\/24\/burkina-faso-le-mercredi-26-aout-declare-jour-chome-et-paye-pour-le-maouloud\/#primaryimage"},"thumbnailUrl":"https:\/\/lacolombeplus.net\/wp-content\/uploads\/2026\/08\/707454456_1289777296603780_3263658637599778814_n.webp","datePublished":"2026-08-24T15:21:08+00:00","breadcrumb":{"@id":"https:\/\/lacolombeplus.net\/index.php\/2026\/08\/24\/burkina-faso-le-mercredi-26-aout-declare-jour-chome-et-paye-pour-le-maouloud\/#breadcrumb"},"inLanguage":"fr-FR","potentialAction":[{"@type":"ReadAction","target":["https:\/\/lacolombeplus.net\/index.php\/2026\/08\/24\/burkina-faso-le-mercredi-26-aout-declare-jour-chome-et-paye-pour-le-maouloud\/"]}]},{"@type":"ImageObject","inLanguage":"fr-FR","@id":"https:\/\/lacolombeplus.net\/index.php\/2026\/08\/24\/burkina-faso-le-mercredi-26-aout-declare-jour-chome-et-paye-pour-le-maouloud\/#primaryimage","url":"https:\/\/lacolombeplus.net\/wp-content\/uploads\/2026\/08\/707454456_1289777296603780_3263658637599778814_n.webp","contentUrl":"https:\/\/lacolombeplus.net\/wp-content\/uploads\/2026\/08\/707454456_1289777296603780_3263658637599778814_n.webp","width":1280,"height":720},{"@type":"BreadcrumbList","@id":"https:\/\/lacolombeplus.net\/index.php\/2026\/08\/24\/burkina-faso-le-mercredi-26-aout-declare-jour-chome-et-paye-pour-le-maouloud\/#breadcrumb","itemListElement":[{"@type":"ListItem","position":1,"name":"Accueil","item":"https:\/\/lacolombeplus.net\/"},{"@type":"ListItem","position":2,"name":"Burkina Faso : Le mercredi 26 ao\u00fbt d\u00e9clar\u00e9 jour ch\u00f4m\u00e9 et pay\u00e9 pour le Maouloud"}]},{"@type":"WebSite","@id":"https:\/\/lacolombeplus.net\/#website","url":"https:\/\/lacolombeplus.net\/","name":"Lacolombeplus","description":"","publisher":{"@id":"https:\/\/lacolombeplus.net\/#organization"},"potentialAction":[{"@type":"SearchAction","target":{"@type":"EntryPoint","urlTemplate":"https:\/\/lacolombeplus.net\/?s={search_term_string}"},"query-input":{"@type":"PropertyValueSpecification","valueRequired":true,"valueName":"search_term_string"}}],"inLanguage":"fr-FR"},{"@type":"Organization","@id":"https:\/\/lacolombeplus.net\/#organization","name":"lacolombeplus.net","url":"https:\/\/lacolombeplus.net\/","logo":{"@type":"ImageObject","inLanguage":"fr-FR","@id":"https:\/\/lacolombeplus.net\/#\/schema\/logo\/image\/","url":"https:\/\/lacolombeplus.net\/wp-content\/uploads\/2026\/04\/a84391f3-a521-4177-867d-b9aaa3066b88.png","contentUrl":"https:\/\/lacolombeplus.net\/wp-content\/uploads\/2026\/04\/a84391f3-a521-4177-867d-b9aaa3066b88.png","width":1045,"height":1505,"caption":"lacolombeplus.net"},"image":{"@id":"https:\/\/lacolombeplus.net\/#\/schema\/logo\/image\/"},"sameAs":["https:\/\/web.facebook.com\/profile.php?id=61589477078953"]},{"@type":"Person","@id":"https:\/\/lacolombeplus.net\/#\/schema\/person\/1a433b3fa6e8f9696f18ece67a69915c","name":"Dramane FAYAMA","image":{"@type":"ImageObject","inLanguage":"fr-FR","@id":"https:\/\/secure.gravatar.com\/avatar\/6ae061b9c102ae93ffb7a4076195d78ace54801f91540899a6e8aacf91eacff8?s=96&d=mm&r=g","url":"https:\/\/secure.gravatar.com\/avatar\/6ae061b9c102ae93ffb7a4076195d78ace54801f91540899a6e8aacf91eacff8?s=96&d=mm&r=g","contentUrl":"https:\/\/secure.gravatar.com\/avatar\/6ae061b9c102ae93ffb7a4076195d78ace54801f91540899a6e8aacf91eacff8?s=96&d=mm&r=g","caption":"Dramane FAYAMA"},"url":"https:\/\/lacolombeplus.net\/index.php\/author\/dramane\/"}]}},"jetpack_featured_media_url":"https:\/\/lacolombeplus.net\/wp-content\/uploads\/2026\/08\/707454456_1289777296603780_3263658637599778814_n.webp","jetpack_sharing_enabled":true,"_links":{"self":[{"href":"https:\/\/lacolombeplus.net\/index.php\/wp-json\/wp\/v2\/posts\/38973","targetHints":{"allow":["GET"]}}],"collection":[{"href":"https:\/\/lacolombeplus.net\/index.php\/wp-json\/wp\/v2\/posts"}],"about":[{"href":"https:\/\/lacolombeplus.net\/index.php\/wp-json\/wp\/v2\/types\/post"}],"author":[{"embeddable":true,"href":"https:\/\/lacolombeplus.net\/index.php\/wp-json\/wp\/v2\/users\/6"}],"replies":[{"embeddable":true,"href":"https:\/\/lacolombeplus.net\/index.php\/wp-json\/wp\/v2\/comments?post=38973"}],"version-history":[{"count":1,"href":"https:\/\/lacolombeplus.net\/index.php\/wp-json\/wp\/v2\/posts\/38973\/revisions"}],"predecessor-version":[{"id":38976,"href":"https:\/\/lacolombeplus.net\/index.php\/wp-json\/wp\/v2\/posts\/38973\/revisions\/38976"}],"wp:featuredmedia":[{"embeddable":true,"href":"https:\/\/lacolombeplus.net\/index.php\/wp-json\/wp\/v2\/media\/38974"}],"wp:attachment":[{"href":"https:\/\/lacolombeplus.net\/index.php\/wp-json\/wp\/v2\/media?parent=38973"}],"wp:term":[{"taxonomy":"category","embeddable":true,"href":"https:\/\/lacolombeplus.net\/index.php\/wp-json\/wp\/v2\/categories?post=38973"},{"taxonomy":"post_tag","embeddable":true,"href":"https:\/\/lacolombeplus.net\/index.php\/wp-json\/wp\/v2\/tags?post=38973"}],"curies":[{"name":"wp","href":"https:\/\/api.w.org\/{rel}","templated":true}]}}