{"id":38968,"date":"2026-08-23T14:20:31","date_gmt":"2026-08-23T14:20:31","guid":{"rendered":"https:\/\/lacolombeplus.net\/?p=38968"},"modified":"2026-08-24T13:13:06","modified_gmt":"2026-08-24T13:13:06","slug":"cloture-du-camp-vacances-faso-mebo-dans-la-sixieme-region-militaire-525-campeurs-instruis-pour-lavenir-dun-burkina-faso-meilleur","status":"publish","type":"post","link":"https:\/\/lacolombeplus.net\/index.php\/2026\/08\/23\/cloture-du-camp-vacances-faso-mebo-dans-la-sixieme-region-militaire-525-campeurs-instruis-pour-lavenir-dun-burkina-faso-meilleur\/","title":{"rendered":"Cl\u00f4ture du camp vacances Faso M\u00eabo dans la sixi\u00e8me r\u00e9gion militaire : 525 campeurs instruis pour l&rsquo;avenir d&rsquo;un Burkina Faso meilleur."},"content":{"rendered":"<p>&nbsp;<\/p>\n<h2>(Fada N&rsquo;Gourma, le 23 ao\u00fbt 2026) ~ Le camp vacances Faso M\u00eabo organis\u00e9 dans la sixi\u00e8me r\u00e9gion militaire a referm\u00e9 ses portes ce samedi 22 ao\u00fbt au terme d&rsquo;une \u00e9dition qui a rassembl\u00e9 525 campeurs et 43 encadreurs. La c\u00e9r\u00e9monie de cl\u00f4ture, riche en \u00e9motion, a \u00e9t\u00e9 marqu\u00e9e entre autres par une pi\u00e8ce de th\u00e9\u00e2tre sur la coh\u00e9sion sociale, portant un message de sensibilisation sur la coh\u00e9sion et la solidarit\u00e9 entre personnes d\u00e9plac\u00e9es internes (PDI) et populations h\u00f4tes. Des discours solennels et patriotiques ont rythm\u00e9 la c\u00e9r\u00e9monie.<\/h2>\n<p>Au nom des campeurs, le Campeur Ladifatou Tandamba a livr\u00e9 un t\u00e9moignage empreint de maturit\u00e9 sur ce que ces quelques jours de camp leur ont appris : \u00ab<em>Nous avons enrichi nos esprits, d\u00e9velopp\u00e9 de nouvelles comp\u00e9tences, et compris notre r\u00f4le de citoyen. Et surtout, \u00e0 travers ce cadre, nous avons compris qu&rsquo;\u00eatre jeune burkinab\u00e8 ne signifie pas seulement conna\u00eetre son pays, mais aussi l&rsquo;aimer, le respecter, le servir, et contribuer \u00e0 son d\u00e9veloppement.<\/em> \u00bb<\/p>\n<p>Le Lieutenant-colonel Boubacar DADIJAN, Commandant de la sixi\u00e8me r\u00e9gion militaire et parrain R\u00e9gional de la promotion, a exprim\u00e9 sa fiert\u00e9 pour le chemin parcouru par ses prot\u00e9g\u00e9s. Il a aussi insist\u00e9 sur le fait que c&rsquo;est aux parents qu&rsquo;il revient de garantir la p\u00e9rennit\u00e9 de ces acquis chaque jour.<\/p>\n<p>Au nom de l&rsquo;ensemble des parents, Yentema Ouali a adress\u00e9 ses remerciements \u00e0 tous les formateurs, encadreurs, responsables et \u00e0 toutes les personnes qui ont consacr\u00e9 leur temps, leur \u00e9nergie et leurs comp\u00e9tences \u00e0 l&rsquo;accompagnement des enfants tout au long du camp.<\/p>\n<p>Le Camarade Sous-lieutenant Inoussa KOUTOU, Commandant de la brigade routi\u00e8re GOULMOU, repr\u00e9sentant le Directeur G\u00e9n\u00e9ral de l&rsquo;Agence Faso M\u00eabo, a f\u00e9licit\u00e9 et remerci\u00e9 les autorit\u00e9s, les encadreurs, les parents et l&rsquo;ensemble des personnes ayant contribu\u00e9 \u00e0 la r\u00e9ussite de cette \u00e9dition. Il a conclu son propos par une image forte : \u00ab <em>Faso M\u00eabo a sem\u00e9, les encadreurs ont arros\u00e9, \u00e0 vous, parents, de faire grandir cette semence<\/em>. \u00bb<\/p>\n<p>A l\u2019instar des autres r\u00e9gions, la promotion a \u00e9t\u00e9 baptis\u00e9e \u00ab\u00a0<strong>Toyiro<\/strong>\u00a0\u00bb, qui signifie en langue bwamu \u00ab\u00a0<strong>L\u2019avenir vous appartient<\/strong>\u00a0\u00bb.<\/p>\n<p>La c\u00e9r\u00e9monie s&rsquo;est achev\u00e9e par la parade des campeurs, sous les regards fiers des familles et des autorit\u00e9s pr\u00e9sentes. Rendez-vous est d&rsquo;ores et d\u00e9j\u00e0 pris pour une nouvelle \u00e9dition l&rsquo;ann\u00e9e prochaine.<\/p>\n<p>&nbsp;<\/p>\n<p style=\"text-align: right;\">Direction des Affaires juridiques et de la communication de l\u2019Agence Faso M\u00eabo (DAJC\/AFM)<\/p>\n","protected":false},"excerpt":{"rendered":"<p>&nbsp; (Fada N&rsquo;Gourma, le 23 ao\u00fbt 2026) ~ Le camp vacances Faso M\u00eabo organis\u00e9 dans la sixi\u00e8me r\u00e9gion militaire a referm\u00e9 ses portes ce samedi 22 ao\u00fbt au terme d&rsquo;une \u00e9dition qui a rassembl\u00e9 525 campeurs et 43 encadreurs. La c\u00e9r\u00e9monie de cl\u00f4ture, riche en \u00e9motion, a \u00e9t\u00e9 marqu\u00e9e entre autres par une pi\u00e8ce de&#8230;<\/p>\n","protected":false},"author":6,"featured_media":38969,"comment_status":"open","ping_status":"open","sticky":false,"template":"","format":"standard","meta":{"_jetpack_newsletter_access":"","_jetpack_dont_email_post_to_subs":false,"_jetpack_newsletter_tier_id":0,"_jetpack_memberships_contains_paywalled_content":false,"_jetpack_feature_clip_id":0,"_jetpack_memberships_contains_paid_content":false,"footnotes":"","jetpack_post_was_ever_published":false},"categories":[2,4],"tags":[],"class_list":["post-38968","post","type-post","status-publish","format-standard","has-post-thumbnail","hentry","category-a-la-une","category-societe"],"yoast_head":"<!-- This site is optimized with the Yoast SEO plugin v28.3 - https:\/\/yoast.com\/product\/yoast-seo-wordpress\/ -->\n<title>Cl\u00f4ture du camp vacances Faso M\u00eabo dans la sixi\u00e8me r\u00e9gion militaire : 525 campeurs instruis pour l&#039;avenir d&#039;un Burkina Faso meilleur. - WordPress<\/title>\n<meta name=\"robots\" content=\"index, follow, max-snippet:-1, max-image-preview:large, max-video-preview:-1\" \/>\n<link rel=\"canonical\" href=\"https:\/\/lacolombeplus.net\/index.php\/2026\/08\/23\/cloture-du-camp-vacances-faso-mebo-dans-la-sixieme-region-militaire-525-campeurs-instruis-pour-lavenir-dun-burkina-faso-meilleur\/\" \/>\n<meta property=\"og:locale\" content=\"fr_FR\" \/>\n<meta property=\"og:type\" content=\"article\" \/>\n<meta property=\"og:title\" content=\"Cl\u00f4ture du camp vacances Faso M\u00eabo dans la sixi\u00e8me r\u00e9gion militaire : 525 campeurs instruis pour l&#039;avenir d&#039;un Burkina Faso meilleur. - WordPress\" \/>\n<meta property=\"og:description\" content=\"&nbsp; (Fada N&rsquo;Gourma, le 23 ao\u00fbt 2026) ~ Le camp vacances Faso M\u00eabo organis\u00e9 dans la sixi\u00e8me r\u00e9gion militaire a referm\u00e9 ses portes ce samedi 22 ao\u00fbt au terme d&rsquo;une \u00e9dition qui a rassembl\u00e9 525 campeurs et 43 encadreurs. La c\u00e9r\u00e9monie de cl\u00f4ture, riche en \u00e9motion, a \u00e9t\u00e9 marqu\u00e9e entre autres par une pi\u00e8ce de...\" \/>\n<meta property=\"og:url\" content=\"https:\/\/lacolombeplus.net\/index.php\/2026\/08\/23\/cloture-du-camp-vacances-faso-mebo-dans-la-sixieme-region-militaire-525-campeurs-instruis-pour-lavenir-dun-burkina-faso-meilleur\/\" \/>\n<meta property=\"og:site_name\" content=\"WordPress\" \/>\n<meta property=\"article:publisher\" content=\"https:\/\/web.facebook.com\/profile.php?id=61589477078953\" \/>\n<meta property=\"article:published_time\" content=\"2026-08-23T14:20:31+00:00\" \/>\n<meta property=\"article:modified_time\" content=\"2026-08-24T13:13:06+00:00\" \/>\n<meta property=\"og:image\" content=\"http:\/\/lacolombeplus.net\/wp-content\/uploads\/2026\/08\/IMG-20260823-WA0031.webp\" \/>\n\t<meta property=\"og:image:width\" content=\"1600\" \/>\n\t<meta property=\"og:image:height\" content=\"1093\" \/>\n\t<meta property=\"og:image:type\" content=\"image\/webp\" \/>\n<meta name=\"author\" content=\"Dramane FAYAMA\" \/>\n<meta name=\"twitter:card\" content=\"summary_large_image\" \/>\n<meta name=\"twitter:label1\" content=\"\u00c9crit par\" \/>\n\t<meta name=\"twitter:data1\" content=\"Dramane FAYAMA\" \/>\n\t<meta name=\"twitter:label2\" content=\"Dur\u00e9e de lecture estim\u00e9e\" \/>\n\t<meta name=\"twitter:data2\" content=\"3 minutes\" \/>\n<script type=\"application\/ld+json\" class=\"yoast-schema-graph\">{\"@context\":\"https:\\\/\\\/schema.org\",\"@graph\":[{\"@type\":\"Article\",\"@id\":\"https:\\\/\\\/lacolombeplus.net\\\/index.php\\\/2026\\\/08\\\/23\\\/cloture-du-camp-vacances-faso-mebo-dans-la-sixieme-region-militaire-525-campeurs-instruis-pour-lavenir-dun-burkina-faso-meilleur\\\/#article\",\"isPartOf\":{\"@id\":\"https:\\\/\\\/lacolombeplus.net\\\/index.php\\\/2026\\\/08\\\/23\\\/cloture-du-camp-vacances-faso-mebo-dans-la-sixieme-region-militaire-525-campeurs-instruis-pour-lavenir-dun-burkina-faso-meilleur\\\/\"},\"author\":{\"name\":\"Dramane FAYAMA\",\"@id\":\"https:\\\/\\\/lacolombeplus.net\\\/#\\\/schema\\\/person\\\/1a433b3fa6e8f9696f18ece67a69915c\"},\"headline\":\"Cl\u00f4ture du camp vacances Faso M\u00eabo dans la sixi\u00e8me r\u00e9gion militaire : 525 campeurs instruis pour l&rsquo;avenir d&rsquo;un Burkina Faso meilleur.\",\"datePublished\":\"2026-08-23T14:20:31+00:00\",\"dateModified\":\"2026-08-24T13:13:06+00:00\",\"mainEntityOfPage\":{\"@id\":\"https:\\\/\\\/lacolombeplus.net\\\/index.php\\\/2026\\\/08\\\/23\\\/cloture-du-camp-vacances-faso-mebo-dans-la-sixieme-region-militaire-525-campeurs-instruis-pour-lavenir-dun-burkina-faso-meilleur\\\/\"},\"wordCount\":460,\"commentCount\":0,\"publisher\":{\"@id\":\"https:\\\/\\\/lacolombeplus.net\\\/#organization\"},\"image\":{\"@id\":\"https:\\\/\\\/lacolombeplus.net\\\/index.php\\\/2026\\\/08\\\/23\\\/cloture-du-camp-vacances-faso-mebo-dans-la-sixieme-region-militaire-525-campeurs-instruis-pour-lavenir-dun-burkina-faso-meilleur\\\/#primaryimage\"},\"thumbnailUrl\":\"https:\\\/\\\/lacolombeplus.net\\\/wp-content\\\/uploads\\\/2026\\\/08\\\/IMG-20260823-WA0031.webp\",\"articleSection\":[\"A la Une\",\"Soci\u00e9t\u00e9\"],\"inLanguage\":\"fr-FR\",\"potentialAction\":[{\"@type\":\"CommentAction\",\"name\":\"Comment\",\"target\":[\"https:\\\/\\\/lacolombeplus.net\\\/index.php\\\/2026\\\/08\\\/23\\\/cloture-du-camp-vacances-faso-mebo-dans-la-sixieme-region-militaire-525-campeurs-instruis-pour-lavenir-dun-burkina-faso-meilleur\\\/#respond\"]}]},{\"@type\":\"WebPage\",\"@id\":\"https:\\\/\\\/lacolombeplus.net\\\/index.php\\\/2026\\\/08\\\/23\\\/cloture-du-camp-vacances-faso-mebo-dans-la-sixieme-region-militaire-525-campeurs-instruis-pour-lavenir-dun-burkina-faso-meilleur\\\/\",\"url\":\"https:\\\/\\\/lacolombeplus.net\\\/index.php\\\/2026\\\/08\\\/23\\\/cloture-du-camp-vacances-faso-mebo-dans-la-sixieme-region-militaire-525-campeurs-instruis-pour-lavenir-dun-burkina-faso-meilleur\\\/\",\"name\":\"Cl\u00f4ture du camp vacances Faso M\u00eabo dans la sixi\u00e8me r\u00e9gion militaire : 525 campeurs instruis pour l'avenir d'un Burkina Faso meilleur. - WordPress\",\"isPartOf\":{\"@id\":\"https:\\\/\\\/lacolombeplus.net\\\/#website\"},\"primaryImageOfPage\":{\"@id\":\"https:\\\/\\\/lacolombeplus.net\\\/index.php\\\/2026\\\/08\\\/23\\\/cloture-du-camp-vacances-faso-mebo-dans-la-sixieme-region-militaire-525-campeurs-instruis-pour-lavenir-dun-burkina-faso-meilleur\\\/#primaryimage\"},\"image\":{\"@id\":\"https:\\\/\\\/lacolombeplus.net\\\/index.php\\\/2026\\\/08\\\/23\\\/cloture-du-camp-vacances-faso-mebo-dans-la-sixieme-region-militaire-525-campeurs-instruis-pour-lavenir-dun-burkina-faso-meilleur\\\/#primaryimage\"},\"thumbnailUrl\":\"https:\\\/\\\/lacolombeplus.net\\\/wp-content\\\/uploads\\\/2026\\\/08\\\/IMG-20260823-WA0031.webp\",\"datePublished\":\"2026-08-23T14:20:31+00:00\",\"dateModified\":\"2026-08-24T13:13:06+00:00\",\"breadcrumb\":{\"@id\":\"https:\\\/\\\/lacolombeplus.net\\\/index.php\\\/2026\\\/08\\\/23\\\/cloture-du-camp-vacances-faso-mebo-dans-la-sixieme-region-militaire-525-campeurs-instruis-pour-lavenir-dun-burkina-faso-meilleur\\\/#breadcrumb\"},\"inLanguage\":\"fr-FR\",\"potentialAction\":[{\"@type\":\"ReadAction\",\"target\":[\"https:\\\/\\\/lacolombeplus.net\\\/index.php\\\/2026\\\/08\\\/23\\\/cloture-du-camp-vacances-faso-mebo-dans-la-sixieme-region-militaire-525-campeurs-instruis-pour-lavenir-dun-burkina-faso-meilleur\\\/\"]}]},{\"@type\":\"ImageObject\",\"inLanguage\":\"fr-FR\",\"@id\":\"https:\\\/\\\/lacolombeplus.net\\\/index.php\\\/2026\\\/08\\\/23\\\/cloture-du-camp-vacances-faso-mebo-dans-la-sixieme-region-militaire-525-campeurs-instruis-pour-lavenir-dun-burkina-faso-meilleur\\\/#primaryimage\",\"url\":\"https:\\\/\\\/lacolombeplus.net\\\/wp-content\\\/uploads\\\/2026\\\/08\\\/IMG-20260823-WA0031.webp\",\"contentUrl\":\"https:\\\/\\\/lacolombeplus.net\\\/wp-content\\\/uploads\\\/2026\\\/08\\\/IMG-20260823-WA0031.webp\",\"width\":1600,\"height\":1093},{\"@type\":\"BreadcrumbList\",\"@id\":\"https:\\\/\\\/lacolombeplus.net\\\/index.php\\\/2026\\\/08\\\/23\\\/cloture-du-camp-vacances-faso-mebo-dans-la-sixieme-region-militaire-525-campeurs-instruis-pour-lavenir-dun-burkina-faso-meilleur\\\/#breadcrumb\",\"itemListElement\":[{\"@type\":\"ListItem\",\"position\":1,\"name\":\"Accueil\",\"item\":\"https:\\\/\\\/lacolombeplus.net\\\/\"},{\"@type\":\"ListItem\",\"position\":2,\"name\":\"Cl\u00f4ture du camp vacances Faso M\u00eabo dans la sixi\u00e8me r\u00e9gion militaire : 525 campeurs instruis pour l&rsquo;avenir d&rsquo;un Burkina Faso meilleur.\"}]},{\"@type\":\"WebSite\",\"@id\":\"https:\\\/\\\/lacolombeplus.net\\\/#website\",\"url\":\"https:\\\/\\\/lacolombeplus.net\\\/\",\"name\":\"Lacolombeplus\",\"description\":\"\",\"publisher\":{\"@id\":\"https:\\\/\\\/lacolombeplus.net\\\/#organization\"},\"potentialAction\":[{\"@type\":\"SearchAction\",\"target\":{\"@type\":\"EntryPoint\",\"urlTemplate\":\"https:\\\/\\\/lacolombeplus.net\\\/?s={search_term_string}\"},\"query-input\":{\"@type\":\"PropertyValueSpecification\",\"valueRequired\":true,\"valueName\":\"search_term_string\"}}],\"inLanguage\":\"fr-FR\"},{\"@type\":\"Organization\",\"@id\":\"https:\\\/\\\/lacolombeplus.net\\\/#organization\",\"name\":\"lacolombeplus.net\",\"url\":\"https:\\\/\\\/lacolombeplus.net\\\/\",\"logo\":{\"@type\":\"ImageObject\",\"inLanguage\":\"fr-FR\",\"@id\":\"https:\\\/\\\/lacolombeplus.net\\\/#\\\/schema\\\/logo\\\/image\\\/\",\"url\":\"https:\\\/\\\/lacolombeplus.net\\\/wp-content\\\/uploads\\\/2026\\\/04\\\/a84391f3-a521-4177-867d-b9aaa3066b88.png\",\"contentUrl\":\"https:\\\/\\\/lacolombeplus.net\\\/wp-content\\\/uploads\\\/2026\\\/04\\\/a84391f3-a521-4177-867d-b9aaa3066b88.png\",\"width\":1045,\"height\":1505,\"caption\":\"lacolombeplus.net\"},\"image\":{\"@id\":\"https:\\\/\\\/lacolombeplus.net\\\/#\\\/schema\\\/logo\\\/image\\\/\"},\"sameAs\":[\"https:\\\/\\\/web.facebook.com\\\/profile.php?id=61589477078953\"]},{\"@type\":\"Person\",\"@id\":\"https:\\\/\\\/lacolombeplus.net\\\/#\\\/schema\\\/person\\\/1a433b3fa6e8f9696f18ece67a69915c\",\"name\":\"Dramane FAYAMA\",\"image\":{\"@type\":\"ImageObject\",\"inLanguage\":\"fr-FR\",\"@id\":\"https:\\\/\\\/secure.gravatar.com\\\/avatar\\\/6ae061b9c102ae93ffb7a4076195d78ace54801f91540899a6e8aacf91eacff8?s=96&d=mm&r=g\",\"url\":\"https:\\\/\\\/secure.gravatar.com\\\/avatar\\\/6ae061b9c102ae93ffb7a4076195d78ace54801f91540899a6e8aacf91eacff8?s=96&d=mm&r=g\",\"contentUrl\":\"https:\\\/\\\/secure.gravatar.com\\\/avatar\\\/6ae061b9c102ae93ffb7a4076195d78ace54801f91540899a6e8aacf91eacff8?s=96&d=mm&r=g\",\"caption\":\"Dramane FAYAMA\"},\"url\":\"https:\\\/\\\/lacolombeplus.net\\\/index.php\\\/author\\\/dramane\\\/\"}]}<\/script>\n<!-- \/ Yoast SEO plugin. -->","yoast_head_json":{"title":"Cl\u00f4ture du camp vacances Faso M\u00eabo dans la sixi\u00e8me r\u00e9gion militaire : 525 campeurs instruis pour l'avenir d'un Burkina Faso meilleur. - WordPress","robots":{"index":"index","follow":"follow","max-snippet":"max-snippet:-1","max-image-preview":"max-image-preview:large","max-video-preview":"max-video-preview:-1"},"canonical":"https:\/\/lacolombeplus.net\/index.php\/2026\/08\/23\/cloture-du-camp-vacances-faso-mebo-dans-la-sixieme-region-militaire-525-campeurs-instruis-pour-lavenir-dun-burkina-faso-meilleur\/","og_locale":"fr_FR","og_type":"article","og_title":"Cl\u00f4ture du camp vacances Faso M\u00eabo dans la sixi\u00e8me r\u00e9gion militaire : 525 campeurs instruis pour l'avenir d'un Burkina Faso meilleur. - WordPress","og_description":"&nbsp; (Fada N&rsquo;Gourma, le 23 ao\u00fbt 2026) ~ Le camp vacances Faso M\u00eabo organis\u00e9 dans la sixi\u00e8me r\u00e9gion militaire a referm\u00e9 ses portes ce samedi 22 ao\u00fbt au terme d&rsquo;une \u00e9dition qui a rassembl\u00e9 525 campeurs et 43 encadreurs. La c\u00e9r\u00e9monie de cl\u00f4ture, riche en \u00e9motion, a \u00e9t\u00e9 marqu\u00e9e entre autres par une pi\u00e8ce de...","og_url":"https:\/\/lacolombeplus.net\/index.php\/2026\/08\/23\/cloture-du-camp-vacances-faso-mebo-dans-la-sixieme-region-militaire-525-campeurs-instruis-pour-lavenir-dun-burkina-faso-meilleur\/","og_site_name":"WordPress","article_publisher":"https:\/\/web.facebook.com\/profile.php?id=61589477078953","article_published_time":"2026-08-23T14:20:31+00:00","article_modified_time":"2026-08-24T13:13:06+00:00","og_image":[{"width":1600,"height":1093,"url":"http:\/\/lacolombeplus.net\/wp-content\/uploads\/2026\/08\/IMG-20260823-WA0031.webp","type":"image\/webp"}],"author":"Dramane FAYAMA","twitter_card":"summary_large_image","twitter_misc":{"\u00c9crit par":"Dramane FAYAMA","Dur\u00e9e de lecture estim\u00e9e":"3 minutes"},"schema":{"@context":"https:\/\/schema.org","@graph":[{"@type":"Article","@id":"https:\/\/lacolombeplus.net\/index.php\/2026\/08\/23\/cloture-du-camp-vacances-faso-mebo-dans-la-sixieme-region-militaire-525-campeurs-instruis-pour-lavenir-dun-burkina-faso-meilleur\/#article","isPartOf":{"@id":"https:\/\/lacolombeplus.net\/index.php\/2026\/08\/23\/cloture-du-camp-vacances-faso-mebo-dans-la-sixieme-region-militaire-525-campeurs-instruis-pour-lavenir-dun-burkina-faso-meilleur\/"},"author":{"name":"Dramane FAYAMA","@id":"https:\/\/lacolombeplus.net\/#\/schema\/person\/1a433b3fa6e8f9696f18ece67a69915c"},"headline":"Cl\u00f4ture du camp vacances Faso M\u00eabo dans la sixi\u00e8me r\u00e9gion militaire : 525 campeurs instruis pour l&rsquo;avenir d&rsquo;un Burkina Faso meilleur.","datePublished":"2026-08-23T14:20:31+00:00","dateModified":"2026-08-24T13:13:06+00:00","mainEntityOfPage":{"@id":"https:\/\/lacolombeplus.net\/index.php\/2026\/08\/23\/cloture-du-camp-vacances-faso-mebo-dans-la-sixieme-region-militaire-525-campeurs-instruis-pour-lavenir-dun-burkina-faso-meilleur\/"},"wordCount":460,"commentCount":0,"publisher":{"@id":"https:\/\/lacolombeplus.net\/#organization"},"image":{"@id":"https:\/\/lacolombeplus.net\/index.php\/2026\/08\/23\/cloture-du-camp-vacances-faso-mebo-dans-la-sixieme-region-militaire-525-campeurs-instruis-pour-lavenir-dun-burkina-faso-meilleur\/#primaryimage"},"thumbnailUrl":"https:\/\/lacolombeplus.net\/wp-content\/uploads\/2026\/08\/IMG-20260823-WA0031.webp","articleSection":["A la Une","Soci\u00e9t\u00e9"],"inLanguage":"fr-FR","potentialAction":[{"@type":"CommentAction","name":"Comment","target":["https:\/\/lacolombeplus.net\/index.php\/2026\/08\/23\/cloture-du-camp-vacances-faso-mebo-dans-la-sixieme-region-militaire-525-campeurs-instruis-pour-lavenir-dun-burkina-faso-meilleur\/#respond"]}]},{"@type":"WebPage","@id":"https:\/\/lacolombeplus.net\/index.php\/2026\/08\/23\/cloture-du-camp-vacances-faso-mebo-dans-la-sixieme-region-militaire-525-campeurs-instruis-pour-lavenir-dun-burkina-faso-meilleur\/","url":"https:\/\/lacolombeplus.net\/index.php\/2026\/08\/23\/cloture-du-camp-vacances-faso-mebo-dans-la-sixieme-region-militaire-525-campeurs-instruis-pour-lavenir-dun-burkina-faso-meilleur\/","name":"Cl\u00f4ture du camp vacances Faso M\u00eabo dans la sixi\u00e8me r\u00e9gion militaire : 525 campeurs instruis pour l'avenir d'un Burkina Faso meilleur. - WordPress","isPartOf":{"@id":"https:\/\/lacolombeplus.net\/#website"},"primaryImageOfPage":{"@id":"https:\/\/lacolombeplus.net\/index.php\/2026\/08\/23\/cloture-du-camp-vacances-faso-mebo-dans-la-sixieme-region-militaire-525-campeurs-instruis-pour-lavenir-dun-burkina-faso-meilleur\/#primaryimage"},"image":{"@id":"https:\/\/lacolombeplus.net\/index.php\/2026\/08\/23\/cloture-du-camp-vacances-faso-mebo-dans-la-sixieme-region-militaire-525-campeurs-instruis-pour-lavenir-dun-burkina-faso-meilleur\/#primaryimage"},"thumbnailUrl":"https:\/\/lacolombeplus.net\/wp-content\/uploads\/2026\/08\/IMG-20260823-WA0031.webp","datePublished":"2026-08-23T14:20:31+00:00","dateModified":"2026-08-24T13:13:06+00:00","breadcrumb":{"@id":"https:\/\/lacolombeplus.net\/index.php\/2026\/08\/23\/cloture-du-camp-vacances-faso-mebo-dans-la-sixieme-region-militaire-525-campeurs-instruis-pour-lavenir-dun-burkina-faso-meilleur\/#breadcrumb"},"inLanguage":"fr-FR","potentialAction":[{"@type":"ReadAction","target":["https:\/\/lacolombeplus.net\/index.php\/2026\/08\/23\/cloture-du-camp-vacances-faso-mebo-dans-la-sixieme-region-militaire-525-campeurs-instruis-pour-lavenir-dun-burkina-faso-meilleur\/"]}]},{"@type":"ImageObject","inLanguage":"fr-FR","@id":"https:\/\/lacolombeplus.net\/index.php\/2026\/08\/23\/cloture-du-camp-vacances-faso-mebo-dans-la-sixieme-region-militaire-525-campeurs-instruis-pour-lavenir-dun-burkina-faso-meilleur\/#primaryimage","url":"https:\/\/lacolombeplus.net\/wp-content\/uploads\/2026\/08\/IMG-20260823-WA0031.webp","contentUrl":"https:\/\/lacolombeplus.net\/wp-content\/uploads\/2026\/08\/IMG-20260823-WA0031.webp","width":1600,"height":1093},{"@type":"BreadcrumbList","@id":"https:\/\/lacolombeplus.net\/index.php\/2026\/08\/23\/cloture-du-camp-vacances-faso-mebo-dans-la-sixieme-region-militaire-525-campeurs-instruis-pour-lavenir-dun-burkina-faso-meilleur\/#breadcrumb","itemListElement":[{"@type":"ListItem","position":1,"name":"Accueil","item":"https:\/\/lacolombeplus.net\/"},{"@type":"ListItem","position":2,"name":"Cl\u00f4ture du camp vacances Faso M\u00eabo dans la sixi\u00e8me r\u00e9gion militaire : 525 campeurs instruis pour l&rsquo;avenir d&rsquo;un Burkina Faso meilleur."}]},{"@type":"WebSite","@id":"https:\/\/lacolombeplus.net\/#website","url":"https:\/\/lacolombeplus.net\/","name":"Lacolombeplus","description":"","publisher":{"@id":"https:\/\/lacolombeplus.net\/#organization"},"potentialAction":[{"@type":"SearchAction","target":{"@type":"EntryPoint","urlTemplate":"https:\/\/lacolombeplus.net\/?s={search_term_string}"},"query-input":{"@type":"PropertyValueSpecification","valueRequired":true,"valueName":"search_term_string"}}],"inLanguage":"fr-FR"},{"@type":"Organization","@id":"https:\/\/lacolombeplus.net\/#organization","name":"lacolombeplus.net","url":"https:\/\/lacolombeplus.net\/","logo":{"@type":"ImageObject","inLanguage":"fr-FR","@id":"https:\/\/lacolombeplus.net\/#\/schema\/logo\/image\/","url":"https:\/\/lacolombeplus.net\/wp-content\/uploads\/2026\/04\/a84391f3-a521-4177-867d-b9aaa3066b88.png","contentUrl":"https:\/\/lacolombeplus.net\/wp-content\/uploads\/2026\/04\/a84391f3-a521-4177-867d-b9aaa3066b88.png","width":1045,"height":1505,"caption":"lacolombeplus.net"},"image":{"@id":"https:\/\/lacolombeplus.net\/#\/schema\/logo\/image\/"},"sameAs":["https:\/\/web.facebook.com\/profile.php?id=61589477078953"]},{"@type":"Person","@id":"https:\/\/lacolombeplus.net\/#\/schema\/person\/1a433b3fa6e8f9696f18ece67a69915c","name":"Dramane FAYAMA","image":{"@type":"ImageObject","inLanguage":"fr-FR","@id":"https:\/\/secure.gravatar.com\/avatar\/6ae061b9c102ae93ffb7a4076195d78ace54801f91540899a6e8aacf91eacff8?s=96&d=mm&r=g","url":"https:\/\/secure.gravatar.com\/avatar\/6ae061b9c102ae93ffb7a4076195d78ace54801f91540899a6e8aacf91eacff8?s=96&d=mm&r=g","contentUrl":"https:\/\/secure.gravatar.com\/avatar\/6ae061b9c102ae93ffb7a4076195d78ace54801f91540899a6e8aacf91eacff8?s=96&d=mm&r=g","caption":"Dramane FAYAMA"},"url":"https:\/\/lacolombeplus.net\/index.php\/author\/dramane\/"}]}},"jetpack_featured_media_url":"https:\/\/lacolombeplus.net\/wp-content\/uploads\/2026\/08\/IMG-20260823-WA0031.webp","jetpack_sharing_enabled":true,"_links":{"self":[{"href":"https:\/\/lacolombeplus.net\/index.php\/wp-json\/wp\/v2\/posts\/38968","targetHints":{"allow":["GET"]}}],"collection":[{"href":"https:\/\/lacolombeplus.net\/index.php\/wp-json\/wp\/v2\/posts"}],"about":[{"href":"https:\/\/lacolombeplus.net\/index.php\/wp-json\/wp\/v2\/types\/post"}],"author":[{"embeddable":true,"href":"https:\/\/lacolombeplus.net\/index.php\/wp-json\/wp\/v2\/users\/6"}],"replies":[{"embeddable":true,"href":"https:\/\/lacolombeplus.net\/index.php\/wp-json\/wp\/v2\/comments?post=38968"}],"version-history":[{"count":2,"href":"https:\/\/lacolombeplus.net\/index.php\/wp-json\/wp\/v2\/posts\/38968\/revisions"}],"predecessor-version":[{"id":38971,"href":"https:\/\/lacolombeplus.net\/index.php\/wp-json\/wp\/v2\/posts\/38968\/revisions\/38971"}],"wp:featuredmedia":[{"embeddable":true,"href":"https:\/\/lacolombeplus.net\/index.php\/wp-json\/wp\/v2\/media\/38969"}],"wp:attachment":[{"href":"https:\/\/lacolombeplus.net\/index.php\/wp-json\/wp\/v2\/media?parent=38968"}],"wp:term":[{"taxonomy":"category","embeddable":true,"href":"https:\/\/lacolombeplus.net\/index.php\/wp-json\/wp\/v2\/categories?post=38968"},{"taxonomy":"post_tag","embeddable":true,"href":"https:\/\/lacolombeplus.net\/index.php\/wp-json\/wp\/v2\/tags?post=38968"}],"curies":[{"name":"wp","href":"https:\/\/api.w.org\/{rel}","templated":true}]}}