{"id":38964,"date":"2026-08-22T23:27:01","date_gmt":"2026-08-22T23:27:01","guid":{"rendered":"https:\/\/lacolombeplus.net\/?p=38964"},"modified":"2026-08-22T23:27:01","modified_gmt":"2026-08-22T23:27:01","slug":"necrologie-deces-du-comedien-gbizie-troupa-bruno-alias-zoumana","status":"publish","type":"post","link":"https:\/\/lacolombeplus.net\/index.php\/2026\/08\/22\/necrologie-deces-du-comedien-gbizie-troupa-bruno-alias-zoumana\/","title":{"rendered":"N\u00e9crologie : D\u00e9c\u00e8s du com\u00e9dien Gbizi\u00e9 Troupa Bruno alias Zoumana"},"content":{"rendered":"<h2>\u200eLe monde du cin\u00e9ma et du th\u00e9\u00e2tre ivoiriens est en deuil. L&rsquo;artiste-com\u00e9dien Gbizi\u00e9 Troupa Bruno, plus connu sous le pseudonyme de Zoumana, est d\u00e9c\u00e9d\u00e9 ce samedi 22 ao\u00fbt 2026, selon un communiqu\u00e9 relay\u00e9 par la RTI.<\/h2>\n<p>Figure embl\u00e9matique du petit \u00e9cran ivoirien, Zoumana s&rsquo;est r\u00e9v\u00e9l\u00e9 au grand public \u00e0 travers son r\u00f4le dans la s\u00e9rie satirique \u00e0 succ\u00e8s \u00ab Faut pas f\u00e2cher \u00bb, diffus\u00e9e sur la Radiodiffusion T\u00e9l\u00e9vision Ivoirienne (RTI), aux c\u00f4t\u00e9s notamment de sa cons\u0153ur Adrienne Koutouan. Form\u00e9 au th\u00e9\u00e2tre d\u00e8s les ann\u00e9es 1980 au sein du Djiboua Th\u00e9\u00e2tre de Divo, il a marqu\u00e9 plusieurs g\u00e9n\u00e9rations de t\u00e9l\u00e9spectateurs par son jeu naturel et son humour caract\u00e9ristique.<\/p>\n<p>Ces derni\u00e8res ann\u00e9es, l&rsquo;artiste vivait avec les s\u00e9quelles d&rsquo;un accident vasculaire c\u00e9r\u00e9bral (AVC), une \u00e9preuve qui l&rsquo;avait progressivement \u00e9loign\u00e9 des plateaux de tournage. Sa maladie avait suscit\u00e9 un large \u00e9lan de solidarit\u00e9, notamment de la part du minist\u00e8re de la Culture et de la Francophonie ainsi que de la pr\u00e9sidence de la R\u00e9publique.<\/p>\n<p>La Colombe Plus pr\u00e9sente ses condol\u00e9ances \u00e0 la famille du d\u00e9funt, \u00e0 ses proches ainsi qu&rsquo;\u00e0 toute la famille du th\u00e9\u00e2tre et du cin\u00e9ma ivoiriens.<\/p>\n<p>Repose en paix \ud83d\ude4f\ud83d\ude4f\ud83d\ude4f, Zoumana\ud83d\ude2d.<\/p>\n<p style=\"text-align: right;\"><em><strong>La r\u00e9daction<\/strong><\/em><\/p>\n","protected":false},"excerpt":{"rendered":"<p>\u200eLe monde du cin\u00e9ma et du th\u00e9\u00e2tre ivoiriens est en deuil. L&rsquo;artiste-com\u00e9dien Gbizi\u00e9 Troupa Bruno, plus connu sous le pseudonyme de Zoumana, est d\u00e9c\u00e9d\u00e9 ce samedi 22 ao\u00fbt 2026, selon un communiqu\u00e9 relay\u00e9 par la RTI. Figure embl\u00e9matique du petit \u00e9cran ivoirien, Zoumana s&rsquo;est r\u00e9v\u00e9l\u00e9 au grand public \u00e0 travers son r\u00f4le dans la s\u00e9rie&#8230;<\/p>\n","protected":false},"author":6,"featured_media":38966,"comment_status":"open","ping_status":"open","sticky":false,"template":"","format":"standard","meta":{"_jetpack_newsletter_access":"","_jetpack_dont_email_post_to_subs":false,"_jetpack_newsletter_tier_id":0,"_jetpack_memberships_contains_paywalled_content":false,"_jetpack_feature_clip_id":0,"_jetpack_memberships_contains_paid_content":false,"footnotes":"","jetpack_post_was_ever_published":false},"categories":[2,4],"tags":[],"class_list":["post-38964","post","type-post","status-publish","format-standard","has-post-thumbnail","hentry","category-a-la-une","category-societe"],"yoast_head":"<!-- This site is optimized with the Yoast SEO plugin v28.3 - https:\/\/yoast.com\/product\/yoast-seo-wordpress\/ -->\n<title>N\u00e9crologie : D\u00e9c\u00e8s du com\u00e9dien Gbizi\u00e9 Troupa Bruno alias Zoumana - WordPress<\/title>\n<meta name=\"robots\" content=\"index, follow, max-snippet:-1, max-image-preview:large, max-video-preview:-1\" \/>\n<link rel=\"canonical\" href=\"https:\/\/lacolombeplus.net\/index.php\/2026\/08\/22\/necrologie-deces-du-comedien-gbizie-troupa-bruno-alias-zoumana\/\" \/>\n<meta property=\"og:locale\" content=\"fr_FR\" \/>\n<meta property=\"og:type\" content=\"article\" \/>\n<meta property=\"og:title\" content=\"N\u00e9crologie : D\u00e9c\u00e8s du com\u00e9dien Gbizi\u00e9 Troupa Bruno alias Zoumana - WordPress\" \/>\n<meta property=\"og:description\" content=\"\u200eLe monde du cin\u00e9ma et du th\u00e9\u00e2tre ivoiriens est en deuil. L&rsquo;artiste-com\u00e9dien Gbizi\u00e9 Troupa Bruno, plus connu sous le pseudonyme de Zoumana, est d\u00e9c\u00e9d\u00e9 ce samedi 22 ao\u00fbt 2026, selon un communiqu\u00e9 relay\u00e9 par la RTI. Figure embl\u00e9matique du petit \u00e9cran ivoirien, Zoumana s&rsquo;est r\u00e9v\u00e9l\u00e9 au grand public \u00e0 travers son r\u00f4le dans la s\u00e9rie...\" \/>\n<meta property=\"og:url\" content=\"https:\/\/lacolombeplus.net\/index.php\/2026\/08\/22\/necrologie-deces-du-comedien-gbizie-troupa-bruno-alias-zoumana\/\" \/>\n<meta property=\"og:site_name\" content=\"WordPress\" \/>\n<meta property=\"article:publisher\" content=\"https:\/\/web.facebook.com\/profile.php?id=61589477078953\" \/>\n<meta property=\"article:published_time\" content=\"2026-08-22T23:27:01+00:00\" \/>\n<meta property=\"og:image\" content=\"http:\/\/lacolombeplus.net\/wp-content\/uploads\/2026\/08\/FB_IMG_1787440399189.webp\" \/>\n\t<meta property=\"og:image:width\" content=\"720\" \/>\n\t<meta property=\"og:image:height\" content=\"719\" \/>\n\t<meta property=\"og:image:type\" content=\"image\/webp\" \/>\n<meta name=\"author\" content=\"Dramane FAYAMA\" \/>\n<meta name=\"twitter:card\" content=\"summary_large_image\" \/>\n<meta name=\"twitter:label1\" content=\"\u00c9crit par\" \/>\n\t<meta name=\"twitter:data1\" content=\"Dramane FAYAMA\" \/>\n\t<meta name=\"twitter:label2\" content=\"Dur\u00e9e de lecture estim\u00e9e\" \/>\n\t<meta name=\"twitter:data2\" content=\"2 minutes\" \/>\n<script type=\"application\/ld+json\" class=\"yoast-schema-graph\">{\"@context\":\"https:\\\/\\\/schema.org\",\"@graph\":[{\"@type\":\"Article\",\"@id\":\"https:\\\/\\\/lacolombeplus.net\\\/index.php\\\/2026\\\/08\\\/22\\\/necrologie-deces-du-comedien-gbizie-troupa-bruno-alias-zoumana\\\/#article\",\"isPartOf\":{\"@id\":\"https:\\\/\\\/lacolombeplus.net\\\/index.php\\\/2026\\\/08\\\/22\\\/necrologie-deces-du-comedien-gbizie-troupa-bruno-alias-zoumana\\\/\"},\"author\":{\"name\":\"Dramane FAYAMA\",\"@id\":\"https:\\\/\\\/lacolombeplus.net\\\/#\\\/schema\\\/person\\\/1a433b3fa6e8f9696f18ece67a69915c\"},\"headline\":\"N\u00e9crologie : D\u00e9c\u00e8s du com\u00e9dien Gbizi\u00e9 Troupa Bruno alias Zoumana\",\"datePublished\":\"2026-08-22T23:27:01+00:00\",\"mainEntityOfPage\":{\"@id\":\"https:\\\/\\\/lacolombeplus.net\\\/index.php\\\/2026\\\/08\\\/22\\\/necrologie-deces-du-comedien-gbizie-troupa-bruno-alias-zoumana\\\/\"},\"wordCount\":242,\"commentCount\":0,\"publisher\":{\"@id\":\"https:\\\/\\\/lacolombeplus.net\\\/#organization\"},\"image\":{\"@id\":\"https:\\\/\\\/lacolombeplus.net\\\/index.php\\\/2026\\\/08\\\/22\\\/necrologie-deces-du-comedien-gbizie-troupa-bruno-alias-zoumana\\\/#primaryimage\"},\"thumbnailUrl\":\"https:\\\/\\\/lacolombeplus.net\\\/wp-content\\\/uploads\\\/2026\\\/08\\\/FB_IMG_1787440399189.webp\",\"articleSection\":[\"A la Une\",\"Soci\u00e9t\u00e9\"],\"inLanguage\":\"fr-FR\",\"potentialAction\":[{\"@type\":\"CommentAction\",\"name\":\"Comment\",\"target\":[\"https:\\\/\\\/lacolombeplus.net\\\/index.php\\\/2026\\\/08\\\/22\\\/necrologie-deces-du-comedien-gbizie-troupa-bruno-alias-zoumana\\\/#respond\"]}]},{\"@type\":\"WebPage\",\"@id\":\"https:\\\/\\\/lacolombeplus.net\\\/index.php\\\/2026\\\/08\\\/22\\\/necrologie-deces-du-comedien-gbizie-troupa-bruno-alias-zoumana\\\/\",\"url\":\"https:\\\/\\\/lacolombeplus.net\\\/index.php\\\/2026\\\/08\\\/22\\\/necrologie-deces-du-comedien-gbizie-troupa-bruno-alias-zoumana\\\/\",\"name\":\"N\u00e9crologie : D\u00e9c\u00e8s du com\u00e9dien Gbizi\u00e9 Troupa Bruno alias Zoumana - WordPress\",\"isPartOf\":{\"@id\":\"https:\\\/\\\/lacolombeplus.net\\\/#website\"},\"primaryImageOfPage\":{\"@id\":\"https:\\\/\\\/lacolombeplus.net\\\/index.php\\\/2026\\\/08\\\/22\\\/necrologie-deces-du-comedien-gbizie-troupa-bruno-alias-zoumana\\\/#primaryimage\"},\"image\":{\"@id\":\"https:\\\/\\\/lacolombeplus.net\\\/index.php\\\/2026\\\/08\\\/22\\\/necrologie-deces-du-comedien-gbizie-troupa-bruno-alias-zoumana\\\/#primaryimage\"},\"thumbnailUrl\":\"https:\\\/\\\/lacolombeplus.net\\\/wp-content\\\/uploads\\\/2026\\\/08\\\/FB_IMG_1787440399189.webp\",\"datePublished\":\"2026-08-22T23:27:01+00:00\",\"breadcrumb\":{\"@id\":\"https:\\\/\\\/lacolombeplus.net\\\/index.php\\\/2026\\\/08\\\/22\\\/necrologie-deces-du-comedien-gbizie-troupa-bruno-alias-zoumana\\\/#breadcrumb\"},\"inLanguage\":\"fr-FR\",\"potentialAction\":[{\"@type\":\"ReadAction\",\"target\":[\"https:\\\/\\\/lacolombeplus.net\\\/index.php\\\/2026\\\/08\\\/22\\\/necrologie-deces-du-comedien-gbizie-troupa-bruno-alias-zoumana\\\/\"]}]},{\"@type\":\"ImageObject\",\"inLanguage\":\"fr-FR\",\"@id\":\"https:\\\/\\\/lacolombeplus.net\\\/index.php\\\/2026\\\/08\\\/22\\\/necrologie-deces-du-comedien-gbizie-troupa-bruno-alias-zoumana\\\/#primaryimage\",\"url\":\"https:\\\/\\\/lacolombeplus.net\\\/wp-content\\\/uploads\\\/2026\\\/08\\\/FB_IMG_1787440399189.webp\",\"contentUrl\":\"https:\\\/\\\/lacolombeplus.net\\\/wp-content\\\/uploads\\\/2026\\\/08\\\/FB_IMG_1787440399189.webp\",\"width\":720,\"height\":719},{\"@type\":\"BreadcrumbList\",\"@id\":\"https:\\\/\\\/lacolombeplus.net\\\/index.php\\\/2026\\\/08\\\/22\\\/necrologie-deces-du-comedien-gbizie-troupa-bruno-alias-zoumana\\\/#breadcrumb\",\"itemListElement\":[{\"@type\":\"ListItem\",\"position\":1,\"name\":\"Accueil\",\"item\":\"https:\\\/\\\/lacolombeplus.net\\\/\"},{\"@type\":\"ListItem\",\"position\":2,\"name\":\"N\u00e9crologie : D\u00e9c\u00e8s du com\u00e9dien Gbizi\u00e9 Troupa Bruno alias Zoumana\"}]},{\"@type\":\"WebSite\",\"@id\":\"https:\\\/\\\/lacolombeplus.net\\\/#website\",\"url\":\"https:\\\/\\\/lacolombeplus.net\\\/\",\"name\":\"Lacolombeplus\",\"description\":\"\",\"publisher\":{\"@id\":\"https:\\\/\\\/lacolombeplus.net\\\/#organization\"},\"potentialAction\":[{\"@type\":\"SearchAction\",\"target\":{\"@type\":\"EntryPoint\",\"urlTemplate\":\"https:\\\/\\\/lacolombeplus.net\\\/?s={search_term_string}\"},\"query-input\":{\"@type\":\"PropertyValueSpecification\",\"valueRequired\":true,\"valueName\":\"search_term_string\"}}],\"inLanguage\":\"fr-FR\"},{\"@type\":\"Organization\",\"@id\":\"https:\\\/\\\/lacolombeplus.net\\\/#organization\",\"name\":\"lacolombeplus.net\",\"url\":\"https:\\\/\\\/lacolombeplus.net\\\/\",\"logo\":{\"@type\":\"ImageObject\",\"inLanguage\":\"fr-FR\",\"@id\":\"https:\\\/\\\/lacolombeplus.net\\\/#\\\/schema\\\/logo\\\/image\\\/\",\"url\":\"https:\\\/\\\/lacolombeplus.net\\\/wp-content\\\/uploads\\\/2026\\\/04\\\/a84391f3-a521-4177-867d-b9aaa3066b88.png\",\"contentUrl\":\"https:\\\/\\\/lacolombeplus.net\\\/wp-content\\\/uploads\\\/2026\\\/04\\\/a84391f3-a521-4177-867d-b9aaa3066b88.png\",\"width\":1045,\"height\":1505,\"caption\":\"lacolombeplus.net\"},\"image\":{\"@id\":\"https:\\\/\\\/lacolombeplus.net\\\/#\\\/schema\\\/logo\\\/image\\\/\"},\"sameAs\":[\"https:\\\/\\\/web.facebook.com\\\/profile.php?id=61589477078953\"]},{\"@type\":\"Person\",\"@id\":\"https:\\\/\\\/lacolombeplus.net\\\/#\\\/schema\\\/person\\\/1a433b3fa6e8f9696f18ece67a69915c\",\"name\":\"Dramane FAYAMA\",\"image\":{\"@type\":\"ImageObject\",\"inLanguage\":\"fr-FR\",\"@id\":\"https:\\\/\\\/secure.gravatar.com\\\/avatar\\\/6ae061b9c102ae93ffb7a4076195d78ace54801f91540899a6e8aacf91eacff8?s=96&d=mm&r=g\",\"url\":\"https:\\\/\\\/secure.gravatar.com\\\/avatar\\\/6ae061b9c102ae93ffb7a4076195d78ace54801f91540899a6e8aacf91eacff8?s=96&d=mm&r=g\",\"contentUrl\":\"https:\\\/\\\/secure.gravatar.com\\\/avatar\\\/6ae061b9c102ae93ffb7a4076195d78ace54801f91540899a6e8aacf91eacff8?s=96&d=mm&r=g\",\"caption\":\"Dramane FAYAMA\"},\"url\":\"https:\\\/\\\/lacolombeplus.net\\\/index.php\\\/author\\\/dramane\\\/\"}]}<\/script>\n<!-- \/ Yoast SEO plugin. -->","yoast_head_json":{"title":"N\u00e9crologie : D\u00e9c\u00e8s du com\u00e9dien Gbizi\u00e9 Troupa Bruno alias Zoumana - WordPress","robots":{"index":"index","follow":"follow","max-snippet":"max-snippet:-1","max-image-preview":"max-image-preview:large","max-video-preview":"max-video-preview:-1"},"canonical":"https:\/\/lacolombeplus.net\/index.php\/2026\/08\/22\/necrologie-deces-du-comedien-gbizie-troupa-bruno-alias-zoumana\/","og_locale":"fr_FR","og_type":"article","og_title":"N\u00e9crologie : D\u00e9c\u00e8s du com\u00e9dien Gbizi\u00e9 Troupa Bruno alias Zoumana - WordPress","og_description":"\u200eLe monde du cin\u00e9ma et du th\u00e9\u00e2tre ivoiriens est en deuil. L&rsquo;artiste-com\u00e9dien Gbizi\u00e9 Troupa Bruno, plus connu sous le pseudonyme de Zoumana, est d\u00e9c\u00e9d\u00e9 ce samedi 22 ao\u00fbt 2026, selon un communiqu\u00e9 relay\u00e9 par la RTI. Figure embl\u00e9matique du petit \u00e9cran ivoirien, Zoumana s&rsquo;est r\u00e9v\u00e9l\u00e9 au grand public \u00e0 travers son r\u00f4le dans la s\u00e9rie...","og_url":"https:\/\/lacolombeplus.net\/index.php\/2026\/08\/22\/necrologie-deces-du-comedien-gbizie-troupa-bruno-alias-zoumana\/","og_site_name":"WordPress","article_publisher":"https:\/\/web.facebook.com\/profile.php?id=61589477078953","article_published_time":"2026-08-22T23:27:01+00:00","og_image":[{"width":720,"height":719,"url":"http:\/\/lacolombeplus.net\/wp-content\/uploads\/2026\/08\/FB_IMG_1787440399189.webp","type":"image\/webp"}],"author":"Dramane FAYAMA","twitter_card":"summary_large_image","twitter_misc":{"\u00c9crit par":"Dramane FAYAMA","Dur\u00e9e de lecture estim\u00e9e":"2 minutes"},"schema":{"@context":"https:\/\/schema.org","@graph":[{"@type":"Article","@id":"https:\/\/lacolombeplus.net\/index.php\/2026\/08\/22\/necrologie-deces-du-comedien-gbizie-troupa-bruno-alias-zoumana\/#article","isPartOf":{"@id":"https:\/\/lacolombeplus.net\/index.php\/2026\/08\/22\/necrologie-deces-du-comedien-gbizie-troupa-bruno-alias-zoumana\/"},"author":{"name":"Dramane FAYAMA","@id":"https:\/\/lacolombeplus.net\/#\/schema\/person\/1a433b3fa6e8f9696f18ece67a69915c"},"headline":"N\u00e9crologie : D\u00e9c\u00e8s du com\u00e9dien Gbizi\u00e9 Troupa Bruno alias Zoumana","datePublished":"2026-08-22T23:27:01+00:00","mainEntityOfPage":{"@id":"https:\/\/lacolombeplus.net\/index.php\/2026\/08\/22\/necrologie-deces-du-comedien-gbizie-troupa-bruno-alias-zoumana\/"},"wordCount":242,"commentCount":0,"publisher":{"@id":"https:\/\/lacolombeplus.net\/#organization"},"image":{"@id":"https:\/\/lacolombeplus.net\/index.php\/2026\/08\/22\/necrologie-deces-du-comedien-gbizie-troupa-bruno-alias-zoumana\/#primaryimage"},"thumbnailUrl":"https:\/\/lacolombeplus.net\/wp-content\/uploads\/2026\/08\/FB_IMG_1787440399189.webp","articleSection":["A la Une","Soci\u00e9t\u00e9"],"inLanguage":"fr-FR","potentialAction":[{"@type":"CommentAction","name":"Comment","target":["https:\/\/lacolombeplus.net\/index.php\/2026\/08\/22\/necrologie-deces-du-comedien-gbizie-troupa-bruno-alias-zoumana\/#respond"]}]},{"@type":"WebPage","@id":"https:\/\/lacolombeplus.net\/index.php\/2026\/08\/22\/necrologie-deces-du-comedien-gbizie-troupa-bruno-alias-zoumana\/","url":"https:\/\/lacolombeplus.net\/index.php\/2026\/08\/22\/necrologie-deces-du-comedien-gbizie-troupa-bruno-alias-zoumana\/","name":"N\u00e9crologie : D\u00e9c\u00e8s du com\u00e9dien Gbizi\u00e9 Troupa Bruno alias Zoumana - WordPress","isPartOf":{"@id":"https:\/\/lacolombeplus.net\/#website"},"primaryImageOfPage":{"@id":"https:\/\/lacolombeplus.net\/index.php\/2026\/08\/22\/necrologie-deces-du-comedien-gbizie-troupa-bruno-alias-zoumana\/#primaryimage"},"image":{"@id":"https:\/\/lacolombeplus.net\/index.php\/2026\/08\/22\/necrologie-deces-du-comedien-gbizie-troupa-bruno-alias-zoumana\/#primaryimage"},"thumbnailUrl":"https:\/\/lacolombeplus.net\/wp-content\/uploads\/2026\/08\/FB_IMG_1787440399189.webp","datePublished":"2026-08-22T23:27:01+00:00","breadcrumb":{"@id":"https:\/\/lacolombeplus.net\/index.php\/2026\/08\/22\/necrologie-deces-du-comedien-gbizie-troupa-bruno-alias-zoumana\/#breadcrumb"},"inLanguage":"fr-FR","potentialAction":[{"@type":"ReadAction","target":["https:\/\/lacolombeplus.net\/index.php\/2026\/08\/22\/necrologie-deces-du-comedien-gbizie-troupa-bruno-alias-zoumana\/"]}]},{"@type":"ImageObject","inLanguage":"fr-FR","@id":"https:\/\/lacolombeplus.net\/index.php\/2026\/08\/22\/necrologie-deces-du-comedien-gbizie-troupa-bruno-alias-zoumana\/#primaryimage","url":"https:\/\/lacolombeplus.net\/wp-content\/uploads\/2026\/08\/FB_IMG_1787440399189.webp","contentUrl":"https:\/\/lacolombeplus.net\/wp-content\/uploads\/2026\/08\/FB_IMG_1787440399189.webp","width":720,"height":719},{"@type":"BreadcrumbList","@id":"https:\/\/lacolombeplus.net\/index.php\/2026\/08\/22\/necrologie-deces-du-comedien-gbizie-troupa-bruno-alias-zoumana\/#breadcrumb","itemListElement":[{"@type":"ListItem","position":1,"name":"Accueil","item":"https:\/\/lacolombeplus.net\/"},{"@type":"ListItem","position":2,"name":"N\u00e9crologie : D\u00e9c\u00e8s du com\u00e9dien Gbizi\u00e9 Troupa Bruno alias Zoumana"}]},{"@type":"WebSite","@id":"https:\/\/lacolombeplus.net\/#website","url":"https:\/\/lacolombeplus.net\/","name":"Lacolombeplus","description":"","publisher":{"@id":"https:\/\/lacolombeplus.net\/#organization"},"potentialAction":[{"@type":"SearchAction","target":{"@type":"EntryPoint","urlTemplate":"https:\/\/lacolombeplus.net\/?s={search_term_string}"},"query-input":{"@type":"PropertyValueSpecification","valueRequired":true,"valueName":"search_term_string"}}],"inLanguage":"fr-FR"},{"@type":"Organization","@id":"https:\/\/lacolombeplus.net\/#organization","name":"lacolombeplus.net","url":"https:\/\/lacolombeplus.net\/","logo":{"@type":"ImageObject","inLanguage":"fr-FR","@id":"https:\/\/lacolombeplus.net\/#\/schema\/logo\/image\/","url":"https:\/\/lacolombeplus.net\/wp-content\/uploads\/2026\/04\/a84391f3-a521-4177-867d-b9aaa3066b88.png","contentUrl":"https:\/\/lacolombeplus.net\/wp-content\/uploads\/2026\/04\/a84391f3-a521-4177-867d-b9aaa3066b88.png","width":1045,"height":1505,"caption":"lacolombeplus.net"},"image":{"@id":"https:\/\/lacolombeplus.net\/#\/schema\/logo\/image\/"},"sameAs":["https:\/\/web.facebook.com\/profile.php?id=61589477078953"]},{"@type":"Person","@id":"https:\/\/lacolombeplus.net\/#\/schema\/person\/1a433b3fa6e8f9696f18ece67a69915c","name":"Dramane FAYAMA","image":{"@type":"ImageObject","inLanguage":"fr-FR","@id":"https:\/\/secure.gravatar.com\/avatar\/6ae061b9c102ae93ffb7a4076195d78ace54801f91540899a6e8aacf91eacff8?s=96&d=mm&r=g","url":"https:\/\/secure.gravatar.com\/avatar\/6ae061b9c102ae93ffb7a4076195d78ace54801f91540899a6e8aacf91eacff8?s=96&d=mm&r=g","contentUrl":"https:\/\/secure.gravatar.com\/avatar\/6ae061b9c102ae93ffb7a4076195d78ace54801f91540899a6e8aacf91eacff8?s=96&d=mm&r=g","caption":"Dramane FAYAMA"},"url":"https:\/\/lacolombeplus.net\/index.php\/author\/dramane\/"}]}},"jetpack_featured_media_url":"https:\/\/lacolombeplus.net\/wp-content\/uploads\/2026\/08\/FB_IMG_1787440399189.webp","jetpack_sharing_enabled":true,"_links":{"self":[{"href":"https:\/\/lacolombeplus.net\/index.php\/wp-json\/wp\/v2\/posts\/38964","targetHints":{"allow":["GET"]}}],"collection":[{"href":"https:\/\/lacolombeplus.net\/index.php\/wp-json\/wp\/v2\/posts"}],"about":[{"href":"https:\/\/lacolombeplus.net\/index.php\/wp-json\/wp\/v2\/types\/post"}],"author":[{"embeddable":true,"href":"https:\/\/lacolombeplus.net\/index.php\/wp-json\/wp\/v2\/users\/6"}],"replies":[{"embeddable":true,"href":"https:\/\/lacolombeplus.net\/index.php\/wp-json\/wp\/v2\/comments?post=38964"}],"version-history":[{"count":1,"href":"https:\/\/lacolombeplus.net\/index.php\/wp-json\/wp\/v2\/posts\/38964\/revisions"}],"predecessor-version":[{"id":38967,"href":"https:\/\/lacolombeplus.net\/index.php\/wp-json\/wp\/v2\/posts\/38964\/revisions\/38967"}],"wp:featuredmedia":[{"embeddable":true,"href":"https:\/\/lacolombeplus.net\/index.php\/wp-json\/wp\/v2\/media\/38966"}],"wp:attachment":[{"href":"https:\/\/lacolombeplus.net\/index.php\/wp-json\/wp\/v2\/media?parent=38964"}],"wp:term":[{"taxonomy":"category","embeddable":true,"href":"https:\/\/lacolombeplus.net\/index.php\/wp-json\/wp\/v2\/categories?post=38964"},{"taxonomy":"post_tag","embeddable":true,"href":"https:\/\/lacolombeplus.net\/index.php\/wp-json\/wp\/v2\/tags?post=38964"}],"curies":[{"name":"wp","href":"https:\/\/api.w.org\/{rel}","templated":true}]}}