{"id":38952,"date":"2026-08-21T17:23:28","date_gmt":"2026-08-21T17:23:28","guid":{"rendered":"https:\/\/lacolombeplus.net\/?p=38952"},"modified":"2026-08-21T18:00:51","modified_gmt":"2026-08-21T18:00:51","slug":"operation-zero-poulailler-vide-le-gouvernement-veut-relancer-la-production-avicole","status":"publish","type":"post","link":"https:\/\/lacolombeplus.net\/index.php\/2026\/08\/21\/operation-zero-poulailler-vide-le-gouvernement-veut-relancer-la-production-avicole\/","title":{"rendered":"Op\u00e9ration \u00ab Z\u00e9ro poulailler vide \u00bb  : Le pari du gouvernement pour booster la fili\u00e8re avicole"},"content":{"rendered":"<h2>OUAGADOUGOU,<strong> le 21 ao\u00fbt 2026 \u2014 Dans le cadre de la mise en \u0153uvre de l&rsquo;Offensive agropastorale, hydraulique et halieutique 2026-2028, le minist\u00e8re de l&rsquo;Agriculture, de l&rsquo;Eau, des Ressources animales et Halieutiques a lanc\u00e9 l&rsquo;op\u00e9ration \u00ab Z\u00e9ro poulailler vide \u00bb. Dot\u00e9e d&rsquo;un financement annonc\u00e9 de 1 milliard 70 millions de francs CFA, cette initiative vise \u00e0 redynamiser la fili\u00e8re avicole, accro\u00eetre l&rsquo;offre de produits aviaires sur le march\u00e9 national et contribuer au renforcement de la souverainet\u00e9 alimentaire.<\/strong><\/h2>\n<p>L&rsquo;annonce a \u00e9t\u00e9 faite ce vendredi 21 ao\u00fbt 2026, lors d&rsquo;un point de presse avec les hommes et femmes des m\u00e9dias, par le Directeur g\u00e9n\u00e9ral des productions animales (DGPA), le camarade Emmanuel Ulrich Yisso Bakon\u00e9. Selon lui, l&rsquo;op\u00e9ration entend apporter une r\u00e9ponse aux difficult\u00e9s qui freinent le d\u00e9veloppement de l&rsquo;aviculture au Burkina Faso, notamment l&rsquo;insuffisance de poussins de qualit\u00e9, le co\u00fbt \u00e9lev\u00e9 des aliments, l&rsquo;acc\u00e8s limit\u00e9 au financement et la pr\u00e9valence des maladies aviaires.<\/p>\n<figure id=\"attachment_38954\" aria-describedby=\"caption-attachment-38954\" style=\"width: 463px\" class=\"wp-caption alignright\"><img fetchpriority=\"high\" decoding=\"async\" class=\" wp-image-38954\" src=\"http:\/\/lacolombeplus.net\/wp-content\/uploads\/2026\/08\/WhatsApp-Image-2026-08-21-at-17.06.22.webp\" alt=\"\" width=\"463\" height=\"347\" srcset=\"https:\/\/lacolombeplus.net\/wp-content\/uploads\/2026\/08\/WhatsApp-Image-2026-08-21-at-17.06.22.webp 2560w, https:\/\/lacolombeplus.net\/wp-content\/uploads\/2026\/08\/WhatsApp-Image-2026-08-21-at-17.06.22-300x225.webp 300w, https:\/\/lacolombeplus.net\/wp-content\/uploads\/2026\/08\/WhatsApp-Image-2026-08-21-at-17.06.22-1024x768.webp 1024w, https:\/\/lacolombeplus.net\/wp-content\/uploads\/2026\/08\/WhatsApp-Image-2026-08-21-at-17.06.22-768x576.webp 768w, https:\/\/lacolombeplus.net\/wp-content\/uploads\/2026\/08\/WhatsApp-Image-2026-08-21-at-17.06.22-1536x1152.webp 1536w, https:\/\/lacolombeplus.net\/wp-content\/uploads\/2026\/08\/WhatsApp-Image-2026-08-21-at-17.06.22-2048x1536.webp 2048w\" sizes=\"(max-width: 463px) 100vw, 463px\" \/><figcaption id=\"caption-attachment-38954\" class=\"wp-caption-text\">Emmanuel Ulrich Yisso Bakon\u00e9, Directeur g\u00e9n\u00e9ral des productions animales (DGPA).<\/figcaption><\/figure>\n<p>Le Directeur g\u00e9n\u00e9ral des Productions animales a pr\u00e9cis\u00e9 que l&rsquo;op\u00e9ration \u00ab Z\u00e9ro poulailler vide \u00bb accompagnera 500 b\u00e9n\u00e9ficiaires disposant d\u00e9j\u00e0 d&rsquo;infrastructures adapt\u00e9es, \u00e0 travers des kits d&rsquo;\u00e9levage avicole dont la valeur s&rsquo;\u00e9l\u00e8ve jusqu&rsquo;\u00e0 2,14 millions de francs CFA, dans le but de relancer la production avicole nationale.<\/p>\n<p>&nbsp;<\/p>\n<p>Deux mod\u00e8les d\u2019\u00e9levage sont concern\u00e9s : l\u2019\u00e9levage moderne et l\u2019\u00e9levage traditionnel de reproduction. Dans le mod\u00e8le moderne, chaque b\u00e9n\u00e9ficiaire re\u00e7oit un kit compos\u00e9 de 1 000 poussins de race ou de souche locale am\u00e9lior\u00e9e, 3 350 kilogrammes d\u2019aliments, ainsi que des produits v\u00e9t\u00e9rinaires et un accompagnement sanitaire. Pour l\u2019\u00e9levage traditionnel de reproduction, le kit comprend 100 volailles adultes, dont 10 coqs et 90 poules, ainsi que 2 000 kilogrammes d\u2019aliments.<\/p>\n<p>Les exploitations \u00e0 l\u2019arr\u00eat, en activit\u00e9 ou nouvellement cr\u00e9\u00e9es peuvent \u00eatre concern\u00e9es, sous r\u00e9serve de remplir les conditions techniques requises. Les promoteurs devront notamment disposer d\u2019infrastructures adapt\u00e9es et s\u2019engager \u00e0 respecter les recommandations des services techniques.<\/p>\n<figure id=\"attachment_38961\" aria-describedby=\"caption-attachment-38961\" style=\"width: 515px\" class=\"wp-caption alignleft\"><img decoding=\"async\" class=\" wp-image-38961\" src=\"http:\/\/lacolombeplus.net\/wp-content\/uploads\/2026\/08\/7dc1dff3-bc1a-4b24-8f3a-5413efc72983.webp\" alt=\"\" width=\"515\" height=\"367\" srcset=\"https:\/\/lacolombeplus.net\/wp-content\/uploads\/2026\/08\/7dc1dff3-bc1a-4b24-8f3a-5413efc72983.webp 1130w, https:\/\/lacolombeplus.net\/wp-content\/uploads\/2026\/08\/7dc1dff3-bc1a-4b24-8f3a-5413efc72983-300x213.webp 300w, https:\/\/lacolombeplus.net\/wp-content\/uploads\/2026\/08\/7dc1dff3-bc1a-4b24-8f3a-5413efc72983-1024x729.webp 1024w, https:\/\/lacolombeplus.net\/wp-content\/uploads\/2026\/08\/7dc1dff3-bc1a-4b24-8f3a-5413efc72983-768x546.webp 768w\" sizes=\"(max-width: 515px) 100vw, 515px\" \/><figcaption id=\"caption-attachment-38961\" class=\"wp-caption-text\">AArdiouma SIRIMA, Le directeur g\u00e9n\u00e9ral du Centre de promotion de l&rsquo;aviculture et de multiplication des animaux performants (CPAMAP).<\/figcaption><\/figure>\n<p>La s\u00e9lection passera par une inscription sur une plateforme num\u00e9rique, suivie d\u2019une pr\u00e9s\u00e9lection, d\u2019une visite d\u2019inspection des exploitations, puis de l\u2019\u00e9tablissement de la liste d\u00e9finitive des b\u00e9n\u00e9ficiaires. Formation, mise \u00e0 disposition des sujets et intrants, ainsi que suivi technique compl\u00e9teront le dispositif. L\u2019une des particularit\u00e9s de l\u2019op\u00e9ration r\u00e9side dans sa digitalisation, destin\u00e9e \u00e0 renforcer la tra\u00e7abilit\u00e9. <em>\u00ab Nous allons encourag\u00e9s nos pouvoir \u00e0 produire des poussins \u00bb<\/em> affirme Ardiouma SIRIMA, Le directeur g\u00e9n\u00e9ral du Centre de promotion de l&rsquo;aviculture et de multiplication des animaux performants (CPAMAP). Les b\u00e9n\u00e9ficiaires devront \u00e9galement s\u2019engager \u00e0 poursuivre leur activit\u00e9 apr\u00e8s l\u2019exploitation du kit. Le minist\u00e8re pr\u00e9voit par ailleurs que, hormis les produits v\u00e9t\u00e9rinaires, les diff\u00e9rents \u00e9l\u00e9ments des kits soient acquis aupr\u00e8s d\u2019op\u00e9rateurs locaux.<\/p>\n<p>&nbsp;<\/p>\n<figure id=\"attachment_38956\" aria-describedby=\"caption-attachment-38956\" style=\"width: 554px\" class=\"wp-caption alignright\"><img decoding=\"async\" class=\"wp-image-38956\" src=\"http:\/\/lacolombeplus.net\/wp-content\/uploads\/2026\/08\/88f15daf-2217-411a-9c17-46aac140e93a.webp\" alt=\"\" width=\"554\" height=\"283\" srcset=\"https:\/\/lacolombeplus.net\/wp-content\/uploads\/2026\/08\/88f15daf-2217-411a-9c17-46aac140e93a.webp 1600w, https:\/\/lacolombeplus.net\/wp-content\/uploads\/2026\/08\/88f15daf-2217-411a-9c17-46aac140e93a-300x153.webp 300w, https:\/\/lacolombeplus.net\/wp-content\/uploads\/2026\/08\/88f15daf-2217-411a-9c17-46aac140e93a-1024x523.webp 1024w, https:\/\/lacolombeplus.net\/wp-content\/uploads\/2026\/08\/88f15daf-2217-411a-9c17-46aac140e93a-768x392.webp 768w, https:\/\/lacolombeplus.net\/wp-content\/uploads\/2026\/08\/88f15daf-2217-411a-9c17-46aac140e93a-1536x784.webp 1536w\" sizes=\"(max-width: 554px) 100vw, 554px\" \/><figcaption id=\"caption-attachment-38956\" class=\"wp-caption-text\">Une mobilisation massive de la presse<\/figcaption><\/figure>\n<p>La s\u00e9lection se fera \u00e0 travers une proc\u00e9dure comprenant l\u2019inscription sur une plateforme d\u00e9di\u00e9e, la pr\u00e9s\u00e9lection des dossiers, l\u2019inspection des exploitations, l\u2019\u00e9tablissement de la liste d\u00e9finitive, la signature d\u2019un engagement, la formation, puis la mise \u00e0 disposition des sujets et intrants. Un suivi sera ensuite assur\u00e9 par les services techniques. \u00a0\u00c0 travers \u00ab Z\u00e9ro poulailler vide \u00bb, les autorit\u00e9s veulent ainsi remettre en activit\u00e9 des exploitations, soutenir les producteurs et accro\u00eetre durablement la disponibilit\u00e9 des produits aviaires sur le march\u00e9 national.<\/p>\n<p>Avec cette op\u00e9ration, le gouvernement entend transformer des infrastructures avicoles sous-exploit\u00e9es en v\u00e9ritables unit\u00e9s de production, au service de l\u2019emploi, des revenus des producteurs et de la souverainet\u00e9 alimentaire du Burkina Faso.<\/p>\n<p style=\"text-align: right;\"><strong><em>Cl\u00e9ment KABA<\/em><\/strong><\/p>\n<p>&nbsp;<\/p>\n","protected":false},"excerpt":{"rendered":"<p>OUAGADOUGOU, le 21 ao\u00fbt 2026 \u2014 Dans le cadre de la mise en \u0153uvre de l&rsquo;Offensive agropastorale, hydraulique et halieutique 2026-2028, le minist\u00e8re de l&rsquo;Agriculture, de l&rsquo;Eau, des Ressources animales et Halieutiques a lanc\u00e9 l&rsquo;op\u00e9ration \u00ab Z\u00e9ro poulailler vide \u00bb. Dot\u00e9e d&rsquo;un financement annonc\u00e9 de 1 milliard 70 millions de francs CFA, cette initiative vise&#8230;<\/p>\n","protected":false},"author":6,"featured_media":38955,"comment_status":"open","ping_status":"open","sticky":false,"template":"","format":"standard","meta":{"_jetpack_newsletter_access":"","_jetpack_dont_email_post_to_subs":false,"_jetpack_newsletter_tier_id":0,"_jetpack_memberships_contains_paywalled_content":false,"_jetpack_feature_clip_id":0,"_jetpack_memberships_contains_paid_content":false,"footnotes":"","jetpack_post_was_ever_published":false},"categories":[2,193,82],"tags":[],"class_list":["post-38952","post","type-post","status-publish","format-standard","has-post-thumbnail","hentry","category-a-la-une","category-developpement","category-economie"],"yoast_head":"<!-- This site is optimized with the Yoast SEO plugin v28.3 - https:\/\/yoast.com\/product\/yoast-seo-wordpress\/ -->\n<title>Op\u00e9ration \u00ab Z\u00e9ro poulailler vide \u00bb : Le pari du gouvernement pour booster la fili\u00e8re avicole - WordPress<\/title>\n<meta name=\"robots\" content=\"index, follow, max-snippet:-1, max-image-preview:large, max-video-preview:-1\" \/>\n<link rel=\"canonical\" href=\"https:\/\/lacolombeplus.net\/index.php\/2026\/08\/21\/operation-zero-poulailler-vide-le-gouvernement-veut-relancer-la-production-avicole\/\" \/>\n<meta property=\"og:locale\" content=\"fr_FR\" \/>\n<meta property=\"og:type\" content=\"article\" \/>\n<meta property=\"og:title\" content=\"Op\u00e9ration \u00ab Z\u00e9ro poulailler vide \u00bb : Le pari du gouvernement pour booster la fili\u00e8re avicole - WordPress\" \/>\n<meta property=\"og:description\" content=\"OUAGADOUGOU, le 21 ao\u00fbt 2026 \u2014 Dans le cadre de la mise en \u0153uvre de l&rsquo;Offensive agropastorale, hydraulique et halieutique 2026-2028, le minist\u00e8re de l&rsquo;Agriculture, de l&rsquo;Eau, des Ressources animales et Halieutiques a lanc\u00e9 l&rsquo;op\u00e9ration \u00ab Z\u00e9ro poulailler vide \u00bb. Dot\u00e9e d&rsquo;un financement annonc\u00e9 de 1 milliard 70 millions de francs CFA, cette initiative vise...\" \/>\n<meta property=\"og:url\" content=\"https:\/\/lacolombeplus.net\/index.php\/2026\/08\/21\/operation-zero-poulailler-vide-le-gouvernement-veut-relancer-la-production-avicole\/\" \/>\n<meta property=\"og:site_name\" content=\"WordPress\" \/>\n<meta property=\"article:publisher\" content=\"https:\/\/web.facebook.com\/profile.php?id=61589477078953\" \/>\n<meta property=\"article:published_time\" content=\"2026-08-21T17:23:28+00:00\" \/>\n<meta property=\"article:modified_time\" content=\"2026-08-21T18:00:51+00:00\" \/>\n<meta property=\"og:image\" content=\"http:\/\/lacolombeplus.net\/wp-content\/uploads\/2026\/08\/Zero-poulailler-vide-scaled-1.webp\" \/>\n\t<meta property=\"og:image:width\" content=\"2048\" \/>\n\t<meta property=\"og:image:height\" content=\"903\" \/>\n\t<meta property=\"og:image:type\" content=\"image\/webp\" \/>\n<meta name=\"author\" content=\"Dramane FAYAMA\" \/>\n<meta name=\"twitter:card\" content=\"summary_large_image\" \/>\n<meta name=\"twitter:label1\" content=\"\u00c9crit par\" \/>\n\t<meta name=\"twitter:data1\" content=\"Dramane FAYAMA\" \/>\n\t<meta name=\"twitter:label2\" content=\"Dur\u00e9e de lecture estim\u00e9e\" \/>\n\t<meta name=\"twitter:data2\" content=\"4 minutes\" \/>\n<script type=\"application\/ld+json\" class=\"yoast-schema-graph\">{\"@context\":\"https:\\\/\\\/schema.org\",\"@graph\":[{\"@type\":\"Article\",\"@id\":\"https:\\\/\\\/lacolombeplus.net\\\/index.php\\\/2026\\\/08\\\/21\\\/operation-zero-poulailler-vide-le-gouvernement-veut-relancer-la-production-avicole\\\/#article\",\"isPartOf\":{\"@id\":\"https:\\\/\\\/lacolombeplus.net\\\/index.php\\\/2026\\\/08\\\/21\\\/operation-zero-poulailler-vide-le-gouvernement-veut-relancer-la-production-avicole\\\/\"},\"author\":{\"name\":\"Dramane FAYAMA\",\"@id\":\"https:\\\/\\\/lacolombeplus.net\\\/#\\\/schema\\\/person\\\/1a433b3fa6e8f9696f18ece67a69915c\"},\"headline\":\"Op\u00e9ration \u00ab Z\u00e9ro poulailler vide \u00bb : Le pari du gouvernement pour booster la fili\u00e8re avicole\",\"datePublished\":\"2026-08-21T17:23:28+00:00\",\"dateModified\":\"2026-08-21T18:00:51+00:00\",\"mainEntityOfPage\":{\"@id\":\"https:\\\/\\\/lacolombeplus.net\\\/index.php\\\/2026\\\/08\\\/21\\\/operation-zero-poulailler-vide-le-gouvernement-veut-relancer-la-production-avicole\\\/\"},\"wordCount\":704,\"commentCount\":0,\"publisher\":{\"@id\":\"https:\\\/\\\/lacolombeplus.net\\\/#organization\"},\"image\":{\"@id\":\"https:\\\/\\\/lacolombeplus.net\\\/index.php\\\/2026\\\/08\\\/21\\\/operation-zero-poulailler-vide-le-gouvernement-veut-relancer-la-production-avicole\\\/#primaryimage\"},\"thumbnailUrl\":\"https:\\\/\\\/lacolombeplus.net\\\/wp-content\\\/uploads\\\/2026\\\/08\\\/Zero-poulailler-vide-scaled-1.webp\",\"articleSection\":[\"A la Une\",\"D\u00e9veloppement\",\"Economie\"],\"inLanguage\":\"fr-FR\",\"potentialAction\":[{\"@type\":\"CommentAction\",\"name\":\"Comment\",\"target\":[\"https:\\\/\\\/lacolombeplus.net\\\/index.php\\\/2026\\\/08\\\/21\\\/operation-zero-poulailler-vide-le-gouvernement-veut-relancer-la-production-avicole\\\/#respond\"]}]},{\"@type\":\"WebPage\",\"@id\":\"https:\\\/\\\/lacolombeplus.net\\\/index.php\\\/2026\\\/08\\\/21\\\/operation-zero-poulailler-vide-le-gouvernement-veut-relancer-la-production-avicole\\\/\",\"url\":\"https:\\\/\\\/lacolombeplus.net\\\/index.php\\\/2026\\\/08\\\/21\\\/operation-zero-poulailler-vide-le-gouvernement-veut-relancer-la-production-avicole\\\/\",\"name\":\"Op\u00e9ration \u00ab Z\u00e9ro poulailler vide \u00bb : Le pari du gouvernement pour booster la fili\u00e8re avicole - WordPress\",\"isPartOf\":{\"@id\":\"https:\\\/\\\/lacolombeplus.net\\\/#website\"},\"primaryImageOfPage\":{\"@id\":\"https:\\\/\\\/lacolombeplus.net\\\/index.php\\\/2026\\\/08\\\/21\\\/operation-zero-poulailler-vide-le-gouvernement-veut-relancer-la-production-avicole\\\/#primaryimage\"},\"image\":{\"@id\":\"https:\\\/\\\/lacolombeplus.net\\\/index.php\\\/2026\\\/08\\\/21\\\/operation-zero-poulailler-vide-le-gouvernement-veut-relancer-la-production-avicole\\\/#primaryimage\"},\"thumbnailUrl\":\"https:\\\/\\\/lacolombeplus.net\\\/wp-content\\\/uploads\\\/2026\\\/08\\\/Zero-poulailler-vide-scaled-1.webp\",\"datePublished\":\"2026-08-21T17:23:28+00:00\",\"dateModified\":\"2026-08-21T18:00:51+00:00\",\"breadcrumb\":{\"@id\":\"https:\\\/\\\/lacolombeplus.net\\\/index.php\\\/2026\\\/08\\\/21\\\/operation-zero-poulailler-vide-le-gouvernement-veut-relancer-la-production-avicole\\\/#breadcrumb\"},\"inLanguage\":\"fr-FR\",\"potentialAction\":[{\"@type\":\"ReadAction\",\"target\":[\"https:\\\/\\\/lacolombeplus.net\\\/index.php\\\/2026\\\/08\\\/21\\\/operation-zero-poulailler-vide-le-gouvernement-veut-relancer-la-production-avicole\\\/\"]}]},{\"@type\":\"ImageObject\",\"inLanguage\":\"fr-FR\",\"@id\":\"https:\\\/\\\/lacolombeplus.net\\\/index.php\\\/2026\\\/08\\\/21\\\/operation-zero-poulailler-vide-le-gouvernement-veut-relancer-la-production-avicole\\\/#primaryimage\",\"url\":\"https:\\\/\\\/lacolombeplus.net\\\/wp-content\\\/uploads\\\/2026\\\/08\\\/Zero-poulailler-vide-scaled-1.webp\",\"contentUrl\":\"https:\\\/\\\/lacolombeplus.net\\\/wp-content\\\/uploads\\\/2026\\\/08\\\/Zero-poulailler-vide-scaled-1.webp\",\"width\":2048,\"height\":903,\"caption\":\"Une mobilisation massive de la presse\"},{\"@type\":\"BreadcrumbList\",\"@id\":\"https:\\\/\\\/lacolombeplus.net\\\/index.php\\\/2026\\\/08\\\/21\\\/operation-zero-poulailler-vide-le-gouvernement-veut-relancer-la-production-avicole\\\/#breadcrumb\",\"itemListElement\":[{\"@type\":\"ListItem\",\"position\":1,\"name\":\"Accueil\",\"item\":\"https:\\\/\\\/lacolombeplus.net\\\/\"},{\"@type\":\"ListItem\",\"position\":2,\"name\":\"Op\u00e9ration \u00ab Z\u00e9ro poulailler vide \u00bb : Le pari du gouvernement pour booster la fili\u00e8re avicole\"}]},{\"@type\":\"WebSite\",\"@id\":\"https:\\\/\\\/lacolombeplus.net\\\/#website\",\"url\":\"https:\\\/\\\/lacolombeplus.net\\\/\",\"name\":\"Lacolombeplus\",\"description\":\"\",\"publisher\":{\"@id\":\"https:\\\/\\\/lacolombeplus.net\\\/#organization\"},\"potentialAction\":[{\"@type\":\"SearchAction\",\"target\":{\"@type\":\"EntryPoint\",\"urlTemplate\":\"https:\\\/\\\/lacolombeplus.net\\\/?s={search_term_string}\"},\"query-input\":{\"@type\":\"PropertyValueSpecification\",\"valueRequired\":true,\"valueName\":\"search_term_string\"}}],\"inLanguage\":\"fr-FR\"},{\"@type\":\"Organization\",\"@id\":\"https:\\\/\\\/lacolombeplus.net\\\/#organization\",\"name\":\"lacolombeplus.net\",\"url\":\"https:\\\/\\\/lacolombeplus.net\\\/\",\"logo\":{\"@type\":\"ImageObject\",\"inLanguage\":\"fr-FR\",\"@id\":\"https:\\\/\\\/lacolombeplus.net\\\/#\\\/schema\\\/logo\\\/image\\\/\",\"url\":\"https:\\\/\\\/lacolombeplus.net\\\/wp-content\\\/uploads\\\/2026\\\/04\\\/a84391f3-a521-4177-867d-b9aaa3066b88.png\",\"contentUrl\":\"https:\\\/\\\/lacolombeplus.net\\\/wp-content\\\/uploads\\\/2026\\\/04\\\/a84391f3-a521-4177-867d-b9aaa3066b88.png\",\"width\":1045,\"height\":1505,\"caption\":\"lacolombeplus.net\"},\"image\":{\"@id\":\"https:\\\/\\\/lacolombeplus.net\\\/#\\\/schema\\\/logo\\\/image\\\/\"},\"sameAs\":[\"https:\\\/\\\/web.facebook.com\\\/profile.php?id=61589477078953\"]},{\"@type\":\"Person\",\"@id\":\"https:\\\/\\\/lacolombeplus.net\\\/#\\\/schema\\\/person\\\/1a433b3fa6e8f9696f18ece67a69915c\",\"name\":\"Dramane FAYAMA\",\"image\":{\"@type\":\"ImageObject\",\"inLanguage\":\"fr-FR\",\"@id\":\"https:\\\/\\\/secure.gravatar.com\\\/avatar\\\/6ae061b9c102ae93ffb7a4076195d78ace54801f91540899a6e8aacf91eacff8?s=96&d=mm&r=g\",\"url\":\"https:\\\/\\\/secure.gravatar.com\\\/avatar\\\/6ae061b9c102ae93ffb7a4076195d78ace54801f91540899a6e8aacf91eacff8?s=96&d=mm&r=g\",\"contentUrl\":\"https:\\\/\\\/secure.gravatar.com\\\/avatar\\\/6ae061b9c102ae93ffb7a4076195d78ace54801f91540899a6e8aacf91eacff8?s=96&d=mm&r=g\",\"caption\":\"Dramane FAYAMA\"},\"url\":\"https:\\\/\\\/lacolombeplus.net\\\/index.php\\\/author\\\/dramane\\\/\"}]}<\/script>\n<!-- \/ Yoast SEO plugin. -->","yoast_head_json":{"title":"Op\u00e9ration \u00ab Z\u00e9ro poulailler vide \u00bb : Le pari du gouvernement pour booster la fili\u00e8re avicole - WordPress","robots":{"index":"index","follow":"follow","max-snippet":"max-snippet:-1","max-image-preview":"max-image-preview:large","max-video-preview":"max-video-preview:-1"},"canonical":"https:\/\/lacolombeplus.net\/index.php\/2026\/08\/21\/operation-zero-poulailler-vide-le-gouvernement-veut-relancer-la-production-avicole\/","og_locale":"fr_FR","og_type":"article","og_title":"Op\u00e9ration \u00ab Z\u00e9ro poulailler vide \u00bb : Le pari du gouvernement pour booster la fili\u00e8re avicole - WordPress","og_description":"OUAGADOUGOU, le 21 ao\u00fbt 2026 \u2014 Dans le cadre de la mise en \u0153uvre de l&rsquo;Offensive agropastorale, hydraulique et halieutique 2026-2028, le minist\u00e8re de l&rsquo;Agriculture, de l&rsquo;Eau, des Ressources animales et Halieutiques a lanc\u00e9 l&rsquo;op\u00e9ration \u00ab Z\u00e9ro poulailler vide \u00bb. Dot\u00e9e d&rsquo;un financement annonc\u00e9 de 1 milliard 70 millions de francs CFA, cette initiative vise...","og_url":"https:\/\/lacolombeplus.net\/index.php\/2026\/08\/21\/operation-zero-poulailler-vide-le-gouvernement-veut-relancer-la-production-avicole\/","og_site_name":"WordPress","article_publisher":"https:\/\/web.facebook.com\/profile.php?id=61589477078953","article_published_time":"2026-08-21T17:23:28+00:00","article_modified_time":"2026-08-21T18:00:51+00:00","og_image":[{"width":2048,"height":903,"url":"http:\/\/lacolombeplus.net\/wp-content\/uploads\/2026\/08\/Zero-poulailler-vide-scaled-1.webp","type":"image\/webp"}],"author":"Dramane FAYAMA","twitter_card":"summary_large_image","twitter_misc":{"\u00c9crit par":"Dramane FAYAMA","Dur\u00e9e de lecture estim\u00e9e":"4 minutes"},"schema":{"@context":"https:\/\/schema.org","@graph":[{"@type":"Article","@id":"https:\/\/lacolombeplus.net\/index.php\/2026\/08\/21\/operation-zero-poulailler-vide-le-gouvernement-veut-relancer-la-production-avicole\/#article","isPartOf":{"@id":"https:\/\/lacolombeplus.net\/index.php\/2026\/08\/21\/operation-zero-poulailler-vide-le-gouvernement-veut-relancer-la-production-avicole\/"},"author":{"name":"Dramane FAYAMA","@id":"https:\/\/lacolombeplus.net\/#\/schema\/person\/1a433b3fa6e8f9696f18ece67a69915c"},"headline":"Op\u00e9ration \u00ab Z\u00e9ro poulailler vide \u00bb : Le pari du gouvernement pour booster la fili\u00e8re avicole","datePublished":"2026-08-21T17:23:28+00:00","dateModified":"2026-08-21T18:00:51+00:00","mainEntityOfPage":{"@id":"https:\/\/lacolombeplus.net\/index.php\/2026\/08\/21\/operation-zero-poulailler-vide-le-gouvernement-veut-relancer-la-production-avicole\/"},"wordCount":704,"commentCount":0,"publisher":{"@id":"https:\/\/lacolombeplus.net\/#organization"},"image":{"@id":"https:\/\/lacolombeplus.net\/index.php\/2026\/08\/21\/operation-zero-poulailler-vide-le-gouvernement-veut-relancer-la-production-avicole\/#primaryimage"},"thumbnailUrl":"https:\/\/lacolombeplus.net\/wp-content\/uploads\/2026\/08\/Zero-poulailler-vide-scaled-1.webp","articleSection":["A la Une","D\u00e9veloppement","Economie"],"inLanguage":"fr-FR","potentialAction":[{"@type":"CommentAction","name":"Comment","target":["https:\/\/lacolombeplus.net\/index.php\/2026\/08\/21\/operation-zero-poulailler-vide-le-gouvernement-veut-relancer-la-production-avicole\/#respond"]}]},{"@type":"WebPage","@id":"https:\/\/lacolombeplus.net\/index.php\/2026\/08\/21\/operation-zero-poulailler-vide-le-gouvernement-veut-relancer-la-production-avicole\/","url":"https:\/\/lacolombeplus.net\/index.php\/2026\/08\/21\/operation-zero-poulailler-vide-le-gouvernement-veut-relancer-la-production-avicole\/","name":"Op\u00e9ration \u00ab Z\u00e9ro poulailler vide \u00bb : Le pari du gouvernement pour booster la fili\u00e8re avicole - WordPress","isPartOf":{"@id":"https:\/\/lacolombeplus.net\/#website"},"primaryImageOfPage":{"@id":"https:\/\/lacolombeplus.net\/index.php\/2026\/08\/21\/operation-zero-poulailler-vide-le-gouvernement-veut-relancer-la-production-avicole\/#primaryimage"},"image":{"@id":"https:\/\/lacolombeplus.net\/index.php\/2026\/08\/21\/operation-zero-poulailler-vide-le-gouvernement-veut-relancer-la-production-avicole\/#primaryimage"},"thumbnailUrl":"https:\/\/lacolombeplus.net\/wp-content\/uploads\/2026\/08\/Zero-poulailler-vide-scaled-1.webp","datePublished":"2026-08-21T17:23:28+00:00","dateModified":"2026-08-21T18:00:51+00:00","breadcrumb":{"@id":"https:\/\/lacolombeplus.net\/index.php\/2026\/08\/21\/operation-zero-poulailler-vide-le-gouvernement-veut-relancer-la-production-avicole\/#breadcrumb"},"inLanguage":"fr-FR","potentialAction":[{"@type":"ReadAction","target":["https:\/\/lacolombeplus.net\/index.php\/2026\/08\/21\/operation-zero-poulailler-vide-le-gouvernement-veut-relancer-la-production-avicole\/"]}]},{"@type":"ImageObject","inLanguage":"fr-FR","@id":"https:\/\/lacolombeplus.net\/index.php\/2026\/08\/21\/operation-zero-poulailler-vide-le-gouvernement-veut-relancer-la-production-avicole\/#primaryimage","url":"https:\/\/lacolombeplus.net\/wp-content\/uploads\/2026\/08\/Zero-poulailler-vide-scaled-1.webp","contentUrl":"https:\/\/lacolombeplus.net\/wp-content\/uploads\/2026\/08\/Zero-poulailler-vide-scaled-1.webp","width":2048,"height":903,"caption":"Une mobilisation massive de la presse"},{"@type":"BreadcrumbList","@id":"https:\/\/lacolombeplus.net\/index.php\/2026\/08\/21\/operation-zero-poulailler-vide-le-gouvernement-veut-relancer-la-production-avicole\/#breadcrumb","itemListElement":[{"@type":"ListItem","position":1,"name":"Accueil","item":"https:\/\/lacolombeplus.net\/"},{"@type":"ListItem","position":2,"name":"Op\u00e9ration \u00ab Z\u00e9ro poulailler vide \u00bb : Le pari du gouvernement pour booster la fili\u00e8re avicole"}]},{"@type":"WebSite","@id":"https:\/\/lacolombeplus.net\/#website","url":"https:\/\/lacolombeplus.net\/","name":"Lacolombeplus","description":"","publisher":{"@id":"https:\/\/lacolombeplus.net\/#organization"},"potentialAction":[{"@type":"SearchAction","target":{"@type":"EntryPoint","urlTemplate":"https:\/\/lacolombeplus.net\/?s={search_term_string}"},"query-input":{"@type":"PropertyValueSpecification","valueRequired":true,"valueName":"search_term_string"}}],"inLanguage":"fr-FR"},{"@type":"Organization","@id":"https:\/\/lacolombeplus.net\/#organization","name":"lacolombeplus.net","url":"https:\/\/lacolombeplus.net\/","logo":{"@type":"ImageObject","inLanguage":"fr-FR","@id":"https:\/\/lacolombeplus.net\/#\/schema\/logo\/image\/","url":"https:\/\/lacolombeplus.net\/wp-content\/uploads\/2026\/04\/a84391f3-a521-4177-867d-b9aaa3066b88.png","contentUrl":"https:\/\/lacolombeplus.net\/wp-content\/uploads\/2026\/04\/a84391f3-a521-4177-867d-b9aaa3066b88.png","width":1045,"height":1505,"caption":"lacolombeplus.net"},"image":{"@id":"https:\/\/lacolombeplus.net\/#\/schema\/logo\/image\/"},"sameAs":["https:\/\/web.facebook.com\/profile.php?id=61589477078953"]},{"@type":"Person","@id":"https:\/\/lacolombeplus.net\/#\/schema\/person\/1a433b3fa6e8f9696f18ece67a69915c","name":"Dramane FAYAMA","image":{"@type":"ImageObject","inLanguage":"fr-FR","@id":"https:\/\/secure.gravatar.com\/avatar\/6ae061b9c102ae93ffb7a4076195d78ace54801f91540899a6e8aacf91eacff8?s=96&d=mm&r=g","url":"https:\/\/secure.gravatar.com\/avatar\/6ae061b9c102ae93ffb7a4076195d78ace54801f91540899a6e8aacf91eacff8?s=96&d=mm&r=g","contentUrl":"https:\/\/secure.gravatar.com\/avatar\/6ae061b9c102ae93ffb7a4076195d78ace54801f91540899a6e8aacf91eacff8?s=96&d=mm&r=g","caption":"Dramane FAYAMA"},"url":"https:\/\/lacolombeplus.net\/index.php\/author\/dramane\/"}]}},"jetpack_featured_media_url":"https:\/\/lacolombeplus.net\/wp-content\/uploads\/2026\/08\/Zero-poulailler-vide-scaled-1.webp","jetpack_sharing_enabled":true,"_links":{"self":[{"href":"https:\/\/lacolombeplus.net\/index.php\/wp-json\/wp\/v2\/posts\/38952","targetHints":{"allow":["GET"]}}],"collection":[{"href":"https:\/\/lacolombeplus.net\/index.php\/wp-json\/wp\/v2\/posts"}],"about":[{"href":"https:\/\/lacolombeplus.net\/index.php\/wp-json\/wp\/v2\/types\/post"}],"author":[{"embeddable":true,"href":"https:\/\/lacolombeplus.net\/index.php\/wp-json\/wp\/v2\/users\/6"}],"replies":[{"embeddable":true,"href":"https:\/\/lacolombeplus.net\/index.php\/wp-json\/wp\/v2\/comments?post=38952"}],"version-history":[{"count":6,"href":"https:\/\/lacolombeplus.net\/index.php\/wp-json\/wp\/v2\/posts\/38952\/revisions"}],"predecessor-version":[{"id":38963,"href":"https:\/\/lacolombeplus.net\/index.php\/wp-json\/wp\/v2\/posts\/38952\/revisions\/38963"}],"wp:featuredmedia":[{"embeddable":true,"href":"https:\/\/lacolombeplus.net\/index.php\/wp-json\/wp\/v2\/media\/38955"}],"wp:attachment":[{"href":"https:\/\/lacolombeplus.net\/index.php\/wp-json\/wp\/v2\/media?parent=38952"}],"wp:term":[{"taxonomy":"category","embeddable":true,"href":"https:\/\/lacolombeplus.net\/index.php\/wp-json\/wp\/v2\/categories?post=38952"},{"taxonomy":"post_tag","embeddable":true,"href":"https:\/\/lacolombeplus.net\/index.php\/wp-json\/wp\/v2\/tags?post=38952"}],"curies":[{"name":"wp","href":"https:\/\/api.w.org\/{rel}","templated":true}]}}