{"id":38946,"date":"2026-08-19T16:59:22","date_gmt":"2026-08-19T16:59:22","guid":{"rendered":"https:\/\/lacolombeplus.net\/?p=38946"},"modified":"2026-08-19T16:59:22","modified_gmt":"2026-08-19T16:59:22","slug":"samao-2026-le-burkina-faso-veut-faire-des-ressources-extractives-un-levier-de-souverainete","status":"publish","type":"post","link":"https:\/\/lacolombeplus.net\/index.php\/2026\/08\/19\/samao-2026-le-burkina-faso-veut-faire-des-ressources-extractives-un-levier-de-souverainete\/","title":{"rendered":"SAMAO 2026 : le Burkina Faso veut faire des ressources extractives un levier de souverainet\u00e9"},"content":{"rendered":"<h2><strong>Le Burkina Faso a officiellement lanc\u00e9, mardi 18 ao\u00fbt 2026 \u00e0 Ouagadougou, la 8e \u00e9dition de la Semaine des activit\u00e9s mini\u00e8res d\u2019Afrique de l\u2019Ouest (SAMAO), coupl\u00e9e \u00e0 la premi\u00e8re \u00e9dition de la Semaine de l\u2019\u00e9nergie, des mines et des hydrocarbures de l\u2019Alliance des \u00c9tats du Sahel (AES). Pr\u00e9vue du 14 au 19 septembre prochain sur le site du Salon international de l\u2019artisanat de Ouagadougou (SIAO), cette \u00e9dition entend placer la gouvernance des ressources extractives au c\u0153ur des enjeux g\u00e9opolitiques et du d\u00e9veloppement \u00e9conomique africain.<\/strong><\/h2>\n<p>Plac\u00e9e sous le th\u00e8me \u00ab Gouvernance des ressources extractives, enjeux g\u00e9opolitiques, d\u00e9fis et opportunit\u00e9s pour les \u00c9tats africains \u00bb, la SAMAO 2026 se veut un cadre de r\u00e9flexion, mais surtout d\u2019action autour de la ma\u00eetrise des ressources naturelles. Dans un contexte marqu\u00e9 par la transition \u00e9nerg\u00e9tique, la comp\u00e9tition internationale pour les minerais critiques et la mont\u00e9e des tensions g\u00e9opolitiques, les organisateurs estiment que l\u2019Afrique doit renforcer sa capacit\u00e9 \u00e0 contr\u00f4ler ses ressources et \u00e0 mieux ma\u00eetriser les cha\u00eenes de valeur. Pour le Burkina Faso et les autres pays de l\u2019AES, l\u2019ambition affich\u00e9e est de passer d\u2019une logique d\u2019extraction \u00e0 une v\u00e9ritable transformation locale, cr\u00e9atrice d\u2019emplois et de valeur ajout\u00e9e.<\/p>\n<p>Les \u00e9changes porteront notamment sur la s\u00e9curit\u00e9 des sites extractifs, la souverainet\u00e9 \u00e9nerg\u00e9tique, le financement, les infrastructures, le contenu local ainsi que les exigences environnementales et sociales. D\u00e9cideurs publics, op\u00e9rateurs miniers, investisseurs, chercheurs, experts et repr\u00e9sentants de la soci\u00e9t\u00e9 civile sont attendus pour partager leurs exp\u00e9riences et nouer de nouveaux partenariats.<\/p>\n<figure id=\"attachment_38947\" aria-describedby=\"caption-attachment-38947\" style=\"width: 1600px\" class=\"wp-caption alignnone\"><img fetchpriority=\"high\" decoding=\"async\" class=\"size-full wp-image-38947\" src=\"http:\/\/lacolombeplus.net\/wp-content\/uploads\/2026\/08\/WhatsApp-Image-2026-08-19-at-16.00.47-1.webp\" alt=\"\" width=\"1600\" height=\"1365\" srcset=\"https:\/\/lacolombeplus.net\/wp-content\/uploads\/2026\/08\/WhatsApp-Image-2026-08-19-at-16.00.47-1.webp 1600w, https:\/\/lacolombeplus.net\/wp-content\/uploads\/2026\/08\/WhatsApp-Image-2026-08-19-at-16.00.47-1-300x256.webp 300w, https:\/\/lacolombeplus.net\/wp-content\/uploads\/2026\/08\/WhatsApp-Image-2026-08-19-at-16.00.47-1-1024x874.webp 1024w, https:\/\/lacolombeplus.net\/wp-content\/uploads\/2026\/08\/WhatsApp-Image-2026-08-19-at-16.00.47-1-768x655.webp 768w, https:\/\/lacolombeplus.net\/wp-content\/uploads\/2026\/08\/WhatsApp-Image-2026-08-19-at-16.00.47-1-1536x1310.webp 1536w\" sizes=\"(max-width: 1600px) 100vw, 1600px\" \/><figcaption id=\"caption-attachment-38947\" class=\"wp-caption-text\">Doulaye SANOU, le pr\u00e9sident du comit\u00e9 d\u2019organisation<\/figcaption><\/figure>\n<p>&nbsp;<\/p>\n<p>L\u2019\u00e9dition 2026 entend \u00e9galement innover. Les inscriptions, la r\u00e9servation des stands et la participation aux rencontres B2B seront d\u00e9sormais facilit\u00e9es par des plateformes num\u00e9riques d\u00e9di\u00e9es. Un concours d\u2019innovation, des s\u00e9lections nationales, des panels, des sessions techniques ainsi que des visites de sites miniers et touristiques figurent \u00e9galement au programme. \u00ab<em>Cette digitalisation vise \u00e0 am\u00e9liorer l\u2019organisation de l\u2019\u00e9v\u00e9nement et \u00e0 faciliter la mise en relation entre les diff\u00e9rents acteurs<\/em> \u00bb, \u00e0 laisser entendre le pr\u00e9sident du comit\u00e9 d\u2019organisation Doulaye SANOU<\/p>\n<p>Le couplage de la SAMAO avec la premi\u00e8re Semaine de l\u2019\u00e9nergie, des mines et des hydrocarbures de l\u2019AES traduit, selon les organisateurs, une volont\u00e9 de renforcer la coop\u00e9ration entre le Burkina Faso, le Mali et le Niger dans des secteurs jug\u00e9s strat\u00e9giques pour leur souverainet\u00e9 \u00e9conomique.<\/p>\n<p>Au-del\u00e0 de la mutualisation des r\u00e9flexions, cette rencontre ambitionne de favoriser les partenariats, les investissements et le partage d\u2019expertises entre les \u00c9tats membres de la Conf\u00e9d\u00e9ration.<\/p>\n<p>Au-del\u00e0 de l\u2019exposition des potentialit\u00e9s mini\u00e8res et \u00e9nerg\u00e9tiques, la SAMAO 2026 se pr\u00e9sente ainsi comme un rendez-vous destin\u00e9 \u00e0 transformer les ressources du sous-sol en opportunit\u00e9s concr\u00e8tes pour les populations. Du 14 au 19 septembre \u00e0 Ouagadougou, le d\u00e9fi sera donc de convertir les discours sur la souverainet\u00e9 en partenariats, en investissements et surtout en valeur ajout\u00e9e durable pour les \u00e9conomies de l\u2019AES et, plus largement, du continent africain.<\/p>\n<p style=\"text-align: right;\"><strong><em>Cl\u00e9ment KABA<\/em><\/strong><\/p>\n<p>&nbsp;<\/p>\n","protected":false},"excerpt":{"rendered":"<p>Le Burkina Faso a officiellement lanc\u00e9, mardi 18 ao\u00fbt 2026 \u00e0 Ouagadougou, la 8e \u00e9dition de la Semaine des activit\u00e9s mini\u00e8res d\u2019Afrique de l\u2019Ouest (SAMAO), coupl\u00e9e \u00e0 la premi\u00e8re \u00e9dition de la Semaine de l\u2019\u00e9nergie, des mines et des hydrocarbures de l\u2019Alliance des \u00c9tats du Sahel (AES). Pr\u00e9vue du 14 au 19 septembre prochain sur&#8230;<\/p>\n","protected":false},"author":6,"featured_media":38948,"comment_status":"open","ping_status":"open","sticky":false,"template":"","format":"standard","meta":{"_jetpack_newsletter_access":"","_jetpack_dont_email_post_to_subs":false,"_jetpack_newsletter_tier_id":0,"_jetpack_memberships_contains_paywalled_content":false,"_jetpack_feature_clip_id":0,"_jetpack_memberships_contains_paid_content":false,"footnotes":"","jetpack_post_was_ever_published":false},"categories":[2,193],"tags":[],"class_list":["post-38946","post","type-post","status-publish","format-standard","has-post-thumbnail","hentry","category-a-la-une","category-developpement"],"yoast_head":"<!-- This site is optimized with the Yoast SEO plugin v28.3 - https:\/\/yoast.com\/product\/yoast-seo-wordpress\/ -->\n<title>SAMAO 2026 : le Burkina Faso veut faire des ressources extractives un levier de souverainet\u00e9 - WordPress<\/title>\n<meta name=\"robots\" content=\"index, follow, max-snippet:-1, max-image-preview:large, max-video-preview:-1\" \/>\n<link rel=\"canonical\" href=\"https:\/\/lacolombeplus.net\/index.php\/2026\/08\/19\/samao-2026-le-burkina-faso-veut-faire-des-ressources-extractives-un-levier-de-souverainete\/\" \/>\n<meta property=\"og:locale\" content=\"fr_FR\" \/>\n<meta property=\"og:type\" content=\"article\" \/>\n<meta property=\"og:title\" content=\"SAMAO 2026 : le Burkina Faso veut faire des ressources extractives un levier de souverainet\u00e9 - WordPress\" \/>\n<meta property=\"og:description\" content=\"Le Burkina Faso a officiellement lanc\u00e9, mardi 18 ao\u00fbt 2026 \u00e0 Ouagadougou, la 8e \u00e9dition de la Semaine des activit\u00e9s mini\u00e8res d\u2019Afrique de l\u2019Ouest (SAMAO), coupl\u00e9e \u00e0 la premi\u00e8re \u00e9dition de la Semaine de l\u2019\u00e9nergie, des mines et des hydrocarbures de l\u2019Alliance des \u00c9tats du Sahel (AES). Pr\u00e9vue du 14 au 19 septembre prochain sur...\" \/>\n<meta property=\"og:url\" content=\"https:\/\/lacolombeplus.net\/index.php\/2026\/08\/19\/samao-2026-le-burkina-faso-veut-faire-des-ressources-extractives-un-levier-de-souverainete\/\" \/>\n<meta property=\"og:site_name\" content=\"WordPress\" \/>\n<meta property=\"article:publisher\" content=\"https:\/\/web.facebook.com\/profile.php?id=61589477078953\" \/>\n<meta property=\"article:published_time\" content=\"2026-08-19T16:59:22+00:00\" \/>\n<meta property=\"og:image\" content=\"http:\/\/lacolombeplus.net\/wp-content\/uploads\/2026\/08\/WhatsApp-Image-2026-08-19-at-16.00.47.webp\" \/>\n\t<meta property=\"og:image:width\" content=\"2560\" \/>\n\t<meta property=\"og:image:height\" content=\"1600\" \/>\n\t<meta property=\"og:image:type\" content=\"image\/webp\" \/>\n<meta name=\"author\" content=\"Dramane FAYAMA\" \/>\n<meta name=\"twitter:card\" content=\"summary_large_image\" \/>\n<meta name=\"twitter:label1\" content=\"\u00c9crit par\" \/>\n\t<meta name=\"twitter:data1\" content=\"Dramane FAYAMA\" \/>\n\t<meta name=\"twitter:label2\" content=\"Dur\u00e9e de lecture estim\u00e9e\" \/>\n\t<meta name=\"twitter:data2\" content=\"3 minutes\" \/>\n<script type=\"application\/ld+json\" class=\"yoast-schema-graph\">{\"@context\":\"https:\\\/\\\/schema.org\",\"@graph\":[{\"@type\":\"Article\",\"@id\":\"https:\\\/\\\/lacolombeplus.net\\\/index.php\\\/2026\\\/08\\\/19\\\/samao-2026-le-burkina-faso-veut-faire-des-ressources-extractives-un-levier-de-souverainete\\\/#article\",\"isPartOf\":{\"@id\":\"https:\\\/\\\/lacolombeplus.net\\\/index.php\\\/2026\\\/08\\\/19\\\/samao-2026-le-burkina-faso-veut-faire-des-ressources-extractives-un-levier-de-souverainete\\\/\"},\"author\":{\"name\":\"Dramane FAYAMA\",\"@id\":\"https:\\\/\\\/lacolombeplus.net\\\/#\\\/schema\\\/person\\\/1a433b3fa6e8f9696f18ece67a69915c\"},\"headline\":\"SAMAO 2026 : le Burkina Faso veut faire des ressources extractives un levier de souverainet\u00e9\",\"datePublished\":\"2026-08-19T16:59:22+00:00\",\"mainEntityOfPage\":{\"@id\":\"https:\\\/\\\/lacolombeplus.net\\\/index.php\\\/2026\\\/08\\\/19\\\/samao-2026-le-burkina-faso-veut-faire-des-ressources-extractives-un-levier-de-souverainete\\\/\"},\"wordCount\":559,\"commentCount\":0,\"publisher\":{\"@id\":\"https:\\\/\\\/lacolombeplus.net\\\/#organization\"},\"image\":{\"@id\":\"https:\\\/\\\/lacolombeplus.net\\\/index.php\\\/2026\\\/08\\\/19\\\/samao-2026-le-burkina-faso-veut-faire-des-ressources-extractives-un-levier-de-souverainete\\\/#primaryimage\"},\"thumbnailUrl\":\"https:\\\/\\\/lacolombeplus.net\\\/wp-content\\\/uploads\\\/2026\\\/08\\\/WhatsApp-Image-2026-08-19-at-16.00.47.webp\",\"articleSection\":[\"A la Une\",\"D\u00e9veloppement\"],\"inLanguage\":\"fr-FR\",\"potentialAction\":[{\"@type\":\"CommentAction\",\"name\":\"Comment\",\"target\":[\"https:\\\/\\\/lacolombeplus.net\\\/index.php\\\/2026\\\/08\\\/19\\\/samao-2026-le-burkina-faso-veut-faire-des-ressources-extractives-un-levier-de-souverainete\\\/#respond\"]}]},{\"@type\":\"WebPage\",\"@id\":\"https:\\\/\\\/lacolombeplus.net\\\/index.php\\\/2026\\\/08\\\/19\\\/samao-2026-le-burkina-faso-veut-faire-des-ressources-extractives-un-levier-de-souverainete\\\/\",\"url\":\"https:\\\/\\\/lacolombeplus.net\\\/index.php\\\/2026\\\/08\\\/19\\\/samao-2026-le-burkina-faso-veut-faire-des-ressources-extractives-un-levier-de-souverainete\\\/\",\"name\":\"SAMAO 2026 : le Burkina Faso veut faire des ressources extractives un levier de souverainet\u00e9 - WordPress\",\"isPartOf\":{\"@id\":\"https:\\\/\\\/lacolombeplus.net\\\/#website\"},\"primaryImageOfPage\":{\"@id\":\"https:\\\/\\\/lacolombeplus.net\\\/index.php\\\/2026\\\/08\\\/19\\\/samao-2026-le-burkina-faso-veut-faire-des-ressources-extractives-un-levier-de-souverainete\\\/#primaryimage\"},\"image\":{\"@id\":\"https:\\\/\\\/lacolombeplus.net\\\/index.php\\\/2026\\\/08\\\/19\\\/samao-2026-le-burkina-faso-veut-faire-des-ressources-extractives-un-levier-de-souverainete\\\/#primaryimage\"},\"thumbnailUrl\":\"https:\\\/\\\/lacolombeplus.net\\\/wp-content\\\/uploads\\\/2026\\\/08\\\/WhatsApp-Image-2026-08-19-at-16.00.47.webp\",\"datePublished\":\"2026-08-19T16:59:22+00:00\",\"breadcrumb\":{\"@id\":\"https:\\\/\\\/lacolombeplus.net\\\/index.php\\\/2026\\\/08\\\/19\\\/samao-2026-le-burkina-faso-veut-faire-des-ressources-extractives-un-levier-de-souverainete\\\/#breadcrumb\"},\"inLanguage\":\"fr-FR\",\"potentialAction\":[{\"@type\":\"ReadAction\",\"target\":[\"https:\\\/\\\/lacolombeplus.net\\\/index.php\\\/2026\\\/08\\\/19\\\/samao-2026-le-burkina-faso-veut-faire-des-ressources-extractives-un-levier-de-souverainete\\\/\"]}]},{\"@type\":\"ImageObject\",\"inLanguage\":\"fr-FR\",\"@id\":\"https:\\\/\\\/lacolombeplus.net\\\/index.php\\\/2026\\\/08\\\/19\\\/samao-2026-le-burkina-faso-veut-faire-des-ressources-extractives-un-levier-de-souverainete\\\/#primaryimage\",\"url\":\"https:\\\/\\\/lacolombeplus.net\\\/wp-content\\\/uploads\\\/2026\\\/08\\\/WhatsApp-Image-2026-08-19-at-16.00.47.webp\",\"contentUrl\":\"https:\\\/\\\/lacolombeplus.net\\\/wp-content\\\/uploads\\\/2026\\\/08\\\/WhatsApp-Image-2026-08-19-at-16.00.47.webp\",\"width\":2560,\"height\":1600},{\"@type\":\"BreadcrumbList\",\"@id\":\"https:\\\/\\\/lacolombeplus.net\\\/index.php\\\/2026\\\/08\\\/19\\\/samao-2026-le-burkina-faso-veut-faire-des-ressources-extractives-un-levier-de-souverainete\\\/#breadcrumb\",\"itemListElement\":[{\"@type\":\"ListItem\",\"position\":1,\"name\":\"Accueil\",\"item\":\"https:\\\/\\\/lacolombeplus.net\\\/\"},{\"@type\":\"ListItem\",\"position\":2,\"name\":\"SAMAO 2026 : le Burkina Faso veut faire des ressources extractives un levier de souverainet\u00e9\"}]},{\"@type\":\"WebSite\",\"@id\":\"https:\\\/\\\/lacolombeplus.net\\\/#website\",\"url\":\"https:\\\/\\\/lacolombeplus.net\\\/\",\"name\":\"Lacolombeplus\",\"description\":\"\",\"publisher\":{\"@id\":\"https:\\\/\\\/lacolombeplus.net\\\/#organization\"},\"potentialAction\":[{\"@type\":\"SearchAction\",\"target\":{\"@type\":\"EntryPoint\",\"urlTemplate\":\"https:\\\/\\\/lacolombeplus.net\\\/?s={search_term_string}\"},\"query-input\":{\"@type\":\"PropertyValueSpecification\",\"valueRequired\":true,\"valueName\":\"search_term_string\"}}],\"inLanguage\":\"fr-FR\"},{\"@type\":\"Organization\",\"@id\":\"https:\\\/\\\/lacolombeplus.net\\\/#organization\",\"name\":\"lacolombeplus.net\",\"url\":\"https:\\\/\\\/lacolombeplus.net\\\/\",\"logo\":{\"@type\":\"ImageObject\",\"inLanguage\":\"fr-FR\",\"@id\":\"https:\\\/\\\/lacolombeplus.net\\\/#\\\/schema\\\/logo\\\/image\\\/\",\"url\":\"https:\\\/\\\/lacolombeplus.net\\\/wp-content\\\/uploads\\\/2026\\\/04\\\/a84391f3-a521-4177-867d-b9aaa3066b88.png\",\"contentUrl\":\"https:\\\/\\\/lacolombeplus.net\\\/wp-content\\\/uploads\\\/2026\\\/04\\\/a84391f3-a521-4177-867d-b9aaa3066b88.png\",\"width\":1045,\"height\":1505,\"caption\":\"lacolombeplus.net\"},\"image\":{\"@id\":\"https:\\\/\\\/lacolombeplus.net\\\/#\\\/schema\\\/logo\\\/image\\\/\"},\"sameAs\":[\"https:\\\/\\\/web.facebook.com\\\/profile.php?id=61589477078953\"]},{\"@type\":\"Person\",\"@id\":\"https:\\\/\\\/lacolombeplus.net\\\/#\\\/schema\\\/person\\\/1a433b3fa6e8f9696f18ece67a69915c\",\"name\":\"Dramane FAYAMA\",\"image\":{\"@type\":\"ImageObject\",\"inLanguage\":\"fr-FR\",\"@id\":\"https:\\\/\\\/secure.gravatar.com\\\/avatar\\\/6ae061b9c102ae93ffb7a4076195d78ace54801f91540899a6e8aacf91eacff8?s=96&d=mm&r=g\",\"url\":\"https:\\\/\\\/secure.gravatar.com\\\/avatar\\\/6ae061b9c102ae93ffb7a4076195d78ace54801f91540899a6e8aacf91eacff8?s=96&d=mm&r=g\",\"contentUrl\":\"https:\\\/\\\/secure.gravatar.com\\\/avatar\\\/6ae061b9c102ae93ffb7a4076195d78ace54801f91540899a6e8aacf91eacff8?s=96&d=mm&r=g\",\"caption\":\"Dramane FAYAMA\"},\"url\":\"https:\\\/\\\/lacolombeplus.net\\\/index.php\\\/author\\\/dramane\\\/\"}]}<\/script>\n<!-- \/ Yoast SEO plugin. -->","yoast_head_json":{"title":"SAMAO 2026 : le Burkina Faso veut faire des ressources extractives un levier de souverainet\u00e9 - WordPress","robots":{"index":"index","follow":"follow","max-snippet":"max-snippet:-1","max-image-preview":"max-image-preview:large","max-video-preview":"max-video-preview:-1"},"canonical":"https:\/\/lacolombeplus.net\/index.php\/2026\/08\/19\/samao-2026-le-burkina-faso-veut-faire-des-ressources-extractives-un-levier-de-souverainete\/","og_locale":"fr_FR","og_type":"article","og_title":"SAMAO 2026 : le Burkina Faso veut faire des ressources extractives un levier de souverainet\u00e9 - WordPress","og_description":"Le Burkina Faso a officiellement lanc\u00e9, mardi 18 ao\u00fbt 2026 \u00e0 Ouagadougou, la 8e \u00e9dition de la Semaine des activit\u00e9s mini\u00e8res d\u2019Afrique de l\u2019Ouest (SAMAO), coupl\u00e9e \u00e0 la premi\u00e8re \u00e9dition de la Semaine de l\u2019\u00e9nergie, des mines et des hydrocarbures de l\u2019Alliance des \u00c9tats du Sahel (AES). Pr\u00e9vue du 14 au 19 septembre prochain sur...","og_url":"https:\/\/lacolombeplus.net\/index.php\/2026\/08\/19\/samao-2026-le-burkina-faso-veut-faire-des-ressources-extractives-un-levier-de-souverainete\/","og_site_name":"WordPress","article_publisher":"https:\/\/web.facebook.com\/profile.php?id=61589477078953","article_published_time":"2026-08-19T16:59:22+00:00","og_image":[{"width":2560,"height":1600,"url":"http:\/\/lacolombeplus.net\/wp-content\/uploads\/2026\/08\/WhatsApp-Image-2026-08-19-at-16.00.47.webp","type":"image\/webp"}],"author":"Dramane FAYAMA","twitter_card":"summary_large_image","twitter_misc":{"\u00c9crit par":"Dramane FAYAMA","Dur\u00e9e de lecture estim\u00e9e":"3 minutes"},"schema":{"@context":"https:\/\/schema.org","@graph":[{"@type":"Article","@id":"https:\/\/lacolombeplus.net\/index.php\/2026\/08\/19\/samao-2026-le-burkina-faso-veut-faire-des-ressources-extractives-un-levier-de-souverainete\/#article","isPartOf":{"@id":"https:\/\/lacolombeplus.net\/index.php\/2026\/08\/19\/samao-2026-le-burkina-faso-veut-faire-des-ressources-extractives-un-levier-de-souverainete\/"},"author":{"name":"Dramane FAYAMA","@id":"https:\/\/lacolombeplus.net\/#\/schema\/person\/1a433b3fa6e8f9696f18ece67a69915c"},"headline":"SAMAO 2026 : le Burkina Faso veut faire des ressources extractives un levier de souverainet\u00e9","datePublished":"2026-08-19T16:59:22+00:00","mainEntityOfPage":{"@id":"https:\/\/lacolombeplus.net\/index.php\/2026\/08\/19\/samao-2026-le-burkina-faso-veut-faire-des-ressources-extractives-un-levier-de-souverainete\/"},"wordCount":559,"commentCount":0,"publisher":{"@id":"https:\/\/lacolombeplus.net\/#organization"},"image":{"@id":"https:\/\/lacolombeplus.net\/index.php\/2026\/08\/19\/samao-2026-le-burkina-faso-veut-faire-des-ressources-extractives-un-levier-de-souverainete\/#primaryimage"},"thumbnailUrl":"https:\/\/lacolombeplus.net\/wp-content\/uploads\/2026\/08\/WhatsApp-Image-2026-08-19-at-16.00.47.webp","articleSection":["A la Une","D\u00e9veloppement"],"inLanguage":"fr-FR","potentialAction":[{"@type":"CommentAction","name":"Comment","target":["https:\/\/lacolombeplus.net\/index.php\/2026\/08\/19\/samao-2026-le-burkina-faso-veut-faire-des-ressources-extractives-un-levier-de-souverainete\/#respond"]}]},{"@type":"WebPage","@id":"https:\/\/lacolombeplus.net\/index.php\/2026\/08\/19\/samao-2026-le-burkina-faso-veut-faire-des-ressources-extractives-un-levier-de-souverainete\/","url":"https:\/\/lacolombeplus.net\/index.php\/2026\/08\/19\/samao-2026-le-burkina-faso-veut-faire-des-ressources-extractives-un-levier-de-souverainete\/","name":"SAMAO 2026 : le Burkina Faso veut faire des ressources extractives un levier de souverainet\u00e9 - WordPress","isPartOf":{"@id":"https:\/\/lacolombeplus.net\/#website"},"primaryImageOfPage":{"@id":"https:\/\/lacolombeplus.net\/index.php\/2026\/08\/19\/samao-2026-le-burkina-faso-veut-faire-des-ressources-extractives-un-levier-de-souverainete\/#primaryimage"},"image":{"@id":"https:\/\/lacolombeplus.net\/index.php\/2026\/08\/19\/samao-2026-le-burkina-faso-veut-faire-des-ressources-extractives-un-levier-de-souverainete\/#primaryimage"},"thumbnailUrl":"https:\/\/lacolombeplus.net\/wp-content\/uploads\/2026\/08\/WhatsApp-Image-2026-08-19-at-16.00.47.webp","datePublished":"2026-08-19T16:59:22+00:00","breadcrumb":{"@id":"https:\/\/lacolombeplus.net\/index.php\/2026\/08\/19\/samao-2026-le-burkina-faso-veut-faire-des-ressources-extractives-un-levier-de-souverainete\/#breadcrumb"},"inLanguage":"fr-FR","potentialAction":[{"@type":"ReadAction","target":["https:\/\/lacolombeplus.net\/index.php\/2026\/08\/19\/samao-2026-le-burkina-faso-veut-faire-des-ressources-extractives-un-levier-de-souverainete\/"]}]},{"@type":"ImageObject","inLanguage":"fr-FR","@id":"https:\/\/lacolombeplus.net\/index.php\/2026\/08\/19\/samao-2026-le-burkina-faso-veut-faire-des-ressources-extractives-un-levier-de-souverainete\/#primaryimage","url":"https:\/\/lacolombeplus.net\/wp-content\/uploads\/2026\/08\/WhatsApp-Image-2026-08-19-at-16.00.47.webp","contentUrl":"https:\/\/lacolombeplus.net\/wp-content\/uploads\/2026\/08\/WhatsApp-Image-2026-08-19-at-16.00.47.webp","width":2560,"height":1600},{"@type":"BreadcrumbList","@id":"https:\/\/lacolombeplus.net\/index.php\/2026\/08\/19\/samao-2026-le-burkina-faso-veut-faire-des-ressources-extractives-un-levier-de-souverainete\/#breadcrumb","itemListElement":[{"@type":"ListItem","position":1,"name":"Accueil","item":"https:\/\/lacolombeplus.net\/"},{"@type":"ListItem","position":2,"name":"SAMAO 2026 : le Burkina Faso veut faire des ressources extractives un levier de souverainet\u00e9"}]},{"@type":"WebSite","@id":"https:\/\/lacolombeplus.net\/#website","url":"https:\/\/lacolombeplus.net\/","name":"Lacolombeplus","description":"","publisher":{"@id":"https:\/\/lacolombeplus.net\/#organization"},"potentialAction":[{"@type":"SearchAction","target":{"@type":"EntryPoint","urlTemplate":"https:\/\/lacolombeplus.net\/?s={search_term_string}"},"query-input":{"@type":"PropertyValueSpecification","valueRequired":true,"valueName":"search_term_string"}}],"inLanguage":"fr-FR"},{"@type":"Organization","@id":"https:\/\/lacolombeplus.net\/#organization","name":"lacolombeplus.net","url":"https:\/\/lacolombeplus.net\/","logo":{"@type":"ImageObject","inLanguage":"fr-FR","@id":"https:\/\/lacolombeplus.net\/#\/schema\/logo\/image\/","url":"https:\/\/lacolombeplus.net\/wp-content\/uploads\/2026\/04\/a84391f3-a521-4177-867d-b9aaa3066b88.png","contentUrl":"https:\/\/lacolombeplus.net\/wp-content\/uploads\/2026\/04\/a84391f3-a521-4177-867d-b9aaa3066b88.png","width":1045,"height":1505,"caption":"lacolombeplus.net"},"image":{"@id":"https:\/\/lacolombeplus.net\/#\/schema\/logo\/image\/"},"sameAs":["https:\/\/web.facebook.com\/profile.php?id=61589477078953"]},{"@type":"Person","@id":"https:\/\/lacolombeplus.net\/#\/schema\/person\/1a433b3fa6e8f9696f18ece67a69915c","name":"Dramane FAYAMA","image":{"@type":"ImageObject","inLanguage":"fr-FR","@id":"https:\/\/secure.gravatar.com\/avatar\/6ae061b9c102ae93ffb7a4076195d78ace54801f91540899a6e8aacf91eacff8?s=96&d=mm&r=g","url":"https:\/\/secure.gravatar.com\/avatar\/6ae061b9c102ae93ffb7a4076195d78ace54801f91540899a6e8aacf91eacff8?s=96&d=mm&r=g","contentUrl":"https:\/\/secure.gravatar.com\/avatar\/6ae061b9c102ae93ffb7a4076195d78ace54801f91540899a6e8aacf91eacff8?s=96&d=mm&r=g","caption":"Dramane FAYAMA"},"url":"https:\/\/lacolombeplus.net\/index.php\/author\/dramane\/"}]}},"jetpack_featured_media_url":"https:\/\/lacolombeplus.net\/wp-content\/uploads\/2026\/08\/WhatsApp-Image-2026-08-19-at-16.00.47.webp","jetpack_sharing_enabled":true,"_links":{"self":[{"href":"https:\/\/lacolombeplus.net\/index.php\/wp-json\/wp\/v2\/posts\/38946","targetHints":{"allow":["GET"]}}],"collection":[{"href":"https:\/\/lacolombeplus.net\/index.php\/wp-json\/wp\/v2\/posts"}],"about":[{"href":"https:\/\/lacolombeplus.net\/index.php\/wp-json\/wp\/v2\/types\/post"}],"author":[{"embeddable":true,"href":"https:\/\/lacolombeplus.net\/index.php\/wp-json\/wp\/v2\/users\/6"}],"replies":[{"embeddable":true,"href":"https:\/\/lacolombeplus.net\/index.php\/wp-json\/wp\/v2\/comments?post=38946"}],"version-history":[{"count":1,"href":"https:\/\/lacolombeplus.net\/index.php\/wp-json\/wp\/v2\/posts\/38946\/revisions"}],"predecessor-version":[{"id":38949,"href":"https:\/\/lacolombeplus.net\/index.php\/wp-json\/wp\/v2\/posts\/38946\/revisions\/38949"}],"wp:featuredmedia":[{"embeddable":true,"href":"https:\/\/lacolombeplus.net\/index.php\/wp-json\/wp\/v2\/media\/38948"}],"wp:attachment":[{"href":"https:\/\/lacolombeplus.net\/index.php\/wp-json\/wp\/v2\/media?parent=38946"}],"wp:term":[{"taxonomy":"category","embeddable":true,"href":"https:\/\/lacolombeplus.net\/index.php\/wp-json\/wp\/v2\/categories?post=38946"},{"taxonomy":"post_tag","embeddable":true,"href":"https:\/\/lacolombeplus.net\/index.php\/wp-json\/wp\/v2\/tags?post=38946"}],"curies":[{"name":"wp","href":"https:\/\/api.w.org\/{rel}","templated":true}]}}