{"id":38927,"date":"2026-08-18T19:35:51","date_gmt":"2026-08-18T19:35:51","guid":{"rendered":"https:\/\/lacolombeplus.net\/?p=38927"},"modified":"2026-08-18T19:35:51","modified_gmt":"2026-08-18T19:35:51","slug":"cooperation-le-premier-ministre-recoit-le-sous-secretaire-general-des-nations-unies-et-administrateur-associe-du-pnud","status":"publish","type":"post","link":"https:\/\/lacolombeplus.net\/index.php\/2026\/08\/18\/cooperation-le-premier-ministre-recoit-le-sous-secretaire-general-des-nations-unies-et-administrateur-associe-du-pnud\/","title":{"rendered":"Coop\u00e9ration : le Premier ministre re\u00e7oit le Sous-Secr\u00e9taire g\u00e9n\u00e9ral des Nations Unies et Administrateur associ\u00e9 du PNUD"},"content":{"rendered":"<h1>Le Camarade Premier ministre, Rimtalba Jean Emmanuel Ou\u00e9draogo, a re\u00e7u en audience, ce mardi 18 ao\u00fbt 2026 \u00e0 Ouagadougou, le Sous-Secr\u00e9taire g\u00e9n\u00e9ral des Nations Unies et Administrateur associ\u00e9 du Programme des Nations Unies pour le d\u00e9veloppement (PNUD), Monsieur Haoliang Xu.<\/h1>\n<p>En visite de travail au Burkina Faso apr\u00e8s le Mali et le Niger, le responsable onusien a expliqu\u00e9 avoir tenu \u00e0 effectuer ce d\u00e9placement pour appr\u00e9cier directement les r\u00e9alit\u00e9s du terrain, au-del\u00e0 des rapports et analyses qui lui sont transmis, et \u00e9changer avec les autorit\u00e9s sur les perspectives de coop\u00e9ration. Une d\u00e9marche salu\u00e9e par le Chef du Gouvernement, qui a appr\u00e9ci\u00e9 ce choix de parcourir les pays de l\u2019Alliance des \u00c9tats du Sahel afin de mieux comprendre leurs r\u00e9alit\u00e9s et leurs priorit\u00e9s.<\/p>\n<p>Au c\u0153ur des \u00e9changes figurait le Plan RELANCE, nouveau r\u00e9f\u00e9rentiel de d\u00e9veloppement du Burkina Faso, ainsi que la contribution que le PNUD pourrait apporter \u00e0 sa mise en \u0153uvre, dans le respect du leadership national et des choix souverains du pays.<\/p>\n<figure id=\"attachment_38930\" aria-describedby=\"caption-attachment-38930\" style=\"width: 2560px\" class=\"wp-caption alignnone\"><img fetchpriority=\"high\" decoding=\"async\" class=\"size-full wp-image-38930\" src=\"http:\/\/lacolombeplus.net\/wp-content\/uploads\/2026\/08\/IMG-20260818-WA0060.webp\" alt=\"\" width=\"2560\" height=\"1738\" srcset=\"https:\/\/lacolombeplus.net\/wp-content\/uploads\/2026\/08\/IMG-20260818-WA0060.webp 2560w, https:\/\/lacolombeplus.net\/wp-content\/uploads\/2026\/08\/IMG-20260818-WA0060-300x204.webp 300w, https:\/\/lacolombeplus.net\/wp-content\/uploads\/2026\/08\/IMG-20260818-WA0060-1024x695.webp 1024w, https:\/\/lacolombeplus.net\/wp-content\/uploads\/2026\/08\/IMG-20260818-WA0060-768x521.webp 768w, https:\/\/lacolombeplus.net\/wp-content\/uploads\/2026\/08\/IMG-20260818-WA0060-1536x1043.webp 1536w, https:\/\/lacolombeplus.net\/wp-content\/uploads\/2026\/08\/IMG-20260818-WA0060-2048x1390.webp 2048w\" sizes=\"(max-width: 2560px) 100vw, 2560px\" \/><figcaption id=\"caption-attachment-38930\" class=\"wp-caption-text\">Monsieur Haoliang Xu, Sous-Secr\u00e9taire g\u00e9n\u00e9ral des Nations Unies et Administrateur associ\u00e9 du Programme des Nations Unies pour le d\u00e9veloppement (PNUD).<\/figcaption><\/figure>\n<p>\u00c0 l\u2019issue de l\u2019audience, M. Haoliang Xu a dit avoir eu \u00ab <strong>une tr\u00e8s bonne discussion<\/strong> \u00bb avec le Premier ministre, notamment sur la souverainet\u00e9, les priorit\u00e9s nationales et l\u2019\u00e9volution du r\u00f4le du syst\u00e8me des Nations Unies.<\/p>\n<p>\u00ab <em>Nous avons discut\u00e9 de ce que pourrait \u00eatre le r\u00f4le des Nations Unies et du PNUD dans la mise en \u0153uvre du Plan RELANCE, sous le leadership du Gouvernement et dans le respect des principes de souverainet\u00e9<\/em> \u00bb, a-t-il expliqu\u00e9.<\/p>\n<p>Le Sous-Secr\u00e9taire g\u00e9n\u00e9ral des Nations Unies a port\u00e9 une appr\u00e9ciation positive sur le Plan RELANCE, dont il a soulign\u00e9 \u00e0 la fois l\u2019ambition, la clart\u00e9 du diagnostic et la pr\u00e9cision des objectifs et des indicateurs. Il a particuli\u00e8rement relev\u00e9 la volont\u00e9 du Burkina Faso d\u2019am\u00e9liorer les conditions de vie des populations en fondant prioritairement son d\u00e9veloppement sur la mobilisation de ses propres ressources.<\/p>\n<p>Selon son analyse, environ 65 % des besoins de financement du Plan devraient \u00eatre couverts par les ressources nationales, tandis que les 35 % restants constituent un espace pour le partenariat et la solidarit\u00e9 internationale. Il a, \u00e0 ce titre, \u00e9voqu\u00e9 le Cadre national de financement int\u00e9gr\u00e9, sur lequel le PNUD travaille avec le d\u00e9partement en charge des Finances, comme un instrument susceptible de contribuer \u00e0 la mobilisation de ressources compl\u00e9mentaires.<\/p>\n<p style=\"padding-left: 40px;\"><img decoding=\"async\" class=\"size-full wp-image-38931 alignleft\" src=\"http:\/\/lacolombeplus.net\/wp-content\/uploads\/2026\/08\/IMG-20260818-WA0067.webp\" alt=\"\" width=\"1603\" height=\"2074\" srcset=\"https:\/\/lacolombeplus.net\/wp-content\/uploads\/2026\/08\/IMG-20260818-WA0067.webp 1603w, https:\/\/lacolombeplus.net\/wp-content\/uploads\/2026\/08\/IMG-20260818-WA0067-232x300.webp 232w, https:\/\/lacolombeplus.net\/wp-content\/uploads\/2026\/08\/IMG-20260818-WA0067-791x1024.webp 791w, https:\/\/lacolombeplus.net\/wp-content\/uploads\/2026\/08\/IMG-20260818-WA0067-768x994.webp 768w, https:\/\/lacolombeplus.net\/wp-content\/uploads\/2026\/08\/IMG-20260818-WA0067-1187x1536.webp 1187w, https:\/\/lacolombeplus.net\/wp-content\/uploads\/2026\/08\/IMG-20260818-WA0067-1583x2048.webp 1583w\" sizes=\"(max-width: 1603px) 100vw, 1603px\" \/><\/p>\n<p>Mais dans un contexte international marqu\u00e9 par la rar\u00e9faction de l\u2019aide au d\u00e9veloppement et la r\u00e9duction de plusieurs financements, l\u2019accompagnement du PNUD ne saurait, selon M. Haoliang Xu, se limiter \u00e0 la mobilisation de ressources financi\u00e8res.<\/p>\n<p>\u00ab <em>Le monde du d\u00e9veloppement est en train de changer et notre r\u00f4le en tant que PNUD doit aussi changer<\/em> \u00bb, a-t-il indiqu\u00e9.<\/p>\n<p>Cette \u00e9volution pourrait notamment se traduire par un appui accru au renforcement des comp\u00e9tences des structures de l\u2019\u00c9tat, la mise \u00e0 disposition de l\u2019expertise et des exp\u00e9riences acquises par le PNUD dans diff\u00e9rents pays, ainsi que l\u2019accompagnement de solutions adapt\u00e9es aux priorit\u00e9s nationales. Le recours aux m\u00e9canismes d\u2019acquisition du PNUD pour certains biens et \u00e9quipements a \u00e9galement \u00e9t\u00e9 \u00e9voqu\u00e9 comme une piste permettant de r\u00e9aliser des \u00e9conomies d\u2019\u00e9chelle et de gagner en c\u00e9l\u00e9rit\u00e9.<\/p>\n<p>Les \u00e9changes ont aussi port\u00e9 sur le passage \u00e0 l\u2019\u00e9chelle, sur financement public, de certains projets autrefois accompagn\u00e9s par le PNUD et ayant produit des r\u00e9sultats probants. Une perspective qui permettrait \u00e0 l\u2019\u00c9tat de capitaliser les exp\u00e9riences r\u00e9ussies et d\u2019en assurer une appropriation durable.<\/p>\n<p>Face \u00e0 la contraction des ressources ext\u00e9rieures, le Premier ministre a r\u00e9affirm\u00e9, pour sa part, la d\u00e9termination du Burkina Faso \u00e0 compter d\u2019abord sur ses propres capacit\u00e9s pour financer son d\u00e9veloppement. Pour le Camarade Rimtalba Jean Emmanuel Ou\u00e9draogo, les mutations actuelles de l\u2019environnement international constituent \u00e9galement un moment de clarification dans les relations entre les \u00c9tats.<\/p>\n<p>Le Chef du Gouvernement a relev\u00e9 que d\u2019importantes ressources sont aujourd\u2019hui mobilis\u00e9es dans le monde \u00e0 des fins qui ne concourent pas n\u00e9cessairement \u00e0 la paix et au d\u00e9veloppement. Cette \u00e9volution conforte, selon lui, le Burkina Faso dans son choix de souverainet\u00e9 et de mobilisation endog\u00e8ne des ressources.<\/p>\n<p>\u00ab <em>On ne peut pas revendiquer la souverainet\u00e9 en tendant la main. C\u2019est pourquoi nous comptons d\u2019abord sur nos propres moyens. L\u2019\u00e9volution de la situation internationale nous conforte dans notre position<\/em> \u00bb, a-t-il soulign\u00e9.<\/p>\n<figure id=\"attachment_38929\" aria-describedby=\"caption-attachment-38929\" style=\"width: 2560px\" class=\"wp-caption alignnone\"><img decoding=\"async\" class=\"size-full wp-image-38929\" src=\"http:\/\/lacolombeplus.net\/wp-content\/uploads\/2026\/08\/IMG-20260818-WA0062.webp\" alt=\"\" width=\"2560\" height=\"1682\" srcset=\"https:\/\/lacolombeplus.net\/wp-content\/uploads\/2026\/08\/IMG-20260818-WA0062.webp 2560w, https:\/\/lacolombeplus.net\/wp-content\/uploads\/2026\/08\/IMG-20260818-WA0062-300x197.webp 300w, https:\/\/lacolombeplus.net\/wp-content\/uploads\/2026\/08\/IMG-20260818-WA0062-1024x673.webp 1024w, https:\/\/lacolombeplus.net\/wp-content\/uploads\/2026\/08\/IMG-20260818-WA0062-768x505.webp 768w, https:\/\/lacolombeplus.net\/wp-content\/uploads\/2026\/08\/IMG-20260818-WA0062-1536x1009.webp 1536w, https:\/\/lacolombeplus.net\/wp-content\/uploads\/2026\/08\/IMG-20260818-WA0062-2048x1346.webp 2048w, https:\/\/lacolombeplus.net\/wp-content\/uploads\/2026\/08\/IMG-20260818-WA0062-455x300.webp 455w\" sizes=\"(max-width: 2560px) 100vw, 2560px\" \/><figcaption id=\"caption-attachment-38929\" class=\"wp-caption-text\">Photo d&rsquo;ensemble de la d\u00e9l\u00e9gation avec le premier ministre.<\/figcaption><\/figure>\n<p>Cette orientation ne signifie toutefois pas un renoncement \u00e0 la coop\u00e9ration. Le Premier ministre a r\u00e9affirm\u00e9 l\u2019importance du partenariat avec le PNUD et la disponibilit\u00e9 du Gouvernement \u00e0 le poursuivre, tout en appelant \u00e0 en red\u00e9finir les modalit\u00e9s pour mieux les arrimer aux priorit\u00e9s nationales. Il s\u2019agit notamment de privil\u00e9gier l\u2019efficacit\u00e9, le transfert de comp\u00e9tences, le renforcement des capacit\u00e9s de l\u2019\u00c9tat et des interventions produisant des r\u00e9sultats concrets au b\u00e9n\u00e9fice des populations.<\/p>\n<p>\u00ab <em>Nous refusons les financements qui nous conditionnent au diktat<\/em> \u00bb, a insist\u00e9 le Chef du Gouvernement.<\/p>\n<p>Au-del\u00e0 de la question des financements, l\u2019audience a ainsi fait ressortir une \u00e9volution plus profonde de la conception de la coop\u00e9ration au d\u00e9veloppement. Pour le Burkina Faso, il ne s\u2019agit plus de b\u00e2tir ses ambitions en fonction de l\u2019aide disponible, mais de d\u00e9finir souverainement ses priorit\u00e9s, de mobiliser d\u2019abord ses propres ressources et de rechercher aupr\u00e8s de ses partenaires les expertises, les instruments et les compl\u00e9mentarit\u00e9s susceptibles d\u2019acc\u00e9l\u00e9rer leur r\u00e9alisation.<\/p>\n<p>Dans cette dynamique, le Plan RELANCE s\u2019affirme \u00e0 la fois comme le cadre de r\u00e9f\u00e9rence de l\u2019action publique et comme le point d\u2019ancrage d\u2019une coop\u00e9ration appel\u00e9e \u00e0 se renouveler : une coop\u00e9ration qui accompagne les choix du Burkina Faso, renforce ses capacit\u00e9s d\u2019action et contribue durablement \u00e0 l\u2019am\u00e9lioration des conditions de vie des populations.<\/p>\n<p style=\"text-align: right; padding-left: 40px;\"><strong>DCRP\/Primature<\/strong><\/p>\n","protected":false},"excerpt":{"rendered":"<p>Le Camarade Premier ministre, Rimtalba Jean Emmanuel Ou\u00e9draogo, a re\u00e7u en audience, ce mardi 18 ao\u00fbt 2026 \u00e0 Ouagadougou, le Sous-Secr\u00e9taire g\u00e9n\u00e9ral des Nations Unies et Administrateur associ\u00e9 du Programme des Nations Unies pour le d\u00e9veloppement (PNUD), Monsieur Haoliang Xu. En visite de travail au Burkina Faso apr\u00e8s le Mali et le Niger, le responsable&#8230;<\/p>\n","protected":false},"author":6,"featured_media":38928,"comment_status":"open","ping_status":"open","sticky":false,"template":"","format":"standard","meta":{"_jetpack_newsletter_access":"","_jetpack_dont_email_post_to_subs":false,"_jetpack_newsletter_tier_id":0,"_jetpack_memberships_contains_paywalled_content":false,"_jetpack_feature_clip_id":0,"_jetpack_memberships_contains_paid_content":false,"footnotes":"","jetpack_post_was_ever_published":false},"categories":[2,5,6],"tags":[],"class_list":["post-38927","post","type-post","status-publish","format-standard","has-post-thumbnail","hentry","category-a-la-une","category-international","category-politique"],"yoast_head":"<!-- This site is optimized with the Yoast SEO plugin v28.3 - https:\/\/yoast.com\/product\/yoast-seo-wordpress\/ -->\n<title>Coop\u00e9ration : le Premier ministre re\u00e7oit le Sous-Secr\u00e9taire g\u00e9n\u00e9ral des Nations Unies et Administrateur associ\u00e9 du PNUD - WordPress<\/title>\n<meta name=\"robots\" content=\"index, follow, max-snippet:-1, max-image-preview:large, max-video-preview:-1\" \/>\n<link rel=\"canonical\" href=\"https:\/\/lacolombeplus.net\/index.php\/2026\/08\/18\/cooperation-le-premier-ministre-recoit-le-sous-secretaire-general-des-nations-unies-et-administrateur-associe-du-pnud\/\" \/>\n<meta property=\"og:locale\" content=\"fr_FR\" \/>\n<meta property=\"og:type\" content=\"article\" \/>\n<meta property=\"og:title\" content=\"Coop\u00e9ration : le Premier ministre re\u00e7oit le Sous-Secr\u00e9taire g\u00e9n\u00e9ral des Nations Unies et Administrateur associ\u00e9 du PNUD - WordPress\" \/>\n<meta property=\"og:description\" content=\"Le Camarade Premier ministre, Rimtalba Jean Emmanuel Ou\u00e9draogo, a re\u00e7u en audience, ce mardi 18 ao\u00fbt 2026 \u00e0 Ouagadougou, le Sous-Secr\u00e9taire g\u00e9n\u00e9ral des Nations Unies et Administrateur associ\u00e9 du Programme des Nations Unies pour le d\u00e9veloppement (PNUD), Monsieur Haoliang Xu. En visite de travail au Burkina Faso apr\u00e8s le Mali et le Niger, le responsable...\" \/>\n<meta property=\"og:url\" content=\"https:\/\/lacolombeplus.net\/index.php\/2026\/08\/18\/cooperation-le-premier-ministre-recoit-le-sous-secretaire-general-des-nations-unies-et-administrateur-associe-du-pnud\/\" \/>\n<meta property=\"og:site_name\" content=\"WordPress\" \/>\n<meta property=\"article:publisher\" content=\"https:\/\/web.facebook.com\/profile.php?id=61589477078953\" \/>\n<meta property=\"article:published_time\" content=\"2026-08-18T19:35:51+00:00\" \/>\n<meta property=\"og:image\" content=\"http:\/\/lacolombeplus.net\/wp-content\/uploads\/2026\/08\/IMG-20260818-WA0058.webp\" \/>\n\t<meta property=\"og:image:width\" content=\"2560\" \/>\n\t<meta property=\"og:image:height\" content=\"1599\" \/>\n\t<meta property=\"og:image:type\" content=\"image\/webp\" \/>\n<meta name=\"author\" content=\"Dramane FAYAMA\" \/>\n<meta name=\"twitter:card\" content=\"summary_large_image\" \/>\n<meta name=\"twitter:label1\" content=\"\u00c9crit par\" \/>\n\t<meta name=\"twitter:data1\" content=\"Dramane FAYAMA\" \/>\n\t<meta name=\"twitter:label2\" content=\"Dur\u00e9e de lecture estim\u00e9e\" \/>\n\t<meta name=\"twitter:data2\" content=\"6 minutes\" \/>\n<script type=\"application\/ld+json\" class=\"yoast-schema-graph\">{\"@context\":\"https:\\\/\\\/schema.org\",\"@graph\":[{\"@type\":\"Article\",\"@id\":\"https:\\\/\\\/lacolombeplus.net\\\/index.php\\\/2026\\\/08\\\/18\\\/cooperation-le-premier-ministre-recoit-le-sous-secretaire-general-des-nations-unies-et-administrateur-associe-du-pnud\\\/#article\",\"isPartOf\":{\"@id\":\"https:\\\/\\\/lacolombeplus.net\\\/index.php\\\/2026\\\/08\\\/18\\\/cooperation-le-premier-ministre-recoit-le-sous-secretaire-general-des-nations-unies-et-administrateur-associe-du-pnud\\\/\"},\"author\":{\"name\":\"Dramane FAYAMA\",\"@id\":\"https:\\\/\\\/lacolombeplus.net\\\/#\\\/schema\\\/person\\\/1a433b3fa6e8f9696f18ece67a69915c\"},\"headline\":\"Coop\u00e9ration : le Premier ministre re\u00e7oit le Sous-Secr\u00e9taire g\u00e9n\u00e9ral des Nations Unies et Administrateur associ\u00e9 du PNUD\",\"datePublished\":\"2026-08-18T19:35:51+00:00\",\"mainEntityOfPage\":{\"@id\":\"https:\\\/\\\/lacolombeplus.net\\\/index.php\\\/2026\\\/08\\\/18\\\/cooperation-le-premier-ministre-recoit-le-sous-secretaire-general-des-nations-unies-et-administrateur-associe-du-pnud\\\/\"},\"wordCount\":1073,\"commentCount\":0,\"publisher\":{\"@id\":\"https:\\\/\\\/lacolombeplus.net\\\/#organization\"},\"image\":{\"@id\":\"https:\\\/\\\/lacolombeplus.net\\\/index.php\\\/2026\\\/08\\\/18\\\/cooperation-le-premier-ministre-recoit-le-sous-secretaire-general-des-nations-unies-et-administrateur-associe-du-pnud\\\/#primaryimage\"},\"thumbnailUrl\":\"https:\\\/\\\/lacolombeplus.net\\\/wp-content\\\/uploads\\\/2026\\\/08\\\/IMG-20260818-WA0058.webp\",\"articleSection\":[\"A la Une\",\"International\",\"Politique\"],\"inLanguage\":\"fr-FR\",\"potentialAction\":[{\"@type\":\"CommentAction\",\"name\":\"Comment\",\"target\":[\"https:\\\/\\\/lacolombeplus.net\\\/index.php\\\/2026\\\/08\\\/18\\\/cooperation-le-premier-ministre-recoit-le-sous-secretaire-general-des-nations-unies-et-administrateur-associe-du-pnud\\\/#respond\"]}]},{\"@type\":\"WebPage\",\"@id\":\"https:\\\/\\\/lacolombeplus.net\\\/index.php\\\/2026\\\/08\\\/18\\\/cooperation-le-premier-ministre-recoit-le-sous-secretaire-general-des-nations-unies-et-administrateur-associe-du-pnud\\\/\",\"url\":\"https:\\\/\\\/lacolombeplus.net\\\/index.php\\\/2026\\\/08\\\/18\\\/cooperation-le-premier-ministre-recoit-le-sous-secretaire-general-des-nations-unies-et-administrateur-associe-du-pnud\\\/\",\"name\":\"Coop\u00e9ration : le Premier ministre re\u00e7oit le Sous-Secr\u00e9taire g\u00e9n\u00e9ral des Nations Unies et Administrateur associ\u00e9 du PNUD - WordPress\",\"isPartOf\":{\"@id\":\"https:\\\/\\\/lacolombeplus.net\\\/#website\"},\"primaryImageOfPage\":{\"@id\":\"https:\\\/\\\/lacolombeplus.net\\\/index.php\\\/2026\\\/08\\\/18\\\/cooperation-le-premier-ministre-recoit-le-sous-secretaire-general-des-nations-unies-et-administrateur-associe-du-pnud\\\/#primaryimage\"},\"image\":{\"@id\":\"https:\\\/\\\/lacolombeplus.net\\\/index.php\\\/2026\\\/08\\\/18\\\/cooperation-le-premier-ministre-recoit-le-sous-secretaire-general-des-nations-unies-et-administrateur-associe-du-pnud\\\/#primaryimage\"},\"thumbnailUrl\":\"https:\\\/\\\/lacolombeplus.net\\\/wp-content\\\/uploads\\\/2026\\\/08\\\/IMG-20260818-WA0058.webp\",\"datePublished\":\"2026-08-18T19:35:51+00:00\",\"breadcrumb\":{\"@id\":\"https:\\\/\\\/lacolombeplus.net\\\/index.php\\\/2026\\\/08\\\/18\\\/cooperation-le-premier-ministre-recoit-le-sous-secretaire-general-des-nations-unies-et-administrateur-associe-du-pnud\\\/#breadcrumb\"},\"inLanguage\":\"fr-FR\",\"potentialAction\":[{\"@type\":\"ReadAction\",\"target\":[\"https:\\\/\\\/lacolombeplus.net\\\/index.php\\\/2026\\\/08\\\/18\\\/cooperation-le-premier-ministre-recoit-le-sous-secretaire-general-des-nations-unies-et-administrateur-associe-du-pnud\\\/\"]}]},{\"@type\":\"ImageObject\",\"inLanguage\":\"fr-FR\",\"@id\":\"https:\\\/\\\/lacolombeplus.net\\\/index.php\\\/2026\\\/08\\\/18\\\/cooperation-le-premier-ministre-recoit-le-sous-secretaire-general-des-nations-unies-et-administrateur-associe-du-pnud\\\/#primaryimage\",\"url\":\"https:\\\/\\\/lacolombeplus.net\\\/wp-content\\\/uploads\\\/2026\\\/08\\\/IMG-20260818-WA0058.webp\",\"contentUrl\":\"https:\\\/\\\/lacolombeplus.net\\\/wp-content\\\/uploads\\\/2026\\\/08\\\/IMG-20260818-WA0058.webp\",\"width\":2560,\"height\":1599},{\"@type\":\"BreadcrumbList\",\"@id\":\"https:\\\/\\\/lacolombeplus.net\\\/index.php\\\/2026\\\/08\\\/18\\\/cooperation-le-premier-ministre-recoit-le-sous-secretaire-general-des-nations-unies-et-administrateur-associe-du-pnud\\\/#breadcrumb\",\"itemListElement\":[{\"@type\":\"ListItem\",\"position\":1,\"name\":\"Accueil\",\"item\":\"https:\\\/\\\/lacolombeplus.net\\\/\"},{\"@type\":\"ListItem\",\"position\":2,\"name\":\"Coop\u00e9ration : le Premier ministre re\u00e7oit le Sous-Secr\u00e9taire g\u00e9n\u00e9ral des Nations Unies et Administrateur associ\u00e9 du PNUD\"}]},{\"@type\":\"WebSite\",\"@id\":\"https:\\\/\\\/lacolombeplus.net\\\/#website\",\"url\":\"https:\\\/\\\/lacolombeplus.net\\\/\",\"name\":\"Lacolombeplus\",\"description\":\"\",\"publisher\":{\"@id\":\"https:\\\/\\\/lacolombeplus.net\\\/#organization\"},\"potentialAction\":[{\"@type\":\"SearchAction\",\"target\":{\"@type\":\"EntryPoint\",\"urlTemplate\":\"https:\\\/\\\/lacolombeplus.net\\\/?s={search_term_string}\"},\"query-input\":{\"@type\":\"PropertyValueSpecification\",\"valueRequired\":true,\"valueName\":\"search_term_string\"}}],\"inLanguage\":\"fr-FR\"},{\"@type\":\"Organization\",\"@id\":\"https:\\\/\\\/lacolombeplus.net\\\/#organization\",\"name\":\"lacolombeplus.net\",\"url\":\"https:\\\/\\\/lacolombeplus.net\\\/\",\"logo\":{\"@type\":\"ImageObject\",\"inLanguage\":\"fr-FR\",\"@id\":\"https:\\\/\\\/lacolombeplus.net\\\/#\\\/schema\\\/logo\\\/image\\\/\",\"url\":\"https:\\\/\\\/lacolombeplus.net\\\/wp-content\\\/uploads\\\/2026\\\/04\\\/a84391f3-a521-4177-867d-b9aaa3066b88.png\",\"contentUrl\":\"https:\\\/\\\/lacolombeplus.net\\\/wp-content\\\/uploads\\\/2026\\\/04\\\/a84391f3-a521-4177-867d-b9aaa3066b88.png\",\"width\":1045,\"height\":1505,\"caption\":\"lacolombeplus.net\"},\"image\":{\"@id\":\"https:\\\/\\\/lacolombeplus.net\\\/#\\\/schema\\\/logo\\\/image\\\/\"},\"sameAs\":[\"https:\\\/\\\/web.facebook.com\\\/profile.php?id=61589477078953\"]},{\"@type\":\"Person\",\"@id\":\"https:\\\/\\\/lacolombeplus.net\\\/#\\\/schema\\\/person\\\/1a433b3fa6e8f9696f18ece67a69915c\",\"name\":\"Dramane FAYAMA\",\"image\":{\"@type\":\"ImageObject\",\"inLanguage\":\"fr-FR\",\"@id\":\"https:\\\/\\\/secure.gravatar.com\\\/avatar\\\/6ae061b9c102ae93ffb7a4076195d78ace54801f91540899a6e8aacf91eacff8?s=96&d=mm&r=g\",\"url\":\"https:\\\/\\\/secure.gravatar.com\\\/avatar\\\/6ae061b9c102ae93ffb7a4076195d78ace54801f91540899a6e8aacf91eacff8?s=96&d=mm&r=g\",\"contentUrl\":\"https:\\\/\\\/secure.gravatar.com\\\/avatar\\\/6ae061b9c102ae93ffb7a4076195d78ace54801f91540899a6e8aacf91eacff8?s=96&d=mm&r=g\",\"caption\":\"Dramane FAYAMA\"},\"url\":\"https:\\\/\\\/lacolombeplus.net\\\/index.php\\\/author\\\/dramane\\\/\"}]}<\/script>\n<!-- \/ Yoast SEO plugin. -->","yoast_head_json":{"title":"Coop\u00e9ration : le Premier ministre re\u00e7oit le Sous-Secr\u00e9taire g\u00e9n\u00e9ral des Nations Unies et Administrateur associ\u00e9 du PNUD - WordPress","robots":{"index":"index","follow":"follow","max-snippet":"max-snippet:-1","max-image-preview":"max-image-preview:large","max-video-preview":"max-video-preview:-1"},"canonical":"https:\/\/lacolombeplus.net\/index.php\/2026\/08\/18\/cooperation-le-premier-ministre-recoit-le-sous-secretaire-general-des-nations-unies-et-administrateur-associe-du-pnud\/","og_locale":"fr_FR","og_type":"article","og_title":"Coop\u00e9ration : le Premier ministre re\u00e7oit le Sous-Secr\u00e9taire g\u00e9n\u00e9ral des Nations Unies et Administrateur associ\u00e9 du PNUD - WordPress","og_description":"Le Camarade Premier ministre, Rimtalba Jean Emmanuel Ou\u00e9draogo, a re\u00e7u en audience, ce mardi 18 ao\u00fbt 2026 \u00e0 Ouagadougou, le Sous-Secr\u00e9taire g\u00e9n\u00e9ral des Nations Unies et Administrateur associ\u00e9 du Programme des Nations Unies pour le d\u00e9veloppement (PNUD), Monsieur Haoliang Xu. En visite de travail au Burkina Faso apr\u00e8s le Mali et le Niger, le responsable...","og_url":"https:\/\/lacolombeplus.net\/index.php\/2026\/08\/18\/cooperation-le-premier-ministre-recoit-le-sous-secretaire-general-des-nations-unies-et-administrateur-associe-du-pnud\/","og_site_name":"WordPress","article_publisher":"https:\/\/web.facebook.com\/profile.php?id=61589477078953","article_published_time":"2026-08-18T19:35:51+00:00","og_image":[{"width":2560,"height":1599,"url":"http:\/\/lacolombeplus.net\/wp-content\/uploads\/2026\/08\/IMG-20260818-WA0058.webp","type":"image\/webp"}],"author":"Dramane FAYAMA","twitter_card":"summary_large_image","twitter_misc":{"\u00c9crit par":"Dramane FAYAMA","Dur\u00e9e de lecture estim\u00e9e":"6 minutes"},"schema":{"@context":"https:\/\/schema.org","@graph":[{"@type":"Article","@id":"https:\/\/lacolombeplus.net\/index.php\/2026\/08\/18\/cooperation-le-premier-ministre-recoit-le-sous-secretaire-general-des-nations-unies-et-administrateur-associe-du-pnud\/#article","isPartOf":{"@id":"https:\/\/lacolombeplus.net\/index.php\/2026\/08\/18\/cooperation-le-premier-ministre-recoit-le-sous-secretaire-general-des-nations-unies-et-administrateur-associe-du-pnud\/"},"author":{"name":"Dramane FAYAMA","@id":"https:\/\/lacolombeplus.net\/#\/schema\/person\/1a433b3fa6e8f9696f18ece67a69915c"},"headline":"Coop\u00e9ration : le Premier ministre re\u00e7oit le Sous-Secr\u00e9taire g\u00e9n\u00e9ral des Nations Unies et Administrateur associ\u00e9 du PNUD","datePublished":"2026-08-18T19:35:51+00:00","mainEntityOfPage":{"@id":"https:\/\/lacolombeplus.net\/index.php\/2026\/08\/18\/cooperation-le-premier-ministre-recoit-le-sous-secretaire-general-des-nations-unies-et-administrateur-associe-du-pnud\/"},"wordCount":1073,"commentCount":0,"publisher":{"@id":"https:\/\/lacolombeplus.net\/#organization"},"image":{"@id":"https:\/\/lacolombeplus.net\/index.php\/2026\/08\/18\/cooperation-le-premier-ministre-recoit-le-sous-secretaire-general-des-nations-unies-et-administrateur-associe-du-pnud\/#primaryimage"},"thumbnailUrl":"https:\/\/lacolombeplus.net\/wp-content\/uploads\/2026\/08\/IMG-20260818-WA0058.webp","articleSection":["A la Une","International","Politique"],"inLanguage":"fr-FR","potentialAction":[{"@type":"CommentAction","name":"Comment","target":["https:\/\/lacolombeplus.net\/index.php\/2026\/08\/18\/cooperation-le-premier-ministre-recoit-le-sous-secretaire-general-des-nations-unies-et-administrateur-associe-du-pnud\/#respond"]}]},{"@type":"WebPage","@id":"https:\/\/lacolombeplus.net\/index.php\/2026\/08\/18\/cooperation-le-premier-ministre-recoit-le-sous-secretaire-general-des-nations-unies-et-administrateur-associe-du-pnud\/","url":"https:\/\/lacolombeplus.net\/index.php\/2026\/08\/18\/cooperation-le-premier-ministre-recoit-le-sous-secretaire-general-des-nations-unies-et-administrateur-associe-du-pnud\/","name":"Coop\u00e9ration : le Premier ministre re\u00e7oit le Sous-Secr\u00e9taire g\u00e9n\u00e9ral des Nations Unies et Administrateur associ\u00e9 du PNUD - WordPress","isPartOf":{"@id":"https:\/\/lacolombeplus.net\/#website"},"primaryImageOfPage":{"@id":"https:\/\/lacolombeplus.net\/index.php\/2026\/08\/18\/cooperation-le-premier-ministre-recoit-le-sous-secretaire-general-des-nations-unies-et-administrateur-associe-du-pnud\/#primaryimage"},"image":{"@id":"https:\/\/lacolombeplus.net\/index.php\/2026\/08\/18\/cooperation-le-premier-ministre-recoit-le-sous-secretaire-general-des-nations-unies-et-administrateur-associe-du-pnud\/#primaryimage"},"thumbnailUrl":"https:\/\/lacolombeplus.net\/wp-content\/uploads\/2026\/08\/IMG-20260818-WA0058.webp","datePublished":"2026-08-18T19:35:51+00:00","breadcrumb":{"@id":"https:\/\/lacolombeplus.net\/index.php\/2026\/08\/18\/cooperation-le-premier-ministre-recoit-le-sous-secretaire-general-des-nations-unies-et-administrateur-associe-du-pnud\/#breadcrumb"},"inLanguage":"fr-FR","potentialAction":[{"@type":"ReadAction","target":["https:\/\/lacolombeplus.net\/index.php\/2026\/08\/18\/cooperation-le-premier-ministre-recoit-le-sous-secretaire-general-des-nations-unies-et-administrateur-associe-du-pnud\/"]}]},{"@type":"ImageObject","inLanguage":"fr-FR","@id":"https:\/\/lacolombeplus.net\/index.php\/2026\/08\/18\/cooperation-le-premier-ministre-recoit-le-sous-secretaire-general-des-nations-unies-et-administrateur-associe-du-pnud\/#primaryimage","url":"https:\/\/lacolombeplus.net\/wp-content\/uploads\/2026\/08\/IMG-20260818-WA0058.webp","contentUrl":"https:\/\/lacolombeplus.net\/wp-content\/uploads\/2026\/08\/IMG-20260818-WA0058.webp","width":2560,"height":1599},{"@type":"BreadcrumbList","@id":"https:\/\/lacolombeplus.net\/index.php\/2026\/08\/18\/cooperation-le-premier-ministre-recoit-le-sous-secretaire-general-des-nations-unies-et-administrateur-associe-du-pnud\/#breadcrumb","itemListElement":[{"@type":"ListItem","position":1,"name":"Accueil","item":"https:\/\/lacolombeplus.net\/"},{"@type":"ListItem","position":2,"name":"Coop\u00e9ration : le Premier ministre re\u00e7oit le Sous-Secr\u00e9taire g\u00e9n\u00e9ral des Nations Unies et Administrateur associ\u00e9 du PNUD"}]},{"@type":"WebSite","@id":"https:\/\/lacolombeplus.net\/#website","url":"https:\/\/lacolombeplus.net\/","name":"Lacolombeplus","description":"","publisher":{"@id":"https:\/\/lacolombeplus.net\/#organization"},"potentialAction":[{"@type":"SearchAction","target":{"@type":"EntryPoint","urlTemplate":"https:\/\/lacolombeplus.net\/?s={search_term_string}"},"query-input":{"@type":"PropertyValueSpecification","valueRequired":true,"valueName":"search_term_string"}}],"inLanguage":"fr-FR"},{"@type":"Organization","@id":"https:\/\/lacolombeplus.net\/#organization","name":"lacolombeplus.net","url":"https:\/\/lacolombeplus.net\/","logo":{"@type":"ImageObject","inLanguage":"fr-FR","@id":"https:\/\/lacolombeplus.net\/#\/schema\/logo\/image\/","url":"https:\/\/lacolombeplus.net\/wp-content\/uploads\/2026\/04\/a84391f3-a521-4177-867d-b9aaa3066b88.png","contentUrl":"https:\/\/lacolombeplus.net\/wp-content\/uploads\/2026\/04\/a84391f3-a521-4177-867d-b9aaa3066b88.png","width":1045,"height":1505,"caption":"lacolombeplus.net"},"image":{"@id":"https:\/\/lacolombeplus.net\/#\/schema\/logo\/image\/"},"sameAs":["https:\/\/web.facebook.com\/profile.php?id=61589477078953"]},{"@type":"Person","@id":"https:\/\/lacolombeplus.net\/#\/schema\/person\/1a433b3fa6e8f9696f18ece67a69915c","name":"Dramane FAYAMA","image":{"@type":"ImageObject","inLanguage":"fr-FR","@id":"https:\/\/secure.gravatar.com\/avatar\/6ae061b9c102ae93ffb7a4076195d78ace54801f91540899a6e8aacf91eacff8?s=96&d=mm&r=g","url":"https:\/\/secure.gravatar.com\/avatar\/6ae061b9c102ae93ffb7a4076195d78ace54801f91540899a6e8aacf91eacff8?s=96&d=mm&r=g","contentUrl":"https:\/\/secure.gravatar.com\/avatar\/6ae061b9c102ae93ffb7a4076195d78ace54801f91540899a6e8aacf91eacff8?s=96&d=mm&r=g","caption":"Dramane FAYAMA"},"url":"https:\/\/lacolombeplus.net\/index.php\/author\/dramane\/"}]}},"jetpack_featured_media_url":"https:\/\/lacolombeplus.net\/wp-content\/uploads\/2026\/08\/IMG-20260818-WA0058.webp","jetpack_sharing_enabled":true,"_links":{"self":[{"href":"https:\/\/lacolombeplus.net\/index.php\/wp-json\/wp\/v2\/posts\/38927","targetHints":{"allow":["GET"]}}],"collection":[{"href":"https:\/\/lacolombeplus.net\/index.php\/wp-json\/wp\/v2\/posts"}],"about":[{"href":"https:\/\/lacolombeplus.net\/index.php\/wp-json\/wp\/v2\/types\/post"}],"author":[{"embeddable":true,"href":"https:\/\/lacolombeplus.net\/index.php\/wp-json\/wp\/v2\/users\/6"}],"replies":[{"embeddable":true,"href":"https:\/\/lacolombeplus.net\/index.php\/wp-json\/wp\/v2\/comments?post=38927"}],"version-history":[{"count":2,"href":"https:\/\/lacolombeplus.net\/index.php\/wp-json\/wp\/v2\/posts\/38927\/revisions"}],"predecessor-version":[{"id":38935,"href":"https:\/\/lacolombeplus.net\/index.php\/wp-json\/wp\/v2\/posts\/38927\/revisions\/38935"}],"wp:featuredmedia":[{"embeddable":true,"href":"https:\/\/lacolombeplus.net\/index.php\/wp-json\/wp\/v2\/media\/38928"}],"wp:attachment":[{"href":"https:\/\/lacolombeplus.net\/index.php\/wp-json\/wp\/v2\/media?parent=38927"}],"wp:term":[{"taxonomy":"category","embeddable":true,"href":"https:\/\/lacolombeplus.net\/index.php\/wp-json\/wp\/v2\/categories?post=38927"},{"taxonomy":"post_tag","embeddable":true,"href":"https:\/\/lacolombeplus.net\/index.php\/wp-json\/wp\/v2\/tags?post=38927"}],"curies":[{"name":"wp","href":"https:\/\/api.w.org\/{rel}","templated":true}]}}