{"id":38917,"date":"2026-08-17T21:14:36","date_gmt":"2026-08-17T21:14:36","guid":{"rendered":"https:\/\/lacolombeplus.net\/?p=38917"},"modified":"2026-08-19T12:40:10","modified_gmt":"2026-08-19T12:40:10","slug":"immersion-patriotique-obligatoire-2026-entreprises-et-autorites-saluent-lengagement-des-jeunes-appeles","status":"publish","type":"post","link":"https:\/\/lacolombeplus.net\/index.php\/2026\/08\/17\/immersion-patriotique-obligatoire-2026-entreprises-et-autorites-saluent-lengagement-des-jeunes-appeles\/","title":{"rendered":"Immersion patriotique obligatoire 2026 : Entreprises et autorit\u00e9s saluent l&rsquo;engagement des jeunes appel\u00e9s"},"content":{"rendered":"<p><strong>Le\u00a017 ao\u00fbt 2026, dans la r\u00e9gion de l&rsquo;Oubri, l&rsquo;\u00e9dition 2026 de l&rsquo;Immersion patriotique obligatoire se poursuit sous le signe de l&rsquo;engagement et d&rsquo;une forte mobilisation citoyenne. Une \u00e9quipe conduite par le Directeur de la Communication et des Relations presse de l&rsquo;Arm\u00e9e, le Camarade Lieutenant-colonel Abdoul Aziz OU\u00c9DRAOGO, repr\u00e9sentant du Comit\u00e9 national d&rsquo;organisation, s&rsquo;est rendue sur place pour constater l&rsquo;ampleur de cette mobilisation.<\/strong><\/p>\n<p>Plusieurs entreprises ont r\u00e9pondu \u00e0 l&rsquo;appel \u00e0 contribution lanc\u00e9 en faveur des jeunes appel\u00e9s, tandis que les participants t\u00e9moignent des enseignements et des valeurs acquis au cours de leur s\u00e9jour. Sur les diff\u00e9rents sites, autorit\u00e9s et responsables saluent une initiative destin\u00e9e \u00e0 renforcer le patriotisme, la citoyennet\u00e9 et le sens de la responsabilit\u00e9 chez les jeunes.<\/p>\n<p style=\"text-align: center;\"><strong>Le secteur priv\u00e9 aux c\u00f4t\u00e9s des appel\u00e9s<\/strong><\/p>\n<p><img fetchpriority=\"high\" decoding=\"async\" class=\"wp-image-38919  alignright\" src=\"http:\/\/lacolombeplus.net\/wp-content\/uploads\/2026\/08\/IMG-20260817-WA0158-300x252.webp\" alt=\"\" width=\"508\" height=\"427\" srcset=\"https:\/\/lacolombeplus.net\/wp-content\/uploads\/2026\/08\/IMG-20260817-WA0158-300x252.webp 300w, https:\/\/lacolombeplus.net\/wp-content\/uploads\/2026\/08\/IMG-20260817-WA0158.webp 656w\" sizes=\"(max-width: 508px) 100vw, 508px\" \/><\/p>\n<p>L&rsquo;Immersion patriotique obligatoire ne repose pas uniquement sur l&rsquo;encadrement des jeunes : elle mobilise \u00e9galement les forces vives de la nation. Plusieurs entreprises ont apport\u00e9 leur contribution afin de soutenir les conditions de s\u00e9jour des appel\u00e9s.<br \/>\nAu nombre des donateurs figure SOMISA (Soci\u00e9t\u00e9 des Mines de Sanbrado). Selon son directeur des affaires coop\u00e9ratives, le Docteur Christian Ou\u00e9draogo :<br \/>\n\u00ab <em>Cette contribution r\u00e9pond \u00e0 une volont\u00e9 d&rsquo;accompagner une initiative dont les b\u00e9n\u00e9fices pour la jeunesse ne sont plus \u00e0 d\u00e9montrer. \u00bb<\/em><br \/>\nLe don est essentiellement compos\u00e9 de vivres, notamment du riz, des spaghettis, du th\u00e9 et de l&rsquo;huile. L&rsquo;entreprise entend par ailleurs maintenir son accompagnement : \u00ab <em>Tant qu&rsquo;on nous sollicite, nous serons toujours disponibles<\/em> \u00bb, a indiqu\u00e9 son repr\u00e9sentant, appelant d&rsquo;autres op\u00e9rateurs \u00e9conomiques \u00e0 embo\u00eeter le pas. Pour lui, l&rsquo;\u00c9tat ne pouvant tout faire seul, la participation des fils et filles de la r\u00e9gion constitue un levier important pour la r\u00e9ussite de l&rsquo;initiative.<br \/>\nDans le m\u00eame \u00e9lan, ROBUST Group International Est a \u00e9galement marqu\u00e9 son adh\u00e9sion \u00e0 l&rsquo;Immersion patriotique obligatoire avec une contribution financi\u00e8re d&rsquo;un million de francs CFA. Pour son charg\u00e9 des relations publiques, Bazongo Pierre : <em>\u00ab Cet engagement traduit la responsabilit\u00e9 citoyenne de l&rsquo;entreprise. \u00bb<\/em> Il estime que former la jeunesse revient \u00e0 pr\u00e9parer les futurs acteurs du d\u00e9veloppement \u00e9conomique et social du Burkina Faso.<\/p>\n<p style=\"text-align: center;\"><strong>Des conditions de s\u00e9jour jug\u00e9es satisfaisantes<\/strong><\/p>\n<figure id=\"attachment_38922\" aria-describedby=\"caption-attachment-38922\" style=\"width: 577px\" class=\"wp-caption alignleft\"><img decoding=\"async\" class=\"size-full wp-image-38922\" src=\"http:\/\/lacolombeplus.net\/wp-content\/uploads\/2026\/08\/IMG-20260817-WA0160.webp\" alt=\"\" width=\"577\" height=\"448\" srcset=\"https:\/\/lacolombeplus.net\/wp-content\/uploads\/2026\/08\/IMG-20260817-WA0160.webp 577w, https:\/\/lacolombeplus.net\/wp-content\/uploads\/2026\/08\/IMG-20260817-WA0160-300x233.webp 300w\" sizes=\"(max-width: 577px) 100vw, 577px\" \/><figcaption id=\"caption-attachment-38922\" class=\"wp-caption-text\">Anita Hela Anastasi, une appel\u00e9e \u00e0 l\u2019immersion patriotique<\/figcaption><\/figure>\n<p>Sur les sites d&rsquo;immersion, les t\u00e9moignages des appel\u00e9s donnent un aper\u00e7u de leur quotidien. \u00ab <em>C\u00f4t\u00e9 logement, tout est assur\u00e9. C\u00f4t\u00e9 s\u00e9curit\u00e9, nous avons plusieurs types de FDS pr\u00e9sents sur le site. C\u00f4t\u00e9 nourriture aussi, nous avons droit \u00e0 trois repas par jour, toujours accompagn\u00e9s de viande ou de poisson \u00bb,<\/em> a t\u00e9moign\u00e9 Anita Hela Anastasi, appel\u00e9e de la premi\u00e8re compagnie, premi\u00e8re section.<br \/>\nLes participants disent \u00e9voluer dans des conditions satisfaisantes. Au-del\u00e0 des aspects mat\u00e9riels, ils mettent surtout en avant les enseignements re\u00e7us.<\/p>\n<p style=\"text-align: center;\"><strong>Patriotisme, solidarit\u00e9 et responsabilit\u00e9 au c\u0153ur de la formation<\/strong><\/p>\n<p>Patriotisme, solidarit\u00e9, int\u00e9grit\u00e9, respect des personnes \u00e2g\u00e9es et des autorit\u00e9s, s\u00e9curit\u00e9 num\u00e9rique, ou encore gestes \u00e0 adopter face \u00e0 certaines situations d&rsquo;urgence : autant d&rsquo;acquis \u00e9voqu\u00e9s par les appel\u00e9s. Une participante affirme avoir gagn\u00e9 en dynamisme et se sentir d\u00e9sormais davantage dispos\u00e9e \u00e0 \u0153uvrer pour le d\u00e9veloppement de son pays. D&rsquo;autres \u00e9voquent les notions de d\u00e9fense, de discipline et de conduite \u00e0 tenir face \u00e0 des situations de danger.<\/p>\n<p>&nbsp;<\/p>\n<figure id=\"attachment_38921\" aria-describedby=\"caption-attachment-38921\" style=\"width: 1407px\" class=\"wp-caption alignnone\"><img decoding=\"async\" class=\"size-full wp-image-38921\" src=\"http:\/\/lacolombeplus.net\/wp-content\/uploads\/2026\/08\/IMG-20260817-WA0161.webp\" alt=\"\" width=\"1407\" height=\"1118\" srcset=\"https:\/\/lacolombeplus.net\/wp-content\/uploads\/2026\/08\/IMG-20260817-WA0161.webp 1407w, https:\/\/lacolombeplus.net\/wp-content\/uploads\/2026\/08\/IMG-20260817-WA0161-300x238.webp 300w, https:\/\/lacolombeplus.net\/wp-content\/uploads\/2026\/08\/IMG-20260817-WA0161-1024x814.webp 1024w, https:\/\/lacolombeplus.net\/wp-content\/uploads\/2026\/08\/IMG-20260817-WA0161-768x610.webp 768w\" sizes=\"(max-width: 1407px) 100vw, 1407px\" \/><figcaption id=\"caption-attachment-38921\" class=\"wp-caption-text\">Mariama Traor\u00e9, gouverneure de la r\u00e9gion de l&rsquo;Oubri<\/figcaption><\/figure>\n<p>Cette perception est partag\u00e9e par les responsables de l&rsquo;encadrement. Dans la r\u00e9gion, trois sites accueillent les appel\u00e9s, notamment le lyc\u00e9e Bassy et deux sites \u00e0 Loumbila. Pour les autorit\u00e9s, l&rsquo;objectif est que les jeunes deviennent, \u00e0 leur retour dans leurs familles et leurs communaut\u00e9s, des relais des valeurs apprises durant l&rsquo;immersion.<br \/>\n\u00ab <em>Je suis fi\u00e8re du moral affich\u00e9 par les participants \u00bb<\/em>, a d\u00e9clar\u00e9e Mariama Traor\u00e9, gouverneure de la r\u00e9gion de l&rsquo;Oubri. Elle insiste sur la n\u00e9cessit\u00e9 de faire \u00e9merger un citoyen burkinab\u00e8 davantage attach\u00e9 \u00e0 sa nation, \u00e0 son int\u00e9grit\u00e9 et \u00e0 la responsabilit\u00e9 collective.<br \/>\n\u00c0 travers les contributions des entreprises et les t\u00e9moignages des appel\u00e9s, l&rsquo;\u00e9dition 2026 de l&rsquo;Immersion patriotique obligatoire appara\u00eet comme un espace de transmission de valeurs, mais aussi comme une d\u00e9marche mobilisant progressivement les diff\u00e9rents acteurs de la soci\u00e9t\u00e9. Pour les jeunes participants, l&rsquo;enjeu d\u00e9passe la dur\u00e9e du s\u00e9jour : il s&rsquo;agit d\u00e9sormais de transformer les acquis de l&rsquo;immersion en comportements concrets, au sein de la communaut\u00e9 et au service de la nation.<\/p>\n<p style=\"text-align: right;\"><strong><em>Cl\u00e9ment KABA<\/em><\/strong><\/p>\n","protected":false},"excerpt":{"rendered":"<p>Le\u00a017 ao\u00fbt 2026, dans la r\u00e9gion de l&rsquo;Oubri, l&rsquo;\u00e9dition 2026 de l&rsquo;Immersion patriotique obligatoire se poursuit sous le signe de l&rsquo;engagement et d&rsquo;une forte mobilisation citoyenne. Une \u00e9quipe conduite par le Directeur de la Communication et des Relations presse de l&rsquo;Arm\u00e9e, le Camarade Lieutenant-colonel Abdoul Aziz OU\u00c9DRAOGO, repr\u00e9sentant du Comit\u00e9 national d&rsquo;organisation, s&rsquo;est rendue sur&#8230;<\/p>\n","protected":false},"author":6,"featured_media":38923,"comment_status":"open","ping_status":"open","sticky":false,"template":"","format":"standard","meta":{"_jetpack_newsletter_access":"","_jetpack_dont_email_post_to_subs":false,"_jetpack_newsletter_tier_id":0,"_jetpack_memberships_contains_paywalled_content":false,"_jetpack_feature_clip_id":0,"_jetpack_memberships_contains_paid_content":false,"footnotes":"","jetpack_post_was_ever_published":false},"categories":[2,184,4],"tags":[],"class_list":["post-38917","post","type-post","status-publish","format-standard","has-post-thumbnail","hentry","category-a-la-une","category-eduction","category-societe"],"yoast_head":"<!-- This site is optimized with the Yoast SEO plugin v28.3 - https:\/\/yoast.com\/product\/yoast-seo-wordpress\/ -->\n<title>Immersion patriotique obligatoire 2026 : Entreprises et autorit\u00e9s saluent l&#039;engagement des jeunes appel\u00e9s - WordPress<\/title>\n<meta name=\"robots\" content=\"index, follow, max-snippet:-1, max-image-preview:large, max-video-preview:-1\" \/>\n<link rel=\"canonical\" href=\"https:\/\/lacolombeplus.net\/index.php\/2026\/08\/17\/immersion-patriotique-obligatoire-2026-entreprises-et-autorites-saluent-lengagement-des-jeunes-appeles\/\" \/>\n<meta property=\"og:locale\" content=\"fr_FR\" \/>\n<meta property=\"og:type\" content=\"article\" \/>\n<meta property=\"og:title\" content=\"Immersion patriotique obligatoire 2026 : Entreprises et autorit\u00e9s saluent l&#039;engagement des jeunes appel\u00e9s - WordPress\" \/>\n<meta property=\"og:description\" content=\"Le\u00a017 ao\u00fbt 2026, dans la r\u00e9gion de l&rsquo;Oubri, l&rsquo;\u00e9dition 2026 de l&rsquo;Immersion patriotique obligatoire se poursuit sous le signe de l&rsquo;engagement et d&rsquo;une forte mobilisation citoyenne. Une \u00e9quipe conduite par le Directeur de la Communication et des Relations presse de l&rsquo;Arm\u00e9e, le Camarade Lieutenant-colonel Abdoul Aziz OU\u00c9DRAOGO, repr\u00e9sentant du Comit\u00e9 national d&rsquo;organisation, s&rsquo;est rendue sur...\" \/>\n<meta property=\"og:url\" content=\"https:\/\/lacolombeplus.net\/index.php\/2026\/08\/17\/immersion-patriotique-obligatoire-2026-entreprises-et-autorites-saluent-lengagement-des-jeunes-appeles\/\" \/>\n<meta property=\"og:site_name\" content=\"WordPress\" \/>\n<meta property=\"article:publisher\" content=\"https:\/\/web.facebook.com\/profile.php?id=61589477078953\" \/>\n<meta property=\"article:published_time\" content=\"2026-08-17T21:14:36+00:00\" \/>\n<meta property=\"article:modified_time\" content=\"2026-08-19T12:40:10+00:00\" \/>\n<meta property=\"og:image\" content=\"http:\/\/lacolombeplus.net\/wp-content\/uploads\/2026\/08\/IMG-20260817-WA0166.webp\" \/>\n\t<meta property=\"og:image:width\" content=\"1600\" \/>\n\t<meta property=\"og:image:height\" content=\"915\" \/>\n\t<meta property=\"og:image:type\" content=\"image\/webp\" \/>\n<meta name=\"author\" content=\"Dramane FAYAMA\" \/>\n<meta name=\"twitter:card\" content=\"summary_large_image\" \/>\n<meta name=\"twitter:label1\" content=\"\u00c9crit par\" \/>\n\t<meta name=\"twitter:data1\" content=\"Dramane FAYAMA\" \/>\n\t<meta name=\"twitter:label2\" content=\"Dur\u00e9e de lecture estim\u00e9e\" \/>\n\t<meta name=\"twitter:data2\" content=\"5 minutes\" \/>\n<script type=\"application\/ld+json\" class=\"yoast-schema-graph\">{\"@context\":\"https:\\\/\\\/schema.org\",\"@graph\":[{\"@type\":\"Article\",\"@id\":\"https:\\\/\\\/lacolombeplus.net\\\/index.php\\\/2026\\\/08\\\/17\\\/immersion-patriotique-obligatoire-2026-entreprises-et-autorites-saluent-lengagement-des-jeunes-appeles\\\/#article\",\"isPartOf\":{\"@id\":\"https:\\\/\\\/lacolombeplus.net\\\/index.php\\\/2026\\\/08\\\/17\\\/immersion-patriotique-obligatoire-2026-entreprises-et-autorites-saluent-lengagement-des-jeunes-appeles\\\/\"},\"author\":{\"name\":\"Dramane FAYAMA\",\"@id\":\"https:\\\/\\\/lacolombeplus.net\\\/#\\\/schema\\\/person\\\/1a433b3fa6e8f9696f18ece67a69915c\"},\"headline\":\"Immersion patriotique obligatoire 2026 : Entreprises et autorit\u00e9s saluent l&rsquo;engagement des jeunes appel\u00e9s\",\"datePublished\":\"2026-08-17T21:14:36+00:00\",\"dateModified\":\"2026-08-19T12:40:10+00:00\",\"mainEntityOfPage\":{\"@id\":\"https:\\\/\\\/lacolombeplus.net\\\/index.php\\\/2026\\\/08\\\/17\\\/immersion-patriotique-obligatoire-2026-entreprises-et-autorites-saluent-lengagement-des-jeunes-appeles\\\/\"},\"wordCount\":810,\"commentCount\":0,\"publisher\":{\"@id\":\"https:\\\/\\\/lacolombeplus.net\\\/#organization\"},\"image\":{\"@id\":\"https:\\\/\\\/lacolombeplus.net\\\/index.php\\\/2026\\\/08\\\/17\\\/immersion-patriotique-obligatoire-2026-entreprises-et-autorites-saluent-lengagement-des-jeunes-appeles\\\/#primaryimage\"},\"thumbnailUrl\":\"https:\\\/\\\/lacolombeplus.net\\\/wp-content\\\/uploads\\\/2026\\\/08\\\/IMG-20260817-WA0166.webp\",\"articleSection\":[\"A la Une\",\"\u00c9ducation\",\"Soci\u00e9t\u00e9\"],\"inLanguage\":\"fr-FR\",\"potentialAction\":[{\"@type\":\"CommentAction\",\"name\":\"Comment\",\"target\":[\"https:\\\/\\\/lacolombeplus.net\\\/index.php\\\/2026\\\/08\\\/17\\\/immersion-patriotique-obligatoire-2026-entreprises-et-autorites-saluent-lengagement-des-jeunes-appeles\\\/#respond\"]}]},{\"@type\":\"WebPage\",\"@id\":\"https:\\\/\\\/lacolombeplus.net\\\/index.php\\\/2026\\\/08\\\/17\\\/immersion-patriotique-obligatoire-2026-entreprises-et-autorites-saluent-lengagement-des-jeunes-appeles\\\/\",\"url\":\"https:\\\/\\\/lacolombeplus.net\\\/index.php\\\/2026\\\/08\\\/17\\\/immersion-patriotique-obligatoire-2026-entreprises-et-autorites-saluent-lengagement-des-jeunes-appeles\\\/\",\"name\":\"Immersion patriotique obligatoire 2026 : Entreprises et autorit\u00e9s saluent l'engagement des jeunes appel\u00e9s - WordPress\",\"isPartOf\":{\"@id\":\"https:\\\/\\\/lacolombeplus.net\\\/#website\"},\"primaryImageOfPage\":{\"@id\":\"https:\\\/\\\/lacolombeplus.net\\\/index.php\\\/2026\\\/08\\\/17\\\/immersion-patriotique-obligatoire-2026-entreprises-et-autorites-saluent-lengagement-des-jeunes-appeles\\\/#primaryimage\"},\"image\":{\"@id\":\"https:\\\/\\\/lacolombeplus.net\\\/index.php\\\/2026\\\/08\\\/17\\\/immersion-patriotique-obligatoire-2026-entreprises-et-autorites-saluent-lengagement-des-jeunes-appeles\\\/#primaryimage\"},\"thumbnailUrl\":\"https:\\\/\\\/lacolombeplus.net\\\/wp-content\\\/uploads\\\/2026\\\/08\\\/IMG-20260817-WA0166.webp\",\"datePublished\":\"2026-08-17T21:14:36+00:00\",\"dateModified\":\"2026-08-19T12:40:10+00:00\",\"breadcrumb\":{\"@id\":\"https:\\\/\\\/lacolombeplus.net\\\/index.php\\\/2026\\\/08\\\/17\\\/immersion-patriotique-obligatoire-2026-entreprises-et-autorites-saluent-lengagement-des-jeunes-appeles\\\/#breadcrumb\"},\"inLanguage\":\"fr-FR\",\"potentialAction\":[{\"@type\":\"ReadAction\",\"target\":[\"https:\\\/\\\/lacolombeplus.net\\\/index.php\\\/2026\\\/08\\\/17\\\/immersion-patriotique-obligatoire-2026-entreprises-et-autorites-saluent-lengagement-des-jeunes-appeles\\\/\"]}]},{\"@type\":\"ImageObject\",\"inLanguage\":\"fr-FR\",\"@id\":\"https:\\\/\\\/lacolombeplus.net\\\/index.php\\\/2026\\\/08\\\/17\\\/immersion-patriotique-obligatoire-2026-entreprises-et-autorites-saluent-lengagement-des-jeunes-appeles\\\/#primaryimage\",\"url\":\"https:\\\/\\\/lacolombeplus.net\\\/wp-content\\\/uploads\\\/2026\\\/08\\\/IMG-20260817-WA0166.webp\",\"contentUrl\":\"https:\\\/\\\/lacolombeplus.net\\\/wp-content\\\/uploads\\\/2026\\\/08\\\/IMG-20260817-WA0166.webp\",\"width\":1600,\"height\":915},{\"@type\":\"BreadcrumbList\",\"@id\":\"https:\\\/\\\/lacolombeplus.net\\\/index.php\\\/2026\\\/08\\\/17\\\/immersion-patriotique-obligatoire-2026-entreprises-et-autorites-saluent-lengagement-des-jeunes-appeles\\\/#breadcrumb\",\"itemListElement\":[{\"@type\":\"ListItem\",\"position\":1,\"name\":\"Accueil\",\"item\":\"https:\\\/\\\/lacolombeplus.net\\\/\"},{\"@type\":\"ListItem\",\"position\":2,\"name\":\"Immersion patriotique obligatoire 2026 : Entreprises et autorit\u00e9s saluent l&rsquo;engagement des jeunes appel\u00e9s\"}]},{\"@type\":\"WebSite\",\"@id\":\"https:\\\/\\\/lacolombeplus.net\\\/#website\",\"url\":\"https:\\\/\\\/lacolombeplus.net\\\/\",\"name\":\"Lacolombeplus\",\"description\":\"\",\"publisher\":{\"@id\":\"https:\\\/\\\/lacolombeplus.net\\\/#organization\"},\"potentialAction\":[{\"@type\":\"SearchAction\",\"target\":{\"@type\":\"EntryPoint\",\"urlTemplate\":\"https:\\\/\\\/lacolombeplus.net\\\/?s={search_term_string}\"},\"query-input\":{\"@type\":\"PropertyValueSpecification\",\"valueRequired\":true,\"valueName\":\"search_term_string\"}}],\"inLanguage\":\"fr-FR\"},{\"@type\":\"Organization\",\"@id\":\"https:\\\/\\\/lacolombeplus.net\\\/#organization\",\"name\":\"lacolombeplus.net\",\"url\":\"https:\\\/\\\/lacolombeplus.net\\\/\",\"logo\":{\"@type\":\"ImageObject\",\"inLanguage\":\"fr-FR\",\"@id\":\"https:\\\/\\\/lacolombeplus.net\\\/#\\\/schema\\\/logo\\\/image\\\/\",\"url\":\"https:\\\/\\\/lacolombeplus.net\\\/wp-content\\\/uploads\\\/2026\\\/04\\\/a84391f3-a521-4177-867d-b9aaa3066b88.png\",\"contentUrl\":\"https:\\\/\\\/lacolombeplus.net\\\/wp-content\\\/uploads\\\/2026\\\/04\\\/a84391f3-a521-4177-867d-b9aaa3066b88.png\",\"width\":1045,\"height\":1505,\"caption\":\"lacolombeplus.net\"},\"image\":{\"@id\":\"https:\\\/\\\/lacolombeplus.net\\\/#\\\/schema\\\/logo\\\/image\\\/\"},\"sameAs\":[\"https:\\\/\\\/web.facebook.com\\\/profile.php?id=61589477078953\"]},{\"@type\":\"Person\",\"@id\":\"https:\\\/\\\/lacolombeplus.net\\\/#\\\/schema\\\/person\\\/1a433b3fa6e8f9696f18ece67a69915c\",\"name\":\"Dramane FAYAMA\",\"image\":{\"@type\":\"ImageObject\",\"inLanguage\":\"fr-FR\",\"@id\":\"https:\\\/\\\/secure.gravatar.com\\\/avatar\\\/6ae061b9c102ae93ffb7a4076195d78ace54801f91540899a6e8aacf91eacff8?s=96&d=mm&r=g\",\"url\":\"https:\\\/\\\/secure.gravatar.com\\\/avatar\\\/6ae061b9c102ae93ffb7a4076195d78ace54801f91540899a6e8aacf91eacff8?s=96&d=mm&r=g\",\"contentUrl\":\"https:\\\/\\\/secure.gravatar.com\\\/avatar\\\/6ae061b9c102ae93ffb7a4076195d78ace54801f91540899a6e8aacf91eacff8?s=96&d=mm&r=g\",\"caption\":\"Dramane FAYAMA\"},\"url\":\"https:\\\/\\\/lacolombeplus.net\\\/index.php\\\/author\\\/dramane\\\/\"}]}<\/script>\n<!-- \/ Yoast SEO plugin. -->","yoast_head_json":{"title":"Immersion patriotique obligatoire 2026 : Entreprises et autorit\u00e9s saluent l'engagement des jeunes appel\u00e9s - WordPress","robots":{"index":"index","follow":"follow","max-snippet":"max-snippet:-1","max-image-preview":"max-image-preview:large","max-video-preview":"max-video-preview:-1"},"canonical":"https:\/\/lacolombeplus.net\/index.php\/2026\/08\/17\/immersion-patriotique-obligatoire-2026-entreprises-et-autorites-saluent-lengagement-des-jeunes-appeles\/","og_locale":"fr_FR","og_type":"article","og_title":"Immersion patriotique obligatoire 2026 : Entreprises et autorit\u00e9s saluent l'engagement des jeunes appel\u00e9s - WordPress","og_description":"Le\u00a017 ao\u00fbt 2026, dans la r\u00e9gion de l&rsquo;Oubri, l&rsquo;\u00e9dition 2026 de l&rsquo;Immersion patriotique obligatoire se poursuit sous le signe de l&rsquo;engagement et d&rsquo;une forte mobilisation citoyenne. Une \u00e9quipe conduite par le Directeur de la Communication et des Relations presse de l&rsquo;Arm\u00e9e, le Camarade Lieutenant-colonel Abdoul Aziz OU\u00c9DRAOGO, repr\u00e9sentant du Comit\u00e9 national d&rsquo;organisation, s&rsquo;est rendue sur...","og_url":"https:\/\/lacolombeplus.net\/index.php\/2026\/08\/17\/immersion-patriotique-obligatoire-2026-entreprises-et-autorites-saluent-lengagement-des-jeunes-appeles\/","og_site_name":"WordPress","article_publisher":"https:\/\/web.facebook.com\/profile.php?id=61589477078953","article_published_time":"2026-08-17T21:14:36+00:00","article_modified_time":"2026-08-19T12:40:10+00:00","og_image":[{"width":1600,"height":915,"url":"http:\/\/lacolombeplus.net\/wp-content\/uploads\/2026\/08\/IMG-20260817-WA0166.webp","type":"image\/webp"}],"author":"Dramane FAYAMA","twitter_card":"summary_large_image","twitter_misc":{"\u00c9crit par":"Dramane FAYAMA","Dur\u00e9e de lecture estim\u00e9e":"5 minutes"},"schema":{"@context":"https:\/\/schema.org","@graph":[{"@type":"Article","@id":"https:\/\/lacolombeplus.net\/index.php\/2026\/08\/17\/immersion-patriotique-obligatoire-2026-entreprises-et-autorites-saluent-lengagement-des-jeunes-appeles\/#article","isPartOf":{"@id":"https:\/\/lacolombeplus.net\/index.php\/2026\/08\/17\/immersion-patriotique-obligatoire-2026-entreprises-et-autorites-saluent-lengagement-des-jeunes-appeles\/"},"author":{"name":"Dramane FAYAMA","@id":"https:\/\/lacolombeplus.net\/#\/schema\/person\/1a433b3fa6e8f9696f18ece67a69915c"},"headline":"Immersion patriotique obligatoire 2026 : Entreprises et autorit\u00e9s saluent l&rsquo;engagement des jeunes appel\u00e9s","datePublished":"2026-08-17T21:14:36+00:00","dateModified":"2026-08-19T12:40:10+00:00","mainEntityOfPage":{"@id":"https:\/\/lacolombeplus.net\/index.php\/2026\/08\/17\/immersion-patriotique-obligatoire-2026-entreprises-et-autorites-saluent-lengagement-des-jeunes-appeles\/"},"wordCount":810,"commentCount":0,"publisher":{"@id":"https:\/\/lacolombeplus.net\/#organization"},"image":{"@id":"https:\/\/lacolombeplus.net\/index.php\/2026\/08\/17\/immersion-patriotique-obligatoire-2026-entreprises-et-autorites-saluent-lengagement-des-jeunes-appeles\/#primaryimage"},"thumbnailUrl":"https:\/\/lacolombeplus.net\/wp-content\/uploads\/2026\/08\/IMG-20260817-WA0166.webp","articleSection":["A la Une","\u00c9ducation","Soci\u00e9t\u00e9"],"inLanguage":"fr-FR","potentialAction":[{"@type":"CommentAction","name":"Comment","target":["https:\/\/lacolombeplus.net\/index.php\/2026\/08\/17\/immersion-patriotique-obligatoire-2026-entreprises-et-autorites-saluent-lengagement-des-jeunes-appeles\/#respond"]}]},{"@type":"WebPage","@id":"https:\/\/lacolombeplus.net\/index.php\/2026\/08\/17\/immersion-patriotique-obligatoire-2026-entreprises-et-autorites-saluent-lengagement-des-jeunes-appeles\/","url":"https:\/\/lacolombeplus.net\/index.php\/2026\/08\/17\/immersion-patriotique-obligatoire-2026-entreprises-et-autorites-saluent-lengagement-des-jeunes-appeles\/","name":"Immersion patriotique obligatoire 2026 : Entreprises et autorit\u00e9s saluent l'engagement des jeunes appel\u00e9s - WordPress","isPartOf":{"@id":"https:\/\/lacolombeplus.net\/#website"},"primaryImageOfPage":{"@id":"https:\/\/lacolombeplus.net\/index.php\/2026\/08\/17\/immersion-patriotique-obligatoire-2026-entreprises-et-autorites-saluent-lengagement-des-jeunes-appeles\/#primaryimage"},"image":{"@id":"https:\/\/lacolombeplus.net\/index.php\/2026\/08\/17\/immersion-patriotique-obligatoire-2026-entreprises-et-autorites-saluent-lengagement-des-jeunes-appeles\/#primaryimage"},"thumbnailUrl":"https:\/\/lacolombeplus.net\/wp-content\/uploads\/2026\/08\/IMG-20260817-WA0166.webp","datePublished":"2026-08-17T21:14:36+00:00","dateModified":"2026-08-19T12:40:10+00:00","breadcrumb":{"@id":"https:\/\/lacolombeplus.net\/index.php\/2026\/08\/17\/immersion-patriotique-obligatoire-2026-entreprises-et-autorites-saluent-lengagement-des-jeunes-appeles\/#breadcrumb"},"inLanguage":"fr-FR","potentialAction":[{"@type":"ReadAction","target":["https:\/\/lacolombeplus.net\/index.php\/2026\/08\/17\/immersion-patriotique-obligatoire-2026-entreprises-et-autorites-saluent-lengagement-des-jeunes-appeles\/"]}]},{"@type":"ImageObject","inLanguage":"fr-FR","@id":"https:\/\/lacolombeplus.net\/index.php\/2026\/08\/17\/immersion-patriotique-obligatoire-2026-entreprises-et-autorites-saluent-lengagement-des-jeunes-appeles\/#primaryimage","url":"https:\/\/lacolombeplus.net\/wp-content\/uploads\/2026\/08\/IMG-20260817-WA0166.webp","contentUrl":"https:\/\/lacolombeplus.net\/wp-content\/uploads\/2026\/08\/IMG-20260817-WA0166.webp","width":1600,"height":915},{"@type":"BreadcrumbList","@id":"https:\/\/lacolombeplus.net\/index.php\/2026\/08\/17\/immersion-patriotique-obligatoire-2026-entreprises-et-autorites-saluent-lengagement-des-jeunes-appeles\/#breadcrumb","itemListElement":[{"@type":"ListItem","position":1,"name":"Accueil","item":"https:\/\/lacolombeplus.net\/"},{"@type":"ListItem","position":2,"name":"Immersion patriotique obligatoire 2026 : Entreprises et autorit\u00e9s saluent l&rsquo;engagement des jeunes appel\u00e9s"}]},{"@type":"WebSite","@id":"https:\/\/lacolombeplus.net\/#website","url":"https:\/\/lacolombeplus.net\/","name":"Lacolombeplus","description":"","publisher":{"@id":"https:\/\/lacolombeplus.net\/#organization"},"potentialAction":[{"@type":"SearchAction","target":{"@type":"EntryPoint","urlTemplate":"https:\/\/lacolombeplus.net\/?s={search_term_string}"},"query-input":{"@type":"PropertyValueSpecification","valueRequired":true,"valueName":"search_term_string"}}],"inLanguage":"fr-FR"},{"@type":"Organization","@id":"https:\/\/lacolombeplus.net\/#organization","name":"lacolombeplus.net","url":"https:\/\/lacolombeplus.net\/","logo":{"@type":"ImageObject","inLanguage":"fr-FR","@id":"https:\/\/lacolombeplus.net\/#\/schema\/logo\/image\/","url":"https:\/\/lacolombeplus.net\/wp-content\/uploads\/2026\/04\/a84391f3-a521-4177-867d-b9aaa3066b88.png","contentUrl":"https:\/\/lacolombeplus.net\/wp-content\/uploads\/2026\/04\/a84391f3-a521-4177-867d-b9aaa3066b88.png","width":1045,"height":1505,"caption":"lacolombeplus.net"},"image":{"@id":"https:\/\/lacolombeplus.net\/#\/schema\/logo\/image\/"},"sameAs":["https:\/\/web.facebook.com\/profile.php?id=61589477078953"]},{"@type":"Person","@id":"https:\/\/lacolombeplus.net\/#\/schema\/person\/1a433b3fa6e8f9696f18ece67a69915c","name":"Dramane FAYAMA","image":{"@type":"ImageObject","inLanguage":"fr-FR","@id":"https:\/\/secure.gravatar.com\/avatar\/6ae061b9c102ae93ffb7a4076195d78ace54801f91540899a6e8aacf91eacff8?s=96&d=mm&r=g","url":"https:\/\/secure.gravatar.com\/avatar\/6ae061b9c102ae93ffb7a4076195d78ace54801f91540899a6e8aacf91eacff8?s=96&d=mm&r=g","contentUrl":"https:\/\/secure.gravatar.com\/avatar\/6ae061b9c102ae93ffb7a4076195d78ace54801f91540899a6e8aacf91eacff8?s=96&d=mm&r=g","caption":"Dramane FAYAMA"},"url":"https:\/\/lacolombeplus.net\/index.php\/author\/dramane\/"}]}},"jetpack_featured_media_url":"https:\/\/lacolombeplus.net\/wp-content\/uploads\/2026\/08\/IMG-20260817-WA0166.webp","jetpack_sharing_enabled":true,"_links":{"self":[{"href":"https:\/\/lacolombeplus.net\/index.php\/wp-json\/wp\/v2\/posts\/38917","targetHints":{"allow":["GET"]}}],"collection":[{"href":"https:\/\/lacolombeplus.net\/index.php\/wp-json\/wp\/v2\/posts"}],"about":[{"href":"https:\/\/lacolombeplus.net\/index.php\/wp-json\/wp\/v2\/types\/post"}],"author":[{"embeddable":true,"href":"https:\/\/lacolombeplus.net\/index.php\/wp-json\/wp\/v2\/users\/6"}],"replies":[{"embeddable":true,"href":"https:\/\/lacolombeplus.net\/index.php\/wp-json\/wp\/v2\/comments?post=38917"}],"version-history":[{"count":4,"href":"https:\/\/lacolombeplus.net\/index.php\/wp-json\/wp\/v2\/posts\/38917\/revisions"}],"predecessor-version":[{"id":38925,"href":"https:\/\/lacolombeplus.net\/index.php\/wp-json\/wp\/v2\/posts\/38917\/revisions\/38925"}],"wp:featuredmedia":[{"embeddable":true,"href":"https:\/\/lacolombeplus.net\/index.php\/wp-json\/wp\/v2\/media\/38923"}],"wp:attachment":[{"href":"https:\/\/lacolombeplus.net\/index.php\/wp-json\/wp\/v2\/media?parent=38917"}],"wp:term":[{"taxonomy":"category","embeddable":true,"href":"https:\/\/lacolombeplus.net\/index.php\/wp-json\/wp\/v2\/categories?post=38917"},{"taxonomy":"post_tag","embeddable":true,"href":"https:\/\/lacolombeplus.net\/index.php\/wp-json\/wp\/v2\/tags?post=38917"}],"curies":[{"name":"wp","href":"https:\/\/api.w.org\/{rel}","templated":true}]}}