{"id":38910,"date":"2026-08-13T18:38:58","date_gmt":"2026-08-13T18:38:58","guid":{"rendered":"https:\/\/lacolombeplus.net\/?p=38910"},"modified":"2026-08-19T12:35:43","modified_gmt":"2026-08-19T12:35:43","slug":"les-trois-pays-de-laes-renforcent-leur-cooperation-pour-lautonomisation-et-la-protection-des-femmes-dans-lespace-aes","status":"publish","type":"post","link":"https:\/\/lacolombeplus.net\/index.php\/2026\/08\/13\/les-trois-pays-de-laes-renforcent-leur-cooperation-pour-lautonomisation-et-la-protection-des-femmes-dans-lespace-aes\/","title":{"rendered":"LES TROIS PAYS DE L\u2019AES RENFORCENT LEUR COOPERATION POUR L\u2019AUTONOMISATION ET LA PROTECTION DES FEMMES DANS L\u2019ESPACE AES"},"content":{"rendered":"<h1><strong>Ouagadougou, le 12 ao\u00fbt 2026. R\u00e9unies dans la capitale burkinab\u00e8, les responsables en charge de la promotion de la femme du Burkina Faso, du Mali et du Niger affichent une ambition commune : faire de la femme sah\u00e9lienne une actrice \u00e0 part enti\u00e8re de la paix, de la s\u00e9curit\u00e9, de la r\u00e9silience et du d\u00e9veloppement. Un an apr\u00e8s l\u2019adoption de la D\u00e9claration de Niamey, la rencontre de Ouagadougou marque surtout la volont\u00e9 de passer des engagements aux actions concr\u00e8tes.<\/strong><\/h1>\n<p>Les travaux des experts, tenus du 10 au 12 ao\u00fbt 2026, ont permis de dresser un bilan des acquis et d\u2019identifier les chantiers prioritaires de la coop\u00e9ration f\u00e9minine au sein de la Conf\u00e9d\u00e9ration des \u00c9tats du Sahel. Parmi les documents produits figurent notamment le bilan d\u2019\u00e9tape des activit\u00e9s 2025-2026, le projet d\u2019arr\u00eat\u00e9 conjoint portant cr\u00e9ation de la plateforme r\u00e9gionale des femmes de l\u2019AES ainsi qu\u2019une d\u00e9claration issue des travaux.<\/p>\n<figure id=\"attachment_38913\" aria-describedby=\"caption-attachment-38913\" style=\"width: 544px\" class=\"wp-caption alignleft\"><img fetchpriority=\"high\" decoding=\"async\" class=\"wp-image-38913\" src=\"http:\/\/lacolombeplus.net\/wp-content\/uploads\/2026\/08\/ministre-niger.webp\" alt=\"\" width=\"544\" height=\"615\" srcset=\"https:\/\/lacolombeplus.net\/wp-content\/uploads\/2026\/08\/ministre-niger.webp 1180w, https:\/\/lacolombeplus.net\/wp-content\/uploads\/2026\/08\/ministre-niger-266x300.webp 266w, https:\/\/lacolombeplus.net\/wp-content\/uploads\/2026\/08\/ministre-niger-906x1024.webp 906w, https:\/\/lacolombeplus.net\/wp-content\/uploads\/2026\/08\/ministre-niger-768x868.webp 768w\" sizes=\"(max-width: 544px) 100vw, 544px\" \/><figcaption id=\"caption-attachment-38913\" class=\"wp-caption-text\"><em>Diarra Dj\u00e9n\u00e9ba SANOGO, ministre de la Promotion de la Femme, de l\u2019Enfant et de la Famille de la R\u00e9publique du Mali<\/em><\/figcaption><\/figure>\n<p><strong>De l\u2019urgence \u00e0 la r\u00e9silience durable<\/strong><\/p>\n<p>Au-del\u00e0 des textes, les discours ont fait \u00e9merger une orientation forte : sortir d\u2019une approche centr\u00e9e sur l\u2019urgence pour construire une r\u00e9silience durable. Pour Madame Diarra Dj\u00e9n\u00e9ba SANOGO, ministre de la Promotion de la Femme, de l\u2019Enfant et de la Famille de la R\u00e9publique du Mali :&lt;&lt;l\u2019assistance humanitaire demeure indispensable, mais l\u2019autonomisation \u00e9conomique, l\u2019acc\u00e8s \u00e0 la terre, au cr\u00e9dit et \u00e0 la justice constituent des leviers essentiels pour prot\u00e9ger durablement les populations &gt;&gt;.<\/p>\n<p style=\"text-align: center;\"><strong>Les femmes, actrices de paix et de coh\u00e9sion<\/strong><\/p>\n<p><strong>\u00a0<\/strong>Cette vision \u00e9largit \u00e9galement la place accord\u00e9e aux femmes dans la consolidation de la paix. Les acquis recens\u00e9s font \u00e9tat de m\u00e9diatrices, d\u2019ambassadrices communautaires et de comit\u00e9s de paix. La cr\u00e9ation envisag\u00e9e d\u2019un r\u00e9seau AES des femmes m\u00e9diatrices et ambassadrices de paix doit permettre de renforcer cette implication dans la pr\u00e9vention, la m\u00e9diation et la coh\u00e9sion sociale. Le Lieutenant-colonel Passowend\u00e9 P\u00e9lagie KABORE, ministres charg\u00e9s du Genre, de la Famille et de la Solidarit\u00e9 du Burkina Faso exhorte les femmes \u00e0 \u00eatre \u00e9galement des artisans d\u2019une solidarit\u00e9 f\u00e9minine conf\u00e9d\u00e9rale forte, et poteuse d\u2019initiatives nouvelle.<\/p>\n<p style=\"text-align: center;\"><strong>L\u2019autonomisation \u00e9conomique au c\u0153ur des priorit\u00e9s<\/strong><\/p>\n<figure id=\"attachment_38912\" aria-describedby=\"caption-attachment-38912\" style=\"width: 638px\" class=\"wp-caption alignright\"><img decoding=\"async\" class=\"wp-image-38912\" src=\"http:\/\/lacolombeplus.net\/wp-content\/uploads\/2026\/08\/P1080965bbb-scaled.webp\" alt=\"\" width=\"638\" height=\"452\" srcset=\"https:\/\/lacolombeplus.net\/wp-content\/uploads\/2026\/08\/P1080965bbb-scaled.webp 2560w, https:\/\/lacolombeplus.net\/wp-content\/uploads\/2026\/08\/P1080965bbb-300x213.webp 300w, https:\/\/lacolombeplus.net\/wp-content\/uploads\/2026\/08\/P1080965bbb-1024x726.webp 1024w, https:\/\/lacolombeplus.net\/wp-content\/uploads\/2026\/08\/P1080965bbb-768x544.webp 768w, https:\/\/lacolombeplus.net\/wp-content\/uploads\/2026\/08\/P1080965bbb-1536x1089.webp 1536w, https:\/\/lacolombeplus.net\/wp-content\/uploads\/2026\/08\/P1080965bbb-2048x1452.webp 2048w\" sizes=\"(max-width: 638px) 100vw, 638px\" \/><figcaption id=\"caption-attachment-38912\" class=\"wp-caption-text\"><em>Les ministres conjointes humanitaire de l&rsquo;AES <\/em><\/figcaption><\/figure>\n<p>&nbsp;<\/p>\n<p>&lt;&lt;Sur le terrain \u00e9conomique, l\u2019enjeu est tout aussi strat\u00e9gique&gt;&gt; affirme la Pr Sidikou Ramatou Djermakoye SEYNI, ministre de la Population, de l&rsquo;Action sociale et de la Solidarit\u00e9 du Niger. Formations, activit\u00e9s g\u00e9n\u00e9ratrices de revenus, cr\u00e9dits, \u00e9quipements, acc\u00e8s au march\u00e9, \u00e0 la terre et aux fili\u00e8res locales constituent d\u00e9j\u00e0 des acquis. Les prochaines \u00e9tapes pr\u00e9voient l\u2019identification de fili\u00e8res prioritaires, notamment l\u2019agro-transformation et le textile, ainsi que la mise en place de m\u00e9canismes r\u00e9gionaux de garantie et de soutien.<\/p>\n<p style=\"text-align: center;\"><strong>Le financement, principal d\u00e9fi de l\u2019action<\/strong><\/p>\n<p>Mais derri\u00e8re ces ambitions se dessine un d\u00e9fi majeur : le financement et la capacit\u00e9 d\u2019ex\u00e9cution. Les experts reconnaissent des difficult\u00e9s persistantes en mati\u00e8re de coordination, de mobilisation des ressources et de suivi-\u00e9valuation. Ils recommandent notamment la cr\u00e9ation d\u2019une ligne budg\u00e9taire d\u00e9di\u00e9e aux activit\u00e9s de la plateforme r\u00e9gionale des femmes.<\/p>\n<p style=\"text-align: center;\"><strong>Renforcer la r\u00e9ponse aux violences bas\u00e9es sur le genre<\/strong><\/p>\n<p>La lutte contre les violences bas\u00e9es sur le genre figure \u00e9galement au c\u0153ur de cette nouvelle architecture. Centres multifonctionnels, cliniques juridiques, lignes vertes, m\u00e9canismes de r\u00e9f\u00e9rencement, donn\u00e9es et cartographie r\u00e9gionale des services sont appel\u00e9s \u00e0 \u00eatre renforc\u00e9s et harmonis\u00e9s.<\/p>\n<p style=\"text-align: center;\"><strong>Des engagements aux r\u00e9sultats<\/strong><\/p>\n<p>De Niamey \u00e0 Ouagadougou, la coop\u00e9ration f\u00e9minine de l\u2019AES semble ainsi entrer dans une nouvelle phase : celle de l\u2019op\u00e9rationnalisation. Les ambitions sont d\u00e9sormais clairement affich\u00e9es. Reste \u00e0 transformer les engagements en politiques financ\u00e9es, mesurables et capables de produire des changements tangibles dans la vie des femmes et des filles du Sahel.<\/p>\n<p>&nbsp;<\/p>\n<p style=\"text-align: right;\"><em>Cl\u00e9ment KABA<\/em><\/p>\n<p>&nbsp;<\/p>\n","protected":false},"excerpt":{"rendered":"<p>Ouagadougou, le 12 ao\u00fbt 2026. R\u00e9unies dans la capitale burkinab\u00e8, les responsables en charge de la promotion de la femme du Burkina Faso, du Mali et du Niger affichent une ambition commune : faire de la femme sah\u00e9lienne une actrice \u00e0 part enti\u00e8re de la paix, de la s\u00e9curit\u00e9, de la r\u00e9silience et du d\u00e9veloppement&#8230;.<\/p>\n","protected":false},"author":6,"featured_media":38911,"comment_status":"open","ping_status":"open","sticky":false,"template":"","format":"standard","meta":{"_jetpack_newsletter_access":"","_jetpack_dont_email_post_to_subs":false,"_jetpack_newsletter_tier_id":0,"_jetpack_memberships_contains_paywalled_content":false,"_jetpack_feature_clip_id":0,"_jetpack_memberships_contains_paid_content":false,"footnotes":"","jetpack_post_was_ever_published":false},"categories":[2,193,5,4],"tags":[],"class_list":["post-38910","post","type-post","status-publish","format-standard","has-post-thumbnail","hentry","category-a-la-une","category-developpement","category-international","category-societe"],"yoast_head":"<!-- This site is optimized with the Yoast SEO plugin v28.3 - https:\/\/yoast.com\/product\/yoast-seo-wordpress\/ -->\n<title>LES TROIS PAYS DE L\u2019AES RENFORCENT LEUR COOPERATION POUR L\u2019AUTONOMISATION ET LA PROTECTION DES FEMMES DANS L\u2019ESPACE AES - WordPress<\/title>\n<meta name=\"robots\" content=\"index, follow, max-snippet:-1, max-image-preview:large, max-video-preview:-1\" \/>\n<link rel=\"canonical\" href=\"https:\/\/lacolombeplus.net\/index.php\/2026\/08\/13\/les-trois-pays-de-laes-renforcent-leur-cooperation-pour-lautonomisation-et-la-protection-des-femmes-dans-lespace-aes\/\" \/>\n<meta property=\"og:locale\" content=\"fr_FR\" \/>\n<meta property=\"og:type\" content=\"article\" \/>\n<meta property=\"og:title\" content=\"LES TROIS PAYS DE L\u2019AES RENFORCENT LEUR COOPERATION POUR L\u2019AUTONOMISATION ET LA PROTECTION DES FEMMES DANS L\u2019ESPACE AES - WordPress\" \/>\n<meta property=\"og:description\" content=\"Ouagadougou, le 12 ao\u00fbt 2026. R\u00e9unies dans la capitale burkinab\u00e8, les responsables en charge de la promotion de la femme du Burkina Faso, du Mali et du Niger affichent une ambition commune : faire de la femme sah\u00e9lienne une actrice \u00e0 part enti\u00e8re de la paix, de la s\u00e9curit\u00e9, de la r\u00e9silience et du d\u00e9veloppement....\" \/>\n<meta property=\"og:url\" content=\"https:\/\/lacolombeplus.net\/index.php\/2026\/08\/13\/les-trois-pays-de-laes-renforcent-leur-cooperation-pour-lautonomisation-et-la-protection-des-femmes-dans-lespace-aes\/\" \/>\n<meta property=\"og:site_name\" content=\"WordPress\" \/>\n<meta property=\"article:publisher\" content=\"https:\/\/web.facebook.com\/profile.php?id=61589477078953\" \/>\n<meta property=\"article:published_time\" content=\"2026-08-13T18:38:58+00:00\" \/>\n<meta property=\"article:modified_time\" content=\"2026-08-19T12:35:43+00:00\" \/>\n<meta property=\"og:image\" content=\"http:\/\/lacolombeplus.net\/wp-content\/uploads\/2026\/08\/aaaaaaaaa.webp\" \/>\n\t<meta property=\"og:image:width\" content=\"1527\" \/>\n\t<meta property=\"og:image:height\" content=\"596\" \/>\n\t<meta property=\"og:image:type\" content=\"image\/webp\" \/>\n<meta name=\"author\" content=\"Dramane FAYAMA\" \/>\n<meta name=\"twitter:card\" content=\"summary_large_image\" \/>\n<meta name=\"twitter:label1\" content=\"\u00c9crit par\" \/>\n\t<meta name=\"twitter:data1\" content=\"Dramane FAYAMA\" \/>\n\t<meta name=\"twitter:label2\" content=\"Dur\u00e9e de lecture estim\u00e9e\" \/>\n\t<meta name=\"twitter:data2\" content=\"4 minutes\" \/>\n<script type=\"application\/ld+json\" class=\"yoast-schema-graph\">{\"@context\":\"https:\\\/\\\/schema.org\",\"@graph\":[{\"@type\":\"Article\",\"@id\":\"https:\\\/\\\/lacolombeplus.net\\\/index.php\\\/2026\\\/08\\\/13\\\/les-trois-pays-de-laes-renforcent-leur-cooperation-pour-lautonomisation-et-la-protection-des-femmes-dans-lespace-aes\\\/#article\",\"isPartOf\":{\"@id\":\"https:\\\/\\\/lacolombeplus.net\\\/index.php\\\/2026\\\/08\\\/13\\\/les-trois-pays-de-laes-renforcent-leur-cooperation-pour-lautonomisation-et-la-protection-des-femmes-dans-lespace-aes\\\/\"},\"author\":{\"name\":\"Dramane FAYAMA\",\"@id\":\"https:\\\/\\\/lacolombeplus.net\\\/#\\\/schema\\\/person\\\/1a433b3fa6e8f9696f18ece67a69915c\"},\"headline\":\"LES TROIS PAYS DE L\u2019AES RENFORCENT LEUR COOPERATION POUR L\u2019AUTONOMISATION ET LA PROTECTION DES FEMMES DANS L\u2019ESPACE AES\",\"datePublished\":\"2026-08-13T18:38:58+00:00\",\"dateModified\":\"2026-08-19T12:35:43+00:00\",\"mainEntityOfPage\":{\"@id\":\"https:\\\/\\\/lacolombeplus.net\\\/index.php\\\/2026\\\/08\\\/13\\\/les-trois-pays-de-laes-renforcent-leur-cooperation-pour-lautonomisation-et-la-protection-des-femmes-dans-lespace-aes\\\/\"},\"wordCount\":752,\"commentCount\":0,\"publisher\":{\"@id\":\"https:\\\/\\\/lacolombeplus.net\\\/#organization\"},\"image\":{\"@id\":\"https:\\\/\\\/lacolombeplus.net\\\/index.php\\\/2026\\\/08\\\/13\\\/les-trois-pays-de-laes-renforcent-leur-cooperation-pour-lautonomisation-et-la-protection-des-femmes-dans-lespace-aes\\\/#primaryimage\"},\"thumbnailUrl\":\"https:\\\/\\\/lacolombeplus.net\\\/wp-content\\\/uploads\\\/2026\\\/08\\\/aaaaaaaaa.webp\",\"articleSection\":[\"A la Une\",\"D\u00e9veloppement\",\"International\",\"Soci\u00e9t\u00e9\"],\"inLanguage\":\"fr-FR\",\"potentialAction\":[{\"@type\":\"CommentAction\",\"name\":\"Comment\",\"target\":[\"https:\\\/\\\/lacolombeplus.net\\\/index.php\\\/2026\\\/08\\\/13\\\/les-trois-pays-de-laes-renforcent-leur-cooperation-pour-lautonomisation-et-la-protection-des-femmes-dans-lespace-aes\\\/#respond\"]}]},{\"@type\":\"WebPage\",\"@id\":\"https:\\\/\\\/lacolombeplus.net\\\/index.php\\\/2026\\\/08\\\/13\\\/les-trois-pays-de-laes-renforcent-leur-cooperation-pour-lautonomisation-et-la-protection-des-femmes-dans-lespace-aes\\\/\",\"url\":\"https:\\\/\\\/lacolombeplus.net\\\/index.php\\\/2026\\\/08\\\/13\\\/les-trois-pays-de-laes-renforcent-leur-cooperation-pour-lautonomisation-et-la-protection-des-femmes-dans-lespace-aes\\\/\",\"name\":\"LES TROIS PAYS DE L\u2019AES RENFORCENT LEUR COOPERATION POUR L\u2019AUTONOMISATION ET LA PROTECTION DES FEMMES DANS L\u2019ESPACE AES - WordPress\",\"isPartOf\":{\"@id\":\"https:\\\/\\\/lacolombeplus.net\\\/#website\"},\"primaryImageOfPage\":{\"@id\":\"https:\\\/\\\/lacolombeplus.net\\\/index.php\\\/2026\\\/08\\\/13\\\/les-trois-pays-de-laes-renforcent-leur-cooperation-pour-lautonomisation-et-la-protection-des-femmes-dans-lespace-aes\\\/#primaryimage\"},\"image\":{\"@id\":\"https:\\\/\\\/lacolombeplus.net\\\/index.php\\\/2026\\\/08\\\/13\\\/les-trois-pays-de-laes-renforcent-leur-cooperation-pour-lautonomisation-et-la-protection-des-femmes-dans-lespace-aes\\\/#primaryimage\"},\"thumbnailUrl\":\"https:\\\/\\\/lacolombeplus.net\\\/wp-content\\\/uploads\\\/2026\\\/08\\\/aaaaaaaaa.webp\",\"datePublished\":\"2026-08-13T18:38:58+00:00\",\"dateModified\":\"2026-08-19T12:35:43+00:00\",\"breadcrumb\":{\"@id\":\"https:\\\/\\\/lacolombeplus.net\\\/index.php\\\/2026\\\/08\\\/13\\\/les-trois-pays-de-laes-renforcent-leur-cooperation-pour-lautonomisation-et-la-protection-des-femmes-dans-lespace-aes\\\/#breadcrumb\"},\"inLanguage\":\"fr-FR\",\"potentialAction\":[{\"@type\":\"ReadAction\",\"target\":[\"https:\\\/\\\/lacolombeplus.net\\\/index.php\\\/2026\\\/08\\\/13\\\/les-trois-pays-de-laes-renforcent-leur-cooperation-pour-lautonomisation-et-la-protection-des-femmes-dans-lespace-aes\\\/\"]}]},{\"@type\":\"ImageObject\",\"inLanguage\":\"fr-FR\",\"@id\":\"https:\\\/\\\/lacolombeplus.net\\\/index.php\\\/2026\\\/08\\\/13\\\/les-trois-pays-de-laes-renforcent-leur-cooperation-pour-lautonomisation-et-la-protection-des-femmes-dans-lespace-aes\\\/#primaryimage\",\"url\":\"https:\\\/\\\/lacolombeplus.net\\\/wp-content\\\/uploads\\\/2026\\\/08\\\/aaaaaaaaa.webp\",\"contentUrl\":\"https:\\\/\\\/lacolombeplus.net\\\/wp-content\\\/uploads\\\/2026\\\/08\\\/aaaaaaaaa.webp\",\"width\":1527,\"height\":596},{\"@type\":\"BreadcrumbList\",\"@id\":\"https:\\\/\\\/lacolombeplus.net\\\/index.php\\\/2026\\\/08\\\/13\\\/les-trois-pays-de-laes-renforcent-leur-cooperation-pour-lautonomisation-et-la-protection-des-femmes-dans-lespace-aes\\\/#breadcrumb\",\"itemListElement\":[{\"@type\":\"ListItem\",\"position\":1,\"name\":\"Accueil\",\"item\":\"https:\\\/\\\/lacolombeplus.net\\\/\"},{\"@type\":\"ListItem\",\"position\":2,\"name\":\"LES TROIS PAYS DE L\u2019AES RENFORCENT LEUR COOPERATION POUR L\u2019AUTONOMISATION ET LA PROTECTION DES FEMMES DANS L\u2019ESPACE AES\"}]},{\"@type\":\"WebSite\",\"@id\":\"https:\\\/\\\/lacolombeplus.net\\\/#website\",\"url\":\"https:\\\/\\\/lacolombeplus.net\\\/\",\"name\":\"Lacolombeplus\",\"description\":\"\",\"publisher\":{\"@id\":\"https:\\\/\\\/lacolombeplus.net\\\/#organization\"},\"potentialAction\":[{\"@type\":\"SearchAction\",\"target\":{\"@type\":\"EntryPoint\",\"urlTemplate\":\"https:\\\/\\\/lacolombeplus.net\\\/?s={search_term_string}\"},\"query-input\":{\"@type\":\"PropertyValueSpecification\",\"valueRequired\":true,\"valueName\":\"search_term_string\"}}],\"inLanguage\":\"fr-FR\"},{\"@type\":\"Organization\",\"@id\":\"https:\\\/\\\/lacolombeplus.net\\\/#organization\",\"name\":\"lacolombeplus.net\",\"url\":\"https:\\\/\\\/lacolombeplus.net\\\/\",\"logo\":{\"@type\":\"ImageObject\",\"inLanguage\":\"fr-FR\",\"@id\":\"https:\\\/\\\/lacolombeplus.net\\\/#\\\/schema\\\/logo\\\/image\\\/\",\"url\":\"https:\\\/\\\/lacolombeplus.net\\\/wp-content\\\/uploads\\\/2026\\\/04\\\/a84391f3-a521-4177-867d-b9aaa3066b88.png\",\"contentUrl\":\"https:\\\/\\\/lacolombeplus.net\\\/wp-content\\\/uploads\\\/2026\\\/04\\\/a84391f3-a521-4177-867d-b9aaa3066b88.png\",\"width\":1045,\"height\":1505,\"caption\":\"lacolombeplus.net\"},\"image\":{\"@id\":\"https:\\\/\\\/lacolombeplus.net\\\/#\\\/schema\\\/logo\\\/image\\\/\"},\"sameAs\":[\"https:\\\/\\\/web.facebook.com\\\/profile.php?id=61589477078953\"]},{\"@type\":\"Person\",\"@id\":\"https:\\\/\\\/lacolombeplus.net\\\/#\\\/schema\\\/person\\\/1a433b3fa6e8f9696f18ece67a69915c\",\"name\":\"Dramane FAYAMA\",\"image\":{\"@type\":\"ImageObject\",\"inLanguage\":\"fr-FR\",\"@id\":\"https:\\\/\\\/secure.gravatar.com\\\/avatar\\\/6ae061b9c102ae93ffb7a4076195d78ace54801f91540899a6e8aacf91eacff8?s=96&d=mm&r=g\",\"url\":\"https:\\\/\\\/secure.gravatar.com\\\/avatar\\\/6ae061b9c102ae93ffb7a4076195d78ace54801f91540899a6e8aacf91eacff8?s=96&d=mm&r=g\",\"contentUrl\":\"https:\\\/\\\/secure.gravatar.com\\\/avatar\\\/6ae061b9c102ae93ffb7a4076195d78ace54801f91540899a6e8aacf91eacff8?s=96&d=mm&r=g\",\"caption\":\"Dramane FAYAMA\"},\"url\":\"https:\\\/\\\/lacolombeplus.net\\\/index.php\\\/author\\\/dramane\\\/\"}]}<\/script>\n<!-- \/ Yoast SEO plugin. -->","yoast_head_json":{"title":"LES TROIS PAYS DE L\u2019AES RENFORCENT LEUR COOPERATION POUR L\u2019AUTONOMISATION ET LA PROTECTION DES FEMMES DANS L\u2019ESPACE AES - WordPress","robots":{"index":"index","follow":"follow","max-snippet":"max-snippet:-1","max-image-preview":"max-image-preview:large","max-video-preview":"max-video-preview:-1"},"canonical":"https:\/\/lacolombeplus.net\/index.php\/2026\/08\/13\/les-trois-pays-de-laes-renforcent-leur-cooperation-pour-lautonomisation-et-la-protection-des-femmes-dans-lespace-aes\/","og_locale":"fr_FR","og_type":"article","og_title":"LES TROIS PAYS DE L\u2019AES RENFORCENT LEUR COOPERATION POUR L\u2019AUTONOMISATION ET LA PROTECTION DES FEMMES DANS L\u2019ESPACE AES - WordPress","og_description":"Ouagadougou, le 12 ao\u00fbt 2026. R\u00e9unies dans la capitale burkinab\u00e8, les responsables en charge de la promotion de la femme du Burkina Faso, du Mali et du Niger affichent une ambition commune : faire de la femme sah\u00e9lienne une actrice \u00e0 part enti\u00e8re de la paix, de la s\u00e9curit\u00e9, de la r\u00e9silience et du d\u00e9veloppement....","og_url":"https:\/\/lacolombeplus.net\/index.php\/2026\/08\/13\/les-trois-pays-de-laes-renforcent-leur-cooperation-pour-lautonomisation-et-la-protection-des-femmes-dans-lespace-aes\/","og_site_name":"WordPress","article_publisher":"https:\/\/web.facebook.com\/profile.php?id=61589477078953","article_published_time":"2026-08-13T18:38:58+00:00","article_modified_time":"2026-08-19T12:35:43+00:00","og_image":[{"width":1527,"height":596,"url":"http:\/\/lacolombeplus.net\/wp-content\/uploads\/2026\/08\/aaaaaaaaa.webp","type":"image\/webp"}],"author":"Dramane FAYAMA","twitter_card":"summary_large_image","twitter_misc":{"\u00c9crit par":"Dramane FAYAMA","Dur\u00e9e de lecture estim\u00e9e":"4 minutes"},"schema":{"@context":"https:\/\/schema.org","@graph":[{"@type":"Article","@id":"https:\/\/lacolombeplus.net\/index.php\/2026\/08\/13\/les-trois-pays-de-laes-renforcent-leur-cooperation-pour-lautonomisation-et-la-protection-des-femmes-dans-lespace-aes\/#article","isPartOf":{"@id":"https:\/\/lacolombeplus.net\/index.php\/2026\/08\/13\/les-trois-pays-de-laes-renforcent-leur-cooperation-pour-lautonomisation-et-la-protection-des-femmes-dans-lespace-aes\/"},"author":{"name":"Dramane FAYAMA","@id":"https:\/\/lacolombeplus.net\/#\/schema\/person\/1a433b3fa6e8f9696f18ece67a69915c"},"headline":"LES TROIS PAYS DE L\u2019AES RENFORCENT LEUR COOPERATION POUR L\u2019AUTONOMISATION ET LA PROTECTION DES FEMMES DANS L\u2019ESPACE AES","datePublished":"2026-08-13T18:38:58+00:00","dateModified":"2026-08-19T12:35:43+00:00","mainEntityOfPage":{"@id":"https:\/\/lacolombeplus.net\/index.php\/2026\/08\/13\/les-trois-pays-de-laes-renforcent-leur-cooperation-pour-lautonomisation-et-la-protection-des-femmes-dans-lespace-aes\/"},"wordCount":752,"commentCount":0,"publisher":{"@id":"https:\/\/lacolombeplus.net\/#organization"},"image":{"@id":"https:\/\/lacolombeplus.net\/index.php\/2026\/08\/13\/les-trois-pays-de-laes-renforcent-leur-cooperation-pour-lautonomisation-et-la-protection-des-femmes-dans-lespace-aes\/#primaryimage"},"thumbnailUrl":"https:\/\/lacolombeplus.net\/wp-content\/uploads\/2026\/08\/aaaaaaaaa.webp","articleSection":["A la Une","D\u00e9veloppement","International","Soci\u00e9t\u00e9"],"inLanguage":"fr-FR","potentialAction":[{"@type":"CommentAction","name":"Comment","target":["https:\/\/lacolombeplus.net\/index.php\/2026\/08\/13\/les-trois-pays-de-laes-renforcent-leur-cooperation-pour-lautonomisation-et-la-protection-des-femmes-dans-lespace-aes\/#respond"]}]},{"@type":"WebPage","@id":"https:\/\/lacolombeplus.net\/index.php\/2026\/08\/13\/les-trois-pays-de-laes-renforcent-leur-cooperation-pour-lautonomisation-et-la-protection-des-femmes-dans-lespace-aes\/","url":"https:\/\/lacolombeplus.net\/index.php\/2026\/08\/13\/les-trois-pays-de-laes-renforcent-leur-cooperation-pour-lautonomisation-et-la-protection-des-femmes-dans-lespace-aes\/","name":"LES TROIS PAYS DE L\u2019AES RENFORCENT LEUR COOPERATION POUR L\u2019AUTONOMISATION ET LA PROTECTION DES FEMMES DANS L\u2019ESPACE AES - WordPress","isPartOf":{"@id":"https:\/\/lacolombeplus.net\/#website"},"primaryImageOfPage":{"@id":"https:\/\/lacolombeplus.net\/index.php\/2026\/08\/13\/les-trois-pays-de-laes-renforcent-leur-cooperation-pour-lautonomisation-et-la-protection-des-femmes-dans-lespace-aes\/#primaryimage"},"image":{"@id":"https:\/\/lacolombeplus.net\/index.php\/2026\/08\/13\/les-trois-pays-de-laes-renforcent-leur-cooperation-pour-lautonomisation-et-la-protection-des-femmes-dans-lespace-aes\/#primaryimage"},"thumbnailUrl":"https:\/\/lacolombeplus.net\/wp-content\/uploads\/2026\/08\/aaaaaaaaa.webp","datePublished":"2026-08-13T18:38:58+00:00","dateModified":"2026-08-19T12:35:43+00:00","breadcrumb":{"@id":"https:\/\/lacolombeplus.net\/index.php\/2026\/08\/13\/les-trois-pays-de-laes-renforcent-leur-cooperation-pour-lautonomisation-et-la-protection-des-femmes-dans-lespace-aes\/#breadcrumb"},"inLanguage":"fr-FR","potentialAction":[{"@type":"ReadAction","target":["https:\/\/lacolombeplus.net\/index.php\/2026\/08\/13\/les-trois-pays-de-laes-renforcent-leur-cooperation-pour-lautonomisation-et-la-protection-des-femmes-dans-lespace-aes\/"]}]},{"@type":"ImageObject","inLanguage":"fr-FR","@id":"https:\/\/lacolombeplus.net\/index.php\/2026\/08\/13\/les-trois-pays-de-laes-renforcent-leur-cooperation-pour-lautonomisation-et-la-protection-des-femmes-dans-lespace-aes\/#primaryimage","url":"https:\/\/lacolombeplus.net\/wp-content\/uploads\/2026\/08\/aaaaaaaaa.webp","contentUrl":"https:\/\/lacolombeplus.net\/wp-content\/uploads\/2026\/08\/aaaaaaaaa.webp","width":1527,"height":596},{"@type":"BreadcrumbList","@id":"https:\/\/lacolombeplus.net\/index.php\/2026\/08\/13\/les-trois-pays-de-laes-renforcent-leur-cooperation-pour-lautonomisation-et-la-protection-des-femmes-dans-lespace-aes\/#breadcrumb","itemListElement":[{"@type":"ListItem","position":1,"name":"Accueil","item":"https:\/\/lacolombeplus.net\/"},{"@type":"ListItem","position":2,"name":"LES TROIS PAYS DE L\u2019AES RENFORCENT LEUR COOPERATION POUR L\u2019AUTONOMISATION ET LA PROTECTION DES FEMMES DANS L\u2019ESPACE AES"}]},{"@type":"WebSite","@id":"https:\/\/lacolombeplus.net\/#website","url":"https:\/\/lacolombeplus.net\/","name":"Lacolombeplus","description":"","publisher":{"@id":"https:\/\/lacolombeplus.net\/#organization"},"potentialAction":[{"@type":"SearchAction","target":{"@type":"EntryPoint","urlTemplate":"https:\/\/lacolombeplus.net\/?s={search_term_string}"},"query-input":{"@type":"PropertyValueSpecification","valueRequired":true,"valueName":"search_term_string"}}],"inLanguage":"fr-FR"},{"@type":"Organization","@id":"https:\/\/lacolombeplus.net\/#organization","name":"lacolombeplus.net","url":"https:\/\/lacolombeplus.net\/","logo":{"@type":"ImageObject","inLanguage":"fr-FR","@id":"https:\/\/lacolombeplus.net\/#\/schema\/logo\/image\/","url":"https:\/\/lacolombeplus.net\/wp-content\/uploads\/2026\/04\/a84391f3-a521-4177-867d-b9aaa3066b88.png","contentUrl":"https:\/\/lacolombeplus.net\/wp-content\/uploads\/2026\/04\/a84391f3-a521-4177-867d-b9aaa3066b88.png","width":1045,"height":1505,"caption":"lacolombeplus.net"},"image":{"@id":"https:\/\/lacolombeplus.net\/#\/schema\/logo\/image\/"},"sameAs":["https:\/\/web.facebook.com\/profile.php?id=61589477078953"]},{"@type":"Person","@id":"https:\/\/lacolombeplus.net\/#\/schema\/person\/1a433b3fa6e8f9696f18ece67a69915c","name":"Dramane FAYAMA","image":{"@type":"ImageObject","inLanguage":"fr-FR","@id":"https:\/\/secure.gravatar.com\/avatar\/6ae061b9c102ae93ffb7a4076195d78ace54801f91540899a6e8aacf91eacff8?s=96&d=mm&r=g","url":"https:\/\/secure.gravatar.com\/avatar\/6ae061b9c102ae93ffb7a4076195d78ace54801f91540899a6e8aacf91eacff8?s=96&d=mm&r=g","contentUrl":"https:\/\/secure.gravatar.com\/avatar\/6ae061b9c102ae93ffb7a4076195d78ace54801f91540899a6e8aacf91eacff8?s=96&d=mm&r=g","caption":"Dramane FAYAMA"},"url":"https:\/\/lacolombeplus.net\/index.php\/author\/dramane\/"}]}},"jetpack_featured_media_url":"https:\/\/lacolombeplus.net\/wp-content\/uploads\/2026\/08\/aaaaaaaaa.webp","jetpack_sharing_enabled":true,"_links":{"self":[{"href":"https:\/\/lacolombeplus.net\/index.php\/wp-json\/wp\/v2\/posts\/38910","targetHints":{"allow":["GET"]}}],"collection":[{"href":"https:\/\/lacolombeplus.net\/index.php\/wp-json\/wp\/v2\/posts"}],"about":[{"href":"https:\/\/lacolombeplus.net\/index.php\/wp-json\/wp\/v2\/types\/post"}],"author":[{"embeddable":true,"href":"https:\/\/lacolombeplus.net\/index.php\/wp-json\/wp\/v2\/users\/6"}],"replies":[{"embeddable":true,"href":"https:\/\/lacolombeplus.net\/index.php\/wp-json\/wp\/v2\/comments?post=38910"}],"version-history":[{"count":3,"href":"https:\/\/lacolombeplus.net\/index.php\/wp-json\/wp\/v2\/posts\/38910\/revisions"}],"predecessor-version":[{"id":38939,"href":"https:\/\/lacolombeplus.net\/index.php\/wp-json\/wp\/v2\/posts\/38910\/revisions\/38939"}],"wp:featuredmedia":[{"embeddable":true,"href":"https:\/\/lacolombeplus.net\/index.php\/wp-json\/wp\/v2\/media\/38911"}],"wp:attachment":[{"href":"https:\/\/lacolombeplus.net\/index.php\/wp-json\/wp\/v2\/media?parent=38910"}],"wp:term":[{"taxonomy":"category","embeddable":true,"href":"https:\/\/lacolombeplus.net\/index.php\/wp-json\/wp\/v2\/categories?post=38910"},{"taxonomy":"post_tag","embeddable":true,"href":"https:\/\/lacolombeplus.net\/index.php\/wp-json\/wp\/v2\/tags?post=38910"}],"curies":[{"name":"wp","href":"https:\/\/api.w.org\/{rel}","templated":true}]}}