{"id":38897,"date":"2026-08-12T21:31:25","date_gmt":"2026-08-12T21:31:25","guid":{"rendered":"https:\/\/lacolombeplus.net\/?p=38897"},"modified":"2026-08-19T16:21:56","modified_gmt":"2026-08-19T16:21:56","slug":"forum-humanitaire-et-genre-de-laes-a-ouagadougou-le-sahel-veut-passer-de-lurgence-a-la-resilience","status":"publish","type":"post","link":"https:\/\/lacolombeplus.net\/index.php\/2026\/08\/12\/forum-humanitaire-et-genre-de-laes-a-ouagadougou-le-sahel-veut-passer-de-lurgence-a-la-resilience\/","title":{"rendered":"Forum humanitaire et Genre de l\u2019AES : \u00e0 Ouagadougou, le Sahel veut passer de l\u2019urgence \u00e0 la r\u00e9silience"},"content":{"rendered":"<h2><strong>Ouagadougou, 10 ao\u00fbt 2026. Le Burkina Faso accueille, ce lundi, la deuxi\u00e8me \u00e9dition du Forum humanitaire de la Conf\u00e9d\u00e9ration des \u00c9tats du Sahel (AES), coupl\u00e9e \u00e0 la deuxi\u00e8me r\u00e9union des ministres charg\u00e9s du Genre. Plac\u00e9 sous le th\u00e8me \u00ab De l\u2019urgence \u00e0 la r\u00e9silience : vers un mod\u00e8le d\u2019action humanitaire int\u00e9gr\u00e9 pour l\u2019AES \u00bb, le Forum entend renforcer la coop\u00e9ration entre les \u00c9tats membres face aux d\u00e9fis s\u00e9curitaires, humanitaires, climatiques et \u00e9conomiques. Ces rencontres placent \u00e9galement la r\u00e9silience, l\u2019inclusion et l\u2019autonomisation des femmes au c\u0153ur de la construction d\u2019un espace conf\u00e9d\u00e9ral plus souverain et solidaire.<\/strong><\/h2>\n<figure id=\"attachment_38892\" aria-describedby=\"caption-attachment-38892\" style=\"width: 586px\" class=\"wp-caption alignright\"><img fetchpriority=\"high\" decoding=\"async\" class=\"wp-image-38892\" src=\"http:\/\/lacolombeplus.net\/wp-content\/uploads\/2026\/08\/WhatsApp-Image-2026-08-11-at-12.42.10.webp\" alt=\"\" width=\"586\" height=\"586\" srcset=\"https:\/\/lacolombeplus.net\/wp-content\/uploads\/2026\/08\/WhatsApp-Image-2026-08-11-at-12.42.10.webp 1600w, https:\/\/lacolombeplus.net\/wp-content\/uploads\/2026\/08\/WhatsApp-Image-2026-08-11-at-12.42.10-300x300.webp 300w, https:\/\/lacolombeplus.net\/wp-content\/uploads\/2026\/08\/WhatsApp-Image-2026-08-11-at-12.42.10-1024x1024.webp 1024w, https:\/\/lacolombeplus.net\/wp-content\/uploads\/2026\/08\/WhatsApp-Image-2026-08-11-at-12.42.10-150x150.webp 150w, https:\/\/lacolombeplus.net\/wp-content\/uploads\/2026\/08\/WhatsApp-Image-2026-08-11-at-12.42.10-768x768.webp 768w, https:\/\/lacolombeplus.net\/wp-content\/uploads\/2026\/08\/WhatsApp-Image-2026-08-11-at-12.42.10-1536x1536.webp 1536w\" sizes=\"(max-width: 586px) 100vw, 586px\" \/><figcaption id=\"caption-attachment-38892\" class=\"wp-caption-text\">le Premier ministre burkinab\u00e8, Rimtalba Jean Emmanuel Ou\u00e9draogo<\/figcaption><\/figure>\n<p>La deuxi\u00e8me \u00e9dition du Forum humanitaire de l\u2019AES s\u2019est ouverte ce lundi 10 ao\u00fbt 2026 \u00e0 Ouagadougou, avec la participation de d\u00e9l\u00e9gations du Burkina Faso, du Mali, du Niger et de pays invit\u00e9s. Le Forum vise \u00e0 repenser l\u2019action humanitaire dans l\u2019espace conf\u00e9d\u00e9ral. Dans son discours d\u2019ouverture, le Premier ministre burkinab\u00e8, Rimtalba Jean Emmanuel Ou\u00e9draogo, a appel\u00e9 \u00e0 d\u00e9passer la seule gestion des urgences pour privil\u00e9gier une approche articulant humanitaire, rel\u00e8vement et d\u00e9veloppement. Cette orientation doit permettre de renforcer les capacit\u00e9s nationales et locales et de favoriser l\u2019autonomie des populations affect\u00e9es. Elle intervient dans un contexte marqu\u00e9 par les crises s\u00e9curitaires, les d\u00e9placements, les chocs climatiques et l\u2019ins\u00e9curit\u00e9 alimentaire. \u00c0 travers cette deuxi\u00e8me \u00e9dition, le Burkina Faso entend \u00e9galement consolider les acquis du premier Forum tenu \u00e0 Bamako en 2025, notamment en mati\u00e8re de coordination r\u00e9gionale, de partage d\u2019exp\u00e9riences et de recherche de solutions durables.<\/p>\n<p><strong>Les femmes au c\u0153ur de la r\u00e9silience sah\u00e9lienne<\/strong><\/p>\n<p>La rencontre de Ouagadougou se tient parall\u00e8lement \u00e0 la deuxi\u00e8me r\u00e9union des ministres charg\u00e9s du Genre de l\u2019AES, autour du th\u00e8me : \u00ab<em> Mise en \u0153uvre des r\u00e9f\u00e9rentiels nationaux de d\u00e9veloppement des pays de l\u2019AES : contribution des femmes \u00e0 la construction d\u2019un espace souverain, r\u00e9silient et prosp\u00e8re \u00bb<\/em>.Cette convergence entre l\u2019agenda humanitaire et celui du Genre traduit, selon les diff\u00e9rents intervenants, la volont\u00e9 d\u2019inscrire la question de l\u2019autonomisation des femmes au c\u0153ur des politiques de r\u00e9silience et de d\u00e9veloppement. Le Premier ministre a ainsi rappel\u00e9 : \u00ab<em> les femmes jouent un r\u00f4le essentiel dans la survie des m\u00e9nages, la coh\u00e9sion sociale, les activit\u00e9s productives, l\u2019\u00e9ducation, la pr\u00e9vention des conflits et la reconstruction du tissu communautair<\/em>e \u00bb. Il a estim\u00e9 que leur contribution devait \u00eatre davantage valoris\u00e9e dans les politiques publiques et les r\u00e9f\u00e9rentiels nationaux de d\u00e9veloppement. La r\u00e9union minist\u00e9rielle vise notamment \u00e0 renforcer la coop\u00e9ration et la coordination des politiques publiques en mati\u00e8re d\u2019\u00e9galit\u00e9 et d\u2019autonomisation des femmes. Elle doit \u00e9galement permettre de faire le bilan de la feuille de route issue de la D\u00e9claration de Niamey, d\u2019identifier des m\u00e9canismes de financement endog\u00e8nes et innovants, de lancer officiellement la plateforme r\u00e9gionale des organisations de femmes de l\u2019AES et de formuler des recommandations.<\/p>\n<p><strong>Les organisations f\u00e9minines plaident pour des engagements concrets<\/strong><\/p>\n<p>Prenant la parole au nom de la Plateforme nationale des organisations des femmes de l\u2019AES du Burkina Faso, sa repr\u00e9sentante, Docteur COULIBALY\/LINGANI Pascaline a salu\u00e9 la volont\u00e9 politique en faveur de l\u2019\u00e9galit\u00e9 des chances, de l\u2019autonomisation des femmes et de leur participation \u00e0 la gouvernance, au d\u00e9veloppement, \u00e0 la paix et \u00e0 la coh\u00e9sion sociale. Elle a appel\u00e9 \u00e0 consid\u00e9rer les femmes comme des actrices et partenaires \u00e0 part enti\u00e8re de la construction de l\u2019espace sah\u00e9lien. La plateforme burkinab\u00e8 a \u00e9galement r\u00e9affirm\u00e9 sa disponibilit\u00e9 \u00e0 travailler avec ses homologues du Mali et du Niger pour la mise en place et la consolidation de la future Plateforme r\u00e9gionale des femmes de l\u2019AES, notamment autour de l\u2019autonomisation \u00e9conomique, de la participation aux instances de d\u00e9cision et de la promotion de solutions endog\u00e8nes.<\/p>\n<p><strong>De l\u2019assistance \u00e0 l\u2019autonomie<\/strong><\/p>\n<figure id=\"attachment_38898\" aria-describedby=\"caption-attachment-38898\" style=\"width: 558px\" class=\"wp-caption alignleft\"><img decoding=\"async\" class=\"wp-image-38898\" src=\"http:\/\/lacolombeplus.net\/wp-content\/uploads\/2026\/08\/zzzzzzzzzz.webp\" alt=\"\" width=\"558\" height=\"399\" srcset=\"https:\/\/lacolombeplus.net\/wp-content\/uploads\/2026\/08\/zzzzzzzzzz.webp 1024w, https:\/\/lacolombeplus.net\/wp-content\/uploads\/2026\/08\/zzzzzzzzzz-300x215.webp 300w, https:\/\/lacolombeplus.net\/wp-content\/uploads\/2026\/08\/zzzzzzzzzz-768x550.webp 768w\" sizes=\"(max-width: 558px) 100vw, 558px\" \/><figcaption id=\"caption-attachment-38898\" class=\"wp-caption-text\">Njoya Tikum, le Coordonnateur r\u00e9sident du syst\u00e8me des Nations Unies au Burkina Faso<\/figcaption><\/figure>\n<p>Le repr\u00e9sentant du Syst\u00e8me des Nations unies monsieur \u00a0Njoya Tikum, le Coordonnateur r\u00e9sident du syst\u00e8me des Nations Unies au Burkina Faso a salu\u00e9 la tenue conjointe du Forum humanitaire et de la r\u00e9union des ministres charg\u00e9s du Genre. Il a soulign\u00e9 la n\u00e9cessit\u00e9 d\u2019adapter l\u2019action humanitaire aux r\u00e9alit\u00e9s des femmes, des hommes, des filles et des gar\u00e7ons, tout en garantissant un acc\u00e8s \u00e9quitable \u00e0 l\u2019assistance. Il a \u00e9galement mis en avant le r\u00f4le des femmes dans la pr\u00e9vention, la solidarit\u00e9, le rel\u00e8vement et le d\u00e9veloppement. Les Nations unies ont r\u00e9affirm\u00e9 leur disponibilit\u00e9 \u00e0 accompagner le Burkina Faso, le Mali et le Niger dans la mise en \u0153uvre des recommandations du Forum, notamment \u00e0 travers des financements innovants, des feuilles de route int\u00e9gr\u00e9es et le renforcement des m\u00e9canismes d\u2019alerte et de suivi.<\/p>\n<p><strong>\u00a0<\/strong><\/p>\n<p><strong>Des recommandations attendues<\/strong><\/p>\n<p>Au-del\u00e0 des d\u00e9clarations de principe, les participants sont appel\u00e9s \u00e0 faire \u00e9merger des orientations susceptibles de se traduire en actions concr\u00e8tes. Le Premier ministre a notamment appel\u00e9 \u00e0 des recommandations op\u00e9rationnelles et \u00e0 des engagements assortis de m\u00e9canismes de suivi, afin que les orientations adopt\u00e9es b\u00e9n\u00e9ficient directement aux populations. La Plateforme nationale des organisations des femmes du Burkina Faso a formul\u00e9 le m\u00eame souhait, plaidant pour des recommandations \u00ab <strong>ambitieuses, r\u00e9alistes, op\u00e9rationnelles<\/strong> \u00bb, accompagn\u00e9es de m\u00e9canismes efficaces de mise en \u0153uvre, de suivi et d\u2019\u00e9valuation.<\/p>\n<p>\u00c0 Ouagadougou, le message port\u00e9 par les trois discours converge donc vers une m\u00eame ambition : transformer les r\u00e9ponses aux crises en v\u00e9ritables leviers de r\u00e9silience et de d\u00e9veloppement, tout en pla\u00e7ant les femmes au c\u0153ur de cette dynamique. Pour les \u00c9tats de l\u2019AES, l\u2019enjeu est d\u00e9sormais de traduire les orientations politiques en programmes suffisamment financ\u00e9s, mesurables et adapt\u00e9s aux r\u00e9alit\u00e9s des populations. La r\u00e9ussite de cette nouvelle dynamique se mesurera moins \u00e0 la port\u00e9e des d\u00e9clarations qu\u2019\u00e0 leur capacit\u00e9 \u00e0 produire, sur le terrain, des am\u00e9liorations concr\u00e8tes dans la vie des femmes, des filles et des communaut\u00e9s du Sahel.<\/p>\n<p style=\"text-align: right;\"><strong><em>Cl\u00e9ment KABA<\/em><\/strong><\/p>\n<p>&nbsp;<\/p>\n","protected":false},"excerpt":{"rendered":"<p>Ouagadougou, 10 ao\u00fbt 2026. Le Burkina Faso accueille, ce lundi, la deuxi\u00e8me \u00e9dition du Forum humanitaire de la Conf\u00e9d\u00e9ration des \u00c9tats du Sahel (AES), coupl\u00e9e \u00e0 la deuxi\u00e8me r\u00e9union des ministres charg\u00e9s du Genre. Plac\u00e9 sous le th\u00e8me \u00ab De l\u2019urgence \u00e0 la r\u00e9silience : vers un mod\u00e8le d\u2019action humanitaire int\u00e9gr\u00e9 pour l\u2019AES \u00bb, le&#8230;<\/p>\n","protected":false},"author":6,"featured_media":38899,"comment_status":"open","ping_status":"open","sticky":false,"template":"","format":"standard","meta":{"_jetpack_newsletter_access":"","_jetpack_dont_email_post_to_subs":false,"_jetpack_newsletter_tier_id":0,"_jetpack_memberships_contains_paywalled_content":false,"_jetpack_feature_clip_id":0,"_jetpack_memberships_contains_paid_content":false,"footnotes":"","jetpack_post_was_ever_published":false},"categories":[2,193],"tags":[],"class_list":["post-38897","post","type-post","status-publish","format-standard","has-post-thumbnail","hentry","category-a-la-une","category-developpement"],"yoast_head":"<!-- This site is optimized with the Yoast SEO plugin v28.3 - https:\/\/yoast.com\/product\/yoast-seo-wordpress\/ -->\n<title>Forum humanitaire et Genre de l\u2019AES : \u00e0 Ouagadougou, le Sahel veut passer de l\u2019urgence \u00e0 la r\u00e9silience - WordPress<\/title>\n<meta name=\"robots\" content=\"index, follow, max-snippet:-1, max-image-preview:large, max-video-preview:-1\" \/>\n<link rel=\"canonical\" href=\"https:\/\/lacolombeplus.net\/index.php\/2026\/08\/12\/forum-humanitaire-et-genre-de-laes-a-ouagadougou-le-sahel-veut-passer-de-lurgence-a-la-resilience\/\" \/>\n<meta property=\"og:locale\" content=\"fr_FR\" \/>\n<meta property=\"og:type\" content=\"article\" \/>\n<meta property=\"og:title\" content=\"Forum humanitaire et Genre de l\u2019AES : \u00e0 Ouagadougou, le Sahel veut passer de l\u2019urgence \u00e0 la r\u00e9silience - WordPress\" \/>\n<meta property=\"og:description\" content=\"Ouagadougou, 10 ao\u00fbt 2026. Le Burkina Faso accueille, ce lundi, la deuxi\u00e8me \u00e9dition du Forum humanitaire de la Conf\u00e9d\u00e9ration des \u00c9tats du Sahel (AES), coupl\u00e9e \u00e0 la deuxi\u00e8me r\u00e9union des ministres charg\u00e9s du Genre. Plac\u00e9 sous le th\u00e8me \u00ab De l\u2019urgence \u00e0 la r\u00e9silience : vers un mod\u00e8le d\u2019action humanitaire int\u00e9gr\u00e9 pour l\u2019AES \u00bb, le...\" \/>\n<meta property=\"og:url\" content=\"https:\/\/lacolombeplus.net\/index.php\/2026\/08\/12\/forum-humanitaire-et-genre-de-laes-a-ouagadougou-le-sahel-veut-passer-de-lurgence-a-la-resilience\/\" \/>\n<meta property=\"og:site_name\" content=\"WordPress\" \/>\n<meta property=\"article:publisher\" content=\"https:\/\/web.facebook.com\/profile.php?id=61589477078953\" \/>\n<meta property=\"article:published_time\" content=\"2026-08-12T21:31:25+00:00\" \/>\n<meta property=\"article:modified_time\" content=\"2026-08-19T16:21:56+00:00\" \/>\n<meta property=\"og:image\" content=\"http:\/\/lacolombeplus.net\/wp-content\/uploads\/2026\/08\/aaaaaaa.webp\" \/>\n\t<meta property=\"og:image:width\" content=\"1024\" \/>\n\t<meta property=\"og:image:height\" content=\"640\" \/>\n\t<meta property=\"og:image:type\" content=\"image\/webp\" \/>\n<meta name=\"author\" content=\"Dramane FAYAMA\" \/>\n<meta name=\"twitter:card\" content=\"summary_large_image\" \/>\n<meta name=\"twitter:label1\" content=\"\u00c9crit par\" \/>\n\t<meta name=\"twitter:data1\" content=\"Dramane FAYAMA\" \/>\n\t<meta name=\"twitter:label2\" content=\"Dur\u00e9e de lecture estim\u00e9e\" \/>\n\t<meta name=\"twitter:data2\" content=\"6 minutes\" \/>\n<script type=\"application\/ld+json\" class=\"yoast-schema-graph\">{\"@context\":\"https:\\\/\\\/schema.org\",\"@graph\":[{\"@type\":\"Article\",\"@id\":\"https:\\\/\\\/lacolombeplus.net\\\/index.php\\\/2026\\\/08\\\/12\\\/forum-humanitaire-et-genre-de-laes-a-ouagadougou-le-sahel-veut-passer-de-lurgence-a-la-resilience\\\/#article\",\"isPartOf\":{\"@id\":\"https:\\\/\\\/lacolombeplus.net\\\/index.php\\\/2026\\\/08\\\/12\\\/forum-humanitaire-et-genre-de-laes-a-ouagadougou-le-sahel-veut-passer-de-lurgence-a-la-resilience\\\/\"},\"author\":{\"name\":\"Dramane FAYAMA\",\"@id\":\"https:\\\/\\\/lacolombeplus.net\\\/#\\\/schema\\\/person\\\/1a433b3fa6e8f9696f18ece67a69915c\"},\"headline\":\"Forum humanitaire et Genre de l\u2019AES : \u00e0 Ouagadougou, le Sahel veut passer de l\u2019urgence \u00e0 la r\u00e9silience\",\"datePublished\":\"2026-08-12T21:31:25+00:00\",\"dateModified\":\"2026-08-19T16:21:56+00:00\",\"mainEntityOfPage\":{\"@id\":\"https:\\\/\\\/lacolombeplus.net\\\/index.php\\\/2026\\\/08\\\/12\\\/forum-humanitaire-et-genre-de-laes-a-ouagadougou-le-sahel-veut-passer-de-lurgence-a-la-resilience\\\/\"},\"wordCount\":1105,\"commentCount\":0,\"publisher\":{\"@id\":\"https:\\\/\\\/lacolombeplus.net\\\/#organization\"},\"image\":{\"@id\":\"https:\\\/\\\/lacolombeplus.net\\\/index.php\\\/2026\\\/08\\\/12\\\/forum-humanitaire-et-genre-de-laes-a-ouagadougou-le-sahel-veut-passer-de-lurgence-a-la-resilience\\\/#primaryimage\"},\"thumbnailUrl\":\"https:\\\/\\\/lacolombeplus.net\\\/wp-content\\\/uploads\\\/2026\\\/08\\\/aaaaaaa.webp\",\"articleSection\":[\"A la Une\",\"D\u00e9veloppement\"],\"inLanguage\":\"fr-FR\",\"potentialAction\":[{\"@type\":\"CommentAction\",\"name\":\"Comment\",\"target\":[\"https:\\\/\\\/lacolombeplus.net\\\/index.php\\\/2026\\\/08\\\/12\\\/forum-humanitaire-et-genre-de-laes-a-ouagadougou-le-sahel-veut-passer-de-lurgence-a-la-resilience\\\/#respond\"]}]},{\"@type\":\"WebPage\",\"@id\":\"https:\\\/\\\/lacolombeplus.net\\\/index.php\\\/2026\\\/08\\\/12\\\/forum-humanitaire-et-genre-de-laes-a-ouagadougou-le-sahel-veut-passer-de-lurgence-a-la-resilience\\\/\",\"url\":\"https:\\\/\\\/lacolombeplus.net\\\/index.php\\\/2026\\\/08\\\/12\\\/forum-humanitaire-et-genre-de-laes-a-ouagadougou-le-sahel-veut-passer-de-lurgence-a-la-resilience\\\/\",\"name\":\"Forum humanitaire et Genre de l\u2019AES : \u00e0 Ouagadougou, le Sahel veut passer de l\u2019urgence \u00e0 la r\u00e9silience - WordPress\",\"isPartOf\":{\"@id\":\"https:\\\/\\\/lacolombeplus.net\\\/#website\"},\"primaryImageOfPage\":{\"@id\":\"https:\\\/\\\/lacolombeplus.net\\\/index.php\\\/2026\\\/08\\\/12\\\/forum-humanitaire-et-genre-de-laes-a-ouagadougou-le-sahel-veut-passer-de-lurgence-a-la-resilience\\\/#primaryimage\"},\"image\":{\"@id\":\"https:\\\/\\\/lacolombeplus.net\\\/index.php\\\/2026\\\/08\\\/12\\\/forum-humanitaire-et-genre-de-laes-a-ouagadougou-le-sahel-veut-passer-de-lurgence-a-la-resilience\\\/#primaryimage\"},\"thumbnailUrl\":\"https:\\\/\\\/lacolombeplus.net\\\/wp-content\\\/uploads\\\/2026\\\/08\\\/aaaaaaa.webp\",\"datePublished\":\"2026-08-12T21:31:25+00:00\",\"dateModified\":\"2026-08-19T16:21:56+00:00\",\"breadcrumb\":{\"@id\":\"https:\\\/\\\/lacolombeplus.net\\\/index.php\\\/2026\\\/08\\\/12\\\/forum-humanitaire-et-genre-de-laes-a-ouagadougou-le-sahel-veut-passer-de-lurgence-a-la-resilience\\\/#breadcrumb\"},\"inLanguage\":\"fr-FR\",\"potentialAction\":[{\"@type\":\"ReadAction\",\"target\":[\"https:\\\/\\\/lacolombeplus.net\\\/index.php\\\/2026\\\/08\\\/12\\\/forum-humanitaire-et-genre-de-laes-a-ouagadougou-le-sahel-veut-passer-de-lurgence-a-la-resilience\\\/\"]}]},{\"@type\":\"ImageObject\",\"inLanguage\":\"fr-FR\",\"@id\":\"https:\\\/\\\/lacolombeplus.net\\\/index.php\\\/2026\\\/08\\\/12\\\/forum-humanitaire-et-genre-de-laes-a-ouagadougou-le-sahel-veut-passer-de-lurgence-a-la-resilience\\\/#primaryimage\",\"url\":\"https:\\\/\\\/lacolombeplus.net\\\/wp-content\\\/uploads\\\/2026\\\/08\\\/aaaaaaa.webp\",\"contentUrl\":\"https:\\\/\\\/lacolombeplus.net\\\/wp-content\\\/uploads\\\/2026\\\/08\\\/aaaaaaa.webp\",\"width\":1024,\"height\":640},{\"@type\":\"BreadcrumbList\",\"@id\":\"https:\\\/\\\/lacolombeplus.net\\\/index.php\\\/2026\\\/08\\\/12\\\/forum-humanitaire-et-genre-de-laes-a-ouagadougou-le-sahel-veut-passer-de-lurgence-a-la-resilience\\\/#breadcrumb\",\"itemListElement\":[{\"@type\":\"ListItem\",\"position\":1,\"name\":\"Accueil\",\"item\":\"https:\\\/\\\/lacolombeplus.net\\\/\"},{\"@type\":\"ListItem\",\"position\":2,\"name\":\"Forum humanitaire et Genre de l\u2019AES : \u00e0 Ouagadougou, le Sahel veut passer de l\u2019urgence \u00e0 la r\u00e9silience\"}]},{\"@type\":\"WebSite\",\"@id\":\"https:\\\/\\\/lacolombeplus.net\\\/#website\",\"url\":\"https:\\\/\\\/lacolombeplus.net\\\/\",\"name\":\"Lacolombeplus\",\"description\":\"\",\"publisher\":{\"@id\":\"https:\\\/\\\/lacolombeplus.net\\\/#organization\"},\"potentialAction\":[{\"@type\":\"SearchAction\",\"target\":{\"@type\":\"EntryPoint\",\"urlTemplate\":\"https:\\\/\\\/lacolombeplus.net\\\/?s={search_term_string}\"},\"query-input\":{\"@type\":\"PropertyValueSpecification\",\"valueRequired\":true,\"valueName\":\"search_term_string\"}}],\"inLanguage\":\"fr-FR\"},{\"@type\":\"Organization\",\"@id\":\"https:\\\/\\\/lacolombeplus.net\\\/#organization\",\"name\":\"lacolombeplus.net\",\"url\":\"https:\\\/\\\/lacolombeplus.net\\\/\",\"logo\":{\"@type\":\"ImageObject\",\"inLanguage\":\"fr-FR\",\"@id\":\"https:\\\/\\\/lacolombeplus.net\\\/#\\\/schema\\\/logo\\\/image\\\/\",\"url\":\"https:\\\/\\\/lacolombeplus.net\\\/wp-content\\\/uploads\\\/2026\\\/04\\\/a84391f3-a521-4177-867d-b9aaa3066b88.png\",\"contentUrl\":\"https:\\\/\\\/lacolombeplus.net\\\/wp-content\\\/uploads\\\/2026\\\/04\\\/a84391f3-a521-4177-867d-b9aaa3066b88.png\",\"width\":1045,\"height\":1505,\"caption\":\"lacolombeplus.net\"},\"image\":{\"@id\":\"https:\\\/\\\/lacolombeplus.net\\\/#\\\/schema\\\/logo\\\/image\\\/\"},\"sameAs\":[\"https:\\\/\\\/web.facebook.com\\\/profile.php?id=61589477078953\"]},{\"@type\":\"Person\",\"@id\":\"https:\\\/\\\/lacolombeplus.net\\\/#\\\/schema\\\/person\\\/1a433b3fa6e8f9696f18ece67a69915c\",\"name\":\"Dramane FAYAMA\",\"image\":{\"@type\":\"ImageObject\",\"inLanguage\":\"fr-FR\",\"@id\":\"https:\\\/\\\/secure.gravatar.com\\\/avatar\\\/6ae061b9c102ae93ffb7a4076195d78ace54801f91540899a6e8aacf91eacff8?s=96&d=mm&r=g\",\"url\":\"https:\\\/\\\/secure.gravatar.com\\\/avatar\\\/6ae061b9c102ae93ffb7a4076195d78ace54801f91540899a6e8aacf91eacff8?s=96&d=mm&r=g\",\"contentUrl\":\"https:\\\/\\\/secure.gravatar.com\\\/avatar\\\/6ae061b9c102ae93ffb7a4076195d78ace54801f91540899a6e8aacf91eacff8?s=96&d=mm&r=g\",\"caption\":\"Dramane FAYAMA\"},\"url\":\"https:\\\/\\\/lacolombeplus.net\\\/index.php\\\/author\\\/dramane\\\/\"}]}<\/script>\n<!-- \/ Yoast SEO plugin. -->","yoast_head_json":{"title":"Forum humanitaire et Genre de l\u2019AES : \u00e0 Ouagadougou, le Sahel veut passer de l\u2019urgence \u00e0 la r\u00e9silience - WordPress","robots":{"index":"index","follow":"follow","max-snippet":"max-snippet:-1","max-image-preview":"max-image-preview:large","max-video-preview":"max-video-preview:-1"},"canonical":"https:\/\/lacolombeplus.net\/index.php\/2026\/08\/12\/forum-humanitaire-et-genre-de-laes-a-ouagadougou-le-sahel-veut-passer-de-lurgence-a-la-resilience\/","og_locale":"fr_FR","og_type":"article","og_title":"Forum humanitaire et Genre de l\u2019AES : \u00e0 Ouagadougou, le Sahel veut passer de l\u2019urgence \u00e0 la r\u00e9silience - WordPress","og_description":"Ouagadougou, 10 ao\u00fbt 2026. Le Burkina Faso accueille, ce lundi, la deuxi\u00e8me \u00e9dition du Forum humanitaire de la Conf\u00e9d\u00e9ration des \u00c9tats du Sahel (AES), coupl\u00e9e \u00e0 la deuxi\u00e8me r\u00e9union des ministres charg\u00e9s du Genre. Plac\u00e9 sous le th\u00e8me \u00ab De l\u2019urgence \u00e0 la r\u00e9silience : vers un mod\u00e8le d\u2019action humanitaire int\u00e9gr\u00e9 pour l\u2019AES \u00bb, le...","og_url":"https:\/\/lacolombeplus.net\/index.php\/2026\/08\/12\/forum-humanitaire-et-genre-de-laes-a-ouagadougou-le-sahel-veut-passer-de-lurgence-a-la-resilience\/","og_site_name":"WordPress","article_publisher":"https:\/\/web.facebook.com\/profile.php?id=61589477078953","article_published_time":"2026-08-12T21:31:25+00:00","article_modified_time":"2026-08-19T16:21:56+00:00","og_image":[{"width":1024,"height":640,"url":"http:\/\/lacolombeplus.net\/wp-content\/uploads\/2026\/08\/aaaaaaa.webp","type":"image\/webp"}],"author":"Dramane FAYAMA","twitter_card":"summary_large_image","twitter_misc":{"\u00c9crit par":"Dramane FAYAMA","Dur\u00e9e de lecture estim\u00e9e":"6 minutes"},"schema":{"@context":"https:\/\/schema.org","@graph":[{"@type":"Article","@id":"https:\/\/lacolombeplus.net\/index.php\/2026\/08\/12\/forum-humanitaire-et-genre-de-laes-a-ouagadougou-le-sahel-veut-passer-de-lurgence-a-la-resilience\/#article","isPartOf":{"@id":"https:\/\/lacolombeplus.net\/index.php\/2026\/08\/12\/forum-humanitaire-et-genre-de-laes-a-ouagadougou-le-sahel-veut-passer-de-lurgence-a-la-resilience\/"},"author":{"name":"Dramane FAYAMA","@id":"https:\/\/lacolombeplus.net\/#\/schema\/person\/1a433b3fa6e8f9696f18ece67a69915c"},"headline":"Forum humanitaire et Genre de l\u2019AES : \u00e0 Ouagadougou, le Sahel veut passer de l\u2019urgence \u00e0 la r\u00e9silience","datePublished":"2026-08-12T21:31:25+00:00","dateModified":"2026-08-19T16:21:56+00:00","mainEntityOfPage":{"@id":"https:\/\/lacolombeplus.net\/index.php\/2026\/08\/12\/forum-humanitaire-et-genre-de-laes-a-ouagadougou-le-sahel-veut-passer-de-lurgence-a-la-resilience\/"},"wordCount":1105,"commentCount":0,"publisher":{"@id":"https:\/\/lacolombeplus.net\/#organization"},"image":{"@id":"https:\/\/lacolombeplus.net\/index.php\/2026\/08\/12\/forum-humanitaire-et-genre-de-laes-a-ouagadougou-le-sahel-veut-passer-de-lurgence-a-la-resilience\/#primaryimage"},"thumbnailUrl":"https:\/\/lacolombeplus.net\/wp-content\/uploads\/2026\/08\/aaaaaaa.webp","articleSection":["A la Une","D\u00e9veloppement"],"inLanguage":"fr-FR","potentialAction":[{"@type":"CommentAction","name":"Comment","target":["https:\/\/lacolombeplus.net\/index.php\/2026\/08\/12\/forum-humanitaire-et-genre-de-laes-a-ouagadougou-le-sahel-veut-passer-de-lurgence-a-la-resilience\/#respond"]}]},{"@type":"WebPage","@id":"https:\/\/lacolombeplus.net\/index.php\/2026\/08\/12\/forum-humanitaire-et-genre-de-laes-a-ouagadougou-le-sahel-veut-passer-de-lurgence-a-la-resilience\/","url":"https:\/\/lacolombeplus.net\/index.php\/2026\/08\/12\/forum-humanitaire-et-genre-de-laes-a-ouagadougou-le-sahel-veut-passer-de-lurgence-a-la-resilience\/","name":"Forum humanitaire et Genre de l\u2019AES : \u00e0 Ouagadougou, le Sahel veut passer de l\u2019urgence \u00e0 la r\u00e9silience - WordPress","isPartOf":{"@id":"https:\/\/lacolombeplus.net\/#website"},"primaryImageOfPage":{"@id":"https:\/\/lacolombeplus.net\/index.php\/2026\/08\/12\/forum-humanitaire-et-genre-de-laes-a-ouagadougou-le-sahel-veut-passer-de-lurgence-a-la-resilience\/#primaryimage"},"image":{"@id":"https:\/\/lacolombeplus.net\/index.php\/2026\/08\/12\/forum-humanitaire-et-genre-de-laes-a-ouagadougou-le-sahel-veut-passer-de-lurgence-a-la-resilience\/#primaryimage"},"thumbnailUrl":"https:\/\/lacolombeplus.net\/wp-content\/uploads\/2026\/08\/aaaaaaa.webp","datePublished":"2026-08-12T21:31:25+00:00","dateModified":"2026-08-19T16:21:56+00:00","breadcrumb":{"@id":"https:\/\/lacolombeplus.net\/index.php\/2026\/08\/12\/forum-humanitaire-et-genre-de-laes-a-ouagadougou-le-sahel-veut-passer-de-lurgence-a-la-resilience\/#breadcrumb"},"inLanguage":"fr-FR","potentialAction":[{"@type":"ReadAction","target":["https:\/\/lacolombeplus.net\/index.php\/2026\/08\/12\/forum-humanitaire-et-genre-de-laes-a-ouagadougou-le-sahel-veut-passer-de-lurgence-a-la-resilience\/"]}]},{"@type":"ImageObject","inLanguage":"fr-FR","@id":"https:\/\/lacolombeplus.net\/index.php\/2026\/08\/12\/forum-humanitaire-et-genre-de-laes-a-ouagadougou-le-sahel-veut-passer-de-lurgence-a-la-resilience\/#primaryimage","url":"https:\/\/lacolombeplus.net\/wp-content\/uploads\/2026\/08\/aaaaaaa.webp","contentUrl":"https:\/\/lacolombeplus.net\/wp-content\/uploads\/2026\/08\/aaaaaaa.webp","width":1024,"height":640},{"@type":"BreadcrumbList","@id":"https:\/\/lacolombeplus.net\/index.php\/2026\/08\/12\/forum-humanitaire-et-genre-de-laes-a-ouagadougou-le-sahel-veut-passer-de-lurgence-a-la-resilience\/#breadcrumb","itemListElement":[{"@type":"ListItem","position":1,"name":"Accueil","item":"https:\/\/lacolombeplus.net\/"},{"@type":"ListItem","position":2,"name":"Forum humanitaire et Genre de l\u2019AES : \u00e0 Ouagadougou, le Sahel veut passer de l\u2019urgence \u00e0 la r\u00e9silience"}]},{"@type":"WebSite","@id":"https:\/\/lacolombeplus.net\/#website","url":"https:\/\/lacolombeplus.net\/","name":"Lacolombeplus","description":"","publisher":{"@id":"https:\/\/lacolombeplus.net\/#organization"},"potentialAction":[{"@type":"SearchAction","target":{"@type":"EntryPoint","urlTemplate":"https:\/\/lacolombeplus.net\/?s={search_term_string}"},"query-input":{"@type":"PropertyValueSpecification","valueRequired":true,"valueName":"search_term_string"}}],"inLanguage":"fr-FR"},{"@type":"Organization","@id":"https:\/\/lacolombeplus.net\/#organization","name":"lacolombeplus.net","url":"https:\/\/lacolombeplus.net\/","logo":{"@type":"ImageObject","inLanguage":"fr-FR","@id":"https:\/\/lacolombeplus.net\/#\/schema\/logo\/image\/","url":"https:\/\/lacolombeplus.net\/wp-content\/uploads\/2026\/04\/a84391f3-a521-4177-867d-b9aaa3066b88.png","contentUrl":"https:\/\/lacolombeplus.net\/wp-content\/uploads\/2026\/04\/a84391f3-a521-4177-867d-b9aaa3066b88.png","width":1045,"height":1505,"caption":"lacolombeplus.net"},"image":{"@id":"https:\/\/lacolombeplus.net\/#\/schema\/logo\/image\/"},"sameAs":["https:\/\/web.facebook.com\/profile.php?id=61589477078953"]},{"@type":"Person","@id":"https:\/\/lacolombeplus.net\/#\/schema\/person\/1a433b3fa6e8f9696f18ece67a69915c","name":"Dramane FAYAMA","image":{"@type":"ImageObject","inLanguage":"fr-FR","@id":"https:\/\/secure.gravatar.com\/avatar\/6ae061b9c102ae93ffb7a4076195d78ace54801f91540899a6e8aacf91eacff8?s=96&d=mm&r=g","url":"https:\/\/secure.gravatar.com\/avatar\/6ae061b9c102ae93ffb7a4076195d78ace54801f91540899a6e8aacf91eacff8?s=96&d=mm&r=g","contentUrl":"https:\/\/secure.gravatar.com\/avatar\/6ae061b9c102ae93ffb7a4076195d78ace54801f91540899a6e8aacf91eacff8?s=96&d=mm&r=g","caption":"Dramane FAYAMA"},"url":"https:\/\/lacolombeplus.net\/index.php\/author\/dramane\/"}]}},"jetpack_featured_media_url":"https:\/\/lacolombeplus.net\/wp-content\/uploads\/2026\/08\/aaaaaaa.webp","jetpack_sharing_enabled":true,"_links":{"self":[{"href":"https:\/\/lacolombeplus.net\/index.php\/wp-json\/wp\/v2\/posts\/38897","targetHints":{"allow":["GET"]}}],"collection":[{"href":"https:\/\/lacolombeplus.net\/index.php\/wp-json\/wp\/v2\/posts"}],"about":[{"href":"https:\/\/lacolombeplus.net\/index.php\/wp-json\/wp\/v2\/types\/post"}],"author":[{"embeddable":true,"href":"https:\/\/lacolombeplus.net\/index.php\/wp-json\/wp\/v2\/users\/6"}],"replies":[{"embeddable":true,"href":"https:\/\/lacolombeplus.net\/index.php\/wp-json\/wp\/v2\/comments?post=38897"}],"version-history":[{"count":5,"href":"https:\/\/lacolombeplus.net\/index.php\/wp-json\/wp\/v2\/posts\/38897\/revisions"}],"predecessor-version":[{"id":38943,"href":"https:\/\/lacolombeplus.net\/index.php\/wp-json\/wp\/v2\/posts\/38897\/revisions\/38943"}],"wp:featuredmedia":[{"embeddable":true,"href":"https:\/\/lacolombeplus.net\/index.php\/wp-json\/wp\/v2\/media\/38899"}],"wp:attachment":[{"href":"https:\/\/lacolombeplus.net\/index.php\/wp-json\/wp\/v2\/media?parent=38897"}],"wp:term":[{"taxonomy":"category","embeddable":true,"href":"https:\/\/lacolombeplus.net\/index.php\/wp-json\/wp\/v2\/categories?post=38897"},{"taxonomy":"post_tag","embeddable":true,"href":"https:\/\/lacolombeplus.net\/index.php\/wp-json\/wp\/v2\/tags?post=38897"}],"curies":[{"name":"wp","href":"https:\/\/api.w.org\/{rel}","templated":true}]}}