{"id":38871,"date":"2026-08-08T20:41:43","date_gmt":"2026-08-08T20:41:43","guid":{"rendered":"https:\/\/lacolombeplus.net\/?p=38871"},"modified":"2026-08-08T20:41:43","modified_gmt":"2026-08-08T20:41:43","slug":"lutte-contre-le-paludisme-le-burkina-faso-enclenche-une-mobilisation-nationale-pour-lassainissement","status":"publish","type":"post","link":"https:\/\/lacolombeplus.net\/index.php\/2026\/08\/08\/lutte-contre-le-paludisme-le-burkina-faso-enclenche-une-mobilisation-nationale-pour-lassainissement\/","title":{"rendered":"Lutte contre le paludisme : le Burkina Faso enclenche une mobilisation nationale pour l&rsquo;assainissement"},"content":{"rendered":"<h1><strong>Ouagadougou, le 08 ao\u00fbt 2026 \u2013 Le Burkina Faso franchit une nouvelle \u00e9tape dans sa lutte contre le paludisme. Une vaste op\u00e9ration nationale de salubrit\u00e9 et d&rsquo;assainissement a \u00e9t\u00e9 lanc\u00e9e, avec un appel pressant \u00e0 la mobilisation permanente des collectivit\u00e9s territoriales et des populations. Objectif : \u00e9radiquer les g\u00eetes larvaires et faire reculer durablement la maladie.<\/strong><\/h1>\n<p>Combattre le paludisme ne se joue pas uniquement dans les h\u00f4pitaux et les centres de sant\u00e9. C&rsquo;est le sens du message port\u00e9 par le pr\u00e9sident du Faso, le capitaine Ibrahim Traor\u00e9, relay\u00e9 par \u00c9mile Zerbo, ministre d&rsquo;\u00c9tat, ministre de l&rsquo;Administration territoriale et de la Mobilit\u00e9. Le chef de l&rsquo;\u00c9tat a insist\u00e9 sur la n\u00e9cessit\u00e9 de d\u00e9truire les g\u00eetes larvaires, principaux foyers de reproduction des moustiques vecteurs de la maladie.<\/p>\n<figure id=\"attachment_38874\" aria-describedby=\"caption-attachment-38874\" style=\"width: 466px\" class=\"wp-caption alignright\"><img fetchpriority=\"high\" decoding=\"async\" class=\"wp-image-38874\" src=\"http:\/\/lacolombeplus.net\/wp-content\/uploads\/2026\/08\/WhatsApp-Image-2026-08-08-at-20.25.07.webp\" alt=\"\" width=\"466\" height=\"350\" srcset=\"https:\/\/lacolombeplus.net\/wp-content\/uploads\/2026\/08\/WhatsApp-Image-2026-08-08-at-20.25.07.webp 2560w, https:\/\/lacolombeplus.net\/wp-content\/uploads\/2026\/08\/WhatsApp-Image-2026-08-08-at-20.25.07-300x225.webp 300w, https:\/\/lacolombeplus.net\/wp-content\/uploads\/2026\/08\/WhatsApp-Image-2026-08-08-at-20.25.07-1024x768.webp 1024w, https:\/\/lacolombeplus.net\/wp-content\/uploads\/2026\/08\/WhatsApp-Image-2026-08-08-at-20.25.07-768x576.webp 768w, https:\/\/lacolombeplus.net\/wp-content\/uploads\/2026\/08\/WhatsApp-Image-2026-08-08-at-20.25.07-1536x1152.webp 1536w, https:\/\/lacolombeplus.net\/wp-content\/uploads\/2026\/08\/WhatsApp-Image-2026-08-08-at-20.25.07-2048x1536.webp 2048w\" sizes=\"(max-width: 466px) 100vw, 466px\" \/><figcaption id=\"caption-attachment-38874\" class=\"wp-caption-text\">La d\u00e9l\u00e9gation minist\u00e9rielle et les chefs traditionnels<\/figcaption><\/figure>\n<p>Pour lui, chaque espace de vie \u2013 quartier, secteur, village, concession \u2013 doit \u00eatre d\u00e9barrass\u00e9 des eaux stagnantes propices \u00e0 la prolif\u00e9ration des moustiques. \u00ab<em> Nous devons donc faire de chaque commune, chaque secteur, de chaque village et de chaque quartier, un espace propre, assaini et d\u00e9barrass\u00e9 des eaux stagnantes qui favorisent la prolif\u00e9ration des moustiques<\/em> \u00bb, a-t-il d\u00e9clar\u00e9.<\/p>\n<p>Les autorit\u00e9s administratives et locales sont directement interpell\u00e9es. Gouverneurs, hauts-commissaires, pr\u00e9fets et pr\u00e9sidents de d\u00e9l\u00e9gations sp\u00e9ciales sont appel\u00e9s \u00e0 faire de l&rsquo;assainissement une priorit\u00e9 de leur action, notamment \u00e0 travers l&rsquo;intensification du curage des caniveaux, de la gestion des d\u00e9chets et de l&rsquo;\u00e9vacuation des eaux stagnantes. La sensibilisation des populations compl\u00e8te ce dispositif et en constitue un pilier essentiel.<\/p>\n<p style=\"text-align: center;\"><strong>Chaque m\u00e9nage, un acteur de la pr\u00e9vention<\/strong><\/p>\n<p>Au-del\u00e0 des actions publiques, la responsabilit\u00e9 individuelle est mise en avant. Nettoyer les abords des habitations, \u00e9liminer les eaux stagnantes, se d\u00e9barrasser des objets pouvant retenir l&rsquo;eau \u2013 \u00e0 l&rsquo;image des pneus usag\u00e9s \u2013 sont autant de gestes simples mais d\u00e9terminants. \u00ab <em>Ce geste para\u00eet \u00eatre un geste simple, mais c&rsquo;est un geste qui sauve des vies<\/em> \u00bb, a rappel\u00e9 \u00c9mile Zerbo.<\/p>\n<p>Le message des autorit\u00e9s est sans \u00e9quivoque : la lutte contre le paludisme ne portera ses fruits que si elle est men\u00e9e conjointement par l&rsquo;\u00c9tat, les collectivit\u00e9s territoriales et les communaut\u00e9s. Organisations communautaires, jeunes, femmes et citoyens sont invit\u00e9s \u00e0 s&rsquo;engager durablement, afin que les journ\u00e9es nationales de lutte contre le paludisme deviennent un rendez-vous r\u00e9gulier de mobilisation et d&rsquo;assainissement.<\/p>\n<p style=\"text-align: center;\"><strong>Des op\u00e9rations mensuelles pour ancrer les acquis<\/strong><\/p>\n<p><img decoding=\"async\" class=\" wp-image-38873 alignleft\" src=\"http:\/\/lacolombeplus.net\/wp-content\/uploads\/2026\/08\/WhatsApp-Image-2026-08-08-at-20.26.32.webp\" alt=\"\" width=\"534\" height=\"400\" srcset=\"https:\/\/lacolombeplus.net\/wp-content\/uploads\/2026\/08\/WhatsApp-Image-2026-08-08-at-20.26.32.webp 1280w, https:\/\/lacolombeplus.net\/wp-content\/uploads\/2026\/08\/WhatsApp-Image-2026-08-08-at-20.26.32-300x225.webp 300w, https:\/\/lacolombeplus.net\/wp-content\/uploads\/2026\/08\/WhatsApp-Image-2026-08-08-at-20.26.32-1024x768.webp 1024w, https:\/\/lacolombeplus.net\/wp-content\/uploads\/2026\/08\/WhatsApp-Image-2026-08-08-at-20.26.32-768x576.webp 768w\" sizes=\"(max-width: 534px) 100vw, 534px\" \/><\/p>\n<p>Fini les campagnes ponctuelles. La nouvelle orientation mise sur la r\u00e9gularit\u00e9 : les op\u00e9rations d&rsquo;assainissement seront d\u00e9sormais reconduites chaque mois, afin de renforcer durablement la lutte contre les g\u00eetes larvaires, le paludisme et les autres maladies \u00e0 transmission vectorielle.<\/p>\n<p>Cette strat\u00e9gie repose sur une coordination entre plusieurs acteurs : les \u00e9quipes techniques assurent le suivi des op\u00e9rations, tandis que collectivit\u00e9s et communaut\u00e9s maintiennent les efforts sur le terrain. L&rsquo;assainissement est ainsi \u00e9lev\u00e9 au rang d&rsquo;acte citoyen, contribuant directement \u00e0 la protection de la sant\u00e9 publique.<\/p>\n<p style=\"text-align: center;\"><strong>Un Burkina plus r\u00e9silient face aux maladies vectorielles<\/strong><\/p>\n<p>Cette mobilisation vise \u00e9galement \u00e0 renforcer la conscience collective sur le lien entre environnement et sant\u00e9. Une concession mal entretenue, un caniveau obstru\u00e9, un pneu abandonn\u00e9 ou une simple flaque d&rsquo;eau peuvent, dans certaines conditions, devenir des foyers de reproduction des moustiques.<\/p>\n<p>La lutte contre le paludisme devient donc l&rsquo;affaire de tous, n\u00e9cessitant l&rsquo;implication conjointe des services de l&rsquo;\u00c9tat, des collectivit\u00e9s, des organisations communautaires et des citoyens. L&rsquo;ambition est claire : transformer les journ\u00e9es nationales de lutte contre le paludisme en un v\u00e9ritable mouvement national d&rsquo;intensification de l&rsquo;assainissement et du civisme, renfor\u00e7ant \u00e0 terme la r\u00e9silience des communaut\u00e9s.<\/p>\n<p>En d\u00e9finitive, le combat contre le paludisme se joue autant dans les rues, les concessions et les caniveaux que dans les structures sanitaires. En \u00e9rigeant l&rsquo;\u00e9limination des g\u00eetes larvaires en action r\u00e9guli\u00e8re et collective, le Burkina Faso place r\u00e9solument la pr\u00e9vention au c\u0153ur de sa strat\u00e9gie sanitaire.<\/p>\n<p style=\"text-align: right;\"><strong><em>Cl\u00e9ment KABA<\/em><\/strong><\/p>\n","protected":false},"excerpt":{"rendered":"<p>Ouagadougou, le 08 ao\u00fbt 2026 \u2013 Le Burkina Faso franchit une nouvelle \u00e9tape dans sa lutte contre le paludisme. Une vaste op\u00e9ration nationale de salubrit\u00e9 et d&rsquo;assainissement a \u00e9t\u00e9 lanc\u00e9e, avec un appel pressant \u00e0 la mobilisation permanente des collectivit\u00e9s territoriales et des populations. Objectif : \u00e9radiquer les g\u00eetes larvaires et faire reculer durablement la&#8230;<\/p>\n","protected":false},"author":6,"featured_media":38876,"comment_status":"open","ping_status":"open","sticky":false,"template":"","format":"standard","meta":{"_jetpack_newsletter_access":"","_jetpack_dont_email_post_to_subs":false,"_jetpack_newsletter_tier_id":0,"_jetpack_memberships_contains_paywalled_content":false,"_jetpack_feature_clip_id":0,"_jetpack_memberships_contains_paid_content":false,"footnotes":"","jetpack_post_was_ever_published":false},"categories":[2,199],"tags":[],"class_list":["post-38871","post","type-post","status-publish","format-standard","has-post-thumbnail","hentry","category-a-la-une","category-sante"],"yoast_head":"<!-- This site is optimized with the Yoast SEO plugin v28.3 - https:\/\/yoast.com\/product\/yoast-seo-wordpress\/ -->\n<title>Lutte contre le paludisme : le Burkina Faso enclenche une mobilisation nationale pour l&#039;assainissement - WordPress<\/title>\n<meta name=\"robots\" content=\"index, follow, max-snippet:-1, max-image-preview:large, max-video-preview:-1\" \/>\n<link rel=\"canonical\" href=\"https:\/\/lacolombeplus.net\/index.php\/2026\/08\/08\/lutte-contre-le-paludisme-le-burkina-faso-enclenche-une-mobilisation-nationale-pour-lassainissement\/\" \/>\n<meta property=\"og:locale\" content=\"fr_FR\" \/>\n<meta property=\"og:type\" content=\"article\" \/>\n<meta property=\"og:title\" content=\"Lutte contre le paludisme : le Burkina Faso enclenche une mobilisation nationale pour l&#039;assainissement - WordPress\" \/>\n<meta property=\"og:description\" content=\"Ouagadougou, le 08 ao\u00fbt 2026 \u2013 Le Burkina Faso franchit une nouvelle \u00e9tape dans sa lutte contre le paludisme. Une vaste op\u00e9ration nationale de salubrit\u00e9 et d&rsquo;assainissement a \u00e9t\u00e9 lanc\u00e9e, avec un appel pressant \u00e0 la mobilisation permanente des collectivit\u00e9s territoriales et des populations. Objectif : \u00e9radiquer les g\u00eetes larvaires et faire reculer durablement la...\" \/>\n<meta property=\"og:url\" content=\"https:\/\/lacolombeplus.net\/index.php\/2026\/08\/08\/lutte-contre-le-paludisme-le-burkina-faso-enclenche-une-mobilisation-nationale-pour-lassainissement\/\" \/>\n<meta property=\"og:site_name\" content=\"WordPress\" \/>\n<meta property=\"article:publisher\" content=\"https:\/\/web.facebook.com\/profile.php?id=61589477078953\" \/>\n<meta property=\"article:published_time\" content=\"2026-08-08T20:41:43+00:00\" \/>\n<meta property=\"og:image\" content=\"http:\/\/lacolombeplus.net\/wp-content\/uploads\/2026\/08\/767508454_1803482154341184_8517439031308174818_n.webp\" \/>\n\t<meta property=\"og:image:width\" content=\"720\" \/>\n\t<meta property=\"og:image:height\" content=\"540\" \/>\n\t<meta property=\"og:image:type\" content=\"image\/webp\" \/>\n<meta name=\"author\" content=\"Dramane FAYAMA\" \/>\n<meta name=\"twitter:card\" content=\"summary_large_image\" \/>\n<meta name=\"twitter:label1\" content=\"\u00c9crit par\" \/>\n\t<meta name=\"twitter:data1\" content=\"Dramane FAYAMA\" \/>\n\t<meta name=\"twitter:label2\" content=\"Dur\u00e9e de lecture estim\u00e9e\" \/>\n\t<meta name=\"twitter:data2\" content=\"4 minutes\" \/>\n<script type=\"application\/ld+json\" class=\"yoast-schema-graph\">{\"@context\":\"https:\\\/\\\/schema.org\",\"@graph\":[{\"@type\":\"Article\",\"@id\":\"https:\\\/\\\/lacolombeplus.net\\\/index.php\\\/2026\\\/08\\\/08\\\/lutte-contre-le-paludisme-le-burkina-faso-enclenche-une-mobilisation-nationale-pour-lassainissement\\\/#article\",\"isPartOf\":{\"@id\":\"https:\\\/\\\/lacolombeplus.net\\\/index.php\\\/2026\\\/08\\\/08\\\/lutte-contre-le-paludisme-le-burkina-faso-enclenche-une-mobilisation-nationale-pour-lassainissement\\\/\"},\"author\":{\"name\":\"Dramane FAYAMA\",\"@id\":\"https:\\\/\\\/lacolombeplus.net\\\/#\\\/schema\\\/person\\\/1a433b3fa6e8f9696f18ece67a69915c\"},\"headline\":\"Lutte contre le paludisme : le Burkina Faso enclenche une mobilisation nationale pour l&rsquo;assainissement\",\"datePublished\":\"2026-08-08T20:41:43+00:00\",\"mainEntityOfPage\":{\"@id\":\"https:\\\/\\\/lacolombeplus.net\\\/index.php\\\/2026\\\/08\\\/08\\\/lutte-contre-le-paludisme-le-burkina-faso-enclenche-une-mobilisation-nationale-pour-lassainissement\\\/\"},\"wordCount\":713,\"commentCount\":0,\"publisher\":{\"@id\":\"https:\\\/\\\/lacolombeplus.net\\\/#organization\"},\"image\":{\"@id\":\"https:\\\/\\\/lacolombeplus.net\\\/index.php\\\/2026\\\/08\\\/08\\\/lutte-contre-le-paludisme-le-burkina-faso-enclenche-une-mobilisation-nationale-pour-lassainissement\\\/#primaryimage\"},\"thumbnailUrl\":\"https:\\\/\\\/lacolombeplus.net\\\/wp-content\\\/uploads\\\/2026\\\/08\\\/767508454_1803482154341184_8517439031308174818_n.webp\",\"articleSection\":[\"A la Une\",\"Sant\u00e9\"],\"inLanguage\":\"fr-FR\",\"potentialAction\":[{\"@type\":\"CommentAction\",\"name\":\"Comment\",\"target\":[\"https:\\\/\\\/lacolombeplus.net\\\/index.php\\\/2026\\\/08\\\/08\\\/lutte-contre-le-paludisme-le-burkina-faso-enclenche-une-mobilisation-nationale-pour-lassainissement\\\/#respond\"]}]},{\"@type\":\"WebPage\",\"@id\":\"https:\\\/\\\/lacolombeplus.net\\\/index.php\\\/2026\\\/08\\\/08\\\/lutte-contre-le-paludisme-le-burkina-faso-enclenche-une-mobilisation-nationale-pour-lassainissement\\\/\",\"url\":\"https:\\\/\\\/lacolombeplus.net\\\/index.php\\\/2026\\\/08\\\/08\\\/lutte-contre-le-paludisme-le-burkina-faso-enclenche-une-mobilisation-nationale-pour-lassainissement\\\/\",\"name\":\"Lutte contre le paludisme : le Burkina Faso enclenche une mobilisation nationale pour l'assainissement - WordPress\",\"isPartOf\":{\"@id\":\"https:\\\/\\\/lacolombeplus.net\\\/#website\"},\"primaryImageOfPage\":{\"@id\":\"https:\\\/\\\/lacolombeplus.net\\\/index.php\\\/2026\\\/08\\\/08\\\/lutte-contre-le-paludisme-le-burkina-faso-enclenche-une-mobilisation-nationale-pour-lassainissement\\\/#primaryimage\"},\"image\":{\"@id\":\"https:\\\/\\\/lacolombeplus.net\\\/index.php\\\/2026\\\/08\\\/08\\\/lutte-contre-le-paludisme-le-burkina-faso-enclenche-une-mobilisation-nationale-pour-lassainissement\\\/#primaryimage\"},\"thumbnailUrl\":\"https:\\\/\\\/lacolombeplus.net\\\/wp-content\\\/uploads\\\/2026\\\/08\\\/767508454_1803482154341184_8517439031308174818_n.webp\",\"datePublished\":\"2026-08-08T20:41:43+00:00\",\"breadcrumb\":{\"@id\":\"https:\\\/\\\/lacolombeplus.net\\\/index.php\\\/2026\\\/08\\\/08\\\/lutte-contre-le-paludisme-le-burkina-faso-enclenche-une-mobilisation-nationale-pour-lassainissement\\\/#breadcrumb\"},\"inLanguage\":\"fr-FR\",\"potentialAction\":[{\"@type\":\"ReadAction\",\"target\":[\"https:\\\/\\\/lacolombeplus.net\\\/index.php\\\/2026\\\/08\\\/08\\\/lutte-contre-le-paludisme-le-burkina-faso-enclenche-une-mobilisation-nationale-pour-lassainissement\\\/\"]}]},{\"@type\":\"ImageObject\",\"inLanguage\":\"fr-FR\",\"@id\":\"https:\\\/\\\/lacolombeplus.net\\\/index.php\\\/2026\\\/08\\\/08\\\/lutte-contre-le-paludisme-le-burkina-faso-enclenche-une-mobilisation-nationale-pour-lassainissement\\\/#primaryimage\",\"url\":\"https:\\\/\\\/lacolombeplus.net\\\/wp-content\\\/uploads\\\/2026\\\/08\\\/767508454_1803482154341184_8517439031308174818_n.webp\",\"contentUrl\":\"https:\\\/\\\/lacolombeplus.net\\\/wp-content\\\/uploads\\\/2026\\\/08\\\/767508454_1803482154341184_8517439031308174818_n.webp\",\"width\":720,\"height\":540,\"caption\":\"Le traitement des g\u00eetes larvaires\"},{\"@type\":\"BreadcrumbList\",\"@id\":\"https:\\\/\\\/lacolombeplus.net\\\/index.php\\\/2026\\\/08\\\/08\\\/lutte-contre-le-paludisme-le-burkina-faso-enclenche-une-mobilisation-nationale-pour-lassainissement\\\/#breadcrumb\",\"itemListElement\":[{\"@type\":\"ListItem\",\"position\":1,\"name\":\"Accueil\",\"item\":\"https:\\\/\\\/lacolombeplus.net\\\/\"},{\"@type\":\"ListItem\",\"position\":2,\"name\":\"Lutte contre le paludisme : le Burkina Faso enclenche une mobilisation nationale pour l&rsquo;assainissement\"}]},{\"@type\":\"WebSite\",\"@id\":\"https:\\\/\\\/lacolombeplus.net\\\/#website\",\"url\":\"https:\\\/\\\/lacolombeplus.net\\\/\",\"name\":\"Lacolombeplus\",\"description\":\"\",\"publisher\":{\"@id\":\"https:\\\/\\\/lacolombeplus.net\\\/#organization\"},\"potentialAction\":[{\"@type\":\"SearchAction\",\"target\":{\"@type\":\"EntryPoint\",\"urlTemplate\":\"https:\\\/\\\/lacolombeplus.net\\\/?s={search_term_string}\"},\"query-input\":{\"@type\":\"PropertyValueSpecification\",\"valueRequired\":true,\"valueName\":\"search_term_string\"}}],\"inLanguage\":\"fr-FR\"},{\"@type\":\"Organization\",\"@id\":\"https:\\\/\\\/lacolombeplus.net\\\/#organization\",\"name\":\"lacolombeplus.net\",\"url\":\"https:\\\/\\\/lacolombeplus.net\\\/\",\"logo\":{\"@type\":\"ImageObject\",\"inLanguage\":\"fr-FR\",\"@id\":\"https:\\\/\\\/lacolombeplus.net\\\/#\\\/schema\\\/logo\\\/image\\\/\",\"url\":\"https:\\\/\\\/lacolombeplus.net\\\/wp-content\\\/uploads\\\/2026\\\/04\\\/a84391f3-a521-4177-867d-b9aaa3066b88.png\",\"contentUrl\":\"https:\\\/\\\/lacolombeplus.net\\\/wp-content\\\/uploads\\\/2026\\\/04\\\/a84391f3-a521-4177-867d-b9aaa3066b88.png\",\"width\":1045,\"height\":1505,\"caption\":\"lacolombeplus.net\"},\"image\":{\"@id\":\"https:\\\/\\\/lacolombeplus.net\\\/#\\\/schema\\\/logo\\\/image\\\/\"},\"sameAs\":[\"https:\\\/\\\/web.facebook.com\\\/profile.php?id=61589477078953\"]},{\"@type\":\"Person\",\"@id\":\"https:\\\/\\\/lacolombeplus.net\\\/#\\\/schema\\\/person\\\/1a433b3fa6e8f9696f18ece67a69915c\",\"name\":\"Dramane FAYAMA\",\"image\":{\"@type\":\"ImageObject\",\"inLanguage\":\"fr-FR\",\"@id\":\"https:\\\/\\\/secure.gravatar.com\\\/avatar\\\/6ae061b9c102ae93ffb7a4076195d78ace54801f91540899a6e8aacf91eacff8?s=96&d=mm&r=g\",\"url\":\"https:\\\/\\\/secure.gravatar.com\\\/avatar\\\/6ae061b9c102ae93ffb7a4076195d78ace54801f91540899a6e8aacf91eacff8?s=96&d=mm&r=g\",\"contentUrl\":\"https:\\\/\\\/secure.gravatar.com\\\/avatar\\\/6ae061b9c102ae93ffb7a4076195d78ace54801f91540899a6e8aacf91eacff8?s=96&d=mm&r=g\",\"caption\":\"Dramane FAYAMA\"},\"url\":\"https:\\\/\\\/lacolombeplus.net\\\/index.php\\\/author\\\/dramane\\\/\"}]}<\/script>\n<!-- \/ Yoast SEO plugin. -->","yoast_head_json":{"title":"Lutte contre le paludisme : le Burkina Faso enclenche une mobilisation nationale pour l'assainissement - WordPress","robots":{"index":"index","follow":"follow","max-snippet":"max-snippet:-1","max-image-preview":"max-image-preview:large","max-video-preview":"max-video-preview:-1"},"canonical":"https:\/\/lacolombeplus.net\/index.php\/2026\/08\/08\/lutte-contre-le-paludisme-le-burkina-faso-enclenche-une-mobilisation-nationale-pour-lassainissement\/","og_locale":"fr_FR","og_type":"article","og_title":"Lutte contre le paludisme : le Burkina Faso enclenche une mobilisation nationale pour l'assainissement - WordPress","og_description":"Ouagadougou, le 08 ao\u00fbt 2026 \u2013 Le Burkina Faso franchit une nouvelle \u00e9tape dans sa lutte contre le paludisme. Une vaste op\u00e9ration nationale de salubrit\u00e9 et d&rsquo;assainissement a \u00e9t\u00e9 lanc\u00e9e, avec un appel pressant \u00e0 la mobilisation permanente des collectivit\u00e9s territoriales et des populations. Objectif : \u00e9radiquer les g\u00eetes larvaires et faire reculer durablement la...","og_url":"https:\/\/lacolombeplus.net\/index.php\/2026\/08\/08\/lutte-contre-le-paludisme-le-burkina-faso-enclenche-une-mobilisation-nationale-pour-lassainissement\/","og_site_name":"WordPress","article_publisher":"https:\/\/web.facebook.com\/profile.php?id=61589477078953","article_published_time":"2026-08-08T20:41:43+00:00","og_image":[{"width":720,"height":540,"url":"http:\/\/lacolombeplus.net\/wp-content\/uploads\/2026\/08\/767508454_1803482154341184_8517439031308174818_n.webp","type":"image\/webp"}],"author":"Dramane FAYAMA","twitter_card":"summary_large_image","twitter_misc":{"\u00c9crit par":"Dramane FAYAMA","Dur\u00e9e de lecture estim\u00e9e":"4 minutes"},"schema":{"@context":"https:\/\/schema.org","@graph":[{"@type":"Article","@id":"https:\/\/lacolombeplus.net\/index.php\/2026\/08\/08\/lutte-contre-le-paludisme-le-burkina-faso-enclenche-une-mobilisation-nationale-pour-lassainissement\/#article","isPartOf":{"@id":"https:\/\/lacolombeplus.net\/index.php\/2026\/08\/08\/lutte-contre-le-paludisme-le-burkina-faso-enclenche-une-mobilisation-nationale-pour-lassainissement\/"},"author":{"name":"Dramane FAYAMA","@id":"https:\/\/lacolombeplus.net\/#\/schema\/person\/1a433b3fa6e8f9696f18ece67a69915c"},"headline":"Lutte contre le paludisme : le Burkina Faso enclenche une mobilisation nationale pour l&rsquo;assainissement","datePublished":"2026-08-08T20:41:43+00:00","mainEntityOfPage":{"@id":"https:\/\/lacolombeplus.net\/index.php\/2026\/08\/08\/lutte-contre-le-paludisme-le-burkina-faso-enclenche-une-mobilisation-nationale-pour-lassainissement\/"},"wordCount":713,"commentCount":0,"publisher":{"@id":"https:\/\/lacolombeplus.net\/#organization"},"image":{"@id":"https:\/\/lacolombeplus.net\/index.php\/2026\/08\/08\/lutte-contre-le-paludisme-le-burkina-faso-enclenche-une-mobilisation-nationale-pour-lassainissement\/#primaryimage"},"thumbnailUrl":"https:\/\/lacolombeplus.net\/wp-content\/uploads\/2026\/08\/767508454_1803482154341184_8517439031308174818_n.webp","articleSection":["A la Une","Sant\u00e9"],"inLanguage":"fr-FR","potentialAction":[{"@type":"CommentAction","name":"Comment","target":["https:\/\/lacolombeplus.net\/index.php\/2026\/08\/08\/lutte-contre-le-paludisme-le-burkina-faso-enclenche-une-mobilisation-nationale-pour-lassainissement\/#respond"]}]},{"@type":"WebPage","@id":"https:\/\/lacolombeplus.net\/index.php\/2026\/08\/08\/lutte-contre-le-paludisme-le-burkina-faso-enclenche-une-mobilisation-nationale-pour-lassainissement\/","url":"https:\/\/lacolombeplus.net\/index.php\/2026\/08\/08\/lutte-contre-le-paludisme-le-burkina-faso-enclenche-une-mobilisation-nationale-pour-lassainissement\/","name":"Lutte contre le paludisme : le Burkina Faso enclenche une mobilisation nationale pour l'assainissement - WordPress","isPartOf":{"@id":"https:\/\/lacolombeplus.net\/#website"},"primaryImageOfPage":{"@id":"https:\/\/lacolombeplus.net\/index.php\/2026\/08\/08\/lutte-contre-le-paludisme-le-burkina-faso-enclenche-une-mobilisation-nationale-pour-lassainissement\/#primaryimage"},"image":{"@id":"https:\/\/lacolombeplus.net\/index.php\/2026\/08\/08\/lutte-contre-le-paludisme-le-burkina-faso-enclenche-une-mobilisation-nationale-pour-lassainissement\/#primaryimage"},"thumbnailUrl":"https:\/\/lacolombeplus.net\/wp-content\/uploads\/2026\/08\/767508454_1803482154341184_8517439031308174818_n.webp","datePublished":"2026-08-08T20:41:43+00:00","breadcrumb":{"@id":"https:\/\/lacolombeplus.net\/index.php\/2026\/08\/08\/lutte-contre-le-paludisme-le-burkina-faso-enclenche-une-mobilisation-nationale-pour-lassainissement\/#breadcrumb"},"inLanguage":"fr-FR","potentialAction":[{"@type":"ReadAction","target":["https:\/\/lacolombeplus.net\/index.php\/2026\/08\/08\/lutte-contre-le-paludisme-le-burkina-faso-enclenche-une-mobilisation-nationale-pour-lassainissement\/"]}]},{"@type":"ImageObject","inLanguage":"fr-FR","@id":"https:\/\/lacolombeplus.net\/index.php\/2026\/08\/08\/lutte-contre-le-paludisme-le-burkina-faso-enclenche-une-mobilisation-nationale-pour-lassainissement\/#primaryimage","url":"https:\/\/lacolombeplus.net\/wp-content\/uploads\/2026\/08\/767508454_1803482154341184_8517439031308174818_n.webp","contentUrl":"https:\/\/lacolombeplus.net\/wp-content\/uploads\/2026\/08\/767508454_1803482154341184_8517439031308174818_n.webp","width":720,"height":540,"caption":"Le traitement des g\u00eetes larvaires"},{"@type":"BreadcrumbList","@id":"https:\/\/lacolombeplus.net\/index.php\/2026\/08\/08\/lutte-contre-le-paludisme-le-burkina-faso-enclenche-une-mobilisation-nationale-pour-lassainissement\/#breadcrumb","itemListElement":[{"@type":"ListItem","position":1,"name":"Accueil","item":"https:\/\/lacolombeplus.net\/"},{"@type":"ListItem","position":2,"name":"Lutte contre le paludisme : le Burkina Faso enclenche une mobilisation nationale pour l&rsquo;assainissement"}]},{"@type":"WebSite","@id":"https:\/\/lacolombeplus.net\/#website","url":"https:\/\/lacolombeplus.net\/","name":"Lacolombeplus","description":"","publisher":{"@id":"https:\/\/lacolombeplus.net\/#organization"},"potentialAction":[{"@type":"SearchAction","target":{"@type":"EntryPoint","urlTemplate":"https:\/\/lacolombeplus.net\/?s={search_term_string}"},"query-input":{"@type":"PropertyValueSpecification","valueRequired":true,"valueName":"search_term_string"}}],"inLanguage":"fr-FR"},{"@type":"Organization","@id":"https:\/\/lacolombeplus.net\/#organization","name":"lacolombeplus.net","url":"https:\/\/lacolombeplus.net\/","logo":{"@type":"ImageObject","inLanguage":"fr-FR","@id":"https:\/\/lacolombeplus.net\/#\/schema\/logo\/image\/","url":"https:\/\/lacolombeplus.net\/wp-content\/uploads\/2026\/04\/a84391f3-a521-4177-867d-b9aaa3066b88.png","contentUrl":"https:\/\/lacolombeplus.net\/wp-content\/uploads\/2026\/04\/a84391f3-a521-4177-867d-b9aaa3066b88.png","width":1045,"height":1505,"caption":"lacolombeplus.net"},"image":{"@id":"https:\/\/lacolombeplus.net\/#\/schema\/logo\/image\/"},"sameAs":["https:\/\/web.facebook.com\/profile.php?id=61589477078953"]},{"@type":"Person","@id":"https:\/\/lacolombeplus.net\/#\/schema\/person\/1a433b3fa6e8f9696f18ece67a69915c","name":"Dramane FAYAMA","image":{"@type":"ImageObject","inLanguage":"fr-FR","@id":"https:\/\/secure.gravatar.com\/avatar\/6ae061b9c102ae93ffb7a4076195d78ace54801f91540899a6e8aacf91eacff8?s=96&d=mm&r=g","url":"https:\/\/secure.gravatar.com\/avatar\/6ae061b9c102ae93ffb7a4076195d78ace54801f91540899a6e8aacf91eacff8?s=96&d=mm&r=g","contentUrl":"https:\/\/secure.gravatar.com\/avatar\/6ae061b9c102ae93ffb7a4076195d78ace54801f91540899a6e8aacf91eacff8?s=96&d=mm&r=g","caption":"Dramane FAYAMA"},"url":"https:\/\/lacolombeplus.net\/index.php\/author\/dramane\/"}]}},"jetpack_featured_media_url":"https:\/\/lacolombeplus.net\/wp-content\/uploads\/2026\/08\/767508454_1803482154341184_8517439031308174818_n.webp","jetpack_sharing_enabled":true,"_links":{"self":[{"href":"https:\/\/lacolombeplus.net\/index.php\/wp-json\/wp\/v2\/posts\/38871","targetHints":{"allow":["GET"]}}],"collection":[{"href":"https:\/\/lacolombeplus.net\/index.php\/wp-json\/wp\/v2\/posts"}],"about":[{"href":"https:\/\/lacolombeplus.net\/index.php\/wp-json\/wp\/v2\/types\/post"}],"author":[{"embeddable":true,"href":"https:\/\/lacolombeplus.net\/index.php\/wp-json\/wp\/v2\/users\/6"}],"replies":[{"embeddable":true,"href":"https:\/\/lacolombeplus.net\/index.php\/wp-json\/wp\/v2\/comments?post=38871"}],"version-history":[{"count":2,"href":"https:\/\/lacolombeplus.net\/index.php\/wp-json\/wp\/v2\/posts\/38871\/revisions"}],"predecessor-version":[{"id":38878,"href":"https:\/\/lacolombeplus.net\/index.php\/wp-json\/wp\/v2\/posts\/38871\/revisions\/38878"}],"wp:featuredmedia":[{"embeddable":true,"href":"https:\/\/lacolombeplus.net\/index.php\/wp-json\/wp\/v2\/media\/38876"}],"wp:attachment":[{"href":"https:\/\/lacolombeplus.net\/index.php\/wp-json\/wp\/v2\/media?parent=38871"}],"wp:term":[{"taxonomy":"category","embeddable":true,"href":"https:\/\/lacolombeplus.net\/index.php\/wp-json\/wp\/v2\/categories?post=38871"},{"taxonomy":"post_tag","embeddable":true,"href":"https:\/\/lacolombeplus.net\/index.php\/wp-json\/wp\/v2\/tags?post=38871"}],"curies":[{"name":"wp","href":"https:\/\/api.w.org\/{rel}","templated":true}]}}