{"id":38861,"date":"2026-08-08T11:34:18","date_gmt":"2026-08-08T11:34:18","guid":{"rendered":"https:\/\/lacolombeplus.net\/?p=38861"},"modified":"2026-08-08T11:34:18","modified_gmt":"2026-08-08T11:34:18","slug":"jeudis-du-cinema-revolutionnaire-le-memorial-thomas-sankara-fait-du-cinema-un-outil-de-transmission-de-la-memoire","status":"publish","type":"post","link":"https:\/\/lacolombeplus.net\/index.php\/2026\/08\/08\/jeudis-du-cinema-revolutionnaire-le-memorial-thomas-sankara-fait-du-cinema-un-outil-de-transmission-de-la-memoire\/","title":{"rendered":"Jeudis du cin\u00e9ma r\u00e9volutionnaire : le M\u00e9morial Thomas Sankara fait du cin\u00e9ma un outil de transmission de la m\u00e9moire"},"content":{"rendered":"<h1>Ouagadougou, le 06 ao\u00fbt 2026 \u2014 Le M\u00e9morial Thomas Sankara a inaugur\u00e9 ce jeudi la premi\u00e8re \u00e9dition des \u00ab Jeudis du cin\u00e9ma r\u00e9volutionnaire \u00bb, une initiative qui entend faire du septi\u00e8me art un outil de transmission de l&rsquo;histoire, d&rsquo;\u00e9veil des consciences et de formation citoyenne. Pour cette s\u00e9ance inaugurale, deux \u0153uvres consacr\u00e9es \u00e0 la figure de Thomas Sankara ont \u00e9t\u00e9 projet\u00e9es : Un peuple debout, du r\u00e9alisateur Rasmane Ou\u00e9draogo, et Thomas Sankara, l&rsquo;humain, de Richard Thiennet.<\/h1>\n<p>Le choix du premier jeudi d&rsquo;ao\u00fbt pour lancer cette initiative n&rsquo;est pas anodin : il s&rsquo;inscrit dans le devoir de m\u00e9moire d\u00e9di\u00e9 \u00e0 Thomas Sankara et \u00e0 ses douze compagnons tomb\u00e9s le 15 octobre 1987. La projection cin\u00e9matographique est venue prolonger le c\u00e9r\u00e9monial d&rsquo;hommage militaire organis\u00e9 plus t\u00f4t sur le site du M\u00e9morial, rappelant que la m\u00e9moire nationale ne se limite pas aux comm\u00e9morations officielles mais peut aussi se transmettre par l&rsquo;image, le r\u00e9cit et le d\u00e9bat. Pour les initiateurs du projet, le cin\u00e9ma offre une force particuli\u00e8re pour rendre l&rsquo;histoire accessible aux jeunes g\u00e9n\u00e9rations qui n&rsquo;ont pas connu directement la R\u00e9volution d\u00e9mocratique et populaire, en transformant t\u00e9moignages et r\u00e9cits en supports de compr\u00e9hension des r\u00e9alisations, mais aussi des difficult\u00e9s et des erreurs du pass\u00e9.<\/p>\n<p>Prenant la parole \u00e0 cette occasion, Pingdwend\u00e9 Gilbert Ou\u00e9draogo, ministre de la Communication, de la Culture, des Arts et du Tourisme, a insist\u00e9 sur la n\u00e9cessit\u00e9 de tirer les le\u00e7ons de la R\u00e9volution pour mieux construire le pr\u00e9sent, appelant \u00e0 valoriser ses acquis tout en reconnaissant ses erreurs. \u00ab <em>Les pas que nous posons aujourd&rsquo;hui, c&rsquo;est de nous ressourcer hier<\/em> \u00bb, a-t-il d\u00e9clar\u00e9, soulignant le r\u00f4le des archives et de la m\u00e9moire dans la construction de l&rsquo;avenir.<\/p>\n<p><img fetchpriority=\"high\" decoding=\"async\" class=\"alignnone size-full wp-image-38864\" src=\"http:\/\/lacolombeplus.net\/wp-content\/uploads\/2026\/08\/FB_IMG_1786187869365.webp\" alt=\"\" width=\"1705\" height=\"1365\" srcset=\"https:\/\/lacolombeplus.net\/wp-content\/uploads\/2026\/08\/FB_IMG_1786187869365.webp 1705w, https:\/\/lacolombeplus.net\/wp-content\/uploads\/2026\/08\/FB_IMG_1786187869365-300x240.webp 300w, https:\/\/lacolombeplus.net\/wp-content\/uploads\/2026\/08\/FB_IMG_1786187869365-1024x820.webp 1024w, https:\/\/lacolombeplus.net\/wp-content\/uploads\/2026\/08\/FB_IMG_1786187869365-768x615.webp 768w, https:\/\/lacolombeplus.net\/wp-content\/uploads\/2026\/08\/FB_IMG_1786187869365-1536x1230.webp 1536w\" sizes=\"(max-width: 1705px) 100vw, 1705px\" \/><\/p>\n<p>La dimension p\u00e9dagogique est au c\u0153ur de cette initiative, qui vise \u00e0 rapprocher la jeunesse burkinab\u00e8 de l&rsquo;histoire du pays et de l&rsquo;h\u00e9ritage de la R\u00e9volution d\u00e9mocratique et populaire. Mamadou Tamboura a salu\u00e9 une d\u00e9marche permettant \u00e0 la nouvelle g\u00e9n\u00e9ration de mieux comprendre cette p\u00e9riode : \u00ab <em>Cette initiative offre \u00e0 la nouvelle g\u00e9n\u00e9ration l&rsquo;occasion de d\u00e9couvrir autrement l&rsquo;histoire de Thomas Sankara et de mieux saisir la port\u00e9e de son h\u00e9ritage<\/em>. \u00bb Ayant lui-m\u00eame connu la p\u00e9riode r\u00e9volutionnaire alors qu&rsquo;il \u00e9tait enfant, il estime que cette projection lui permet aujourd&rsquo;hui de porter un regard nouveau sur cette \u00e9poque, qui prend selon lui un \u00ab <strong>deuxi\u00e8me sens<\/strong> \u00bb avec le recul. Il rel\u00e8ve \u00e9galement que la figure de Sankara continue de d\u00e9passer les fronti\u00e8res du Burkina Faso, le simple fait de porter les couleurs du pays suscitant parfois, \u00e0 l&rsquo;\u00e9tranger, des r\u00e9actions associ\u00e9es \u00e0 son nom \u2014 signe, selon lui, de la place qu&rsquo;occupe cette figure dans l&rsquo;imaginaire collectif africain.<\/p>\n<p>Au-del\u00e0 de la dimension historique, les \u00e9changes ont permis d&rsquo;\u00e9tablir un parall\u00e8le entre les mobilisations populaires d&rsquo;hier et les initiatives citoyennes d&rsquo;aujourd&rsquo;hui. Pour le participant Zougmore Relwende, la transformation du pays passe n\u00e9cessairement par l&rsquo;implication de la population : \u00ab <em>Le peuple doit non seulement participer \u00e0 la construction de son avenir, mais \u00e9galement contribuer \u00e0 d\u00e9fendre les acquis obtenus. \u00bb<\/em><\/p>\n<p>Cette d\u00e9marche s&rsquo;inscrit enfin dans une volont\u00e9 plus large de souverainet\u00e9 culturelle, port\u00e9e par la conviction que raconter sa propre histoire et valoriser ses h\u00e9ros participent \u00e0 l&rsquo;affirmation de l&rsquo;identit\u00e9 nationale. Les organisateurs souhaitent d\u00e9sormais faire de ces rencontres un rendez-vous mensuel, ouvert aux jeunes, aux \u00e9tablissements scolaires et universitaires, aux acteurs culturels et aux organisations citoyennes, afin de faire du M\u00e9morial Thomas Sankara un espace vivant de dialogue entre les g\u00e9n\u00e9rations et de transformer la m\u00e9moire en r\u00e9flexion, et la r\u00e9flexion en engagement pour l&rsquo;avenir du Burkina Faso.<\/p>\n<p style=\"text-align: right;\">Cl\u00e9ment Kaba<\/p>\n","protected":false},"excerpt":{"rendered":"<p>Ouagadougou, le 06 ao\u00fbt 2026 \u2014 Le M\u00e9morial Thomas Sankara a inaugur\u00e9 ce jeudi la premi\u00e8re \u00e9dition des \u00ab Jeudis du cin\u00e9ma r\u00e9volutionnaire \u00bb, une initiative qui entend faire du septi\u00e8me art un outil de transmission de l&rsquo;histoire, d&rsquo;\u00e9veil des consciences et de formation citoyenne. Pour cette s\u00e9ance inaugurale, deux \u0153uvres consacr\u00e9es \u00e0 la figure&#8230;<\/p>\n","protected":false},"author":6,"featured_media":38865,"comment_status":"open","ping_status":"open","sticky":false,"template":"","format":"standard","meta":{"_jetpack_newsletter_access":"","_jetpack_dont_email_post_to_subs":false,"_jetpack_newsletter_tier_id":0,"_jetpack_memberships_contains_paywalled_content":false,"_jetpack_feature_clip_id":0,"_jetpack_memberships_contains_paid_content":false,"footnotes":"","jetpack_post_was_ever_published":false},"categories":[2,80],"tags":[],"class_list":["post-38861","post","type-post","status-publish","format-standard","has-post-thumbnail","hentry","category-a-la-une","category-culture"],"yoast_head":"<!-- This site is optimized with the Yoast SEO plugin v28.3 - https:\/\/yoast.com\/product\/yoast-seo-wordpress\/ -->\n<title>Jeudis du cin\u00e9ma r\u00e9volutionnaire : le M\u00e9morial Thomas Sankara fait du cin\u00e9ma un outil de transmission de la m\u00e9moire - WordPress<\/title>\n<meta name=\"robots\" content=\"index, follow, max-snippet:-1, max-image-preview:large, max-video-preview:-1\" \/>\n<link rel=\"canonical\" href=\"https:\/\/lacolombeplus.net\/index.php\/2026\/08\/08\/jeudis-du-cinema-revolutionnaire-le-memorial-thomas-sankara-fait-du-cinema-un-outil-de-transmission-de-la-memoire\/\" \/>\n<meta property=\"og:locale\" content=\"fr_FR\" \/>\n<meta property=\"og:type\" content=\"article\" \/>\n<meta property=\"og:title\" content=\"Jeudis du cin\u00e9ma r\u00e9volutionnaire : le M\u00e9morial Thomas Sankara fait du cin\u00e9ma un outil de transmission de la m\u00e9moire - WordPress\" \/>\n<meta property=\"og:description\" content=\"Ouagadougou, le 06 ao\u00fbt 2026 \u2014 Le M\u00e9morial Thomas Sankara a inaugur\u00e9 ce jeudi la premi\u00e8re \u00e9dition des \u00ab Jeudis du cin\u00e9ma r\u00e9volutionnaire \u00bb, une initiative qui entend faire du septi\u00e8me art un outil de transmission de l&rsquo;histoire, d&rsquo;\u00e9veil des consciences et de formation citoyenne. Pour cette s\u00e9ance inaugurale, deux \u0153uvres consacr\u00e9es \u00e0 la figure...\" \/>\n<meta property=\"og:url\" content=\"https:\/\/lacolombeplus.net\/index.php\/2026\/08\/08\/jeudis-du-cinema-revolutionnaire-le-memorial-thomas-sankara-fait-du-cinema-un-outil-de-transmission-de-la-memoire\/\" \/>\n<meta property=\"og:site_name\" content=\"WordPress\" \/>\n<meta property=\"article:publisher\" content=\"https:\/\/web.facebook.com\/profile.php?id=61589477078953\" \/>\n<meta property=\"article:published_time\" content=\"2026-08-08T11:34:18+00:00\" \/>\n<meta property=\"og:image\" content=\"http:\/\/lacolombeplus.net\/wp-content\/uploads\/2026\/08\/FB_IMG_1786187916675.webp\" \/>\n\t<meta property=\"og:image:width\" content=\"1126\" \/>\n\t<meta property=\"og:image:height\" content=\"442\" \/>\n\t<meta property=\"og:image:type\" content=\"image\/webp\" \/>\n<meta name=\"author\" content=\"Dramane FAYAMA\" \/>\n<meta name=\"twitter:card\" content=\"summary_large_image\" \/>\n<meta name=\"twitter:label1\" content=\"\u00c9crit par\" \/>\n\t<meta name=\"twitter:data1\" content=\"Dramane FAYAMA\" \/>\n\t<meta name=\"twitter:label2\" content=\"Dur\u00e9e de lecture estim\u00e9e\" \/>\n\t<meta name=\"twitter:data2\" content=\"4 minutes\" \/>\n<script type=\"application\/ld+json\" class=\"yoast-schema-graph\">{\"@context\":\"https:\\\/\\\/schema.org\",\"@graph\":[{\"@type\":\"Article\",\"@id\":\"https:\\\/\\\/lacolombeplus.net\\\/index.php\\\/2026\\\/08\\\/08\\\/jeudis-du-cinema-revolutionnaire-le-memorial-thomas-sankara-fait-du-cinema-un-outil-de-transmission-de-la-memoire\\\/#article\",\"isPartOf\":{\"@id\":\"https:\\\/\\\/lacolombeplus.net\\\/index.php\\\/2026\\\/08\\\/08\\\/jeudis-du-cinema-revolutionnaire-le-memorial-thomas-sankara-fait-du-cinema-un-outil-de-transmission-de-la-memoire\\\/\"},\"author\":{\"name\":\"Dramane FAYAMA\",\"@id\":\"https:\\\/\\\/lacolombeplus.net\\\/#\\\/schema\\\/person\\\/1a433b3fa6e8f9696f18ece67a69915c\"},\"headline\":\"Jeudis du cin\u00e9ma r\u00e9volutionnaire : le M\u00e9morial Thomas Sankara fait du cin\u00e9ma un outil de transmission de la m\u00e9moire\",\"datePublished\":\"2026-08-08T11:34:18+00:00\",\"mainEntityOfPage\":{\"@id\":\"https:\\\/\\\/lacolombeplus.net\\\/index.php\\\/2026\\\/08\\\/08\\\/jeudis-du-cinema-revolutionnaire-le-memorial-thomas-sankara-fait-du-cinema-un-outil-de-transmission-de-la-memoire\\\/\"},\"wordCount\":690,\"commentCount\":0,\"publisher\":{\"@id\":\"https:\\\/\\\/lacolombeplus.net\\\/#organization\"},\"image\":{\"@id\":\"https:\\\/\\\/lacolombeplus.net\\\/index.php\\\/2026\\\/08\\\/08\\\/jeudis-du-cinema-revolutionnaire-le-memorial-thomas-sankara-fait-du-cinema-un-outil-de-transmission-de-la-memoire\\\/#primaryimage\"},\"thumbnailUrl\":\"https:\\\/\\\/lacolombeplus.net\\\/wp-content\\\/uploads\\\/2026\\\/08\\\/FB_IMG_1786187916675.webp\",\"articleSection\":[\"A la Une\",\"Culture\"],\"inLanguage\":\"fr-FR\",\"potentialAction\":[{\"@type\":\"CommentAction\",\"name\":\"Comment\",\"target\":[\"https:\\\/\\\/lacolombeplus.net\\\/index.php\\\/2026\\\/08\\\/08\\\/jeudis-du-cinema-revolutionnaire-le-memorial-thomas-sankara-fait-du-cinema-un-outil-de-transmission-de-la-memoire\\\/#respond\"]}]},{\"@type\":\"WebPage\",\"@id\":\"https:\\\/\\\/lacolombeplus.net\\\/index.php\\\/2026\\\/08\\\/08\\\/jeudis-du-cinema-revolutionnaire-le-memorial-thomas-sankara-fait-du-cinema-un-outil-de-transmission-de-la-memoire\\\/\",\"url\":\"https:\\\/\\\/lacolombeplus.net\\\/index.php\\\/2026\\\/08\\\/08\\\/jeudis-du-cinema-revolutionnaire-le-memorial-thomas-sankara-fait-du-cinema-un-outil-de-transmission-de-la-memoire\\\/\",\"name\":\"Jeudis du cin\u00e9ma r\u00e9volutionnaire : le M\u00e9morial Thomas Sankara fait du cin\u00e9ma un outil de transmission de la m\u00e9moire - WordPress\",\"isPartOf\":{\"@id\":\"https:\\\/\\\/lacolombeplus.net\\\/#website\"},\"primaryImageOfPage\":{\"@id\":\"https:\\\/\\\/lacolombeplus.net\\\/index.php\\\/2026\\\/08\\\/08\\\/jeudis-du-cinema-revolutionnaire-le-memorial-thomas-sankara-fait-du-cinema-un-outil-de-transmission-de-la-memoire\\\/#primaryimage\"},\"image\":{\"@id\":\"https:\\\/\\\/lacolombeplus.net\\\/index.php\\\/2026\\\/08\\\/08\\\/jeudis-du-cinema-revolutionnaire-le-memorial-thomas-sankara-fait-du-cinema-un-outil-de-transmission-de-la-memoire\\\/#primaryimage\"},\"thumbnailUrl\":\"https:\\\/\\\/lacolombeplus.net\\\/wp-content\\\/uploads\\\/2026\\\/08\\\/FB_IMG_1786187916675.webp\",\"datePublished\":\"2026-08-08T11:34:18+00:00\",\"breadcrumb\":{\"@id\":\"https:\\\/\\\/lacolombeplus.net\\\/index.php\\\/2026\\\/08\\\/08\\\/jeudis-du-cinema-revolutionnaire-le-memorial-thomas-sankara-fait-du-cinema-un-outil-de-transmission-de-la-memoire\\\/#breadcrumb\"},\"inLanguage\":\"fr-FR\",\"potentialAction\":[{\"@type\":\"ReadAction\",\"target\":[\"https:\\\/\\\/lacolombeplus.net\\\/index.php\\\/2026\\\/08\\\/08\\\/jeudis-du-cinema-revolutionnaire-le-memorial-thomas-sankara-fait-du-cinema-un-outil-de-transmission-de-la-memoire\\\/\"]}]},{\"@type\":\"ImageObject\",\"inLanguage\":\"fr-FR\",\"@id\":\"https:\\\/\\\/lacolombeplus.net\\\/index.php\\\/2026\\\/08\\\/08\\\/jeudis-du-cinema-revolutionnaire-le-memorial-thomas-sankara-fait-du-cinema-un-outil-de-transmission-de-la-memoire\\\/#primaryimage\",\"url\":\"https:\\\/\\\/lacolombeplus.net\\\/wp-content\\\/uploads\\\/2026\\\/08\\\/FB_IMG_1786187916675.webp\",\"contentUrl\":\"https:\\\/\\\/lacolombeplus.net\\\/wp-content\\\/uploads\\\/2026\\\/08\\\/FB_IMG_1786187916675.webp\",\"width\":1126,\"height\":442},{\"@type\":\"BreadcrumbList\",\"@id\":\"https:\\\/\\\/lacolombeplus.net\\\/index.php\\\/2026\\\/08\\\/08\\\/jeudis-du-cinema-revolutionnaire-le-memorial-thomas-sankara-fait-du-cinema-un-outil-de-transmission-de-la-memoire\\\/#breadcrumb\",\"itemListElement\":[{\"@type\":\"ListItem\",\"position\":1,\"name\":\"Accueil\",\"item\":\"https:\\\/\\\/lacolombeplus.net\\\/\"},{\"@type\":\"ListItem\",\"position\":2,\"name\":\"Jeudis du cin\u00e9ma r\u00e9volutionnaire : le M\u00e9morial Thomas Sankara fait du cin\u00e9ma un outil de transmission de la m\u00e9moire\"}]},{\"@type\":\"WebSite\",\"@id\":\"https:\\\/\\\/lacolombeplus.net\\\/#website\",\"url\":\"https:\\\/\\\/lacolombeplus.net\\\/\",\"name\":\"Lacolombeplus\",\"description\":\"\",\"publisher\":{\"@id\":\"https:\\\/\\\/lacolombeplus.net\\\/#organization\"},\"potentialAction\":[{\"@type\":\"SearchAction\",\"target\":{\"@type\":\"EntryPoint\",\"urlTemplate\":\"https:\\\/\\\/lacolombeplus.net\\\/?s={search_term_string}\"},\"query-input\":{\"@type\":\"PropertyValueSpecification\",\"valueRequired\":true,\"valueName\":\"search_term_string\"}}],\"inLanguage\":\"fr-FR\"},{\"@type\":\"Organization\",\"@id\":\"https:\\\/\\\/lacolombeplus.net\\\/#organization\",\"name\":\"lacolombeplus.net\",\"url\":\"https:\\\/\\\/lacolombeplus.net\\\/\",\"logo\":{\"@type\":\"ImageObject\",\"inLanguage\":\"fr-FR\",\"@id\":\"https:\\\/\\\/lacolombeplus.net\\\/#\\\/schema\\\/logo\\\/image\\\/\",\"url\":\"https:\\\/\\\/lacolombeplus.net\\\/wp-content\\\/uploads\\\/2026\\\/04\\\/a84391f3-a521-4177-867d-b9aaa3066b88.png\",\"contentUrl\":\"https:\\\/\\\/lacolombeplus.net\\\/wp-content\\\/uploads\\\/2026\\\/04\\\/a84391f3-a521-4177-867d-b9aaa3066b88.png\",\"width\":1045,\"height\":1505,\"caption\":\"lacolombeplus.net\"},\"image\":{\"@id\":\"https:\\\/\\\/lacolombeplus.net\\\/#\\\/schema\\\/logo\\\/image\\\/\"},\"sameAs\":[\"https:\\\/\\\/web.facebook.com\\\/profile.php?id=61589477078953\"]},{\"@type\":\"Person\",\"@id\":\"https:\\\/\\\/lacolombeplus.net\\\/#\\\/schema\\\/person\\\/1a433b3fa6e8f9696f18ece67a69915c\",\"name\":\"Dramane FAYAMA\",\"image\":{\"@type\":\"ImageObject\",\"inLanguage\":\"fr-FR\",\"@id\":\"https:\\\/\\\/secure.gravatar.com\\\/avatar\\\/6ae061b9c102ae93ffb7a4076195d78ace54801f91540899a6e8aacf91eacff8?s=96&d=mm&r=g\",\"url\":\"https:\\\/\\\/secure.gravatar.com\\\/avatar\\\/6ae061b9c102ae93ffb7a4076195d78ace54801f91540899a6e8aacf91eacff8?s=96&d=mm&r=g\",\"contentUrl\":\"https:\\\/\\\/secure.gravatar.com\\\/avatar\\\/6ae061b9c102ae93ffb7a4076195d78ace54801f91540899a6e8aacf91eacff8?s=96&d=mm&r=g\",\"caption\":\"Dramane FAYAMA\"},\"url\":\"https:\\\/\\\/lacolombeplus.net\\\/index.php\\\/author\\\/dramane\\\/\"}]}<\/script>\n<!-- \/ Yoast SEO plugin. -->","yoast_head_json":{"title":"Jeudis du cin\u00e9ma r\u00e9volutionnaire : le M\u00e9morial Thomas Sankara fait du cin\u00e9ma un outil de transmission de la m\u00e9moire - WordPress","robots":{"index":"index","follow":"follow","max-snippet":"max-snippet:-1","max-image-preview":"max-image-preview:large","max-video-preview":"max-video-preview:-1"},"canonical":"https:\/\/lacolombeplus.net\/index.php\/2026\/08\/08\/jeudis-du-cinema-revolutionnaire-le-memorial-thomas-sankara-fait-du-cinema-un-outil-de-transmission-de-la-memoire\/","og_locale":"fr_FR","og_type":"article","og_title":"Jeudis du cin\u00e9ma r\u00e9volutionnaire : le M\u00e9morial Thomas Sankara fait du cin\u00e9ma un outil de transmission de la m\u00e9moire - WordPress","og_description":"Ouagadougou, le 06 ao\u00fbt 2026 \u2014 Le M\u00e9morial Thomas Sankara a inaugur\u00e9 ce jeudi la premi\u00e8re \u00e9dition des \u00ab Jeudis du cin\u00e9ma r\u00e9volutionnaire \u00bb, une initiative qui entend faire du septi\u00e8me art un outil de transmission de l&rsquo;histoire, d&rsquo;\u00e9veil des consciences et de formation citoyenne. Pour cette s\u00e9ance inaugurale, deux \u0153uvres consacr\u00e9es \u00e0 la figure...","og_url":"https:\/\/lacolombeplus.net\/index.php\/2026\/08\/08\/jeudis-du-cinema-revolutionnaire-le-memorial-thomas-sankara-fait-du-cinema-un-outil-de-transmission-de-la-memoire\/","og_site_name":"WordPress","article_publisher":"https:\/\/web.facebook.com\/profile.php?id=61589477078953","article_published_time":"2026-08-08T11:34:18+00:00","og_image":[{"width":1126,"height":442,"url":"http:\/\/lacolombeplus.net\/wp-content\/uploads\/2026\/08\/FB_IMG_1786187916675.webp","type":"image\/webp"}],"author":"Dramane FAYAMA","twitter_card":"summary_large_image","twitter_misc":{"\u00c9crit par":"Dramane FAYAMA","Dur\u00e9e de lecture estim\u00e9e":"4 minutes"},"schema":{"@context":"https:\/\/schema.org","@graph":[{"@type":"Article","@id":"https:\/\/lacolombeplus.net\/index.php\/2026\/08\/08\/jeudis-du-cinema-revolutionnaire-le-memorial-thomas-sankara-fait-du-cinema-un-outil-de-transmission-de-la-memoire\/#article","isPartOf":{"@id":"https:\/\/lacolombeplus.net\/index.php\/2026\/08\/08\/jeudis-du-cinema-revolutionnaire-le-memorial-thomas-sankara-fait-du-cinema-un-outil-de-transmission-de-la-memoire\/"},"author":{"name":"Dramane FAYAMA","@id":"https:\/\/lacolombeplus.net\/#\/schema\/person\/1a433b3fa6e8f9696f18ece67a69915c"},"headline":"Jeudis du cin\u00e9ma r\u00e9volutionnaire : le M\u00e9morial Thomas Sankara fait du cin\u00e9ma un outil de transmission de la m\u00e9moire","datePublished":"2026-08-08T11:34:18+00:00","mainEntityOfPage":{"@id":"https:\/\/lacolombeplus.net\/index.php\/2026\/08\/08\/jeudis-du-cinema-revolutionnaire-le-memorial-thomas-sankara-fait-du-cinema-un-outil-de-transmission-de-la-memoire\/"},"wordCount":690,"commentCount":0,"publisher":{"@id":"https:\/\/lacolombeplus.net\/#organization"},"image":{"@id":"https:\/\/lacolombeplus.net\/index.php\/2026\/08\/08\/jeudis-du-cinema-revolutionnaire-le-memorial-thomas-sankara-fait-du-cinema-un-outil-de-transmission-de-la-memoire\/#primaryimage"},"thumbnailUrl":"https:\/\/lacolombeplus.net\/wp-content\/uploads\/2026\/08\/FB_IMG_1786187916675.webp","articleSection":["A la Une","Culture"],"inLanguage":"fr-FR","potentialAction":[{"@type":"CommentAction","name":"Comment","target":["https:\/\/lacolombeplus.net\/index.php\/2026\/08\/08\/jeudis-du-cinema-revolutionnaire-le-memorial-thomas-sankara-fait-du-cinema-un-outil-de-transmission-de-la-memoire\/#respond"]}]},{"@type":"WebPage","@id":"https:\/\/lacolombeplus.net\/index.php\/2026\/08\/08\/jeudis-du-cinema-revolutionnaire-le-memorial-thomas-sankara-fait-du-cinema-un-outil-de-transmission-de-la-memoire\/","url":"https:\/\/lacolombeplus.net\/index.php\/2026\/08\/08\/jeudis-du-cinema-revolutionnaire-le-memorial-thomas-sankara-fait-du-cinema-un-outil-de-transmission-de-la-memoire\/","name":"Jeudis du cin\u00e9ma r\u00e9volutionnaire : le M\u00e9morial Thomas Sankara fait du cin\u00e9ma un outil de transmission de la m\u00e9moire - WordPress","isPartOf":{"@id":"https:\/\/lacolombeplus.net\/#website"},"primaryImageOfPage":{"@id":"https:\/\/lacolombeplus.net\/index.php\/2026\/08\/08\/jeudis-du-cinema-revolutionnaire-le-memorial-thomas-sankara-fait-du-cinema-un-outil-de-transmission-de-la-memoire\/#primaryimage"},"image":{"@id":"https:\/\/lacolombeplus.net\/index.php\/2026\/08\/08\/jeudis-du-cinema-revolutionnaire-le-memorial-thomas-sankara-fait-du-cinema-un-outil-de-transmission-de-la-memoire\/#primaryimage"},"thumbnailUrl":"https:\/\/lacolombeplus.net\/wp-content\/uploads\/2026\/08\/FB_IMG_1786187916675.webp","datePublished":"2026-08-08T11:34:18+00:00","breadcrumb":{"@id":"https:\/\/lacolombeplus.net\/index.php\/2026\/08\/08\/jeudis-du-cinema-revolutionnaire-le-memorial-thomas-sankara-fait-du-cinema-un-outil-de-transmission-de-la-memoire\/#breadcrumb"},"inLanguage":"fr-FR","potentialAction":[{"@type":"ReadAction","target":["https:\/\/lacolombeplus.net\/index.php\/2026\/08\/08\/jeudis-du-cinema-revolutionnaire-le-memorial-thomas-sankara-fait-du-cinema-un-outil-de-transmission-de-la-memoire\/"]}]},{"@type":"ImageObject","inLanguage":"fr-FR","@id":"https:\/\/lacolombeplus.net\/index.php\/2026\/08\/08\/jeudis-du-cinema-revolutionnaire-le-memorial-thomas-sankara-fait-du-cinema-un-outil-de-transmission-de-la-memoire\/#primaryimage","url":"https:\/\/lacolombeplus.net\/wp-content\/uploads\/2026\/08\/FB_IMG_1786187916675.webp","contentUrl":"https:\/\/lacolombeplus.net\/wp-content\/uploads\/2026\/08\/FB_IMG_1786187916675.webp","width":1126,"height":442},{"@type":"BreadcrumbList","@id":"https:\/\/lacolombeplus.net\/index.php\/2026\/08\/08\/jeudis-du-cinema-revolutionnaire-le-memorial-thomas-sankara-fait-du-cinema-un-outil-de-transmission-de-la-memoire\/#breadcrumb","itemListElement":[{"@type":"ListItem","position":1,"name":"Accueil","item":"https:\/\/lacolombeplus.net\/"},{"@type":"ListItem","position":2,"name":"Jeudis du cin\u00e9ma r\u00e9volutionnaire : le M\u00e9morial Thomas Sankara fait du cin\u00e9ma un outil de transmission de la m\u00e9moire"}]},{"@type":"WebSite","@id":"https:\/\/lacolombeplus.net\/#website","url":"https:\/\/lacolombeplus.net\/","name":"Lacolombeplus","description":"","publisher":{"@id":"https:\/\/lacolombeplus.net\/#organization"},"potentialAction":[{"@type":"SearchAction","target":{"@type":"EntryPoint","urlTemplate":"https:\/\/lacolombeplus.net\/?s={search_term_string}"},"query-input":{"@type":"PropertyValueSpecification","valueRequired":true,"valueName":"search_term_string"}}],"inLanguage":"fr-FR"},{"@type":"Organization","@id":"https:\/\/lacolombeplus.net\/#organization","name":"lacolombeplus.net","url":"https:\/\/lacolombeplus.net\/","logo":{"@type":"ImageObject","inLanguage":"fr-FR","@id":"https:\/\/lacolombeplus.net\/#\/schema\/logo\/image\/","url":"https:\/\/lacolombeplus.net\/wp-content\/uploads\/2026\/04\/a84391f3-a521-4177-867d-b9aaa3066b88.png","contentUrl":"https:\/\/lacolombeplus.net\/wp-content\/uploads\/2026\/04\/a84391f3-a521-4177-867d-b9aaa3066b88.png","width":1045,"height":1505,"caption":"lacolombeplus.net"},"image":{"@id":"https:\/\/lacolombeplus.net\/#\/schema\/logo\/image\/"},"sameAs":["https:\/\/web.facebook.com\/profile.php?id=61589477078953"]},{"@type":"Person","@id":"https:\/\/lacolombeplus.net\/#\/schema\/person\/1a433b3fa6e8f9696f18ece67a69915c","name":"Dramane FAYAMA","image":{"@type":"ImageObject","inLanguage":"fr-FR","@id":"https:\/\/secure.gravatar.com\/avatar\/6ae061b9c102ae93ffb7a4076195d78ace54801f91540899a6e8aacf91eacff8?s=96&d=mm&r=g","url":"https:\/\/secure.gravatar.com\/avatar\/6ae061b9c102ae93ffb7a4076195d78ace54801f91540899a6e8aacf91eacff8?s=96&d=mm&r=g","contentUrl":"https:\/\/secure.gravatar.com\/avatar\/6ae061b9c102ae93ffb7a4076195d78ace54801f91540899a6e8aacf91eacff8?s=96&d=mm&r=g","caption":"Dramane FAYAMA"},"url":"https:\/\/lacolombeplus.net\/index.php\/author\/dramane\/"}]}},"jetpack_featured_media_url":"https:\/\/lacolombeplus.net\/wp-content\/uploads\/2026\/08\/FB_IMG_1786187916675.webp","jetpack_sharing_enabled":true,"_links":{"self":[{"href":"https:\/\/lacolombeplus.net\/index.php\/wp-json\/wp\/v2\/posts\/38861","targetHints":{"allow":["GET"]}}],"collection":[{"href":"https:\/\/lacolombeplus.net\/index.php\/wp-json\/wp\/v2\/posts"}],"about":[{"href":"https:\/\/lacolombeplus.net\/index.php\/wp-json\/wp\/v2\/types\/post"}],"author":[{"embeddable":true,"href":"https:\/\/lacolombeplus.net\/index.php\/wp-json\/wp\/v2\/users\/6"}],"replies":[{"embeddable":true,"href":"https:\/\/lacolombeplus.net\/index.php\/wp-json\/wp\/v2\/comments?post=38861"}],"version-history":[{"count":3,"href":"https:\/\/lacolombeplus.net\/index.php\/wp-json\/wp\/v2\/posts\/38861\/revisions"}],"predecessor-version":[{"id":38868,"href":"https:\/\/lacolombeplus.net\/index.php\/wp-json\/wp\/v2\/posts\/38861\/revisions\/38868"}],"wp:featuredmedia":[{"embeddable":true,"href":"https:\/\/lacolombeplus.net\/index.php\/wp-json\/wp\/v2\/media\/38865"}],"wp:attachment":[{"href":"https:\/\/lacolombeplus.net\/index.php\/wp-json\/wp\/v2\/media?parent=38861"}],"wp:term":[{"taxonomy":"category","embeddable":true,"href":"https:\/\/lacolombeplus.net\/index.php\/wp-json\/wp\/v2\/categories?post=38861"},{"taxonomy":"post_tag","embeddable":true,"href":"https:\/\/lacolombeplus.net\/index.php\/wp-json\/wp\/v2\/tags?post=38861"}],"curies":[{"name":"wp","href":"https:\/\/api.w.org\/{rel}","templated":true}]}}