{"id":38851,"date":"2026-08-07T18:10:42","date_gmt":"2026-08-07T18:10:42","guid":{"rendered":"https:\/\/lacolombeplus.net\/?p=38851"},"modified":"2026-08-07T18:10:42","modified_gmt":"2026-08-07T18:10:42","slug":"sante-le-burkina-faso-lance-e-agrement-ms-un-portail-pour-dematerialiser-les-agrements-du-secteur-sanitaire","status":"publish","type":"post","link":"https:\/\/lacolombeplus.net\/index.php\/2026\/08\/07\/sante-le-burkina-faso-lance-e-agrement-ms-un-portail-pour-dematerialiser-les-agrements-du-secteur-sanitaire\/","title":{"rendered":"Sant\u00e9 : le Burkina Faso lance \u00ab e-AGR\u00c9MENT-MS \u00bb, un portail pour d\u00e9mat\u00e9rialiser les agr\u00e9ments du secteur sanitaire"},"content":{"rendered":"<h2><strong>Le minist\u00e8re de la Sant\u00e9 et de l&rsquo;Hygi\u00e8ne publique s&rsquo;est dot\u00e9, ce vendredi07 ao\u00fbt 2026 \u00e0 Ouagadougou, d&rsquo;un nouvel outil num\u00e9rique. Le ministre Dr Robert Lucien Jean-Claude Kargougou a proc\u00e9d\u00e9 au lancement officiel du portail d\u00e9nomm\u00e9 \u00ab e-AGR\u00c9MENT-MS \u00bb, destin\u00e9 \u00e0 la gestion d\u00e9mat\u00e9rialis\u00e9e des agr\u00e9ments, notamment les demandes de convention de partenariat ainsi que les demandes d&rsquo;autorisation d&rsquo;ouverture et d&rsquo;exploitation des \u00e9tablissements priv\u00e9s de sant\u00e9.<\/strong><\/h2>\n<p>Accessible depuis n&rsquo;importe quel navigateur internet, cet espace num\u00e9rique dispense les usagers de tout d\u00e9placement physique. D\u00e8s l&rsquo;ouverture de leur compte, ces derniers ont la possibilit\u00e9 de d\u00e9poser en ligne une demande de convention de partenariat ou une autorisation d&rsquo;exploitation d&rsquo;un \u00e9tablissement priv\u00e9 de sant\u00e9.<\/p>\n<figure id=\"attachment_38858\" aria-describedby=\"caption-attachment-38858\" style=\"width: 640px\" class=\"wp-caption alignleft\"><img fetchpriority=\"high\" decoding=\"async\" class=\"wp-image-38858\" src=\"http:\/\/lacolombeplus.net\/wp-content\/uploads\/2026\/08\/Plateforme-gestion-des-procedures_Ministere-Sante_E-Agrement.webp\" alt=\"\" width=\"640\" height=\"360\" srcset=\"https:\/\/lacolombeplus.net\/wp-content\/uploads\/2026\/08\/Plateforme-gestion-des-procedures_Ministere-Sante_E-Agrement.webp 1280w, https:\/\/lacolombeplus.net\/wp-content\/uploads\/2026\/08\/Plateforme-gestion-des-procedures_Ministere-Sante_E-Agrement-300x169.webp 300w, https:\/\/lacolombeplus.net\/wp-content\/uploads\/2026\/08\/Plateforme-gestion-des-procedures_Ministere-Sante_E-Agrement-1024x576.webp 1024w, https:\/\/lacolombeplus.net\/wp-content\/uploads\/2026\/08\/Plateforme-gestion-des-procedures_Ministere-Sante_E-Agrement-768x432.webp 768w\" sizes=\"(max-width: 640px) 100vw, 640px\" \/><figcaption id=\"caption-attachment-38858\" class=\"wp-caption-text\">L\u2019interface de la plateforme \u00ab e-AGR\u00c9MENT-MS \u00bb<\/figcaption><\/figure>\n<p>Dans son allocution, le ministre de la Sant\u00e9 a salu\u00e9 la pr\u00e9sence de sa coll\u00e8gue en charge de la transition digitale, une pr\u00e9sence qu&rsquo;il a pr\u00e9sent\u00e9e comme le reflet de la synergie interminist\u00e9rielle qui guide la marche du pays vers la modernisation de l&rsquo;\u00c9tat.<\/p>\n<p>\u00ab <em>Cette c\u00e9r\u00e9monie marque une \u00e9tape importante dans la modernisation de notre syst\u00e8me de sant\u00e9 et traduit l&rsquo;engagement ferme et r\u00e9solu du gouvernement, sous le leadership du Pr\u00e9sident du Faso, chef de l&rsquo;\u00c9tat, \u00e0 faire du num\u00e9rique le levier de simplification des proc\u00e9dures administratives et d&rsquo;am\u00e9lioration de la qualit\u00e9 des services<\/em> \u00bb, a-t-il d\u00e9clar\u00e9.<\/p>\n<figure id=\"attachment_38854\" aria-describedby=\"caption-attachment-38854\" style=\"width: 497px\" class=\"wp-caption alignright\"><img decoding=\"async\" class=\"wp-image-38854\" src=\"http:\/\/lacolombeplus.net\/wp-content\/uploads\/2026\/08\/769175290_1733485294467001_5644684112106314415_n.webp\" alt=\"\" width=\"497\" height=\"750\" srcset=\"https:\/\/lacolombeplus.net\/wp-content\/uploads\/2026\/08\/769175290_1733485294467001_5644684112106314415_n.webp 1356w, https:\/\/lacolombeplus.net\/wp-content\/uploads\/2026\/08\/769175290_1733485294467001_5644684112106314415_n-199x300.webp 199w, https:\/\/lacolombeplus.net\/wp-content\/uploads\/2026\/08\/769175290_1733485294467001_5644684112106314415_n-678x1024.webp 678w, https:\/\/lacolombeplus.net\/wp-content\/uploads\/2026\/08\/769175290_1733485294467001_5644684112106314415_n-768x1160.webp 768w, https:\/\/lacolombeplus.net\/wp-content\/uploads\/2026\/08\/769175290_1733485294467001_5644684112106314415_n-1017x1536.webp 1017w\" sizes=\"(max-width: 497px) 100vw, 497px\" \/><figcaption id=\"caption-attachment-38854\" class=\"wp-caption-text\">Dr Robert Lucien Jean-Claude Kargougou : \u00ab Aujourd\u2019hui, je suis \u00e9mus, je suis fi\u00e8re et je suis heureux\u00bb<\/figcaption><\/figure>\n<p>Le ministre Kargougou a rappel\u00e9 que son d\u00e9partement s&rsquo;est r\u00e9solument engag\u00e9, depuis plusieurs ann\u00e9es, dans la transformation num\u00e9rique, \u00e0 travers la mise en \u0153uvre de solutions destin\u00e9es \u00e0 am\u00e9liorer la gouvernance sanitaire, renforcer la disponibilit\u00e9 des intrants, faciliter le travail des professionnels de sant\u00e9 et offrir de meilleurs services aux citoyens. Selon lui, la plateforme lanc\u00e9e ce jour vient consolider cette dynamique et s&rsquo;inscrit pleinement dans la vision d&rsquo;un syst\u00e8me de sant\u00e9 moderne, accessible, performant, transparent et centr\u00e9 sur les besoins des populations.<\/p>\n<p>\u00ab<em> Ce portail num\u00e9rique met fin aux nombreux d\u00e9placements et aux longues attentes, en offrant un acc\u00e8s direct, rapide et \u00e9quitable \u00e0 nos services essentiels<\/em> \u00bb, a-t-il ajout\u00e9, pr\u00e9cisant que l&rsquo;outil contribuera \u00e0 instaurer une relation plus efficace entre l&rsquo;administration de la sant\u00e9 et les acteurs priv\u00e9s.<\/p>\n<p>Interrog\u00e9 en marge de la c\u00e9r\u00e9monie, le ministre de la Sant\u00e9 a d\u00e9taill\u00e9 les avanc\u00e9es concr\u00e8tes permises par la plateforme. \u00ab<em> Actuellement sur cette plateforme, nous avons d\u00e9j\u00e0 la d\u00e9mat\u00e9rialisation des proc\u00e9dures de demande d&rsquo;ouverture et d&rsquo;exploitation des \u00e9tablissements priv\u00e9s de sant\u00e9. Nous avons aussi les demandes de convention entre le minist\u00e8re de la Sant\u00e9 et les ONG, associations et fondations<\/em> \u00bb, a-t-il expliqu\u00e9.<\/p>\n<p>Il a illustr\u00e9 l&rsquo;ampleur de la simplification obtenue en rappelant l&rsquo;ancien parcours du combattant que devaient suivre les promoteurs d&rsquo;\u00e9tablissements sanitaires priv\u00e9s. \u00ab<em> Pour arriver \u00e0 une autorisation d&rsquo;ouverture d&rsquo;une formation sanitaire priv\u00e9e, il fallait suivre 16 \u00e9tapes et faire intervenir 11 intervenants, ce qui complexifiait \u00e9videmment ce processus. Maintenant, tout cela est beaucoup plus all\u00e9g\u00e9. Il y a beaucoup plus de transparence, beaucoup plus de simplification, beaucoup plus de tra\u00e7abilit\u00e9<\/em> \u00bb, s&rsquo;est-il f\u00e9licit\u00e9.<\/p>\n<p>Le ministre a, \u00e0 cet effet, lanc\u00e9 un appel aux usagers, aux professionnels de sant\u00e9, aux partenaires techniques et financiers, ainsi qu&rsquo;au mouvement associatif, aux ONG et aux fondations, \u00e0 s&rsquo;approprier la plateforme. Il a assur\u00e9 que le minist\u00e8re reste ouvert aux suggestions afin d&rsquo;am\u00e9liorer davantage l&rsquo;outil, conform\u00e9ment aux instructions du Pr\u00e9sident du Faso, chef de l&rsquo;\u00c9tat, qui veut des services publics accessibles et r\u00e9pondant v\u00e9ritablement aux besoins des populations.<\/p>\n<p style=\"text-align: center;\"><strong>Une synergie interminist\u00e9rielle salu\u00e9e<\/strong><\/p>\n<figure id=\"attachment_38853\" aria-describedby=\"caption-attachment-38853\" style=\"width: 425px\" class=\"wp-caption alignleft\"><img decoding=\"async\" class=\"wp-image-38853\" src=\"http:\/\/lacolombeplus.net\/wp-content\/uploads\/2026\/08\/769309514_1451375570109470_3769917390725799450_n.webp\" alt=\"\" width=\"425\" height=\"530\" srcset=\"https:\/\/lacolombeplus.net\/wp-content\/uploads\/2026\/08\/769309514_1451375570109470_3769917390725799450_n.webp 1027w, https:\/\/lacolombeplus.net\/wp-content\/uploads\/2026\/08\/769309514_1451375570109470_3769917390725799450_n-241x300.webp 241w, https:\/\/lacolombeplus.net\/wp-content\/uploads\/2026\/08\/769309514_1451375570109470_3769917390725799450_n-822x1024.webp 822w, https:\/\/lacolombeplus.net\/wp-content\/uploads\/2026\/08\/769309514_1451375570109470_3769917390725799450_n-768x957.webp 768w\" sizes=\"(max-width: 425px) 100vw, 425px\" \/><figcaption id=\"caption-attachment-38853\" class=\"wp-caption-text\">re Aminata Zerbo\/Saban\u00e9 : \u00ab <em>C&rsquo;est un premier lancement mais qui sera suivi de plusieurs autres tr\u00e8s bient\u00f4t au regard de l&rsquo;engagement des deux minist\u00e8res dans ce processus<\/em>. \u00bb<\/figcaption><\/figure>\n<p>De son c\u00f4t\u00e9, la ministre de la Transition digitale, des Postes et des Communications \u00e9lectroniques, Dre Aminata Zerbo\/Saban\u00e9, a salu\u00e9 une avanc\u00e9e qui s&rsquo;inscrit dans la dynamique globale d&rsquo;acc\u00e9l\u00e9ration de la d\u00e9mat\u00e9rialisation des services et proc\u00e9dures de l&rsquo;administration publique, engag\u00e9e par le gouvernement depuis plusieurs ann\u00e9es et mobilisant l&rsquo;ensemble des d\u00e9partements sectoriels.<\/p>\n<p>\u00ab <em>Le minist\u00e8re de la Sant\u00e9 est l&rsquo;un des acteurs les plus engag\u00e9s, avec des chantiers tr\u00e8s importants comme la d\u00e9mat\u00e9rialisation des licences d&rsquo;affaires, mais \u00e9galement le syst\u00e8me d&rsquo;information hospitalier. Ce sont des chantiers dont la r\u00e9alisation aura un impact certain sur l&rsquo;accessibilit\u00e9 des services de sant\u00e9 pour l&rsquo;ensemble des populations \u00bb<\/em>, a-t-elle indiqu\u00e9.<\/p>\n<p>La ministre Zerbo\/Saban\u00e9 a f\u00e9licit\u00e9 le leadership du ministre de la Sant\u00e9 dans ce processus, ainsi que les \u00e9quipes des deux d\u00e9partements, qui travaillent en synergie pour rendre ces plateformes op\u00e9rationnelles. Elle a pr\u00e9cis\u00e9 que le lancement du jour concerne le portail des agr\u00e9ments, alors que deux licences d&rsquo;affaires sont d\u00e9j\u00e0 d\u00e9mat\u00e9rialis\u00e9es, et a annonc\u00e9 que d&rsquo;autres lancements suivront prochainement.<\/p>\n<p style=\"text-align: center;\"><strong>Des r\u00e9sultats d\u00e9j\u00e0 tangibles<\/strong><\/p>\n<figure id=\"attachment_38855\" aria-describedby=\"caption-attachment-38855\" style=\"width: 579px\" class=\"wp-caption alignright\"><img loading=\"lazy\" decoding=\"async\" class=\"wp-image-38855\" src=\"http:\/\/lacolombeplus.net\/wp-content\/uploads\/2026\/08\/769051432_1053932143758353_3762782288421490399_n.webp\" alt=\"\" width=\"579\" height=\"383\" srcset=\"https:\/\/lacolombeplus.net\/wp-content\/uploads\/2026\/08\/769051432_1053932143758353_3762782288421490399_n.webp 2048w, https:\/\/lacolombeplus.net\/wp-content\/uploads\/2026\/08\/769051432_1053932143758353_3762782288421490399_n-300x199.webp 300w, https:\/\/lacolombeplus.net\/wp-content\/uploads\/2026\/08\/769051432_1053932143758353_3762782288421490399_n-1024x678.webp 1024w, https:\/\/lacolombeplus.net\/wp-content\/uploads\/2026\/08\/769051432_1053932143758353_3762782288421490399_n-768x509.webp 768w, https:\/\/lacolombeplus.net\/wp-content\/uploads\/2026\/08\/769051432_1053932143758353_3762782288421490399_n-1536x1017.webp 1536w, https:\/\/lacolombeplus.net\/wp-content\/uploads\/2026\/08\/769051432_1053932143758353_3762782288421490399_n-600x398.webp 600w, https:\/\/lacolombeplus.net\/wp-content\/uploads\/2026\/08\/769051432_1053932143758353_3762782288421490399_n-455x300.webp 455w\" sizes=\"(max-width: 579px) 100vw, 579px\" \/><figcaption id=\"caption-attachment-38855\" class=\"wp-caption-text\">Les acteurs de la sant\u00e9, les partenaires et les ONG pr\u00e9sents \u00e0 ce lancement.<\/figcaption><\/figure>\n<p>Selon les informations recueillies sur le terrain, la plateforme \u00ab e-AGR\u00c9MENT-MS \u00bb est d&rsquo;ores et d\u00e9j\u00e0 op\u00e9rationnelle. Elle totalise \u00e0 ce jour 247 dossiers soumis en ligne, dont 39 d\u00e9j\u00e0 trait\u00e9s et accept\u00e9s par la commission comp\u00e9tente, un signal encourageant quant \u00e0 l&rsquo;appropriation de l&rsquo;outil par les usagers d\u00e8s ses premiers jours de fonctionnement.<\/p>\n<p>Le ministre de la Sant\u00e9 a, pour finir, salu\u00e9 l&rsquo;accompagnement du minist\u00e8re en charge de la transition digitale et f\u00e9licit\u00e9 les \u00e9quipes de la direction des syst\u00e8mes d&rsquo;information, les experts de la direction de la coordination des projets et programmes, ainsi que la direction du secteur priv\u00e9 de la sant\u00e9, pour leur contribution \u00e0 la conception, au d\u00e9veloppement et \u00e0 la mise en exploitation de la plateforme. Il a \u00e9galement remerci\u00e9 les partenaires techniques et financiers pour leur accompagnement constant au renforcement du syst\u00e8me de sant\u00e9 national.<\/p>\n<p>Le lancement du portail \u00ab e-AGR\u00c9MENT-MS \u00bb, ce 07 ao\u00fbt 2026, confirme ainsi la volont\u00e9 du minist\u00e8re de la Sant\u00e9 et de l&rsquo;Hygi\u00e8ne publique de poursuivre la modernisation de ses proc\u00e9dures, au b\u00e9n\u00e9fice des usagers et des professionnels du secteur sanitaire.<\/p>\n<p style=\"text-align: right;\"><em><strong>Dramane FAYAMA<\/strong><\/em><\/p>\n","protected":false},"excerpt":{"rendered":"<p>Le minist\u00e8re de la Sant\u00e9 et de l&rsquo;Hygi\u00e8ne publique s&rsquo;est dot\u00e9, ce vendredi07 ao\u00fbt 2026 \u00e0 Ouagadougou, d&rsquo;un nouvel outil num\u00e9rique. Le ministre Dr Robert Lucien Jean-Claude Kargougou a proc\u00e9d\u00e9 au lancement officiel du portail d\u00e9nomm\u00e9 \u00ab e-AGR\u00c9MENT-MS \u00bb, destin\u00e9 \u00e0 la gestion d\u00e9mat\u00e9rialis\u00e9e des agr\u00e9ments, notamment les demandes de convention de partenariat ainsi que&#8230;<\/p>\n","protected":false},"author":6,"featured_media":38856,"comment_status":"open","ping_status":"open","sticky":false,"template":"","format":"standard","meta":{"_jetpack_newsletter_access":"","_jetpack_dont_email_post_to_subs":false,"_jetpack_newsletter_tier_id":0,"_jetpack_memberships_contains_paywalled_content":false,"_jetpack_feature_clip_id":0,"_jetpack_memberships_contains_paid_content":false,"footnotes":"","jetpack_post_was_ever_published":false},"categories":[2,193,199],"tags":[],"class_list":["post-38851","post","type-post","status-publish","format-standard","has-post-thumbnail","hentry","category-a-la-une","category-developpement","category-sante"],"yoast_head":"<!-- This site is optimized with the Yoast SEO plugin v28.3 - https:\/\/yoast.com\/product\/yoast-seo-wordpress\/ -->\n<title>Sant\u00e9 : le Burkina Faso lance \u00ab e-AGR\u00c9MENT-MS \u00bb, un portail pour d\u00e9mat\u00e9rialiser les agr\u00e9ments du secteur sanitaire - WordPress<\/title>\n<meta name=\"robots\" content=\"index, follow, max-snippet:-1, max-image-preview:large, max-video-preview:-1\" \/>\n<link rel=\"canonical\" href=\"https:\/\/lacolombeplus.net\/index.php\/2026\/08\/07\/sante-le-burkina-faso-lance-e-agrement-ms-un-portail-pour-dematerialiser-les-agrements-du-secteur-sanitaire\/\" \/>\n<meta property=\"og:locale\" content=\"fr_FR\" \/>\n<meta property=\"og:type\" content=\"article\" \/>\n<meta property=\"og:title\" content=\"Sant\u00e9 : le Burkina Faso lance \u00ab e-AGR\u00c9MENT-MS \u00bb, un portail pour d\u00e9mat\u00e9rialiser les agr\u00e9ments du secteur sanitaire - WordPress\" \/>\n<meta property=\"og:description\" content=\"Le minist\u00e8re de la Sant\u00e9 et de l&rsquo;Hygi\u00e8ne publique s&rsquo;est dot\u00e9, ce vendredi07 ao\u00fbt 2026 \u00e0 Ouagadougou, d&rsquo;un nouvel outil num\u00e9rique. Le ministre Dr Robert Lucien Jean-Claude Kargougou a proc\u00e9d\u00e9 au lancement officiel du portail d\u00e9nomm\u00e9 \u00ab e-AGR\u00c9MENT-MS \u00bb, destin\u00e9 \u00e0 la gestion d\u00e9mat\u00e9rialis\u00e9e des agr\u00e9ments, notamment les demandes de convention de partenariat ainsi que...\" \/>\n<meta property=\"og:url\" content=\"https:\/\/lacolombeplus.net\/index.php\/2026\/08\/07\/sante-le-burkina-faso-lance-e-agrement-ms-un-portail-pour-dematerialiser-les-agrements-du-secteur-sanitaire\/\" \/>\n<meta property=\"og:site_name\" content=\"WordPress\" \/>\n<meta property=\"article:publisher\" content=\"https:\/\/web.facebook.com\/profile.php?id=61589477078953\" \/>\n<meta property=\"article:published_time\" content=\"2026-08-07T18:10:42+00:00\" \/>\n<meta property=\"og:image\" content=\"http:\/\/lacolombeplus.net\/wp-content\/uploads\/2026\/08\/766636266_1761530308203835_8380987899147558827_n.webp\" \/>\n\t<meta property=\"og:image:width\" content=\"2048\" \/>\n\t<meta property=\"og:image:height\" content=\"1356\" \/>\n\t<meta property=\"og:image:type\" content=\"image\/webp\" \/>\n<meta name=\"author\" content=\"Dramane FAYAMA\" \/>\n<meta name=\"twitter:card\" content=\"summary_large_image\" \/>\n<meta name=\"twitter:label1\" content=\"\u00c9crit par\" \/>\n\t<meta name=\"twitter:data1\" content=\"Dramane FAYAMA\" \/>\n\t<meta name=\"twitter:label2\" content=\"Dur\u00e9e de lecture estim\u00e9e\" \/>\n\t<meta name=\"twitter:data2\" content=\"6 minutes\" \/>\n<script type=\"application\/ld+json\" class=\"yoast-schema-graph\">{\"@context\":\"https:\\\/\\\/schema.org\",\"@graph\":[{\"@type\":\"Article\",\"@id\":\"https:\\\/\\\/lacolombeplus.net\\\/index.php\\\/2026\\\/08\\\/07\\\/sante-le-burkina-faso-lance-e-agrement-ms-un-portail-pour-dematerialiser-les-agrements-du-secteur-sanitaire\\\/#article\",\"isPartOf\":{\"@id\":\"https:\\\/\\\/lacolombeplus.net\\\/index.php\\\/2026\\\/08\\\/07\\\/sante-le-burkina-faso-lance-e-agrement-ms-un-portail-pour-dematerialiser-les-agrements-du-secteur-sanitaire\\\/\"},\"author\":{\"name\":\"Dramane FAYAMA\",\"@id\":\"https:\\\/\\\/lacolombeplus.net\\\/#\\\/schema\\\/person\\\/1a433b3fa6e8f9696f18ece67a69915c\"},\"headline\":\"Sant\u00e9 : le Burkina Faso lance \u00ab e-AGR\u00c9MENT-MS \u00bb, un portail pour d\u00e9mat\u00e9rialiser les agr\u00e9ments du secteur sanitaire\",\"datePublished\":\"2026-08-07T18:10:42+00:00\",\"mainEntityOfPage\":{\"@id\":\"https:\\\/\\\/lacolombeplus.net\\\/index.php\\\/2026\\\/08\\\/07\\\/sante-le-burkina-faso-lance-e-agrement-ms-un-portail-pour-dematerialiser-les-agrements-du-secteur-sanitaire\\\/\"},\"wordCount\":1154,\"commentCount\":0,\"publisher\":{\"@id\":\"https:\\\/\\\/lacolombeplus.net\\\/#organization\"},\"image\":{\"@id\":\"https:\\\/\\\/lacolombeplus.net\\\/index.php\\\/2026\\\/08\\\/07\\\/sante-le-burkina-faso-lance-e-agrement-ms-un-portail-pour-dematerialiser-les-agrements-du-secteur-sanitaire\\\/#primaryimage\"},\"thumbnailUrl\":\"https:\\\/\\\/lacolombeplus.net\\\/wp-content\\\/uploads\\\/2026\\\/08\\\/766636266_1761530308203835_8380987899147558827_n.webp\",\"articleSection\":[\"A la Une\",\"D\u00e9veloppement\",\"Sant\u00e9\"],\"inLanguage\":\"fr-FR\",\"potentialAction\":[{\"@type\":\"CommentAction\",\"name\":\"Comment\",\"target\":[\"https:\\\/\\\/lacolombeplus.net\\\/index.php\\\/2026\\\/08\\\/07\\\/sante-le-burkina-faso-lance-e-agrement-ms-un-portail-pour-dematerialiser-les-agrements-du-secteur-sanitaire\\\/#respond\"]}]},{\"@type\":\"WebPage\",\"@id\":\"https:\\\/\\\/lacolombeplus.net\\\/index.php\\\/2026\\\/08\\\/07\\\/sante-le-burkina-faso-lance-e-agrement-ms-un-portail-pour-dematerialiser-les-agrements-du-secteur-sanitaire\\\/\",\"url\":\"https:\\\/\\\/lacolombeplus.net\\\/index.php\\\/2026\\\/08\\\/07\\\/sante-le-burkina-faso-lance-e-agrement-ms-un-portail-pour-dematerialiser-les-agrements-du-secteur-sanitaire\\\/\",\"name\":\"Sant\u00e9 : le Burkina Faso lance \u00ab e-AGR\u00c9MENT-MS \u00bb, un portail pour d\u00e9mat\u00e9rialiser les agr\u00e9ments du secteur sanitaire - WordPress\",\"isPartOf\":{\"@id\":\"https:\\\/\\\/lacolombeplus.net\\\/#website\"},\"primaryImageOfPage\":{\"@id\":\"https:\\\/\\\/lacolombeplus.net\\\/index.php\\\/2026\\\/08\\\/07\\\/sante-le-burkina-faso-lance-e-agrement-ms-un-portail-pour-dematerialiser-les-agrements-du-secteur-sanitaire\\\/#primaryimage\"},\"image\":{\"@id\":\"https:\\\/\\\/lacolombeplus.net\\\/index.php\\\/2026\\\/08\\\/07\\\/sante-le-burkina-faso-lance-e-agrement-ms-un-portail-pour-dematerialiser-les-agrements-du-secteur-sanitaire\\\/#primaryimage\"},\"thumbnailUrl\":\"https:\\\/\\\/lacolombeplus.net\\\/wp-content\\\/uploads\\\/2026\\\/08\\\/766636266_1761530308203835_8380987899147558827_n.webp\",\"datePublished\":\"2026-08-07T18:10:42+00:00\",\"breadcrumb\":{\"@id\":\"https:\\\/\\\/lacolombeplus.net\\\/index.php\\\/2026\\\/08\\\/07\\\/sante-le-burkina-faso-lance-e-agrement-ms-un-portail-pour-dematerialiser-les-agrements-du-secteur-sanitaire\\\/#breadcrumb\"},\"inLanguage\":\"fr-FR\",\"potentialAction\":[{\"@type\":\"ReadAction\",\"target\":[\"https:\\\/\\\/lacolombeplus.net\\\/index.php\\\/2026\\\/08\\\/07\\\/sante-le-burkina-faso-lance-e-agrement-ms-un-portail-pour-dematerialiser-les-agrements-du-secteur-sanitaire\\\/\"]}]},{\"@type\":\"ImageObject\",\"inLanguage\":\"fr-FR\",\"@id\":\"https:\\\/\\\/lacolombeplus.net\\\/index.php\\\/2026\\\/08\\\/07\\\/sante-le-burkina-faso-lance-e-agrement-ms-un-portail-pour-dematerialiser-les-agrements-du-secteur-sanitaire\\\/#primaryimage\",\"url\":\"https:\\\/\\\/lacolombeplus.net\\\/wp-content\\\/uploads\\\/2026\\\/08\\\/766636266_1761530308203835_8380987899147558827_n.webp\",\"contentUrl\":\"https:\\\/\\\/lacolombeplus.net\\\/wp-content\\\/uploads\\\/2026\\\/08\\\/766636266_1761530308203835_8380987899147558827_n.webp\",\"width\":2048,\"height\":1356},{\"@type\":\"BreadcrumbList\",\"@id\":\"https:\\\/\\\/lacolombeplus.net\\\/index.php\\\/2026\\\/08\\\/07\\\/sante-le-burkina-faso-lance-e-agrement-ms-un-portail-pour-dematerialiser-les-agrements-du-secteur-sanitaire\\\/#breadcrumb\",\"itemListElement\":[{\"@type\":\"ListItem\",\"position\":1,\"name\":\"Accueil\",\"item\":\"https:\\\/\\\/lacolombeplus.net\\\/\"},{\"@type\":\"ListItem\",\"position\":2,\"name\":\"Sant\u00e9 : le Burkina Faso lance \u00ab e-AGR\u00c9MENT-MS \u00bb, un portail pour d\u00e9mat\u00e9rialiser les agr\u00e9ments du secteur sanitaire\"}]},{\"@type\":\"WebSite\",\"@id\":\"https:\\\/\\\/lacolombeplus.net\\\/#website\",\"url\":\"https:\\\/\\\/lacolombeplus.net\\\/\",\"name\":\"Lacolombeplus\",\"description\":\"\",\"publisher\":{\"@id\":\"https:\\\/\\\/lacolombeplus.net\\\/#organization\"},\"potentialAction\":[{\"@type\":\"SearchAction\",\"target\":{\"@type\":\"EntryPoint\",\"urlTemplate\":\"https:\\\/\\\/lacolombeplus.net\\\/?s={search_term_string}\"},\"query-input\":{\"@type\":\"PropertyValueSpecification\",\"valueRequired\":true,\"valueName\":\"search_term_string\"}}],\"inLanguage\":\"fr-FR\"},{\"@type\":\"Organization\",\"@id\":\"https:\\\/\\\/lacolombeplus.net\\\/#organization\",\"name\":\"lacolombeplus.net\",\"url\":\"https:\\\/\\\/lacolombeplus.net\\\/\",\"logo\":{\"@type\":\"ImageObject\",\"inLanguage\":\"fr-FR\",\"@id\":\"https:\\\/\\\/lacolombeplus.net\\\/#\\\/schema\\\/logo\\\/image\\\/\",\"url\":\"https:\\\/\\\/lacolombeplus.net\\\/wp-content\\\/uploads\\\/2026\\\/04\\\/a84391f3-a521-4177-867d-b9aaa3066b88.png\",\"contentUrl\":\"https:\\\/\\\/lacolombeplus.net\\\/wp-content\\\/uploads\\\/2026\\\/04\\\/a84391f3-a521-4177-867d-b9aaa3066b88.png\",\"width\":1045,\"height\":1505,\"caption\":\"lacolombeplus.net\"},\"image\":{\"@id\":\"https:\\\/\\\/lacolombeplus.net\\\/#\\\/schema\\\/logo\\\/image\\\/\"},\"sameAs\":[\"https:\\\/\\\/web.facebook.com\\\/profile.php?id=61589477078953\"]},{\"@type\":\"Person\",\"@id\":\"https:\\\/\\\/lacolombeplus.net\\\/#\\\/schema\\\/person\\\/1a433b3fa6e8f9696f18ece67a69915c\",\"name\":\"Dramane FAYAMA\",\"image\":{\"@type\":\"ImageObject\",\"inLanguage\":\"fr-FR\",\"@id\":\"https:\\\/\\\/secure.gravatar.com\\\/avatar\\\/6ae061b9c102ae93ffb7a4076195d78ace54801f91540899a6e8aacf91eacff8?s=96&d=mm&r=g\",\"url\":\"https:\\\/\\\/secure.gravatar.com\\\/avatar\\\/6ae061b9c102ae93ffb7a4076195d78ace54801f91540899a6e8aacf91eacff8?s=96&d=mm&r=g\",\"contentUrl\":\"https:\\\/\\\/secure.gravatar.com\\\/avatar\\\/6ae061b9c102ae93ffb7a4076195d78ace54801f91540899a6e8aacf91eacff8?s=96&d=mm&r=g\",\"caption\":\"Dramane FAYAMA\"},\"url\":\"https:\\\/\\\/lacolombeplus.net\\\/index.php\\\/author\\\/dramane\\\/\"}]}<\/script>\n<!-- \/ Yoast SEO plugin. -->","yoast_head_json":{"title":"Sant\u00e9 : le Burkina Faso lance \u00ab e-AGR\u00c9MENT-MS \u00bb, un portail pour d\u00e9mat\u00e9rialiser les agr\u00e9ments du secteur sanitaire - WordPress","robots":{"index":"index","follow":"follow","max-snippet":"max-snippet:-1","max-image-preview":"max-image-preview:large","max-video-preview":"max-video-preview:-1"},"canonical":"https:\/\/lacolombeplus.net\/index.php\/2026\/08\/07\/sante-le-burkina-faso-lance-e-agrement-ms-un-portail-pour-dematerialiser-les-agrements-du-secteur-sanitaire\/","og_locale":"fr_FR","og_type":"article","og_title":"Sant\u00e9 : le Burkina Faso lance \u00ab e-AGR\u00c9MENT-MS \u00bb, un portail pour d\u00e9mat\u00e9rialiser les agr\u00e9ments du secteur sanitaire - WordPress","og_description":"Le minist\u00e8re de la Sant\u00e9 et de l&rsquo;Hygi\u00e8ne publique s&rsquo;est dot\u00e9, ce vendredi07 ao\u00fbt 2026 \u00e0 Ouagadougou, d&rsquo;un nouvel outil num\u00e9rique. Le ministre Dr Robert Lucien Jean-Claude Kargougou a proc\u00e9d\u00e9 au lancement officiel du portail d\u00e9nomm\u00e9 \u00ab e-AGR\u00c9MENT-MS \u00bb, destin\u00e9 \u00e0 la gestion d\u00e9mat\u00e9rialis\u00e9e des agr\u00e9ments, notamment les demandes de convention de partenariat ainsi que...","og_url":"https:\/\/lacolombeplus.net\/index.php\/2026\/08\/07\/sante-le-burkina-faso-lance-e-agrement-ms-un-portail-pour-dematerialiser-les-agrements-du-secteur-sanitaire\/","og_site_name":"WordPress","article_publisher":"https:\/\/web.facebook.com\/profile.php?id=61589477078953","article_published_time":"2026-08-07T18:10:42+00:00","og_image":[{"width":2048,"height":1356,"url":"http:\/\/lacolombeplus.net\/wp-content\/uploads\/2026\/08\/766636266_1761530308203835_8380987899147558827_n.webp","type":"image\/webp"}],"author":"Dramane FAYAMA","twitter_card":"summary_large_image","twitter_misc":{"\u00c9crit par":"Dramane FAYAMA","Dur\u00e9e de lecture estim\u00e9e":"6 minutes"},"schema":{"@context":"https:\/\/schema.org","@graph":[{"@type":"Article","@id":"https:\/\/lacolombeplus.net\/index.php\/2026\/08\/07\/sante-le-burkina-faso-lance-e-agrement-ms-un-portail-pour-dematerialiser-les-agrements-du-secteur-sanitaire\/#article","isPartOf":{"@id":"https:\/\/lacolombeplus.net\/index.php\/2026\/08\/07\/sante-le-burkina-faso-lance-e-agrement-ms-un-portail-pour-dematerialiser-les-agrements-du-secteur-sanitaire\/"},"author":{"name":"Dramane FAYAMA","@id":"https:\/\/lacolombeplus.net\/#\/schema\/person\/1a433b3fa6e8f9696f18ece67a69915c"},"headline":"Sant\u00e9 : le Burkina Faso lance \u00ab e-AGR\u00c9MENT-MS \u00bb, un portail pour d\u00e9mat\u00e9rialiser les agr\u00e9ments du secteur sanitaire","datePublished":"2026-08-07T18:10:42+00:00","mainEntityOfPage":{"@id":"https:\/\/lacolombeplus.net\/index.php\/2026\/08\/07\/sante-le-burkina-faso-lance-e-agrement-ms-un-portail-pour-dematerialiser-les-agrements-du-secteur-sanitaire\/"},"wordCount":1154,"commentCount":0,"publisher":{"@id":"https:\/\/lacolombeplus.net\/#organization"},"image":{"@id":"https:\/\/lacolombeplus.net\/index.php\/2026\/08\/07\/sante-le-burkina-faso-lance-e-agrement-ms-un-portail-pour-dematerialiser-les-agrements-du-secteur-sanitaire\/#primaryimage"},"thumbnailUrl":"https:\/\/lacolombeplus.net\/wp-content\/uploads\/2026\/08\/766636266_1761530308203835_8380987899147558827_n.webp","articleSection":["A la Une","D\u00e9veloppement","Sant\u00e9"],"inLanguage":"fr-FR","potentialAction":[{"@type":"CommentAction","name":"Comment","target":["https:\/\/lacolombeplus.net\/index.php\/2026\/08\/07\/sante-le-burkina-faso-lance-e-agrement-ms-un-portail-pour-dematerialiser-les-agrements-du-secteur-sanitaire\/#respond"]}]},{"@type":"WebPage","@id":"https:\/\/lacolombeplus.net\/index.php\/2026\/08\/07\/sante-le-burkina-faso-lance-e-agrement-ms-un-portail-pour-dematerialiser-les-agrements-du-secteur-sanitaire\/","url":"https:\/\/lacolombeplus.net\/index.php\/2026\/08\/07\/sante-le-burkina-faso-lance-e-agrement-ms-un-portail-pour-dematerialiser-les-agrements-du-secteur-sanitaire\/","name":"Sant\u00e9 : le Burkina Faso lance \u00ab e-AGR\u00c9MENT-MS \u00bb, un portail pour d\u00e9mat\u00e9rialiser les agr\u00e9ments du secteur sanitaire - WordPress","isPartOf":{"@id":"https:\/\/lacolombeplus.net\/#website"},"primaryImageOfPage":{"@id":"https:\/\/lacolombeplus.net\/index.php\/2026\/08\/07\/sante-le-burkina-faso-lance-e-agrement-ms-un-portail-pour-dematerialiser-les-agrements-du-secteur-sanitaire\/#primaryimage"},"image":{"@id":"https:\/\/lacolombeplus.net\/index.php\/2026\/08\/07\/sante-le-burkina-faso-lance-e-agrement-ms-un-portail-pour-dematerialiser-les-agrements-du-secteur-sanitaire\/#primaryimage"},"thumbnailUrl":"https:\/\/lacolombeplus.net\/wp-content\/uploads\/2026\/08\/766636266_1761530308203835_8380987899147558827_n.webp","datePublished":"2026-08-07T18:10:42+00:00","breadcrumb":{"@id":"https:\/\/lacolombeplus.net\/index.php\/2026\/08\/07\/sante-le-burkina-faso-lance-e-agrement-ms-un-portail-pour-dematerialiser-les-agrements-du-secteur-sanitaire\/#breadcrumb"},"inLanguage":"fr-FR","potentialAction":[{"@type":"ReadAction","target":["https:\/\/lacolombeplus.net\/index.php\/2026\/08\/07\/sante-le-burkina-faso-lance-e-agrement-ms-un-portail-pour-dematerialiser-les-agrements-du-secteur-sanitaire\/"]}]},{"@type":"ImageObject","inLanguage":"fr-FR","@id":"https:\/\/lacolombeplus.net\/index.php\/2026\/08\/07\/sante-le-burkina-faso-lance-e-agrement-ms-un-portail-pour-dematerialiser-les-agrements-du-secteur-sanitaire\/#primaryimage","url":"https:\/\/lacolombeplus.net\/wp-content\/uploads\/2026\/08\/766636266_1761530308203835_8380987899147558827_n.webp","contentUrl":"https:\/\/lacolombeplus.net\/wp-content\/uploads\/2026\/08\/766636266_1761530308203835_8380987899147558827_n.webp","width":2048,"height":1356},{"@type":"BreadcrumbList","@id":"https:\/\/lacolombeplus.net\/index.php\/2026\/08\/07\/sante-le-burkina-faso-lance-e-agrement-ms-un-portail-pour-dematerialiser-les-agrements-du-secteur-sanitaire\/#breadcrumb","itemListElement":[{"@type":"ListItem","position":1,"name":"Accueil","item":"https:\/\/lacolombeplus.net\/"},{"@type":"ListItem","position":2,"name":"Sant\u00e9 : le Burkina Faso lance \u00ab e-AGR\u00c9MENT-MS \u00bb, un portail pour d\u00e9mat\u00e9rialiser les agr\u00e9ments du secteur sanitaire"}]},{"@type":"WebSite","@id":"https:\/\/lacolombeplus.net\/#website","url":"https:\/\/lacolombeplus.net\/","name":"Lacolombeplus","description":"","publisher":{"@id":"https:\/\/lacolombeplus.net\/#organization"},"potentialAction":[{"@type":"SearchAction","target":{"@type":"EntryPoint","urlTemplate":"https:\/\/lacolombeplus.net\/?s={search_term_string}"},"query-input":{"@type":"PropertyValueSpecification","valueRequired":true,"valueName":"search_term_string"}}],"inLanguage":"fr-FR"},{"@type":"Organization","@id":"https:\/\/lacolombeplus.net\/#organization","name":"lacolombeplus.net","url":"https:\/\/lacolombeplus.net\/","logo":{"@type":"ImageObject","inLanguage":"fr-FR","@id":"https:\/\/lacolombeplus.net\/#\/schema\/logo\/image\/","url":"https:\/\/lacolombeplus.net\/wp-content\/uploads\/2026\/04\/a84391f3-a521-4177-867d-b9aaa3066b88.png","contentUrl":"https:\/\/lacolombeplus.net\/wp-content\/uploads\/2026\/04\/a84391f3-a521-4177-867d-b9aaa3066b88.png","width":1045,"height":1505,"caption":"lacolombeplus.net"},"image":{"@id":"https:\/\/lacolombeplus.net\/#\/schema\/logo\/image\/"},"sameAs":["https:\/\/web.facebook.com\/profile.php?id=61589477078953"]},{"@type":"Person","@id":"https:\/\/lacolombeplus.net\/#\/schema\/person\/1a433b3fa6e8f9696f18ece67a69915c","name":"Dramane FAYAMA","image":{"@type":"ImageObject","inLanguage":"fr-FR","@id":"https:\/\/secure.gravatar.com\/avatar\/6ae061b9c102ae93ffb7a4076195d78ace54801f91540899a6e8aacf91eacff8?s=96&d=mm&r=g","url":"https:\/\/secure.gravatar.com\/avatar\/6ae061b9c102ae93ffb7a4076195d78ace54801f91540899a6e8aacf91eacff8?s=96&d=mm&r=g","contentUrl":"https:\/\/secure.gravatar.com\/avatar\/6ae061b9c102ae93ffb7a4076195d78ace54801f91540899a6e8aacf91eacff8?s=96&d=mm&r=g","caption":"Dramane FAYAMA"},"url":"https:\/\/lacolombeplus.net\/index.php\/author\/dramane\/"}]}},"jetpack_featured_media_url":"https:\/\/lacolombeplus.net\/wp-content\/uploads\/2026\/08\/766636266_1761530308203835_8380987899147558827_n.webp","jetpack_sharing_enabled":true,"_links":{"self":[{"href":"https:\/\/lacolombeplus.net\/index.php\/wp-json\/wp\/v2\/posts\/38851","targetHints":{"allow":["GET"]}}],"collection":[{"href":"https:\/\/lacolombeplus.net\/index.php\/wp-json\/wp\/v2\/posts"}],"about":[{"href":"https:\/\/lacolombeplus.net\/index.php\/wp-json\/wp\/v2\/types\/post"}],"author":[{"embeddable":true,"href":"https:\/\/lacolombeplus.net\/index.php\/wp-json\/wp\/v2\/users\/6"}],"replies":[{"embeddable":true,"href":"https:\/\/lacolombeplus.net\/index.php\/wp-json\/wp\/v2\/comments?post=38851"}],"version-history":[{"count":3,"href":"https:\/\/lacolombeplus.net\/index.php\/wp-json\/wp\/v2\/posts\/38851\/revisions"}],"predecessor-version":[{"id":38860,"href":"https:\/\/lacolombeplus.net\/index.php\/wp-json\/wp\/v2\/posts\/38851\/revisions\/38860"}],"wp:featuredmedia":[{"embeddable":true,"href":"https:\/\/lacolombeplus.net\/index.php\/wp-json\/wp\/v2\/media\/38856"}],"wp:attachment":[{"href":"https:\/\/lacolombeplus.net\/index.php\/wp-json\/wp\/v2\/media?parent=38851"}],"wp:term":[{"taxonomy":"category","embeddable":true,"href":"https:\/\/lacolombeplus.net\/index.php\/wp-json\/wp\/v2\/categories?post=38851"},{"taxonomy":"post_tag","embeddable":true,"href":"https:\/\/lacolombeplus.net\/index.php\/wp-json\/wp\/v2\/tags?post=38851"}],"curies":[{"name":"wp","href":"https:\/\/api.w.org\/{rel}","templated":true}]}}