{"id":38838,"date":"2026-08-07T13:38:53","date_gmt":"2026-08-07T13:38:53","guid":{"rendered":"https:\/\/lacolombeplus.net\/?p=38838"},"modified":"2026-08-07T13:40:58","modified_gmt":"2026-08-07T13:40:58","slug":"sankara-vivant-le-gouvernement-mise-sur-le-memorial-pour-perpetuer-lheritage-du-pere-de-la-revolution","status":"publish","type":"post","link":"https:\/\/lacolombeplus.net\/index.php\/2026\/08\/07\/sankara-vivant-le-gouvernement-mise-sur-le-memorial-pour-perpetuer-lheritage-du-pere-de-la-revolution\/","title":{"rendered":"\u00ab Sankara vivant \u00bb : le gouvernement mise sur le m\u00e9morial pour perp\u00e9tuer l&rsquo;h\u00e9ritage du p\u00e8re de la R\u00e9volution"},"content":{"rendered":"<h2>Le 6 ao\u00fbt 2026, le M\u00e9morial Thomas Sankara a accueilli la 10e c\u00e9r\u00e9monie d\u2019hommage militaire au capitaine Thomas Sankara et \u00e0 ses douze compagnons, pr\u00e9sid\u00e9e par le ministre de l\u2019Industrie, du Commerce et de l\u2019Artisanat, Serge Gnaniodem Poda. Organis\u00e9e par le Groupement d\u2019escorte et d\u2019honneur de la gendarmerie nationale, la manifestation \u2014 rassemblant des personnels minist\u00e9riels, des associations professionnelles et 400 appel\u00e9s de l\u2019immersion patriotique du Kadiogo \u2014 a soulign\u00e9 le devoir de m\u00e9moire, la poursuite des id\u00e9aux sankaristes et le projet de d\u00e9veloppement du complexe m\u00e9moriel avec l\u2019appui d\u2019investisseurs nationaux.<\/h2>\n<figure id=\"attachment_38842\" aria-describedby=\"caption-attachment-38842\" style=\"width: 505px\" class=\"wp-caption alignleft\"><img fetchpriority=\"high\" decoding=\"async\" class=\"wp-image-38842 \" src=\"http:\/\/lacolombeplus.net\/wp-content\/uploads\/2026\/08\/WhatsApp-Image-2026-08-07-at-13.25.55-1.webp\" alt=\"\" width=\"505\" height=\"379\" srcset=\"https:\/\/lacolombeplus.net\/wp-content\/uploads\/2026\/08\/WhatsApp-Image-2026-08-07-at-13.25.55-1.webp 1600w, https:\/\/lacolombeplus.net\/wp-content\/uploads\/2026\/08\/WhatsApp-Image-2026-08-07-at-13.25.55-1-300x225.webp 300w, https:\/\/lacolombeplus.net\/wp-content\/uploads\/2026\/08\/WhatsApp-Image-2026-08-07-at-13.25.55-1-1024x768.webp 1024w, https:\/\/lacolombeplus.net\/wp-content\/uploads\/2026\/08\/WhatsApp-Image-2026-08-07-at-13.25.55-1-768x576.webp 768w, https:\/\/lacolombeplus.net\/wp-content\/uploads\/2026\/08\/WhatsApp-Image-2026-08-07-at-13.25.55-1-1536x1152.webp 1536w\" sizes=\"(max-width: 505px) 100vw, 505px\" \/><figcaption id=\"caption-attachment-38842\" class=\"wp-caption-text\">Autorit\u00e9s et invit\u00e9s r\u00e9unis pour honorer la m\u00e9moire de Thomas Sankara et de ses compagnons<\/figcaption><\/figure>\n<p>Le 1er jeudi du mois \u00e0 15h, le M\u00e9morial Thomas Sankara a accueilli la 10e c\u00e9r\u00e9monie d\u2019hommage militaire au capitaine Thomas Sankara et \u00e0 ses douze compagnons, institu\u00e9e par le pr\u00e9sident du Faso, le capitaine Ibrahim Traor\u00e9, apr\u00e8s l\u2019inauguration du mausol\u00e9e en mai 2025. Ce rendez\u2011vous rappelle les combats de 1983 et r\u00e9affirme les valeurs de souverainet\u00e9, de patriotisme, d\u2019int\u00e9grit\u00e9, de justice sociale et d\u2019autosuffisance port\u00e9e par le p\u00e8re de la R\u00e9volution.<\/p>\n<figure id=\"attachment_38839\" aria-describedby=\"caption-attachment-38839\" style=\"width: 454px\" class=\"wp-caption alignright\"><img decoding=\"async\" class=\"wp-image-38839\" src=\"http:\/\/lacolombeplus.net\/wp-content\/uploads\/2026\/08\/WhatsApp-Image-2026-08-07-at-13.25.55-5.webp\" alt=\"\" width=\"454\" height=\"341\" srcset=\"https:\/\/lacolombeplus.net\/wp-content\/uploads\/2026\/08\/WhatsApp-Image-2026-08-07-at-13.25.55-5.webp 1600w, https:\/\/lacolombeplus.net\/wp-content\/uploads\/2026\/08\/WhatsApp-Image-2026-08-07-at-13.25.55-5-300x225.webp 300w, https:\/\/lacolombeplus.net\/wp-content\/uploads\/2026\/08\/WhatsApp-Image-2026-08-07-at-13.25.55-5-1024x768.webp 1024w, https:\/\/lacolombeplus.net\/wp-content\/uploads\/2026\/08\/WhatsApp-Image-2026-08-07-at-13.25.55-5-768x576.webp 768w, https:\/\/lacolombeplus.net\/wp-content\/uploads\/2026\/08\/WhatsApp-Image-2026-08-07-at-13.25.55-5-1536x1152.webp 1536w\" sizes=\"(max-width: 454px) 100vw, 454px\" \/><figcaption id=\"caption-attachment-38839\" class=\"wp-caption-text\">le d\u00e9but des travaux du complexe du m\u00e9morial Thomas Sankara est pr\u00e9vu pour janvier 2027, selon le ministre de la Communication, Gilbert Ou\u00e9draogo.<\/figcaption><\/figure>\n<p>Dans son mot de bienvenue, le ministre de la Communication, de la Culture, des Arts et du Tourisme, Gilbert Ou\u00e9draogo, a rappel\u00e9 que cette c\u00e9r\u00e9monie mensuelle n&rsquo;est pas une simple c\u00e9r\u00e9monie protocolaire mais un moment de r\u00e9flexion sur les valeurs de souverainet\u00e9, de patriotisme, d&rsquo;int\u00e9grit\u00e9, de justice sociale, d&rsquo;autosuffisance alimentaire et de bonne gouvernance port\u00e9es par Thomas Sankara, des id\u00e9aux qui, selon lui, demeurent au c\u0153ur de l&rsquo;action des autorit\u00e9s actuelles.<\/p>\n<p>Le ministre a \u00e9galement pr\u00e9sent\u00e9 les ambitions li\u00e9es au d\u00e9veloppement du m\u00e9morial, pr\u00e9cisant que le mausol\u00e9e ouvert au public n&rsquo;en repr\u00e9sente qu&rsquo;une partie. Depuis son ouverture le 19 mai 2025, le site a enregistr\u00e9 plus de 180 000 visites et g\u00e9n\u00e9r\u00e9 plus de 115 millions de francs CFA de recettes. Le projet global pr\u00e9voit une tour de 87 m\u00e8tres surmont\u00e9e d&rsquo;un flambeau, des statues, une biblioth\u00e8que, un amphith\u00e9\u00e2tre de 3 000 places, un centre commercial et un t\u00e9l\u00e9ph\u00e9rique surplombant Ouagadougou, pour un co\u00fbt estim\u00e9 \u00e0 117 milliards de francs CFA. Un appel a \u00e9t\u00e9 lanc\u00e9 aux investisseurs burkinab\u00e8 pour financer le projet en partenariat public-priv\u00e9.<\/p>\n<p>Dans son discours officiel, Serge Gnaniodem Poda a rappel\u00e9 que les peuples qui honorent leurs h\u00e9ros trouvent dans leur histoire la force de construire leur avenir. Il a rendu un vibrant hommage au capitaine Sankara, d\u00e9clarant :<\/p>\n<figure id=\"attachment_38843\" aria-describedby=\"caption-attachment-38843\" style=\"width: 425px\" class=\"wp-caption alignleft\"><img decoding=\"async\" class=\" wp-image-38843\" src=\"http:\/\/lacolombeplus.net\/wp-content\/uploads\/2026\/08\/WhatsApp-Image-2026-08-07-at-13.25.55.webp\" alt=\"\" width=\"425\" height=\"319\" srcset=\"https:\/\/lacolombeplus.net\/wp-content\/uploads\/2026\/08\/WhatsApp-Image-2026-08-07-at-13.25.55.webp 1600w, https:\/\/lacolombeplus.net\/wp-content\/uploads\/2026\/08\/WhatsApp-Image-2026-08-07-at-13.25.55-300x225.webp 300w, https:\/\/lacolombeplus.net\/wp-content\/uploads\/2026\/08\/WhatsApp-Image-2026-08-07-at-13.25.55-1024x768.webp 1024w, https:\/\/lacolombeplus.net\/wp-content\/uploads\/2026\/08\/WhatsApp-Image-2026-08-07-at-13.25.55-768x576.webp 768w, https:\/\/lacolombeplus.net\/wp-content\/uploads\/2026\/08\/WhatsApp-Image-2026-08-07-at-13.25.55-1536x1152.webp 1536w\" sizes=\"(max-width: 425px) 100vw, 425px\" \/><figcaption id=\"caption-attachment-38843\" class=\"wp-caption-text\">Serge Gnaniodem Poda, pr\u00e9sident du 10\u1d49 c\u00e9r\u00e9monial d\u2019hommage<\/figcaption><\/figure>\n<p><em>\u00ab La pr\u00e9sente c\u00e9r\u00e9monie d&rsquo;hommage r\u00e9v\u00e8le la pl\u00e9nitude de l&rsquo;homme que nous c\u00e9l\u00e9brons, ce citoyen int\u00e8gre, ce militaire accompli, cet homme d&rsquo;\u00c9tat exemplaire. Profond\u00e9ment humaniste, Thomas Sankara a pleinement aim\u00e9 son peuple et l&rsquo;a servi sans r\u00e9serve jusqu&rsquo;au sacrifice supr\u00eame. Il a d\u00e9nonc\u00e9 l&rsquo;injustice sous toutes ses formes et a milit\u00e9 en faveur de l&rsquo;\u00e9mancipation de la femme.<\/em> \u00bb<\/p>\n<p>Il est revenu sur les r\u00e9formes \u00e9conomiques de la R\u00e9volution, notamment le premier code des investissements, la promotion de la production nationale et la cr\u00e9ation du Salon international de l&rsquo;artisanat de Ouagadougou (SIAO), des choix qu&rsquo;il estime toujours porteurs d&rsquo;inspiration pour les politiques actuelles de d\u00e9veloppement \u00e9conomique.<\/p>\n<figure id=\"attachment_38840\" aria-describedby=\"caption-attachment-38840\" style=\"width: 494px\" class=\"wp-caption alignright\"><img loading=\"lazy\" decoding=\"async\" class=\"wp-image-38840\" src=\"http:\/\/lacolombeplus.net\/wp-content\/uploads\/2026\/08\/WhatsApp-Image-2026-08-07-at-13.25.55-3.webp\" alt=\"\" width=\"494\" height=\"371\" srcset=\"https:\/\/lacolombeplus.net\/wp-content\/uploads\/2026\/08\/WhatsApp-Image-2026-08-07-at-13.25.55-3.webp 1600w, https:\/\/lacolombeplus.net\/wp-content\/uploads\/2026\/08\/WhatsApp-Image-2026-08-07-at-13.25.55-3-300x225.webp 300w, https:\/\/lacolombeplus.net\/wp-content\/uploads\/2026\/08\/WhatsApp-Image-2026-08-07-at-13.25.55-3-1024x768.webp 1024w, https:\/\/lacolombeplus.net\/wp-content\/uploads\/2026\/08\/WhatsApp-Image-2026-08-07-at-13.25.55-3-768x576.webp 768w, https:\/\/lacolombeplus.net\/wp-content\/uploads\/2026\/08\/WhatsApp-Image-2026-08-07-at-13.25.55-3-1536x1152.webp 1536w\" sizes=\"(max-width: 494px) 100vw, 494px\" \/><figcaption id=\"caption-attachment-38840\" class=\"wp-caption-text\">Photo de groupe avec les 400 appel\u00e9s de l\u2019immersion patriotique du Kadiogo<\/figcaption><\/figure>\n<p>Poda a invit\u00e9 les Burkinab\u00e8 et les amis du Burkina Faso \u00e0 soutenir la campagne \u00ab Abri pour Sankara \u00bb, destin\u00e9e \u00e0 accompagner la r\u00e9alisation du m\u00e9morial, annon\u00e7ant une contribution de 5 millions de francs CFA de son d\u00e9partement. Il a exhort\u00e9 chaque citoyen \u00e0 faire vivre au quotidien les valeurs de Sankara :<\/p>\n<p><em>\u00ab Faisons en sorte que les valeurs d&rsquo;int\u00e9grit\u00e9, de travail bien fait, de patriotisme et de justice sociale habitent durablement nos c\u0153urs, nos administrations, nos ateliers, nos march\u00e9s et Yaars, nos affaires, en somme, notre quotidien. Tant que ces id\u00e9aux habiteront en nous, Thomas Sankara demeurera vivant parmi nous sur le chemin de la victoire. En ce jour de recueillement, renouvelons notre serment de demeurer fid\u00e8les \u00e0 l&rsquo;id\u00e9al de Thomas Sankara.<\/em> \u00bb<\/p>\n<p>Au-del\u00e0 du devoir de m\u00e9moire, cette dixi\u00e8me c\u00e9r\u00e9monie a servi de tribune pour rappeler que les id\u00e9aux de Thomas Sankara demeurent un levier pour la construction d&rsquo;un Burkina Faso souverain et prosp\u00e8re, le gouvernement entendant faire du m\u00e9morial un espace de m\u00e9moire, de culture, de tourisme et de d\u00e9veloppement \u00e9conomique \u00e0 l&rsquo;\u00e9chelle du continent africain.<\/p>\n<p style=\"text-align: right;\"><em><strong>B\u00e9n\u00e9ficencia HIEN (Stagiaire)<\/strong><\/em><\/p>\n","protected":false},"excerpt":{"rendered":"<p>Le 6 ao\u00fbt 2026, le M\u00e9morial Thomas Sankara a accueilli la 10e c\u00e9r\u00e9monie d\u2019hommage militaire au capitaine Thomas Sankara et \u00e0 ses douze compagnons, pr\u00e9sid\u00e9e par le ministre de l\u2019Industrie, du Commerce et de l\u2019Artisanat, Serge Gnaniodem Poda. Organis\u00e9e par le Groupement d\u2019escorte et d\u2019honneur de la gendarmerie nationale, la manifestation \u2014 rassemblant des personnels&#8230;<\/p>\n","protected":false},"author":6,"featured_media":38841,"comment_status":"open","ping_status":"open","sticky":false,"template":"","format":"standard","meta":{"_jetpack_newsletter_access":"","_jetpack_dont_email_post_to_subs":false,"_jetpack_newsletter_tier_id":0,"_jetpack_memberships_contains_paywalled_content":false,"_jetpack_feature_clip_id":0,"_jetpack_memberships_contains_paid_content":false,"footnotes":"","jetpack_post_was_ever_published":false},"categories":[2,80,193,4],"tags":[275,307,308],"class_list":["post-38838","post","type-post","status-publish","format-standard","has-post-thumbnail","hentry","category-a-la-une","category-culture","category-developpement","category-societe","tag-ipo2026","tag-revolution","tag-thomas-sankara"],"yoast_head":"<!-- This site is optimized with the Yoast SEO plugin v28.3 - https:\/\/yoast.com\/product\/yoast-seo-wordpress\/ -->\n<title>\u00ab Sankara vivant \u00bb : le gouvernement mise sur le m\u00e9morial pour perp\u00e9tuer l&#039;h\u00e9ritage du p\u00e8re de la R\u00e9volution - WordPress<\/title>\n<meta name=\"robots\" content=\"index, follow, max-snippet:-1, max-image-preview:large, max-video-preview:-1\" \/>\n<link rel=\"canonical\" href=\"https:\/\/lacolombeplus.net\/index.php\/2026\/08\/07\/sankara-vivant-le-gouvernement-mise-sur-le-memorial-pour-perpetuer-lheritage-du-pere-de-la-revolution\/\" \/>\n<meta property=\"og:locale\" content=\"fr_FR\" \/>\n<meta property=\"og:type\" content=\"article\" \/>\n<meta property=\"og:title\" content=\"\u00ab Sankara vivant \u00bb : le gouvernement mise sur le m\u00e9morial pour perp\u00e9tuer l&#039;h\u00e9ritage du p\u00e8re de la R\u00e9volution - WordPress\" \/>\n<meta property=\"og:description\" content=\"Le 6 ao\u00fbt 2026, le M\u00e9morial Thomas Sankara a accueilli la 10e c\u00e9r\u00e9monie d\u2019hommage militaire au capitaine Thomas Sankara et \u00e0 ses douze compagnons, pr\u00e9sid\u00e9e par le ministre de l\u2019Industrie, du Commerce et de l\u2019Artisanat, Serge Gnaniodem Poda. Organis\u00e9e par le Groupement d\u2019escorte et d\u2019honneur de la gendarmerie nationale, la manifestation \u2014 rassemblant des personnels...\" \/>\n<meta property=\"og:url\" content=\"https:\/\/lacolombeplus.net\/index.php\/2026\/08\/07\/sankara-vivant-le-gouvernement-mise-sur-le-memorial-pour-perpetuer-lheritage-du-pere-de-la-revolution\/\" \/>\n<meta property=\"og:site_name\" content=\"WordPress\" \/>\n<meta property=\"article:publisher\" content=\"https:\/\/web.facebook.com\/profile.php?id=61589477078953\" \/>\n<meta property=\"article:published_time\" content=\"2026-08-07T13:38:53+00:00\" \/>\n<meta property=\"article:modified_time\" content=\"2026-08-07T13:40:58+00:00\" \/>\n<meta property=\"og:image\" content=\"http:\/\/lacolombeplus.net\/wp-content\/uploads\/2026\/08\/WhatsApp-Image-2026-08-07-at-13.25.55-2.webp\" \/>\n\t<meta property=\"og:image:width\" content=\"1600\" \/>\n\t<meta property=\"og:image:height\" content=\"1200\" \/>\n\t<meta property=\"og:image:type\" content=\"image\/webp\" \/>\n<meta name=\"author\" content=\"Dramane FAYAMA\" \/>\n<meta name=\"twitter:card\" content=\"summary_large_image\" \/>\n<meta name=\"twitter:label1\" content=\"\u00c9crit par\" \/>\n\t<meta name=\"twitter:data1\" content=\"Dramane FAYAMA\" \/>\n\t<meta name=\"twitter:label2\" content=\"Dur\u00e9e de lecture estim\u00e9e\" \/>\n\t<meta name=\"twitter:data2\" content=\"5 minutes\" \/>\n<script type=\"application\/ld+json\" class=\"yoast-schema-graph\">{\"@context\":\"https:\\\/\\\/schema.org\",\"@graph\":[{\"@type\":\"Article\",\"@id\":\"https:\\\/\\\/lacolombeplus.net\\\/index.php\\\/2026\\\/08\\\/07\\\/sankara-vivant-le-gouvernement-mise-sur-le-memorial-pour-perpetuer-lheritage-du-pere-de-la-revolution\\\/#article\",\"isPartOf\":{\"@id\":\"https:\\\/\\\/lacolombeplus.net\\\/index.php\\\/2026\\\/08\\\/07\\\/sankara-vivant-le-gouvernement-mise-sur-le-memorial-pour-perpetuer-lheritage-du-pere-de-la-revolution\\\/\"},\"author\":{\"name\":\"Dramane FAYAMA\",\"@id\":\"https:\\\/\\\/lacolombeplus.net\\\/#\\\/schema\\\/person\\\/1a433b3fa6e8f9696f18ece67a69915c\"},\"headline\":\"\u00ab Sankara vivant \u00bb : le gouvernement mise sur le m\u00e9morial pour perp\u00e9tuer l&rsquo;h\u00e9ritage du p\u00e8re de la R\u00e9volution\",\"datePublished\":\"2026-08-07T13:38:53+00:00\",\"dateModified\":\"2026-08-07T13:40:58+00:00\",\"mainEntityOfPage\":{\"@id\":\"https:\\\/\\\/lacolombeplus.net\\\/index.php\\\/2026\\\/08\\\/07\\\/sankara-vivant-le-gouvernement-mise-sur-le-memorial-pour-perpetuer-lheritage-du-pere-de-la-revolution\\\/\"},\"wordCount\":880,\"commentCount\":0,\"publisher\":{\"@id\":\"https:\\\/\\\/lacolombeplus.net\\\/#organization\"},\"image\":{\"@id\":\"https:\\\/\\\/lacolombeplus.net\\\/index.php\\\/2026\\\/08\\\/07\\\/sankara-vivant-le-gouvernement-mise-sur-le-memorial-pour-perpetuer-lheritage-du-pere-de-la-revolution\\\/#primaryimage\"},\"thumbnailUrl\":\"https:\\\/\\\/lacolombeplus.net\\\/wp-content\\\/uploads\\\/2026\\\/08\\\/WhatsApp-Image-2026-08-07-at-13.25.55-2.webp\",\"keywords\":[\"IPO2026\",\"R\u00e9volution\",\"Thomas SANKARA\"],\"articleSection\":[\"A la Une\",\"Culture\",\"D\u00e9veloppement\",\"Soci\u00e9t\u00e9\"],\"inLanguage\":\"fr-FR\",\"potentialAction\":[{\"@type\":\"CommentAction\",\"name\":\"Comment\",\"target\":[\"https:\\\/\\\/lacolombeplus.net\\\/index.php\\\/2026\\\/08\\\/07\\\/sankara-vivant-le-gouvernement-mise-sur-le-memorial-pour-perpetuer-lheritage-du-pere-de-la-revolution\\\/#respond\"]}]},{\"@type\":\"WebPage\",\"@id\":\"https:\\\/\\\/lacolombeplus.net\\\/index.php\\\/2026\\\/08\\\/07\\\/sankara-vivant-le-gouvernement-mise-sur-le-memorial-pour-perpetuer-lheritage-du-pere-de-la-revolution\\\/\",\"url\":\"https:\\\/\\\/lacolombeplus.net\\\/index.php\\\/2026\\\/08\\\/07\\\/sankara-vivant-le-gouvernement-mise-sur-le-memorial-pour-perpetuer-lheritage-du-pere-de-la-revolution\\\/\",\"name\":\"\u00ab Sankara vivant \u00bb : le gouvernement mise sur le m\u00e9morial pour perp\u00e9tuer l'h\u00e9ritage du p\u00e8re de la R\u00e9volution - WordPress\",\"isPartOf\":{\"@id\":\"https:\\\/\\\/lacolombeplus.net\\\/#website\"},\"primaryImageOfPage\":{\"@id\":\"https:\\\/\\\/lacolombeplus.net\\\/index.php\\\/2026\\\/08\\\/07\\\/sankara-vivant-le-gouvernement-mise-sur-le-memorial-pour-perpetuer-lheritage-du-pere-de-la-revolution\\\/#primaryimage\"},\"image\":{\"@id\":\"https:\\\/\\\/lacolombeplus.net\\\/index.php\\\/2026\\\/08\\\/07\\\/sankara-vivant-le-gouvernement-mise-sur-le-memorial-pour-perpetuer-lheritage-du-pere-de-la-revolution\\\/#primaryimage\"},\"thumbnailUrl\":\"https:\\\/\\\/lacolombeplus.net\\\/wp-content\\\/uploads\\\/2026\\\/08\\\/WhatsApp-Image-2026-08-07-at-13.25.55-2.webp\",\"datePublished\":\"2026-08-07T13:38:53+00:00\",\"dateModified\":\"2026-08-07T13:40:58+00:00\",\"breadcrumb\":{\"@id\":\"https:\\\/\\\/lacolombeplus.net\\\/index.php\\\/2026\\\/08\\\/07\\\/sankara-vivant-le-gouvernement-mise-sur-le-memorial-pour-perpetuer-lheritage-du-pere-de-la-revolution\\\/#breadcrumb\"},\"inLanguage\":\"fr-FR\",\"potentialAction\":[{\"@type\":\"ReadAction\",\"target\":[\"https:\\\/\\\/lacolombeplus.net\\\/index.php\\\/2026\\\/08\\\/07\\\/sankara-vivant-le-gouvernement-mise-sur-le-memorial-pour-perpetuer-lheritage-du-pere-de-la-revolution\\\/\"]}]},{\"@type\":\"ImageObject\",\"inLanguage\":\"fr-FR\",\"@id\":\"https:\\\/\\\/lacolombeplus.net\\\/index.php\\\/2026\\\/08\\\/07\\\/sankara-vivant-le-gouvernement-mise-sur-le-memorial-pour-perpetuer-lheritage-du-pere-de-la-revolution\\\/#primaryimage\",\"url\":\"https:\\\/\\\/lacolombeplus.net\\\/wp-content\\\/uploads\\\/2026\\\/08\\\/WhatsApp-Image-2026-08-07-at-13.25.55-2.webp\",\"contentUrl\":\"https:\\\/\\\/lacolombeplus.net\\\/wp-content\\\/uploads\\\/2026\\\/08\\\/WhatsApp-Image-2026-08-07-at-13.25.55-2.webp\",\"width\":1600,\"height\":1200},{\"@type\":\"BreadcrumbList\",\"@id\":\"https:\\\/\\\/lacolombeplus.net\\\/index.php\\\/2026\\\/08\\\/07\\\/sankara-vivant-le-gouvernement-mise-sur-le-memorial-pour-perpetuer-lheritage-du-pere-de-la-revolution\\\/#breadcrumb\",\"itemListElement\":[{\"@type\":\"ListItem\",\"position\":1,\"name\":\"Accueil\",\"item\":\"https:\\\/\\\/lacolombeplus.net\\\/\"},{\"@type\":\"ListItem\",\"position\":2,\"name\":\"\u00ab Sankara vivant \u00bb : le gouvernement mise sur le m\u00e9morial pour perp\u00e9tuer l&rsquo;h\u00e9ritage du p\u00e8re de la R\u00e9volution\"}]},{\"@type\":\"WebSite\",\"@id\":\"https:\\\/\\\/lacolombeplus.net\\\/#website\",\"url\":\"https:\\\/\\\/lacolombeplus.net\\\/\",\"name\":\"Lacolombeplus\",\"description\":\"\",\"publisher\":{\"@id\":\"https:\\\/\\\/lacolombeplus.net\\\/#organization\"},\"potentialAction\":[{\"@type\":\"SearchAction\",\"target\":{\"@type\":\"EntryPoint\",\"urlTemplate\":\"https:\\\/\\\/lacolombeplus.net\\\/?s={search_term_string}\"},\"query-input\":{\"@type\":\"PropertyValueSpecification\",\"valueRequired\":true,\"valueName\":\"search_term_string\"}}],\"inLanguage\":\"fr-FR\"},{\"@type\":\"Organization\",\"@id\":\"https:\\\/\\\/lacolombeplus.net\\\/#organization\",\"name\":\"lacolombeplus.net\",\"url\":\"https:\\\/\\\/lacolombeplus.net\\\/\",\"logo\":{\"@type\":\"ImageObject\",\"inLanguage\":\"fr-FR\",\"@id\":\"https:\\\/\\\/lacolombeplus.net\\\/#\\\/schema\\\/logo\\\/image\\\/\",\"url\":\"https:\\\/\\\/lacolombeplus.net\\\/wp-content\\\/uploads\\\/2026\\\/04\\\/a84391f3-a521-4177-867d-b9aaa3066b88.png\",\"contentUrl\":\"https:\\\/\\\/lacolombeplus.net\\\/wp-content\\\/uploads\\\/2026\\\/04\\\/a84391f3-a521-4177-867d-b9aaa3066b88.png\",\"width\":1045,\"height\":1505,\"caption\":\"lacolombeplus.net\"},\"image\":{\"@id\":\"https:\\\/\\\/lacolombeplus.net\\\/#\\\/schema\\\/logo\\\/image\\\/\"},\"sameAs\":[\"https:\\\/\\\/web.facebook.com\\\/profile.php?id=61589477078953\"]},{\"@type\":\"Person\",\"@id\":\"https:\\\/\\\/lacolombeplus.net\\\/#\\\/schema\\\/person\\\/1a433b3fa6e8f9696f18ece67a69915c\",\"name\":\"Dramane FAYAMA\",\"image\":{\"@type\":\"ImageObject\",\"inLanguage\":\"fr-FR\",\"@id\":\"https:\\\/\\\/secure.gravatar.com\\\/avatar\\\/6ae061b9c102ae93ffb7a4076195d78ace54801f91540899a6e8aacf91eacff8?s=96&d=mm&r=g\",\"url\":\"https:\\\/\\\/secure.gravatar.com\\\/avatar\\\/6ae061b9c102ae93ffb7a4076195d78ace54801f91540899a6e8aacf91eacff8?s=96&d=mm&r=g\",\"contentUrl\":\"https:\\\/\\\/secure.gravatar.com\\\/avatar\\\/6ae061b9c102ae93ffb7a4076195d78ace54801f91540899a6e8aacf91eacff8?s=96&d=mm&r=g\",\"caption\":\"Dramane FAYAMA\"},\"url\":\"https:\\\/\\\/lacolombeplus.net\\\/index.php\\\/author\\\/dramane\\\/\"}]}<\/script>\n<!-- \/ Yoast SEO plugin. -->","yoast_head_json":{"title":"\u00ab Sankara vivant \u00bb : le gouvernement mise sur le m\u00e9morial pour perp\u00e9tuer l'h\u00e9ritage du p\u00e8re de la R\u00e9volution - WordPress","robots":{"index":"index","follow":"follow","max-snippet":"max-snippet:-1","max-image-preview":"max-image-preview:large","max-video-preview":"max-video-preview:-1"},"canonical":"https:\/\/lacolombeplus.net\/index.php\/2026\/08\/07\/sankara-vivant-le-gouvernement-mise-sur-le-memorial-pour-perpetuer-lheritage-du-pere-de-la-revolution\/","og_locale":"fr_FR","og_type":"article","og_title":"\u00ab Sankara vivant \u00bb : le gouvernement mise sur le m\u00e9morial pour perp\u00e9tuer l'h\u00e9ritage du p\u00e8re de la R\u00e9volution - WordPress","og_description":"Le 6 ao\u00fbt 2026, le M\u00e9morial Thomas Sankara a accueilli la 10e c\u00e9r\u00e9monie d\u2019hommage militaire au capitaine Thomas Sankara et \u00e0 ses douze compagnons, pr\u00e9sid\u00e9e par le ministre de l\u2019Industrie, du Commerce et de l\u2019Artisanat, Serge Gnaniodem Poda. Organis\u00e9e par le Groupement d\u2019escorte et d\u2019honneur de la gendarmerie nationale, la manifestation \u2014 rassemblant des personnels...","og_url":"https:\/\/lacolombeplus.net\/index.php\/2026\/08\/07\/sankara-vivant-le-gouvernement-mise-sur-le-memorial-pour-perpetuer-lheritage-du-pere-de-la-revolution\/","og_site_name":"WordPress","article_publisher":"https:\/\/web.facebook.com\/profile.php?id=61589477078953","article_published_time":"2026-08-07T13:38:53+00:00","article_modified_time":"2026-08-07T13:40:58+00:00","og_image":[{"width":1600,"height":1200,"url":"http:\/\/lacolombeplus.net\/wp-content\/uploads\/2026\/08\/WhatsApp-Image-2026-08-07-at-13.25.55-2.webp","type":"image\/webp"}],"author":"Dramane FAYAMA","twitter_card":"summary_large_image","twitter_misc":{"\u00c9crit par":"Dramane FAYAMA","Dur\u00e9e de lecture estim\u00e9e":"5 minutes"},"schema":{"@context":"https:\/\/schema.org","@graph":[{"@type":"Article","@id":"https:\/\/lacolombeplus.net\/index.php\/2026\/08\/07\/sankara-vivant-le-gouvernement-mise-sur-le-memorial-pour-perpetuer-lheritage-du-pere-de-la-revolution\/#article","isPartOf":{"@id":"https:\/\/lacolombeplus.net\/index.php\/2026\/08\/07\/sankara-vivant-le-gouvernement-mise-sur-le-memorial-pour-perpetuer-lheritage-du-pere-de-la-revolution\/"},"author":{"name":"Dramane FAYAMA","@id":"https:\/\/lacolombeplus.net\/#\/schema\/person\/1a433b3fa6e8f9696f18ece67a69915c"},"headline":"\u00ab Sankara vivant \u00bb : le gouvernement mise sur le m\u00e9morial pour perp\u00e9tuer l&rsquo;h\u00e9ritage du p\u00e8re de la R\u00e9volution","datePublished":"2026-08-07T13:38:53+00:00","dateModified":"2026-08-07T13:40:58+00:00","mainEntityOfPage":{"@id":"https:\/\/lacolombeplus.net\/index.php\/2026\/08\/07\/sankara-vivant-le-gouvernement-mise-sur-le-memorial-pour-perpetuer-lheritage-du-pere-de-la-revolution\/"},"wordCount":880,"commentCount":0,"publisher":{"@id":"https:\/\/lacolombeplus.net\/#organization"},"image":{"@id":"https:\/\/lacolombeplus.net\/index.php\/2026\/08\/07\/sankara-vivant-le-gouvernement-mise-sur-le-memorial-pour-perpetuer-lheritage-du-pere-de-la-revolution\/#primaryimage"},"thumbnailUrl":"https:\/\/lacolombeplus.net\/wp-content\/uploads\/2026\/08\/WhatsApp-Image-2026-08-07-at-13.25.55-2.webp","keywords":["IPO2026","R\u00e9volution","Thomas SANKARA"],"articleSection":["A la Une","Culture","D\u00e9veloppement","Soci\u00e9t\u00e9"],"inLanguage":"fr-FR","potentialAction":[{"@type":"CommentAction","name":"Comment","target":["https:\/\/lacolombeplus.net\/index.php\/2026\/08\/07\/sankara-vivant-le-gouvernement-mise-sur-le-memorial-pour-perpetuer-lheritage-du-pere-de-la-revolution\/#respond"]}]},{"@type":"WebPage","@id":"https:\/\/lacolombeplus.net\/index.php\/2026\/08\/07\/sankara-vivant-le-gouvernement-mise-sur-le-memorial-pour-perpetuer-lheritage-du-pere-de-la-revolution\/","url":"https:\/\/lacolombeplus.net\/index.php\/2026\/08\/07\/sankara-vivant-le-gouvernement-mise-sur-le-memorial-pour-perpetuer-lheritage-du-pere-de-la-revolution\/","name":"\u00ab Sankara vivant \u00bb : le gouvernement mise sur le m\u00e9morial pour perp\u00e9tuer l'h\u00e9ritage du p\u00e8re de la R\u00e9volution - WordPress","isPartOf":{"@id":"https:\/\/lacolombeplus.net\/#website"},"primaryImageOfPage":{"@id":"https:\/\/lacolombeplus.net\/index.php\/2026\/08\/07\/sankara-vivant-le-gouvernement-mise-sur-le-memorial-pour-perpetuer-lheritage-du-pere-de-la-revolution\/#primaryimage"},"image":{"@id":"https:\/\/lacolombeplus.net\/index.php\/2026\/08\/07\/sankara-vivant-le-gouvernement-mise-sur-le-memorial-pour-perpetuer-lheritage-du-pere-de-la-revolution\/#primaryimage"},"thumbnailUrl":"https:\/\/lacolombeplus.net\/wp-content\/uploads\/2026\/08\/WhatsApp-Image-2026-08-07-at-13.25.55-2.webp","datePublished":"2026-08-07T13:38:53+00:00","dateModified":"2026-08-07T13:40:58+00:00","breadcrumb":{"@id":"https:\/\/lacolombeplus.net\/index.php\/2026\/08\/07\/sankara-vivant-le-gouvernement-mise-sur-le-memorial-pour-perpetuer-lheritage-du-pere-de-la-revolution\/#breadcrumb"},"inLanguage":"fr-FR","potentialAction":[{"@type":"ReadAction","target":["https:\/\/lacolombeplus.net\/index.php\/2026\/08\/07\/sankara-vivant-le-gouvernement-mise-sur-le-memorial-pour-perpetuer-lheritage-du-pere-de-la-revolution\/"]}]},{"@type":"ImageObject","inLanguage":"fr-FR","@id":"https:\/\/lacolombeplus.net\/index.php\/2026\/08\/07\/sankara-vivant-le-gouvernement-mise-sur-le-memorial-pour-perpetuer-lheritage-du-pere-de-la-revolution\/#primaryimage","url":"https:\/\/lacolombeplus.net\/wp-content\/uploads\/2026\/08\/WhatsApp-Image-2026-08-07-at-13.25.55-2.webp","contentUrl":"https:\/\/lacolombeplus.net\/wp-content\/uploads\/2026\/08\/WhatsApp-Image-2026-08-07-at-13.25.55-2.webp","width":1600,"height":1200},{"@type":"BreadcrumbList","@id":"https:\/\/lacolombeplus.net\/index.php\/2026\/08\/07\/sankara-vivant-le-gouvernement-mise-sur-le-memorial-pour-perpetuer-lheritage-du-pere-de-la-revolution\/#breadcrumb","itemListElement":[{"@type":"ListItem","position":1,"name":"Accueil","item":"https:\/\/lacolombeplus.net\/"},{"@type":"ListItem","position":2,"name":"\u00ab Sankara vivant \u00bb : le gouvernement mise sur le m\u00e9morial pour perp\u00e9tuer l&rsquo;h\u00e9ritage du p\u00e8re de la R\u00e9volution"}]},{"@type":"WebSite","@id":"https:\/\/lacolombeplus.net\/#website","url":"https:\/\/lacolombeplus.net\/","name":"Lacolombeplus","description":"","publisher":{"@id":"https:\/\/lacolombeplus.net\/#organization"},"potentialAction":[{"@type":"SearchAction","target":{"@type":"EntryPoint","urlTemplate":"https:\/\/lacolombeplus.net\/?s={search_term_string}"},"query-input":{"@type":"PropertyValueSpecification","valueRequired":true,"valueName":"search_term_string"}}],"inLanguage":"fr-FR"},{"@type":"Organization","@id":"https:\/\/lacolombeplus.net\/#organization","name":"lacolombeplus.net","url":"https:\/\/lacolombeplus.net\/","logo":{"@type":"ImageObject","inLanguage":"fr-FR","@id":"https:\/\/lacolombeplus.net\/#\/schema\/logo\/image\/","url":"https:\/\/lacolombeplus.net\/wp-content\/uploads\/2026\/04\/a84391f3-a521-4177-867d-b9aaa3066b88.png","contentUrl":"https:\/\/lacolombeplus.net\/wp-content\/uploads\/2026\/04\/a84391f3-a521-4177-867d-b9aaa3066b88.png","width":1045,"height":1505,"caption":"lacolombeplus.net"},"image":{"@id":"https:\/\/lacolombeplus.net\/#\/schema\/logo\/image\/"},"sameAs":["https:\/\/web.facebook.com\/profile.php?id=61589477078953"]},{"@type":"Person","@id":"https:\/\/lacolombeplus.net\/#\/schema\/person\/1a433b3fa6e8f9696f18ece67a69915c","name":"Dramane FAYAMA","image":{"@type":"ImageObject","inLanguage":"fr-FR","@id":"https:\/\/secure.gravatar.com\/avatar\/6ae061b9c102ae93ffb7a4076195d78ace54801f91540899a6e8aacf91eacff8?s=96&d=mm&r=g","url":"https:\/\/secure.gravatar.com\/avatar\/6ae061b9c102ae93ffb7a4076195d78ace54801f91540899a6e8aacf91eacff8?s=96&d=mm&r=g","contentUrl":"https:\/\/secure.gravatar.com\/avatar\/6ae061b9c102ae93ffb7a4076195d78ace54801f91540899a6e8aacf91eacff8?s=96&d=mm&r=g","caption":"Dramane FAYAMA"},"url":"https:\/\/lacolombeplus.net\/index.php\/author\/dramane\/"}]}},"jetpack_featured_media_url":"https:\/\/lacolombeplus.net\/wp-content\/uploads\/2026\/08\/WhatsApp-Image-2026-08-07-at-13.25.55-2.webp","jetpack_sharing_enabled":true,"_links":{"self":[{"href":"https:\/\/lacolombeplus.net\/index.php\/wp-json\/wp\/v2\/posts\/38838","targetHints":{"allow":["GET"]}}],"collection":[{"href":"https:\/\/lacolombeplus.net\/index.php\/wp-json\/wp\/v2\/posts"}],"about":[{"href":"https:\/\/lacolombeplus.net\/index.php\/wp-json\/wp\/v2\/types\/post"}],"author":[{"embeddable":true,"href":"https:\/\/lacolombeplus.net\/index.php\/wp-json\/wp\/v2\/users\/6"}],"replies":[{"embeddable":true,"href":"https:\/\/lacolombeplus.net\/index.php\/wp-json\/wp\/v2\/comments?post=38838"}],"version-history":[{"count":6,"href":"https:\/\/lacolombeplus.net\/index.php\/wp-json\/wp\/v2\/posts\/38838\/revisions"}],"predecessor-version":[{"id":38849,"href":"https:\/\/lacolombeplus.net\/index.php\/wp-json\/wp\/v2\/posts\/38838\/revisions\/38849"}],"wp:featuredmedia":[{"embeddable":true,"href":"https:\/\/lacolombeplus.net\/index.php\/wp-json\/wp\/v2\/media\/38841"}],"wp:attachment":[{"href":"https:\/\/lacolombeplus.net\/index.php\/wp-json\/wp\/v2\/media?parent=38838"}],"wp:term":[{"taxonomy":"category","embeddable":true,"href":"https:\/\/lacolombeplus.net\/index.php\/wp-json\/wp\/v2\/categories?post=38838"},{"taxonomy":"post_tag","embeddable":true,"href":"https:\/\/lacolombeplus.net\/index.php\/wp-json\/wp\/v2\/tags?post=38838"}],"curies":[{"name":"wp","href":"https:\/\/api.w.org\/{rel}","templated":true}]}}