{"id":38830,"date":"2026-08-06T17:04:36","date_gmt":"2026-08-06T17:04:36","guid":{"rendered":"https:\/\/lacolombeplus.net\/?p=38830"},"modified":"2026-08-06T17:04:36","modified_gmt":"2026-08-06T17:04:36","slug":"sitho-2026-le-burkina-faso-lance-officiellement-les-preparatifs-de-la-16e-edition","status":"publish","type":"post","link":"https:\/\/lacolombeplus.net\/index.php\/2026\/08\/06\/sitho-2026-le-burkina-faso-lance-officiellement-les-preparatifs-de-la-16e-edition\/","title":{"rendered":"SITHO 2026 : le Burkina Faso lance officiellement les pr\u00e9paratifs de la 16e \u00e9dition"},"content":{"rendered":"<h2><strong>Le minist\u00e8re de la Communication, de la Culture, des Arts et du Tourisme a officiellement lanc\u00e9, ce jeudi 6 ao\u00fbt 2026 \u00e0 Ouagadougou, les pr\u00e9paratifs de la 16\u1d49 \u00e9dition du Salon international du tourisme et de l&rsquo;h\u00f4tellerie de Ouagadougou (SITHO). Rendez-vous du 22 au 27 septembre 2026 au Parc d&rsquo;exposition du SIAO, l&rsquo;\u00e9v\u00e9nement se tiendra sous le th\u00e8me : \u00ab Financement des projets structurants : un levier pour le d\u00e9veloppement du tourisme \u00bb.<\/strong><\/h2>\n<figure id=\"attachment_38834\" aria-describedby=\"caption-attachment-38834\" style=\"width: 572px\" class=\"wp-caption alignleft\"><img fetchpriority=\"high\" decoding=\"async\" class=\"wp-image-38834\" src=\"http:\/\/lacolombeplus.net\/wp-content\/uploads\/2026\/08\/WhatsApp-Image-2026-08-06-at-16.50.00.webp\" alt=\"\" width=\"572\" height=\"762\" srcset=\"https:\/\/lacolombeplus.net\/wp-content\/uploads\/2026\/08\/WhatsApp-Image-2026-08-06-at-16.50.00.webp 1200w, https:\/\/lacolombeplus.net\/wp-content\/uploads\/2026\/08\/WhatsApp-Image-2026-08-06-at-16.50.00-225x300.webp 225w, https:\/\/lacolombeplus.net\/wp-content\/uploads\/2026\/08\/WhatsApp-Image-2026-08-06-at-16.50.00-768x1024.webp 768w, https:\/\/lacolombeplus.net\/wp-content\/uploads\/2026\/08\/WhatsApp-Image-2026-08-06-at-16.50.00-1152x1536.webp 1152w\" sizes=\"(max-width: 572px) 100vw, 572px\" \/><figcaption id=\"caption-attachment-38834\" class=\"wp-caption-text\">Fidel Tamini, secr\u00e9taire g\u00e9n\u00e9ral, minist\u00e8re de la Communication, de la Culture, des Arts et du Tourisme.<\/figcaption><\/figure>\n<p>Le SITHO 2026 ambitionne de devenir un espace de promotion, de r\u00e9flexion et de mise en relation entre les professionnels du tourisme et de l&rsquo;h\u00f4tellerie, les institutions financi\u00e8res et les collectivit\u00e9s territoriales. Les autorit\u00e9s burkinab\u00e8 entendent ainsi redonner un nouvel \u00e9lan \u00e0 un secteur qu&rsquo;elles pr\u00e9sentent comme un v\u00e9ritable moteur de croissance \u00e9conomique et de cr\u00e9ation d&#8217;emplois. La conf\u00e9rence de presse de lancement a \u00e9t\u00e9 conduite par Fidel Tamini, secr\u00e9taire g\u00e9n\u00e9ral du minist\u00e8re, en pr\u00e9sence de Sulaiman Kagon\u00e9, directeur g\u00e9n\u00e9ral de Faso Tourisme, et d&rsquo;H\u00e9l\u00e8ne Sebgo, directrice marketing de la m\u00eame structure. Fidel Tamini y a pr\u00e9sent\u00e9 les grandes lignes de l&rsquo;\u00e9v\u00e9nement, ses objectifs et ses principales innovations.<\/p>\n<p>Selon les organisateurs, cette \u00e9dition vise \u00e0 accueillir au moins 50 000 visiteurs, r\u00e9unir plus de 500 exposants issus de 10 pays participants, mobiliser 30 professionnels du voyage, faire participer 1 500 personnes aux excursions grand public et attirer 1 000 visiteurs dans les espaces virtuels. Ces objectifs traduisent l&rsquo;ambition affich\u00e9e pour cette \u00e9dition, con\u00e7ue comme une vitrine du potentiel touristique national et r\u00e9gional.<\/p>\n<p>Au-del\u00e0 de l&rsquo;exposition, le salon se veut un espace de r\u00e9flexion sur les m\u00e9canismes de financement susceptibles d&rsquo;accompagner les projets touristiques structurants. Le th\u00e8me retenu place l&rsquo;investissement au centre des enjeux, dans un contexte o\u00f9 la valorisation des sites, la professionnalisation des acteurs et l&rsquo;am\u00e9lioration des infrastructures demeurent des d\u00e9fis majeurs.<\/p>\n<figure id=\"attachment_38833\" aria-describedby=\"caption-attachment-38833\" style=\"width: 599px\" class=\"wp-caption alignright\"><img decoding=\"async\" class=\"wp-image-38833\" src=\"http:\/\/lacolombeplus.net\/wp-content\/uploads\/2026\/08\/WhatsApp-Image-2026-08-06-at-16.50.00-1.webp\" alt=\"\" width=\"599\" height=\"449\" srcset=\"https:\/\/lacolombeplus.net\/wp-content\/uploads\/2026\/08\/WhatsApp-Image-2026-08-06-at-16.50.00-1.webp 1600w, https:\/\/lacolombeplus.net\/wp-content\/uploads\/2026\/08\/WhatsApp-Image-2026-08-06-at-16.50.00-1-300x225.webp 300w, https:\/\/lacolombeplus.net\/wp-content\/uploads\/2026\/08\/WhatsApp-Image-2026-08-06-at-16.50.00-1-1024x768.webp 1024w, https:\/\/lacolombeplus.net\/wp-content\/uploads\/2026\/08\/WhatsApp-Image-2026-08-06-at-16.50.00-1-768x576.webp 768w, https:\/\/lacolombeplus.net\/wp-content\/uploads\/2026\/08\/WhatsApp-Image-2026-08-06-at-16.50.00-1-1536x1152.webp 1536w\" sizes=\"(max-width: 599px) 100vw, 599px\" \/><figcaption id=\"caption-attachment-38833\" class=\"wp-caption-text\">Sulaiman Kagon\u00e9, directeur g\u00e9n\u00e9ral de Faso Tourisme.<\/figcaption><\/figure>\n<p>Le directeur g\u00e9n\u00e9ral de Faso Tourisme, Sulaiman Kagon\u00e9, est revenu sur les difficult\u00e9s travers\u00e9es par le secteur ces derni\u00e8res ann\u00e9es : la crise s\u00e9curitaire et la pand\u00e9mie de COVID-19 ont entra\u00een\u00e9 la fermeture de nombreuses entreprises touristiques et pouss\u00e9 plusieurs guides \u00e0 se reconvertir. Pour lui, la relance ne peut reposer sur le seul \u00c9tat. Avec plus de 1 080 sites \u00e0 attrait touristique recens\u00e9s dans le pays, il est n\u00e9cessaire de mobiliser l&rsquo;ensemble des partenaires financiers et des investisseurs autour de projets structurants, \u00e0 l&rsquo;image du M\u00e9morial Thomas Sankara ou du projet Bigtogo, qui n\u00e9cessitent d&rsquo;importants financements pour se d\u00e9ployer pleinement. \u00ab Nous esp\u00e9rons que le SITHO sera un cadre vraiment favorable pour les \u00e9changes, et pour convaincre les investisseurs que notre destination a beaucoup de potentialit\u00e9s \u00e0 d\u00e9velopper et \u00e0 pr\u00e9senter au monde entier \u00bb, a d\u00e9clar\u00e9 Sulaiman Kagon\u00e9.<\/p>\n<figure id=\"attachment_38832\" aria-describedby=\"caption-attachment-38832\" style=\"width: 625px\" class=\"wp-caption alignleft\"><img decoding=\"async\" class=\"wp-image-38832 \" src=\"http:\/\/lacolombeplus.net\/wp-content\/uploads\/2026\/08\/WhatsApp-Image-2026-08-06-at-16.50.00-2.webp\" alt=\"\" width=\"625\" height=\"469\" srcset=\"https:\/\/lacolombeplus.net\/wp-content\/uploads\/2026\/08\/WhatsApp-Image-2026-08-06-at-16.50.00-2.webp 1600w, https:\/\/lacolombeplus.net\/wp-content\/uploads\/2026\/08\/WhatsApp-Image-2026-08-06-at-16.50.00-2-300x225.webp 300w, https:\/\/lacolombeplus.net\/wp-content\/uploads\/2026\/08\/WhatsApp-Image-2026-08-06-at-16.50.00-2-1024x768.webp 1024w, https:\/\/lacolombeplus.net\/wp-content\/uploads\/2026\/08\/WhatsApp-Image-2026-08-06-at-16.50.00-2-768x576.webp 768w, https:\/\/lacolombeplus.net\/wp-content\/uploads\/2026\/08\/WhatsApp-Image-2026-08-06-at-16.50.00-2-1536x1152.webp 1536w\" sizes=\"(max-width: 625px) 100vw, 625px\" \/><figcaption id=\"caption-attachment-38832\" class=\"wp-caption-text\">Le Comit\u00e9 National d&rsquo;Organisation a lanc\u00e9 un appel \u00e0 l&rsquo;ensemble des parties<\/figcaption><\/figure>\n<p>L&rsquo;\u00e9dition 2026 mettra \u00e9galement un accent particulier sur la coop\u00e9ration sous-r\u00e9gionale et la valorisation des territoires. La r\u00e9gion du Guiriko sera l&rsquo;invit\u00e9e d&rsquo;honneur, tandis que le Mali et le Niger seront les pays invit\u00e9s d&rsquo;honneur, un choix qui s&rsquo;inscrit dans la volont\u00e9 de renforcer les liens touristiques et culturels au sein de l&rsquo;espace sah\u00e9lien.<\/p>\n<p>Le programme annonc\u00e9 s&rsquo;annonce riche et diversifi\u00e9, avec des rencontres B to B, un forum des acteurs du tourisme de la Conf\u00e9d\u00e9ration des \u00c9tats du Sahel (AES), des visites virtuelles, des excursions grand public, des concours professionnels, des expositions et des espaces d&rsquo;expression culturelle et artistique. Autant d&rsquo;activit\u00e9s destin\u00e9es \u00e0 favoriser les \u00e9changes, encourager les partenariats et faire conna\u00eetre davantage les richesses touristiques du Burkina Faso.<\/p>\n<p>Avec le SITHO 2026, le Burkina Faso entend transformer le tourisme en un secteur encore plus structurant de son \u00e9conomie. En pla\u00e7ant le financement des projets au centre des d\u00e9bats, cette 16\u1d49 \u00e9dition ambitionne d&rsquo;ouvrir de nouvelles perspectives aux acteurs du secteur et de renforcer l&rsquo;attractivit\u00e9 de la destination Burkina Faso sur l&rsquo;\u00e9chiquier africain.<\/p>\n<p style=\"text-align: right;\"><strong>B\u00e9n\u00e9ficencia HIEN<\/strong> ( Stagiaire)<\/p>\n","protected":false},"excerpt":{"rendered":"<p>Le minist\u00e8re de la Communication, de la Culture, des Arts et du Tourisme a officiellement lanc\u00e9, ce jeudi 6 ao\u00fbt 2026 \u00e0 Ouagadougou, les pr\u00e9paratifs de la 16\u1d49 \u00e9dition du Salon international du tourisme et de l&rsquo;h\u00f4tellerie de Ouagadougou (SITHO). Rendez-vous du 22 au 27 septembre 2026 au Parc d&rsquo;exposition du SIAO, l&rsquo;\u00e9v\u00e9nement se tiendra&#8230;<\/p>\n","protected":false},"author":6,"featured_media":38831,"comment_status":"open","ping_status":"open","sticky":false,"template":"","format":"standard","meta":{"_jetpack_newsletter_access":"","_jetpack_dont_email_post_to_subs":false,"_jetpack_newsletter_tier_id":0,"_jetpack_memberships_contains_paywalled_content":false,"_jetpack_feature_clip_id":0,"_jetpack_memberships_contains_paid_content":false,"footnotes":"","jetpack_post_was_ever_published":false},"categories":[2,193,4],"tags":[],"class_list":["post-38830","post","type-post","status-publish","format-standard","has-post-thumbnail","hentry","category-a-la-une","category-developpement","category-societe"],"yoast_head":"<!-- This site is optimized with the Yoast SEO plugin v28.3 - https:\/\/yoast.com\/product\/yoast-seo-wordpress\/ -->\n<title>SITHO 2026 : le Burkina Faso lance officiellement les pr\u00e9paratifs de la 16e \u00e9dition - WordPress<\/title>\n<meta name=\"robots\" content=\"index, follow, max-snippet:-1, max-image-preview:large, max-video-preview:-1\" \/>\n<link rel=\"canonical\" href=\"https:\/\/lacolombeplus.net\/index.php\/2026\/08\/06\/sitho-2026-le-burkina-faso-lance-officiellement-les-preparatifs-de-la-16e-edition\/\" \/>\n<meta property=\"og:locale\" content=\"fr_FR\" \/>\n<meta property=\"og:type\" content=\"article\" \/>\n<meta property=\"og:title\" content=\"SITHO 2026 : le Burkina Faso lance officiellement les pr\u00e9paratifs de la 16e \u00e9dition - WordPress\" \/>\n<meta property=\"og:description\" content=\"Le minist\u00e8re de la Communication, de la Culture, des Arts et du Tourisme a officiellement lanc\u00e9, ce jeudi 6 ao\u00fbt 2026 \u00e0 Ouagadougou, les pr\u00e9paratifs de la 16\u1d49 \u00e9dition du Salon international du tourisme et de l&rsquo;h\u00f4tellerie de Ouagadougou (SITHO). Rendez-vous du 22 au 27 septembre 2026 au Parc d&rsquo;exposition du SIAO, l&rsquo;\u00e9v\u00e9nement se tiendra...\" \/>\n<meta property=\"og:url\" content=\"https:\/\/lacolombeplus.net\/index.php\/2026\/08\/06\/sitho-2026-le-burkina-faso-lance-officiellement-les-preparatifs-de-la-16e-edition\/\" \/>\n<meta property=\"og:site_name\" content=\"WordPress\" \/>\n<meta property=\"article:publisher\" content=\"https:\/\/web.facebook.com\/profile.php?id=61589477078953\" \/>\n<meta property=\"article:published_time\" content=\"2026-08-06T17:04:36+00:00\" \/>\n<meta property=\"og:image\" content=\"http:\/\/lacolombeplus.net\/wp-content\/uploads\/2026\/08\/WhatsApp-Image-2026-08-06-at-16.50.00-3.webp\" \/>\n\t<meta property=\"og:image:width\" content=\"1600\" \/>\n\t<meta property=\"og:image:height\" content=\"1200\" \/>\n\t<meta property=\"og:image:type\" content=\"image\/webp\" \/>\n<meta name=\"author\" content=\"Dramane FAYAMA\" \/>\n<meta name=\"twitter:card\" content=\"summary_large_image\" \/>\n<meta name=\"twitter:label1\" content=\"\u00c9crit par\" \/>\n\t<meta name=\"twitter:data1\" content=\"Dramane FAYAMA\" \/>\n\t<meta name=\"twitter:label2\" content=\"Dur\u00e9e de lecture estim\u00e9e\" \/>\n\t<meta name=\"twitter:data2\" content=\"5 minutes\" \/>\n<script type=\"application\/ld+json\" class=\"yoast-schema-graph\">{\"@context\":\"https:\\\/\\\/schema.org\",\"@graph\":[{\"@type\":\"Article\",\"@id\":\"https:\\\/\\\/lacolombeplus.net\\\/index.php\\\/2026\\\/08\\\/06\\\/sitho-2026-le-burkina-faso-lance-officiellement-les-preparatifs-de-la-16e-edition\\\/#article\",\"isPartOf\":{\"@id\":\"https:\\\/\\\/lacolombeplus.net\\\/index.php\\\/2026\\\/08\\\/06\\\/sitho-2026-le-burkina-faso-lance-officiellement-les-preparatifs-de-la-16e-edition\\\/\"},\"author\":{\"name\":\"Dramane FAYAMA\",\"@id\":\"https:\\\/\\\/lacolombeplus.net\\\/#\\\/schema\\\/person\\\/1a433b3fa6e8f9696f18ece67a69915c\"},\"headline\":\"SITHO 2026 : le Burkina Faso lance officiellement les pr\u00e9paratifs de la 16e \u00e9dition\",\"datePublished\":\"2026-08-06T17:04:36+00:00\",\"mainEntityOfPage\":{\"@id\":\"https:\\\/\\\/lacolombeplus.net\\\/index.php\\\/2026\\\/08\\\/06\\\/sitho-2026-le-burkina-faso-lance-officiellement-les-preparatifs-de-la-16e-edition\\\/\"},\"wordCount\":752,\"commentCount\":0,\"publisher\":{\"@id\":\"https:\\\/\\\/lacolombeplus.net\\\/#organization\"},\"image\":{\"@id\":\"https:\\\/\\\/lacolombeplus.net\\\/index.php\\\/2026\\\/08\\\/06\\\/sitho-2026-le-burkina-faso-lance-officiellement-les-preparatifs-de-la-16e-edition\\\/#primaryimage\"},\"thumbnailUrl\":\"https:\\\/\\\/lacolombeplus.net\\\/wp-content\\\/uploads\\\/2026\\\/08\\\/WhatsApp-Image-2026-08-06-at-16.50.00-3.webp\",\"articleSection\":[\"A la Une\",\"D\u00e9veloppement\",\"Soci\u00e9t\u00e9\"],\"inLanguage\":\"fr-FR\",\"potentialAction\":[{\"@type\":\"CommentAction\",\"name\":\"Comment\",\"target\":[\"https:\\\/\\\/lacolombeplus.net\\\/index.php\\\/2026\\\/08\\\/06\\\/sitho-2026-le-burkina-faso-lance-officiellement-les-preparatifs-de-la-16e-edition\\\/#respond\"]}]},{\"@type\":\"WebPage\",\"@id\":\"https:\\\/\\\/lacolombeplus.net\\\/index.php\\\/2026\\\/08\\\/06\\\/sitho-2026-le-burkina-faso-lance-officiellement-les-preparatifs-de-la-16e-edition\\\/\",\"url\":\"https:\\\/\\\/lacolombeplus.net\\\/index.php\\\/2026\\\/08\\\/06\\\/sitho-2026-le-burkina-faso-lance-officiellement-les-preparatifs-de-la-16e-edition\\\/\",\"name\":\"SITHO 2026 : le Burkina Faso lance officiellement les pr\u00e9paratifs de la 16e \u00e9dition - WordPress\",\"isPartOf\":{\"@id\":\"https:\\\/\\\/lacolombeplus.net\\\/#website\"},\"primaryImageOfPage\":{\"@id\":\"https:\\\/\\\/lacolombeplus.net\\\/index.php\\\/2026\\\/08\\\/06\\\/sitho-2026-le-burkina-faso-lance-officiellement-les-preparatifs-de-la-16e-edition\\\/#primaryimage\"},\"image\":{\"@id\":\"https:\\\/\\\/lacolombeplus.net\\\/index.php\\\/2026\\\/08\\\/06\\\/sitho-2026-le-burkina-faso-lance-officiellement-les-preparatifs-de-la-16e-edition\\\/#primaryimage\"},\"thumbnailUrl\":\"https:\\\/\\\/lacolombeplus.net\\\/wp-content\\\/uploads\\\/2026\\\/08\\\/WhatsApp-Image-2026-08-06-at-16.50.00-3.webp\",\"datePublished\":\"2026-08-06T17:04:36+00:00\",\"breadcrumb\":{\"@id\":\"https:\\\/\\\/lacolombeplus.net\\\/index.php\\\/2026\\\/08\\\/06\\\/sitho-2026-le-burkina-faso-lance-officiellement-les-preparatifs-de-la-16e-edition\\\/#breadcrumb\"},\"inLanguage\":\"fr-FR\",\"potentialAction\":[{\"@type\":\"ReadAction\",\"target\":[\"https:\\\/\\\/lacolombeplus.net\\\/index.php\\\/2026\\\/08\\\/06\\\/sitho-2026-le-burkina-faso-lance-officiellement-les-preparatifs-de-la-16e-edition\\\/\"]}]},{\"@type\":\"ImageObject\",\"inLanguage\":\"fr-FR\",\"@id\":\"https:\\\/\\\/lacolombeplus.net\\\/index.php\\\/2026\\\/08\\\/06\\\/sitho-2026-le-burkina-faso-lance-officiellement-les-preparatifs-de-la-16e-edition\\\/#primaryimage\",\"url\":\"https:\\\/\\\/lacolombeplus.net\\\/wp-content\\\/uploads\\\/2026\\\/08\\\/WhatsApp-Image-2026-08-06-at-16.50.00-3.webp\",\"contentUrl\":\"https:\\\/\\\/lacolombeplus.net\\\/wp-content\\\/uploads\\\/2026\\\/08\\\/WhatsApp-Image-2026-08-06-at-16.50.00-3.webp\",\"width\":1600,\"height\":1200},{\"@type\":\"BreadcrumbList\",\"@id\":\"https:\\\/\\\/lacolombeplus.net\\\/index.php\\\/2026\\\/08\\\/06\\\/sitho-2026-le-burkina-faso-lance-officiellement-les-preparatifs-de-la-16e-edition\\\/#breadcrumb\",\"itemListElement\":[{\"@type\":\"ListItem\",\"position\":1,\"name\":\"Accueil\",\"item\":\"https:\\\/\\\/lacolombeplus.net\\\/\"},{\"@type\":\"ListItem\",\"position\":2,\"name\":\"SITHO 2026 : le Burkina Faso lance officiellement les pr\u00e9paratifs de la 16e \u00e9dition\"}]},{\"@type\":\"WebSite\",\"@id\":\"https:\\\/\\\/lacolombeplus.net\\\/#website\",\"url\":\"https:\\\/\\\/lacolombeplus.net\\\/\",\"name\":\"Lacolombeplus\",\"description\":\"\",\"publisher\":{\"@id\":\"https:\\\/\\\/lacolombeplus.net\\\/#organization\"},\"potentialAction\":[{\"@type\":\"SearchAction\",\"target\":{\"@type\":\"EntryPoint\",\"urlTemplate\":\"https:\\\/\\\/lacolombeplus.net\\\/?s={search_term_string}\"},\"query-input\":{\"@type\":\"PropertyValueSpecification\",\"valueRequired\":true,\"valueName\":\"search_term_string\"}}],\"inLanguage\":\"fr-FR\"},{\"@type\":\"Organization\",\"@id\":\"https:\\\/\\\/lacolombeplus.net\\\/#organization\",\"name\":\"lacolombeplus.net\",\"url\":\"https:\\\/\\\/lacolombeplus.net\\\/\",\"logo\":{\"@type\":\"ImageObject\",\"inLanguage\":\"fr-FR\",\"@id\":\"https:\\\/\\\/lacolombeplus.net\\\/#\\\/schema\\\/logo\\\/image\\\/\",\"url\":\"https:\\\/\\\/lacolombeplus.net\\\/wp-content\\\/uploads\\\/2026\\\/04\\\/a84391f3-a521-4177-867d-b9aaa3066b88.png\",\"contentUrl\":\"https:\\\/\\\/lacolombeplus.net\\\/wp-content\\\/uploads\\\/2026\\\/04\\\/a84391f3-a521-4177-867d-b9aaa3066b88.png\",\"width\":1045,\"height\":1505,\"caption\":\"lacolombeplus.net\"},\"image\":{\"@id\":\"https:\\\/\\\/lacolombeplus.net\\\/#\\\/schema\\\/logo\\\/image\\\/\"},\"sameAs\":[\"https:\\\/\\\/web.facebook.com\\\/profile.php?id=61589477078953\"]},{\"@type\":\"Person\",\"@id\":\"https:\\\/\\\/lacolombeplus.net\\\/#\\\/schema\\\/person\\\/1a433b3fa6e8f9696f18ece67a69915c\",\"name\":\"Dramane FAYAMA\",\"image\":{\"@type\":\"ImageObject\",\"inLanguage\":\"fr-FR\",\"@id\":\"https:\\\/\\\/secure.gravatar.com\\\/avatar\\\/6ae061b9c102ae93ffb7a4076195d78ace54801f91540899a6e8aacf91eacff8?s=96&d=mm&r=g\",\"url\":\"https:\\\/\\\/secure.gravatar.com\\\/avatar\\\/6ae061b9c102ae93ffb7a4076195d78ace54801f91540899a6e8aacf91eacff8?s=96&d=mm&r=g\",\"contentUrl\":\"https:\\\/\\\/secure.gravatar.com\\\/avatar\\\/6ae061b9c102ae93ffb7a4076195d78ace54801f91540899a6e8aacf91eacff8?s=96&d=mm&r=g\",\"caption\":\"Dramane FAYAMA\"},\"url\":\"https:\\\/\\\/lacolombeplus.net\\\/index.php\\\/author\\\/dramane\\\/\"}]}<\/script>\n<!-- \/ Yoast SEO plugin. -->","yoast_head_json":{"title":"SITHO 2026 : le Burkina Faso lance officiellement les pr\u00e9paratifs de la 16e \u00e9dition - WordPress","robots":{"index":"index","follow":"follow","max-snippet":"max-snippet:-1","max-image-preview":"max-image-preview:large","max-video-preview":"max-video-preview:-1"},"canonical":"https:\/\/lacolombeplus.net\/index.php\/2026\/08\/06\/sitho-2026-le-burkina-faso-lance-officiellement-les-preparatifs-de-la-16e-edition\/","og_locale":"fr_FR","og_type":"article","og_title":"SITHO 2026 : le Burkina Faso lance officiellement les pr\u00e9paratifs de la 16e \u00e9dition - WordPress","og_description":"Le minist\u00e8re de la Communication, de la Culture, des Arts et du Tourisme a officiellement lanc\u00e9, ce jeudi 6 ao\u00fbt 2026 \u00e0 Ouagadougou, les pr\u00e9paratifs de la 16\u1d49 \u00e9dition du Salon international du tourisme et de l&rsquo;h\u00f4tellerie de Ouagadougou (SITHO). Rendez-vous du 22 au 27 septembre 2026 au Parc d&rsquo;exposition du SIAO, l&rsquo;\u00e9v\u00e9nement se tiendra...","og_url":"https:\/\/lacolombeplus.net\/index.php\/2026\/08\/06\/sitho-2026-le-burkina-faso-lance-officiellement-les-preparatifs-de-la-16e-edition\/","og_site_name":"WordPress","article_publisher":"https:\/\/web.facebook.com\/profile.php?id=61589477078953","article_published_time":"2026-08-06T17:04:36+00:00","og_image":[{"width":1600,"height":1200,"url":"http:\/\/lacolombeplus.net\/wp-content\/uploads\/2026\/08\/WhatsApp-Image-2026-08-06-at-16.50.00-3.webp","type":"image\/webp"}],"author":"Dramane FAYAMA","twitter_card":"summary_large_image","twitter_misc":{"\u00c9crit par":"Dramane FAYAMA","Dur\u00e9e de lecture estim\u00e9e":"5 minutes"},"schema":{"@context":"https:\/\/schema.org","@graph":[{"@type":"Article","@id":"https:\/\/lacolombeplus.net\/index.php\/2026\/08\/06\/sitho-2026-le-burkina-faso-lance-officiellement-les-preparatifs-de-la-16e-edition\/#article","isPartOf":{"@id":"https:\/\/lacolombeplus.net\/index.php\/2026\/08\/06\/sitho-2026-le-burkina-faso-lance-officiellement-les-preparatifs-de-la-16e-edition\/"},"author":{"name":"Dramane FAYAMA","@id":"https:\/\/lacolombeplus.net\/#\/schema\/person\/1a433b3fa6e8f9696f18ece67a69915c"},"headline":"SITHO 2026 : le Burkina Faso lance officiellement les pr\u00e9paratifs de la 16e \u00e9dition","datePublished":"2026-08-06T17:04:36+00:00","mainEntityOfPage":{"@id":"https:\/\/lacolombeplus.net\/index.php\/2026\/08\/06\/sitho-2026-le-burkina-faso-lance-officiellement-les-preparatifs-de-la-16e-edition\/"},"wordCount":752,"commentCount":0,"publisher":{"@id":"https:\/\/lacolombeplus.net\/#organization"},"image":{"@id":"https:\/\/lacolombeplus.net\/index.php\/2026\/08\/06\/sitho-2026-le-burkina-faso-lance-officiellement-les-preparatifs-de-la-16e-edition\/#primaryimage"},"thumbnailUrl":"https:\/\/lacolombeplus.net\/wp-content\/uploads\/2026\/08\/WhatsApp-Image-2026-08-06-at-16.50.00-3.webp","articleSection":["A la Une","D\u00e9veloppement","Soci\u00e9t\u00e9"],"inLanguage":"fr-FR","potentialAction":[{"@type":"CommentAction","name":"Comment","target":["https:\/\/lacolombeplus.net\/index.php\/2026\/08\/06\/sitho-2026-le-burkina-faso-lance-officiellement-les-preparatifs-de-la-16e-edition\/#respond"]}]},{"@type":"WebPage","@id":"https:\/\/lacolombeplus.net\/index.php\/2026\/08\/06\/sitho-2026-le-burkina-faso-lance-officiellement-les-preparatifs-de-la-16e-edition\/","url":"https:\/\/lacolombeplus.net\/index.php\/2026\/08\/06\/sitho-2026-le-burkina-faso-lance-officiellement-les-preparatifs-de-la-16e-edition\/","name":"SITHO 2026 : le Burkina Faso lance officiellement les pr\u00e9paratifs de la 16e \u00e9dition - WordPress","isPartOf":{"@id":"https:\/\/lacolombeplus.net\/#website"},"primaryImageOfPage":{"@id":"https:\/\/lacolombeplus.net\/index.php\/2026\/08\/06\/sitho-2026-le-burkina-faso-lance-officiellement-les-preparatifs-de-la-16e-edition\/#primaryimage"},"image":{"@id":"https:\/\/lacolombeplus.net\/index.php\/2026\/08\/06\/sitho-2026-le-burkina-faso-lance-officiellement-les-preparatifs-de-la-16e-edition\/#primaryimage"},"thumbnailUrl":"https:\/\/lacolombeplus.net\/wp-content\/uploads\/2026\/08\/WhatsApp-Image-2026-08-06-at-16.50.00-3.webp","datePublished":"2026-08-06T17:04:36+00:00","breadcrumb":{"@id":"https:\/\/lacolombeplus.net\/index.php\/2026\/08\/06\/sitho-2026-le-burkina-faso-lance-officiellement-les-preparatifs-de-la-16e-edition\/#breadcrumb"},"inLanguage":"fr-FR","potentialAction":[{"@type":"ReadAction","target":["https:\/\/lacolombeplus.net\/index.php\/2026\/08\/06\/sitho-2026-le-burkina-faso-lance-officiellement-les-preparatifs-de-la-16e-edition\/"]}]},{"@type":"ImageObject","inLanguage":"fr-FR","@id":"https:\/\/lacolombeplus.net\/index.php\/2026\/08\/06\/sitho-2026-le-burkina-faso-lance-officiellement-les-preparatifs-de-la-16e-edition\/#primaryimage","url":"https:\/\/lacolombeplus.net\/wp-content\/uploads\/2026\/08\/WhatsApp-Image-2026-08-06-at-16.50.00-3.webp","contentUrl":"https:\/\/lacolombeplus.net\/wp-content\/uploads\/2026\/08\/WhatsApp-Image-2026-08-06-at-16.50.00-3.webp","width":1600,"height":1200},{"@type":"BreadcrumbList","@id":"https:\/\/lacolombeplus.net\/index.php\/2026\/08\/06\/sitho-2026-le-burkina-faso-lance-officiellement-les-preparatifs-de-la-16e-edition\/#breadcrumb","itemListElement":[{"@type":"ListItem","position":1,"name":"Accueil","item":"https:\/\/lacolombeplus.net\/"},{"@type":"ListItem","position":2,"name":"SITHO 2026 : le Burkina Faso lance officiellement les pr\u00e9paratifs de la 16e \u00e9dition"}]},{"@type":"WebSite","@id":"https:\/\/lacolombeplus.net\/#website","url":"https:\/\/lacolombeplus.net\/","name":"Lacolombeplus","description":"","publisher":{"@id":"https:\/\/lacolombeplus.net\/#organization"},"potentialAction":[{"@type":"SearchAction","target":{"@type":"EntryPoint","urlTemplate":"https:\/\/lacolombeplus.net\/?s={search_term_string}"},"query-input":{"@type":"PropertyValueSpecification","valueRequired":true,"valueName":"search_term_string"}}],"inLanguage":"fr-FR"},{"@type":"Organization","@id":"https:\/\/lacolombeplus.net\/#organization","name":"lacolombeplus.net","url":"https:\/\/lacolombeplus.net\/","logo":{"@type":"ImageObject","inLanguage":"fr-FR","@id":"https:\/\/lacolombeplus.net\/#\/schema\/logo\/image\/","url":"https:\/\/lacolombeplus.net\/wp-content\/uploads\/2026\/04\/a84391f3-a521-4177-867d-b9aaa3066b88.png","contentUrl":"https:\/\/lacolombeplus.net\/wp-content\/uploads\/2026\/04\/a84391f3-a521-4177-867d-b9aaa3066b88.png","width":1045,"height":1505,"caption":"lacolombeplus.net"},"image":{"@id":"https:\/\/lacolombeplus.net\/#\/schema\/logo\/image\/"},"sameAs":["https:\/\/web.facebook.com\/profile.php?id=61589477078953"]},{"@type":"Person","@id":"https:\/\/lacolombeplus.net\/#\/schema\/person\/1a433b3fa6e8f9696f18ece67a69915c","name":"Dramane FAYAMA","image":{"@type":"ImageObject","inLanguage":"fr-FR","@id":"https:\/\/secure.gravatar.com\/avatar\/6ae061b9c102ae93ffb7a4076195d78ace54801f91540899a6e8aacf91eacff8?s=96&d=mm&r=g","url":"https:\/\/secure.gravatar.com\/avatar\/6ae061b9c102ae93ffb7a4076195d78ace54801f91540899a6e8aacf91eacff8?s=96&d=mm&r=g","contentUrl":"https:\/\/secure.gravatar.com\/avatar\/6ae061b9c102ae93ffb7a4076195d78ace54801f91540899a6e8aacf91eacff8?s=96&d=mm&r=g","caption":"Dramane FAYAMA"},"url":"https:\/\/lacolombeplus.net\/index.php\/author\/dramane\/"}]}},"jetpack_featured_media_url":"https:\/\/lacolombeplus.net\/wp-content\/uploads\/2026\/08\/WhatsApp-Image-2026-08-06-at-16.50.00-3.webp","jetpack_sharing_enabled":true,"_links":{"self":[{"href":"https:\/\/lacolombeplus.net\/index.php\/wp-json\/wp\/v2\/posts\/38830","targetHints":{"allow":["GET"]}}],"collection":[{"href":"https:\/\/lacolombeplus.net\/index.php\/wp-json\/wp\/v2\/posts"}],"about":[{"href":"https:\/\/lacolombeplus.net\/index.php\/wp-json\/wp\/v2\/types\/post"}],"author":[{"embeddable":true,"href":"https:\/\/lacolombeplus.net\/index.php\/wp-json\/wp\/v2\/users\/6"}],"replies":[{"embeddable":true,"href":"https:\/\/lacolombeplus.net\/index.php\/wp-json\/wp\/v2\/comments?post=38830"}],"version-history":[{"count":2,"href":"https:\/\/lacolombeplus.net\/index.php\/wp-json\/wp\/v2\/posts\/38830\/revisions"}],"predecessor-version":[{"id":38836,"href":"https:\/\/lacolombeplus.net\/index.php\/wp-json\/wp\/v2\/posts\/38830\/revisions\/38836"}],"wp:featuredmedia":[{"embeddable":true,"href":"https:\/\/lacolombeplus.net\/index.php\/wp-json\/wp\/v2\/media\/38831"}],"wp:attachment":[{"href":"https:\/\/lacolombeplus.net\/index.php\/wp-json\/wp\/v2\/media?parent=38830"}],"wp:term":[{"taxonomy":"category","embeddable":true,"href":"https:\/\/lacolombeplus.net\/index.php\/wp-json\/wp\/v2\/categories?post=38830"},{"taxonomy":"post_tag","embeddable":true,"href":"https:\/\/lacolombeplus.net\/index.php\/wp-json\/wp\/v2\/tags?post=38830"}],"curies":[{"name":"wp","href":"https:\/\/api.w.org\/{rel}","templated":true}]}}