{"id":38821,"date":"2026-08-05T15:49:20","date_gmt":"2026-08-05T15:49:20","guid":{"rendered":"https:\/\/lacolombeplus.net\/?p=38821"},"modified":"2026-08-05T16:22:23","modified_gmt":"2026-08-05T16:22:23","slug":"prestation-de-serment-a-la-cour-dappel-de-bamako-fako-soma-franchit-le-cap-et-sengage-au-service-de-la-justice","status":"publish","type":"post","link":"https:\/\/lacolombeplus.net\/index.php\/2026\/08\/05\/prestation-de-serment-a-la-cour-dappel-de-bamako-fako-soma-franchit-le-cap-et-sengage-au-service-de-la-justice\/","title":{"rendered":"Prestation de serment \u00e0 la Cour d\u2019appel de Bamako : Fako SOMA franchit le cap et s&rsquo;engage au service de la Justice"},"content":{"rendered":"<h2>Bamako, le 03 ao\u00fbt 2026 \u2014 Une page majeure s\u2019est ouverte pour le Barreau du Mali et la profession d&rsquo;avocat dans l&rsquo;espace UEMOA. Dans la solennit\u00e9 de l&rsquo;audience de la Cour d\u2019appel de Bamako, 34 nouveaux avocats stagiaires ont officiellement pr\u00eat\u00e9 serment, marquant leur entr\u00e9e formelle dans la profession. Parmi ces nouveaux d\u00e9fenseurs du droit, Fako SOMA s&rsquo;est distingu\u00e9 par un engagement solennel, promettant d&rsquo;exercer avec honneur, ind\u00e9pendance, probit\u00e9, d\u00e9licatesse, loyaut\u00e9 et dignit\u00e9, dans le respect des r\u00e8gles de son Ordre.<\/h2>\n<p style=\"text-align: center;\"><strong>Une c\u00e9r\u00e9monie d&rsquo;envergure sous le sceau de l&rsquo;excellence judiciaire<\/strong><\/p>\n<p>Plac\u00e9e sous le haut patronage des plus hautes autorit\u00e9s judiciaires du pays, la c\u00e9r\u00e9monie s&rsquo;est d\u00e9roul\u00e9e en pr\u00e9sence du ministre de la Justice et des Droits de l\u2019Homme, garde des Sceaux, Mamadou Kassogu\u00e9. \u00c9taient \u00e9galement r\u00e9unis les membres du Conseil de l\u2019Ordre des avocats, de hauts magistrats, ainsi que les familles et proches des imp\u00e9trants.<\/p>\n<p>Cette prestation de serment s\u2019inscrit dans le cadre de l\u2019application stricte de l\u2019article 24 du r\u00e8glement n\u00b005 de l&rsquo;UEMOA, relatif \u00e0 l\u2019harmonisation des r\u00e8gles r\u00e9gissant la profession d\u2019avocat dans l&rsquo;espace communautaire UEMOA. En pr\u00eatant serment, la promotion des 34 nouveaux avocats stagiaires, premi\u00e8re promotion du Centre de Formation Professionnelle des Avocats (CFPA-MALI), s&rsquo;incorpore pleinement dans cette dynamique d&rsquo;int\u00e9gration juridique.<\/p>\n<figure id=\"attachment_38822\" aria-describedby=\"caption-attachment-38822\" style=\"width: 507px\" class=\"wp-caption alignleft\"><img fetchpriority=\"high\" decoding=\"async\" class=\"wp-image-38822\" src=\"http:\/\/lacolombeplus.net\/wp-content\/uploads\/2026\/08\/8ae1214e-3495-4556-a6dd-81e1acb89905.webp\" alt=\"\" width=\"507\" height=\"760\" srcset=\"https:\/\/lacolombeplus.net\/wp-content\/uploads\/2026\/08\/8ae1214e-3495-4556-a6dd-81e1acb89905.webp 683w, https:\/\/lacolombeplus.net\/wp-content\/uploads\/2026\/08\/8ae1214e-3495-4556-a6dd-81e1acb89905-200x300.webp 200w\" sizes=\"(max-width: 507px) 100vw, 507px\" \/><figcaption id=\"caption-attachment-38822\" class=\"wp-caption-text\">Fako SOMA\u00a0 \u00ab Je veux ici exprimer ma gratitude profonde et sinc\u00e8re \u00e0 ceux qui ont rendu possible ce parcours \u00bb.<\/figcaption><\/figure>\n<p>Pour Fako SOMA, cet instant solennel d\u00e9passe la simple formalit\u00e9 administrative : il s&rsquo;agit d&rsquo;un v\u00e9ritable pacte moral envers la soci\u00e9t\u00e9 et les institutions r\u00e9publicaines. \u00ab <em>En ce moment charg\u00e9 de sens, je mesure la port\u00e9e du serment : fid\u00e9lit\u00e9 \u00e0 la loi, respect des droits, loyaut\u00e9 envers mes clients et d\u00e9fense intransigeante de la justice. Que ces mots, porteurs d\u2019\u00e9thique et d\u2019honneur, guident chacun de mes actes et \u00e9clairent ma pratique au service du droit et de la dignit\u00e9 humaine. \u00bb<\/em> A -t-il martel\u00e9.<\/p>\n<p>\u00c0 travers cette d\u00e9claration, le nouvel avocat stagiaire r\u00e9affirme sa volont\u00e9 de faire de la justice une ligne de conduite in\u00e9branlable face aux d\u00e9fis juridiques et judiciaires contemporains.<\/p>\n<p style=\"text-align: center;\"><strong>Hommage et gratitude : Le soutien des proches au c\u0153ur du parcours<\/strong><\/p>\n<p style=\"text-align: left;\">Conscient du chemin parcouru pour atteindre ce barreau, Fako SOMA a tenu \u00e0 exprimer sa profonde gratitude \u00e0 l&rsquo;ensemble de ceux qui ont soutenu ses ann\u00e9es de formation et de pers\u00e9v\u00e9rance. Il a ainsi rendu un vibrant hommage \u00e0 ses parents pour leurs sacrifices silencieux et leur confiance in\u00e9branlable, \u00e0 son \u00e9pouse pour sa patience, son amour et sa force, ainsi qu&rsquo;\u00e0 ses enfants, v\u00e9ritables sources d&rsquo;inspiration au quotidien. Ses remerciements se sont \u00e9galement adress\u00e9s \u00e0 ses fr\u00e8res, ses amis et ses proches pour leur pr\u00e9sence constante et leurs encouragements, sans oublier son ma\u00eetre de stage, salu\u00e9 pour sa transmission g\u00e9n\u00e9reuse du savoir, ses conseils exigeants et son exemple professionnel accompli.<\/p>\n<p style=\"text-align: center;\"><strong>Une vision d&rsquo;avenir pour la d\u00e9fense du droit<\/strong><\/p>\n<p>En int\u00e9grant le Barreau Malien, Me Fako SOMA entend porter haut les valeurs fondamentales de la profession d&rsquo;avocat.<\/p>\n<p>C&rsquo;est avec humilit\u00e9 et d\u00e9termination qu&rsquo;il entame cette nouvelle \u00e9tape de sa carri\u00e8re, guid\u00e9 par la volont\u00e9 d&rsquo;offrir une d\u00e9fense \u00e9quitable et accessible \u00e0 tous.<\/p>\n<p style=\"text-align: left;\">Puisse cette nouvelle \u00e9tape marquer le d\u00e9but d&rsquo;une carri\u00e8re f\u00e9conde, o\u00f9 la justice demeurera l&rsquo;\u00e9toile polaire de chacun de ses actes<\/p>\n<p style=\"text-align: right;\"><strong>Dramane FAYAMA<\/strong><\/p>\n","protected":false},"excerpt":{"rendered":"<p>Bamako, le 03 ao\u00fbt 2026 \u2014 Une page majeure s\u2019est ouverte pour le Barreau du Mali et la profession d&rsquo;avocat dans l&rsquo;espace UEMOA. Dans la solennit\u00e9 de l&rsquo;audience de la Cour d\u2019appel de Bamako, 34 nouveaux avocats stagiaires ont officiellement pr\u00eat\u00e9 serment, marquant leur entr\u00e9e formelle dans la profession. Parmi ces nouveaux d\u00e9fenseurs du droit,&#8230;<\/p>\n","protected":false},"author":6,"featured_media":38823,"comment_status":"open","ping_status":"open","sticky":false,"template":"","format":"standard","meta":{"_jetpack_newsletter_access":"","_jetpack_dont_email_post_to_subs":false,"_jetpack_newsletter_tier_id":0,"_jetpack_memberships_contains_paywalled_content":false,"_jetpack_feature_clip_id":0,"_jetpack_memberships_contains_paid_content":false,"footnotes":"","jetpack_post_was_ever_published":false},"categories":[2,4],"tags":[306,305],"class_list":["post-38821","post","type-post","status-publish","format-standard","has-post-thumbnail","hentry","category-a-la-une","category-societe","tag-bamako","tag-uemoa"],"yoast_head":"<!-- This site is optimized with the Yoast SEO plugin v28.3 - https:\/\/yoast.com\/product\/yoast-seo-wordpress\/ -->\n<title>Prestation de serment \u00e0 la Cour d\u2019appel de Bamako : Fako SOMA franchit le cap et s&#039;engage au service de la Justice - WordPress<\/title>\n<meta name=\"robots\" content=\"index, follow, max-snippet:-1, max-image-preview:large, max-video-preview:-1\" \/>\n<link rel=\"canonical\" href=\"https:\/\/lacolombeplus.net\/index.php\/2026\/08\/05\/prestation-de-serment-a-la-cour-dappel-de-bamako-fako-soma-franchit-le-cap-et-sengage-au-service-de-la-justice\/\" \/>\n<meta property=\"og:locale\" content=\"fr_FR\" \/>\n<meta property=\"og:type\" content=\"article\" \/>\n<meta property=\"og:title\" content=\"Prestation de serment \u00e0 la Cour d\u2019appel de Bamako : Fako SOMA franchit le cap et s&#039;engage au service de la Justice - WordPress\" \/>\n<meta property=\"og:description\" content=\"Bamako, le 03 ao\u00fbt 2026 \u2014 Une page majeure s\u2019est ouverte pour le Barreau du Mali et la profession d&rsquo;avocat dans l&rsquo;espace UEMOA. Dans la solennit\u00e9 de l&rsquo;audience de la Cour d\u2019appel de Bamako, 34 nouveaux avocats stagiaires ont officiellement pr\u00eat\u00e9 serment, marquant leur entr\u00e9e formelle dans la profession. Parmi ces nouveaux d\u00e9fenseurs du droit,...\" \/>\n<meta property=\"og:url\" content=\"https:\/\/lacolombeplus.net\/index.php\/2026\/08\/05\/prestation-de-serment-a-la-cour-dappel-de-bamako-fako-soma-franchit-le-cap-et-sengage-au-service-de-la-justice\/\" \/>\n<meta property=\"og:site_name\" content=\"WordPress\" \/>\n<meta property=\"article:publisher\" content=\"https:\/\/web.facebook.com\/profile.php?id=61589477078953\" \/>\n<meta property=\"article:published_time\" content=\"2026-08-05T15:49:20+00:00\" \/>\n<meta property=\"article:modified_time\" content=\"2026-08-05T16:22:23+00:00\" \/>\n<meta property=\"og:image\" content=\"http:\/\/lacolombeplus.net\/wp-content\/uploads\/2026\/08\/d3c4b2fe-5f1b-49f2-a5a4-dbf33d9f7c96.webp\" \/>\n\t<meta property=\"og:image:width\" content=\"863\" \/>\n\t<meta property=\"og:image:height\" content=\"1080\" \/>\n\t<meta property=\"og:image:type\" content=\"image\/webp\" \/>\n<meta name=\"author\" content=\"Dramane FAYAMA\" \/>\n<meta name=\"twitter:card\" content=\"summary_large_image\" \/>\n<meta name=\"twitter:label1\" content=\"\u00c9crit par\" \/>\n\t<meta name=\"twitter:data1\" content=\"Dramane FAYAMA\" \/>\n\t<meta name=\"twitter:label2\" content=\"Dur\u00e9e de lecture estim\u00e9e\" \/>\n\t<meta name=\"twitter:data2\" content=\"4 minutes\" \/>\n<script type=\"application\/ld+json\" class=\"yoast-schema-graph\">{\"@context\":\"https:\\\/\\\/schema.org\",\"@graph\":[{\"@type\":\"Article\",\"@id\":\"https:\\\/\\\/lacolombeplus.net\\\/index.php\\\/2026\\\/08\\\/05\\\/prestation-de-serment-a-la-cour-dappel-de-bamako-fako-soma-franchit-le-cap-et-sengage-au-service-de-la-justice\\\/#article\",\"isPartOf\":{\"@id\":\"https:\\\/\\\/lacolombeplus.net\\\/index.php\\\/2026\\\/08\\\/05\\\/prestation-de-serment-a-la-cour-dappel-de-bamako-fako-soma-franchit-le-cap-et-sengage-au-service-de-la-justice\\\/\"},\"author\":{\"name\":\"Dramane FAYAMA\",\"@id\":\"https:\\\/\\\/lacolombeplus.net\\\/#\\\/schema\\\/person\\\/1a433b3fa6e8f9696f18ece67a69915c\"},\"headline\":\"Prestation de serment \u00e0 la Cour d\u2019appel de Bamako : Fako SOMA franchit le cap et s&rsquo;engage au service de la Justice\",\"datePublished\":\"2026-08-05T15:49:20+00:00\",\"dateModified\":\"2026-08-05T16:22:23+00:00\",\"mainEntityOfPage\":{\"@id\":\"https:\\\/\\\/lacolombeplus.net\\\/index.php\\\/2026\\\/08\\\/05\\\/prestation-de-serment-a-la-cour-dappel-de-bamako-fako-soma-franchit-le-cap-et-sengage-au-service-de-la-justice\\\/\"},\"wordCount\":631,\"commentCount\":0,\"publisher\":{\"@id\":\"https:\\\/\\\/lacolombeplus.net\\\/#organization\"},\"image\":{\"@id\":\"https:\\\/\\\/lacolombeplus.net\\\/index.php\\\/2026\\\/08\\\/05\\\/prestation-de-serment-a-la-cour-dappel-de-bamako-fako-soma-franchit-le-cap-et-sengage-au-service-de-la-justice\\\/#primaryimage\"},\"thumbnailUrl\":\"https:\\\/\\\/lacolombeplus.net\\\/wp-content\\\/uploads\\\/2026\\\/08\\\/d3c4b2fe-5f1b-49f2-a5a4-dbf33d9f7c96.webp\",\"keywords\":[\"Bamako\",\"UEMOA\"],\"articleSection\":[\"A la Une\",\"Soci\u00e9t\u00e9\"],\"inLanguage\":\"fr-FR\",\"potentialAction\":[{\"@type\":\"CommentAction\",\"name\":\"Comment\",\"target\":[\"https:\\\/\\\/lacolombeplus.net\\\/index.php\\\/2026\\\/08\\\/05\\\/prestation-de-serment-a-la-cour-dappel-de-bamako-fako-soma-franchit-le-cap-et-sengage-au-service-de-la-justice\\\/#respond\"]}]},{\"@type\":\"WebPage\",\"@id\":\"https:\\\/\\\/lacolombeplus.net\\\/index.php\\\/2026\\\/08\\\/05\\\/prestation-de-serment-a-la-cour-dappel-de-bamako-fako-soma-franchit-le-cap-et-sengage-au-service-de-la-justice\\\/\",\"url\":\"https:\\\/\\\/lacolombeplus.net\\\/index.php\\\/2026\\\/08\\\/05\\\/prestation-de-serment-a-la-cour-dappel-de-bamako-fako-soma-franchit-le-cap-et-sengage-au-service-de-la-justice\\\/\",\"name\":\"Prestation de serment \u00e0 la Cour d\u2019appel de Bamako : Fako SOMA franchit le cap et s'engage au service de la Justice - WordPress\",\"isPartOf\":{\"@id\":\"https:\\\/\\\/lacolombeplus.net\\\/#website\"},\"primaryImageOfPage\":{\"@id\":\"https:\\\/\\\/lacolombeplus.net\\\/index.php\\\/2026\\\/08\\\/05\\\/prestation-de-serment-a-la-cour-dappel-de-bamako-fako-soma-franchit-le-cap-et-sengage-au-service-de-la-justice\\\/#primaryimage\"},\"image\":{\"@id\":\"https:\\\/\\\/lacolombeplus.net\\\/index.php\\\/2026\\\/08\\\/05\\\/prestation-de-serment-a-la-cour-dappel-de-bamako-fako-soma-franchit-le-cap-et-sengage-au-service-de-la-justice\\\/#primaryimage\"},\"thumbnailUrl\":\"https:\\\/\\\/lacolombeplus.net\\\/wp-content\\\/uploads\\\/2026\\\/08\\\/d3c4b2fe-5f1b-49f2-a5a4-dbf33d9f7c96.webp\",\"datePublished\":\"2026-08-05T15:49:20+00:00\",\"dateModified\":\"2026-08-05T16:22:23+00:00\",\"breadcrumb\":{\"@id\":\"https:\\\/\\\/lacolombeplus.net\\\/index.php\\\/2026\\\/08\\\/05\\\/prestation-de-serment-a-la-cour-dappel-de-bamako-fako-soma-franchit-le-cap-et-sengage-au-service-de-la-justice\\\/#breadcrumb\"},\"inLanguage\":\"fr-FR\",\"potentialAction\":[{\"@type\":\"ReadAction\",\"target\":[\"https:\\\/\\\/lacolombeplus.net\\\/index.php\\\/2026\\\/08\\\/05\\\/prestation-de-serment-a-la-cour-dappel-de-bamako-fako-soma-franchit-le-cap-et-sengage-au-service-de-la-justice\\\/\"]}]},{\"@type\":\"ImageObject\",\"inLanguage\":\"fr-FR\",\"@id\":\"https:\\\/\\\/lacolombeplus.net\\\/index.php\\\/2026\\\/08\\\/05\\\/prestation-de-serment-a-la-cour-dappel-de-bamako-fako-soma-franchit-le-cap-et-sengage-au-service-de-la-justice\\\/#primaryimage\",\"url\":\"https:\\\/\\\/lacolombeplus.net\\\/wp-content\\\/uploads\\\/2026\\\/08\\\/d3c4b2fe-5f1b-49f2-a5a4-dbf33d9f7c96.webp\",\"contentUrl\":\"https:\\\/\\\/lacolombeplus.net\\\/wp-content\\\/uploads\\\/2026\\\/08\\\/d3c4b2fe-5f1b-49f2-a5a4-dbf33d9f7c96.webp\",\"width\":863,\"height\":1080},{\"@type\":\"BreadcrumbList\",\"@id\":\"https:\\\/\\\/lacolombeplus.net\\\/index.php\\\/2026\\\/08\\\/05\\\/prestation-de-serment-a-la-cour-dappel-de-bamako-fako-soma-franchit-le-cap-et-sengage-au-service-de-la-justice\\\/#breadcrumb\",\"itemListElement\":[{\"@type\":\"ListItem\",\"position\":1,\"name\":\"Accueil\",\"item\":\"https:\\\/\\\/lacolombeplus.net\\\/\"},{\"@type\":\"ListItem\",\"position\":2,\"name\":\"Prestation de serment \u00e0 la Cour d\u2019appel de Bamako : Fako SOMA franchit le cap et s&rsquo;engage au service de la Justice\"}]},{\"@type\":\"WebSite\",\"@id\":\"https:\\\/\\\/lacolombeplus.net\\\/#website\",\"url\":\"https:\\\/\\\/lacolombeplus.net\\\/\",\"name\":\"Lacolombeplus\",\"description\":\"\",\"publisher\":{\"@id\":\"https:\\\/\\\/lacolombeplus.net\\\/#organization\"},\"potentialAction\":[{\"@type\":\"SearchAction\",\"target\":{\"@type\":\"EntryPoint\",\"urlTemplate\":\"https:\\\/\\\/lacolombeplus.net\\\/?s={search_term_string}\"},\"query-input\":{\"@type\":\"PropertyValueSpecification\",\"valueRequired\":true,\"valueName\":\"search_term_string\"}}],\"inLanguage\":\"fr-FR\"},{\"@type\":\"Organization\",\"@id\":\"https:\\\/\\\/lacolombeplus.net\\\/#organization\",\"name\":\"lacolombeplus.net\",\"url\":\"https:\\\/\\\/lacolombeplus.net\\\/\",\"logo\":{\"@type\":\"ImageObject\",\"inLanguage\":\"fr-FR\",\"@id\":\"https:\\\/\\\/lacolombeplus.net\\\/#\\\/schema\\\/logo\\\/image\\\/\",\"url\":\"https:\\\/\\\/lacolombeplus.net\\\/wp-content\\\/uploads\\\/2026\\\/04\\\/a84391f3-a521-4177-867d-b9aaa3066b88.png\",\"contentUrl\":\"https:\\\/\\\/lacolombeplus.net\\\/wp-content\\\/uploads\\\/2026\\\/04\\\/a84391f3-a521-4177-867d-b9aaa3066b88.png\",\"width\":1045,\"height\":1505,\"caption\":\"lacolombeplus.net\"},\"image\":{\"@id\":\"https:\\\/\\\/lacolombeplus.net\\\/#\\\/schema\\\/logo\\\/image\\\/\"},\"sameAs\":[\"https:\\\/\\\/web.facebook.com\\\/profile.php?id=61589477078953\"]},{\"@type\":\"Person\",\"@id\":\"https:\\\/\\\/lacolombeplus.net\\\/#\\\/schema\\\/person\\\/1a433b3fa6e8f9696f18ece67a69915c\",\"name\":\"Dramane FAYAMA\",\"image\":{\"@type\":\"ImageObject\",\"inLanguage\":\"fr-FR\",\"@id\":\"https:\\\/\\\/secure.gravatar.com\\\/avatar\\\/6ae061b9c102ae93ffb7a4076195d78ace54801f91540899a6e8aacf91eacff8?s=96&d=mm&r=g\",\"url\":\"https:\\\/\\\/secure.gravatar.com\\\/avatar\\\/6ae061b9c102ae93ffb7a4076195d78ace54801f91540899a6e8aacf91eacff8?s=96&d=mm&r=g\",\"contentUrl\":\"https:\\\/\\\/secure.gravatar.com\\\/avatar\\\/6ae061b9c102ae93ffb7a4076195d78ace54801f91540899a6e8aacf91eacff8?s=96&d=mm&r=g\",\"caption\":\"Dramane FAYAMA\"},\"url\":\"https:\\\/\\\/lacolombeplus.net\\\/index.php\\\/author\\\/dramane\\\/\"}]}<\/script>\n<!-- \/ Yoast SEO plugin. -->","yoast_head_json":{"title":"Prestation de serment \u00e0 la Cour d\u2019appel de Bamako : Fako SOMA franchit le cap et s'engage au service de la Justice - WordPress","robots":{"index":"index","follow":"follow","max-snippet":"max-snippet:-1","max-image-preview":"max-image-preview:large","max-video-preview":"max-video-preview:-1"},"canonical":"https:\/\/lacolombeplus.net\/index.php\/2026\/08\/05\/prestation-de-serment-a-la-cour-dappel-de-bamako-fako-soma-franchit-le-cap-et-sengage-au-service-de-la-justice\/","og_locale":"fr_FR","og_type":"article","og_title":"Prestation de serment \u00e0 la Cour d\u2019appel de Bamako : Fako SOMA franchit le cap et s'engage au service de la Justice - WordPress","og_description":"Bamako, le 03 ao\u00fbt 2026 \u2014 Une page majeure s\u2019est ouverte pour le Barreau du Mali et la profession d&rsquo;avocat dans l&rsquo;espace UEMOA. Dans la solennit\u00e9 de l&rsquo;audience de la Cour d\u2019appel de Bamako, 34 nouveaux avocats stagiaires ont officiellement pr\u00eat\u00e9 serment, marquant leur entr\u00e9e formelle dans la profession. Parmi ces nouveaux d\u00e9fenseurs du droit,...","og_url":"https:\/\/lacolombeplus.net\/index.php\/2026\/08\/05\/prestation-de-serment-a-la-cour-dappel-de-bamako-fako-soma-franchit-le-cap-et-sengage-au-service-de-la-justice\/","og_site_name":"WordPress","article_publisher":"https:\/\/web.facebook.com\/profile.php?id=61589477078953","article_published_time":"2026-08-05T15:49:20+00:00","article_modified_time":"2026-08-05T16:22:23+00:00","og_image":[{"width":863,"height":1080,"url":"http:\/\/lacolombeplus.net\/wp-content\/uploads\/2026\/08\/d3c4b2fe-5f1b-49f2-a5a4-dbf33d9f7c96.webp","type":"image\/webp"}],"author":"Dramane FAYAMA","twitter_card":"summary_large_image","twitter_misc":{"\u00c9crit par":"Dramane FAYAMA","Dur\u00e9e de lecture estim\u00e9e":"4 minutes"},"schema":{"@context":"https:\/\/schema.org","@graph":[{"@type":"Article","@id":"https:\/\/lacolombeplus.net\/index.php\/2026\/08\/05\/prestation-de-serment-a-la-cour-dappel-de-bamako-fako-soma-franchit-le-cap-et-sengage-au-service-de-la-justice\/#article","isPartOf":{"@id":"https:\/\/lacolombeplus.net\/index.php\/2026\/08\/05\/prestation-de-serment-a-la-cour-dappel-de-bamako-fako-soma-franchit-le-cap-et-sengage-au-service-de-la-justice\/"},"author":{"name":"Dramane FAYAMA","@id":"https:\/\/lacolombeplus.net\/#\/schema\/person\/1a433b3fa6e8f9696f18ece67a69915c"},"headline":"Prestation de serment \u00e0 la Cour d\u2019appel de Bamako : Fako SOMA franchit le cap et s&rsquo;engage au service de la Justice","datePublished":"2026-08-05T15:49:20+00:00","dateModified":"2026-08-05T16:22:23+00:00","mainEntityOfPage":{"@id":"https:\/\/lacolombeplus.net\/index.php\/2026\/08\/05\/prestation-de-serment-a-la-cour-dappel-de-bamako-fako-soma-franchit-le-cap-et-sengage-au-service-de-la-justice\/"},"wordCount":631,"commentCount":0,"publisher":{"@id":"https:\/\/lacolombeplus.net\/#organization"},"image":{"@id":"https:\/\/lacolombeplus.net\/index.php\/2026\/08\/05\/prestation-de-serment-a-la-cour-dappel-de-bamako-fako-soma-franchit-le-cap-et-sengage-au-service-de-la-justice\/#primaryimage"},"thumbnailUrl":"https:\/\/lacolombeplus.net\/wp-content\/uploads\/2026\/08\/d3c4b2fe-5f1b-49f2-a5a4-dbf33d9f7c96.webp","keywords":["Bamako","UEMOA"],"articleSection":["A la Une","Soci\u00e9t\u00e9"],"inLanguage":"fr-FR","potentialAction":[{"@type":"CommentAction","name":"Comment","target":["https:\/\/lacolombeplus.net\/index.php\/2026\/08\/05\/prestation-de-serment-a-la-cour-dappel-de-bamako-fako-soma-franchit-le-cap-et-sengage-au-service-de-la-justice\/#respond"]}]},{"@type":"WebPage","@id":"https:\/\/lacolombeplus.net\/index.php\/2026\/08\/05\/prestation-de-serment-a-la-cour-dappel-de-bamako-fako-soma-franchit-le-cap-et-sengage-au-service-de-la-justice\/","url":"https:\/\/lacolombeplus.net\/index.php\/2026\/08\/05\/prestation-de-serment-a-la-cour-dappel-de-bamako-fako-soma-franchit-le-cap-et-sengage-au-service-de-la-justice\/","name":"Prestation de serment \u00e0 la Cour d\u2019appel de Bamako : Fako SOMA franchit le cap et s'engage au service de la Justice - WordPress","isPartOf":{"@id":"https:\/\/lacolombeplus.net\/#website"},"primaryImageOfPage":{"@id":"https:\/\/lacolombeplus.net\/index.php\/2026\/08\/05\/prestation-de-serment-a-la-cour-dappel-de-bamako-fako-soma-franchit-le-cap-et-sengage-au-service-de-la-justice\/#primaryimage"},"image":{"@id":"https:\/\/lacolombeplus.net\/index.php\/2026\/08\/05\/prestation-de-serment-a-la-cour-dappel-de-bamako-fako-soma-franchit-le-cap-et-sengage-au-service-de-la-justice\/#primaryimage"},"thumbnailUrl":"https:\/\/lacolombeplus.net\/wp-content\/uploads\/2026\/08\/d3c4b2fe-5f1b-49f2-a5a4-dbf33d9f7c96.webp","datePublished":"2026-08-05T15:49:20+00:00","dateModified":"2026-08-05T16:22:23+00:00","breadcrumb":{"@id":"https:\/\/lacolombeplus.net\/index.php\/2026\/08\/05\/prestation-de-serment-a-la-cour-dappel-de-bamako-fako-soma-franchit-le-cap-et-sengage-au-service-de-la-justice\/#breadcrumb"},"inLanguage":"fr-FR","potentialAction":[{"@type":"ReadAction","target":["https:\/\/lacolombeplus.net\/index.php\/2026\/08\/05\/prestation-de-serment-a-la-cour-dappel-de-bamako-fako-soma-franchit-le-cap-et-sengage-au-service-de-la-justice\/"]}]},{"@type":"ImageObject","inLanguage":"fr-FR","@id":"https:\/\/lacolombeplus.net\/index.php\/2026\/08\/05\/prestation-de-serment-a-la-cour-dappel-de-bamako-fako-soma-franchit-le-cap-et-sengage-au-service-de-la-justice\/#primaryimage","url":"https:\/\/lacolombeplus.net\/wp-content\/uploads\/2026\/08\/d3c4b2fe-5f1b-49f2-a5a4-dbf33d9f7c96.webp","contentUrl":"https:\/\/lacolombeplus.net\/wp-content\/uploads\/2026\/08\/d3c4b2fe-5f1b-49f2-a5a4-dbf33d9f7c96.webp","width":863,"height":1080},{"@type":"BreadcrumbList","@id":"https:\/\/lacolombeplus.net\/index.php\/2026\/08\/05\/prestation-de-serment-a-la-cour-dappel-de-bamako-fako-soma-franchit-le-cap-et-sengage-au-service-de-la-justice\/#breadcrumb","itemListElement":[{"@type":"ListItem","position":1,"name":"Accueil","item":"https:\/\/lacolombeplus.net\/"},{"@type":"ListItem","position":2,"name":"Prestation de serment \u00e0 la Cour d\u2019appel de Bamako : Fako SOMA franchit le cap et s&rsquo;engage au service de la Justice"}]},{"@type":"WebSite","@id":"https:\/\/lacolombeplus.net\/#website","url":"https:\/\/lacolombeplus.net\/","name":"Lacolombeplus","description":"","publisher":{"@id":"https:\/\/lacolombeplus.net\/#organization"},"potentialAction":[{"@type":"SearchAction","target":{"@type":"EntryPoint","urlTemplate":"https:\/\/lacolombeplus.net\/?s={search_term_string}"},"query-input":{"@type":"PropertyValueSpecification","valueRequired":true,"valueName":"search_term_string"}}],"inLanguage":"fr-FR"},{"@type":"Organization","@id":"https:\/\/lacolombeplus.net\/#organization","name":"lacolombeplus.net","url":"https:\/\/lacolombeplus.net\/","logo":{"@type":"ImageObject","inLanguage":"fr-FR","@id":"https:\/\/lacolombeplus.net\/#\/schema\/logo\/image\/","url":"https:\/\/lacolombeplus.net\/wp-content\/uploads\/2026\/04\/a84391f3-a521-4177-867d-b9aaa3066b88.png","contentUrl":"https:\/\/lacolombeplus.net\/wp-content\/uploads\/2026\/04\/a84391f3-a521-4177-867d-b9aaa3066b88.png","width":1045,"height":1505,"caption":"lacolombeplus.net"},"image":{"@id":"https:\/\/lacolombeplus.net\/#\/schema\/logo\/image\/"},"sameAs":["https:\/\/web.facebook.com\/profile.php?id=61589477078953"]},{"@type":"Person","@id":"https:\/\/lacolombeplus.net\/#\/schema\/person\/1a433b3fa6e8f9696f18ece67a69915c","name":"Dramane FAYAMA","image":{"@type":"ImageObject","inLanguage":"fr-FR","@id":"https:\/\/secure.gravatar.com\/avatar\/6ae061b9c102ae93ffb7a4076195d78ace54801f91540899a6e8aacf91eacff8?s=96&d=mm&r=g","url":"https:\/\/secure.gravatar.com\/avatar\/6ae061b9c102ae93ffb7a4076195d78ace54801f91540899a6e8aacf91eacff8?s=96&d=mm&r=g","contentUrl":"https:\/\/secure.gravatar.com\/avatar\/6ae061b9c102ae93ffb7a4076195d78ace54801f91540899a6e8aacf91eacff8?s=96&d=mm&r=g","caption":"Dramane FAYAMA"},"url":"https:\/\/lacolombeplus.net\/index.php\/author\/dramane\/"}]}},"jetpack_featured_media_url":"https:\/\/lacolombeplus.net\/wp-content\/uploads\/2026\/08\/d3c4b2fe-5f1b-49f2-a5a4-dbf33d9f7c96.webp","jetpack_sharing_enabled":true,"_links":{"self":[{"href":"https:\/\/lacolombeplus.net\/index.php\/wp-json\/wp\/v2\/posts\/38821","targetHints":{"allow":["GET"]}}],"collection":[{"href":"https:\/\/lacolombeplus.net\/index.php\/wp-json\/wp\/v2\/posts"}],"about":[{"href":"https:\/\/lacolombeplus.net\/index.php\/wp-json\/wp\/v2\/types\/post"}],"author":[{"embeddable":true,"href":"https:\/\/lacolombeplus.net\/index.php\/wp-json\/wp\/v2\/users\/6"}],"replies":[{"embeddable":true,"href":"https:\/\/lacolombeplus.net\/index.php\/wp-json\/wp\/v2\/comments?post=38821"}],"version-history":[{"count":6,"href":"https:\/\/lacolombeplus.net\/index.php\/wp-json\/wp\/v2\/posts\/38821\/revisions"}],"predecessor-version":[{"id":38826,"href":"https:\/\/lacolombeplus.net\/index.php\/wp-json\/wp\/v2\/posts\/38821\/revisions\/38826"}],"wp:featuredmedia":[{"embeddable":true,"href":"https:\/\/lacolombeplus.net\/index.php\/wp-json\/wp\/v2\/media\/38823"}],"wp:attachment":[{"href":"https:\/\/lacolombeplus.net\/index.php\/wp-json\/wp\/v2\/media?parent=38821"}],"wp:term":[{"taxonomy":"category","embeddable":true,"href":"https:\/\/lacolombeplus.net\/index.php\/wp-json\/wp\/v2\/categories?post=38821"},{"taxonomy":"post_tag","embeddable":true,"href":"https:\/\/lacolombeplus.net\/index.php\/wp-json\/wp\/v2\/tags?post=38821"}],"curies":[{"name":"wp","href":"https:\/\/api.w.org\/{rel}","templated":true}]}}