{"id":38814,"date":"2026-08-04T14:55:35","date_gmt":"2026-08-04T14:55:35","guid":{"rendered":"https:\/\/lacolombeplus.net\/?p=38814"},"modified":"2026-08-04T15:15:54","modified_gmt":"2026-08-04T15:15:54","slug":"cooperation-burkina-faso-systeme-des-nations-unies","status":"publish","type":"post","link":"https:\/\/lacolombeplus.net\/index.php\/2026\/08\/04\/cooperation-burkina-faso-systeme-des-nations-unies\/","title":{"rendered":"Coop\u00e9ration Burkina Faso\u2013Syst\u00e8me des Nations Unies : le Repr\u00e9sentant r\u00e9sident par int\u00e9rim salue, en fin de mission, un partenariat \u00ab solide et porteur d&rsquo;espoir \u00bb"},"content":{"rendered":"<h2><strong>Le Camarade Premier ministre, Chef du Gouvernement, Rimtalba Jean Emmanuel Ou\u00e9draogo, a re\u00e7u en audience, ce mardi 4 ao\u00fbt 2026, Maurice Azonnankpo, Repr\u00e9sentant r\u00e9sident par int\u00e9rim du Syst\u00e8me des Nations Unies au Burkina Faso, \u00e0 l&rsquo;occasion de la fin de sa mission dans le pays. L&rsquo;entretien a permis de dresser le bilan de la coop\u00e9ration entre le Gouvernement burkinab\u00e8 et les agences onusiennes, et d&rsquo;\u00e9changer sur les perspectives de consolidation de ce partenariat au service des populations.<\/strong><\/h2>\n<p>\u00c0 l&rsquo;issue de l&rsquo;audience, Maurice Azonnankpo a exprim\u00e9 sa reconnaissance au Gouvernement et au peuple burkinab\u00e8 pour l&rsquo;accueil qui lui a \u00e9t\u00e9 r\u00e9serv\u00e9 et pour la qualit\u00e9 des relations entretenues tout au long de sa mission. \u00ab <em>J&rsquo;ai profit\u00e9 de cette audience pour t\u00e9moigner toute la gratitude institutionnelle du Syst\u00e8me des Nations Unies \u00e0 l&rsquo;endroit du Gouvernement et du peuple burkinab\u00e8, ainsi que ma reconnaissance personnelle envers le Camarade Premier ministre et l&rsquo;ensemble des autorit\u00e9s pour l&rsquo;excellente collaboration que nous avons entretenue au cours de ces derni\u00e8res ann\u00e9es<\/em> \u00bb, a-t-il d\u00e9clar\u00e9.<\/p>\n<figure id=\"attachment_38816\" aria-describedby=\"caption-attachment-38816\" style=\"width: 2560px\" class=\"wp-caption alignnone\"><img fetchpriority=\"high\" decoding=\"async\" class=\"wp-image-38816 size-full\" src=\"http:\/\/lacolombeplus.net\/wp-content\/uploads\/2026\/08\/IMG-20260804-WA0025.webp\" alt=\"\" width=\"2560\" height=\"1978\" srcset=\"https:\/\/lacolombeplus.net\/wp-content\/uploads\/2026\/08\/IMG-20260804-WA0025.webp 2560w, https:\/\/lacolombeplus.net\/wp-content\/uploads\/2026\/08\/IMG-20260804-WA0025-300x232.webp 300w, https:\/\/lacolombeplus.net\/wp-content\/uploads\/2026\/08\/IMG-20260804-WA0025-1024x791.webp 1024w, https:\/\/lacolombeplus.net\/wp-content\/uploads\/2026\/08\/IMG-20260804-WA0025-768x593.webp 768w, https:\/\/lacolombeplus.net\/wp-content\/uploads\/2026\/08\/IMG-20260804-WA0025-1536x1187.webp 1536w, https:\/\/lacolombeplus.net\/wp-content\/uploads\/2026\/08\/IMG-20260804-WA0025-2048x1582.webp 2048w\" sizes=\"(max-width: 2560px) 100vw, 2560px\" \/><figcaption id=\"caption-attachment-38816\" class=\"wp-caption-text\">Une gratitude exprim\u00e9e au nom du Syst\u00e8me des Nations Unies<\/figcaption><\/figure>\n<p>Il a \u00e9galement salu\u00e9 la qualit\u00e9 du dialogue entre les deux parties. \u00ab <em>Nous avons salu\u00e9 la transparence, le dialogue permanent, l&rsquo;\u00e9coute et surtout la convivialit\u00e9 qui caract\u00e9risent le partenariat entre le Gouvernement burkinab\u00e8, le Syst\u00e8me des Nations Unies et ses diff\u00e9rentes agences. C&rsquo;est un partenariat solide, consolid\u00e9 et appel\u00e9 \u00e0 se poursuivre dans les mois et les ann\u00e9es \u00e0 venir<\/em> \u00bb, a-t-il affirm\u00e9.<\/p>\n<p style=\"text-align: center;\"><strong>Des acquis structurants pour le d\u00e9veloppement durable<\/strong><\/p>\n<p>Au titre des principaux acquis de la coop\u00e9ration, Maurice Azonnankpo a cit\u00e9 le renforcement du dialogue strat\u00e9gique entre l&rsquo;\u00c9tat burkinab\u00e8 et les Nations Unies, la mise en \u0153uvre de programmes structurants au profit des communaut\u00e9s vuln\u00e9rables, ainsi que la finalisation du nouveau Cadre de coop\u00e9ration des Nations Unies pour le d\u00e9veloppement durable au Burkina Faso. Cet instrument devra permettre d&rsquo;accompagner les priorit\u00e9s nationales en mati\u00e8re de d\u00e9veloppement.<\/p>\n<p style=\"text-align: center;\"><strong>Le Gouvernement r\u00e9affirme sa volont\u00e9 de renforcer le partenariat<\/strong><\/p>\n<p>Le Camarade Premier ministre a, pour sa part, salu\u00e9 le management dont a fait preuve Maurice Azonnankpo dans la conduite de sa mission. Il a r\u00e9affirm\u00e9 la volont\u00e9 du Gouvernement de poursuivre et de renforcer la coop\u00e9ration entre le Burkina Faso et le Syst\u00e8me des Nations Unies, dans le respect des priorit\u00e9s nationales et des int\u00e9r\u00eats des populations.<br \/>\n\u00ab <em>La dynamique de la RPP n&rsquo;est contre personne. L&rsquo;ONU est l&rsquo;\u00e9manation de tous les pays. Le Syst\u00e8me des Nations Unies ne doit pas servir de cheval de Troie \u00e0 l&rsquo;imp\u00e9rialisme contre notre peuple. C&rsquo;est ce que nous refusons<\/em> \u00bb, a d\u00e9clar\u00e9 le Chef du Gouvernement.<\/p>\n<p>Appel\u00e9 \u00e0 d&rsquo;autres fonctions, Maurice Azonnankpo passe le t\u00e9moin \u00e0 Njoya Tikum, nouveau Coordonnateur r\u00e9sident du Syst\u00e8me des Nations Unies et Coordonnateur humanitaire au Burkina Faso. Celui-ci a pr\u00e9sent\u00e9, le 31 juillet 2026, ses lettres de cr\u00e9ance au ministre en charge des Affaires \u00e9trang\u00e8res, marquant le d\u00e9but de sa mission dans un contexte de relance des relations entre les Nations Unies et les autorit\u00e9s burkinab\u00e8.<\/p>\n<p style=\"text-align: right;\"><em><strong>La r\u00e9daction\u00a0<\/strong><\/em><\/p>\n","protected":false},"excerpt":{"rendered":"<p>Le Camarade Premier ministre, Chef du Gouvernement, Rimtalba Jean Emmanuel Ou\u00e9draogo, a re\u00e7u en audience, ce mardi 4 ao\u00fbt 2026, Maurice Azonnankpo, Repr\u00e9sentant r\u00e9sident par int\u00e9rim du Syst\u00e8me des Nations Unies au Burkina Faso, \u00e0 l&rsquo;occasion de la fin de sa mission dans le pays. L&rsquo;entretien a permis de dresser le bilan de la coop\u00e9ration&#8230;<\/p>\n","protected":false},"author":6,"featured_media":38815,"comment_status":"open","ping_status":"open","sticky":false,"template":"","format":"standard","meta":{"_jetpack_newsletter_access":"","_jetpack_dont_email_post_to_subs":false,"_jetpack_newsletter_tier_id":0,"_jetpack_memberships_contains_paywalled_content":false,"_jetpack_feature_clip_id":0,"_jetpack_memberships_contains_paid_content":false,"footnotes":"","jetpack_post_was_ever_published":false},"categories":[2,5,6],"tags":[304,182],"class_list":["post-38814","post","type-post","status-publish","format-standard","has-post-thumbnail","hentry","category-a-la-une","category-international","category-politique","tag-internationale","tag-politique"],"yoast_head":"<!-- This site is optimized with the Yoast SEO plugin v28.3 - https:\/\/yoast.com\/product\/yoast-seo-wordpress\/ -->\n<title>Coop\u00e9ration Burkina Faso\u2013Syst\u00e8me des Nations Unies : le Repr\u00e9sentant r\u00e9sident par int\u00e9rim salue, en fin de mission, un partenariat \u00ab solide et porteur d&#039;espoir \u00bb - WordPress<\/title>\n<meta name=\"robots\" content=\"index, follow, max-snippet:-1, max-image-preview:large, max-video-preview:-1\" \/>\n<link rel=\"canonical\" href=\"https:\/\/lacolombeplus.net\/index.php\/2026\/08\/04\/cooperation-burkina-faso-systeme-des-nations-unies\/\" \/>\n<meta property=\"og:locale\" content=\"fr_FR\" \/>\n<meta property=\"og:type\" content=\"article\" \/>\n<meta property=\"og:title\" content=\"Coop\u00e9ration Burkina Faso\u2013Syst\u00e8me des Nations Unies : le Repr\u00e9sentant r\u00e9sident par int\u00e9rim salue, en fin de mission, un partenariat \u00ab solide et porteur d&#039;espoir \u00bb - WordPress\" \/>\n<meta property=\"og:description\" content=\"Le Camarade Premier ministre, Chef du Gouvernement, Rimtalba Jean Emmanuel Ou\u00e9draogo, a re\u00e7u en audience, ce mardi 4 ao\u00fbt 2026, Maurice Azonnankpo, Repr\u00e9sentant r\u00e9sident par int\u00e9rim du Syst\u00e8me des Nations Unies au Burkina Faso, \u00e0 l&rsquo;occasion de la fin de sa mission dans le pays. L&rsquo;entretien a permis de dresser le bilan de la coop\u00e9ration...\" \/>\n<meta property=\"og:url\" content=\"https:\/\/lacolombeplus.net\/index.php\/2026\/08\/04\/cooperation-burkina-faso-systeme-des-nations-unies\/\" \/>\n<meta property=\"og:site_name\" content=\"WordPress\" \/>\n<meta property=\"article:publisher\" content=\"https:\/\/web.facebook.com\/profile.php?id=61589477078953\" \/>\n<meta property=\"article:published_time\" content=\"2026-08-04T14:55:35+00:00\" \/>\n<meta property=\"article:modified_time\" content=\"2026-08-04T15:15:54+00:00\" \/>\n<meta property=\"og:image\" content=\"http:\/\/lacolombeplus.net\/wp-content\/uploads\/2026\/08\/IMG-20260804-WA0019.webp\" \/>\n\t<meta property=\"og:image:width\" content=\"2560\" \/>\n\t<meta property=\"og:image:height\" content=\"1551\" \/>\n\t<meta property=\"og:image:type\" content=\"image\/webp\" \/>\n<meta name=\"author\" content=\"Dramane FAYAMA\" \/>\n<meta name=\"twitter:card\" content=\"summary_large_image\" \/>\n<meta name=\"twitter:label1\" content=\"\u00c9crit par\" \/>\n\t<meta name=\"twitter:data1\" content=\"Dramane FAYAMA\" \/>\n\t<meta name=\"twitter:label2\" content=\"Dur\u00e9e de lecture estim\u00e9e\" \/>\n\t<meta name=\"twitter:data2\" content=\"3 minutes\" \/>\n<script type=\"application\/ld+json\" class=\"yoast-schema-graph\">{\"@context\":\"https:\\\/\\\/schema.org\",\"@graph\":[{\"@type\":\"Article\",\"@id\":\"https:\\\/\\\/lacolombeplus.net\\\/index.php\\\/2026\\\/08\\\/04\\\/cooperation-burkina-faso-systeme-des-nations-unies\\\/#article\",\"isPartOf\":{\"@id\":\"https:\\\/\\\/lacolombeplus.net\\\/index.php\\\/2026\\\/08\\\/04\\\/cooperation-burkina-faso-systeme-des-nations-unies\\\/\"},\"author\":{\"name\":\"Dramane FAYAMA\",\"@id\":\"https:\\\/\\\/lacolombeplus.net\\\/#\\\/schema\\\/person\\\/1a433b3fa6e8f9696f18ece67a69915c\"},\"headline\":\"Coop\u00e9ration Burkina Faso\u2013Syst\u00e8me des Nations Unies : le Repr\u00e9sentant r\u00e9sident par int\u00e9rim salue, en fin de mission, un partenariat \u00ab solide et porteur d&rsquo;espoir \u00bb\",\"datePublished\":\"2026-08-04T14:55:35+00:00\",\"dateModified\":\"2026-08-04T15:15:54+00:00\",\"mainEntityOfPage\":{\"@id\":\"https:\\\/\\\/lacolombeplus.net\\\/index.php\\\/2026\\\/08\\\/04\\\/cooperation-burkina-faso-systeme-des-nations-unies\\\/\"},\"wordCount\":584,\"commentCount\":0,\"publisher\":{\"@id\":\"https:\\\/\\\/lacolombeplus.net\\\/#organization\"},\"image\":{\"@id\":\"https:\\\/\\\/lacolombeplus.net\\\/index.php\\\/2026\\\/08\\\/04\\\/cooperation-burkina-faso-systeme-des-nations-unies\\\/#primaryimage\"},\"thumbnailUrl\":\"https:\\\/\\\/lacolombeplus.net\\\/wp-content\\\/uploads\\\/2026\\\/08\\\/IMG-20260804-WA0019.webp\",\"keywords\":[\"Internationale\",\"politique\"],\"articleSection\":[\"A la Une\",\"International\",\"Politique\"],\"inLanguage\":\"fr-FR\",\"potentialAction\":[{\"@type\":\"CommentAction\",\"name\":\"Comment\",\"target\":[\"https:\\\/\\\/lacolombeplus.net\\\/index.php\\\/2026\\\/08\\\/04\\\/cooperation-burkina-faso-systeme-des-nations-unies\\\/#respond\"]}]},{\"@type\":\"WebPage\",\"@id\":\"https:\\\/\\\/lacolombeplus.net\\\/index.php\\\/2026\\\/08\\\/04\\\/cooperation-burkina-faso-systeme-des-nations-unies\\\/\",\"url\":\"https:\\\/\\\/lacolombeplus.net\\\/index.php\\\/2026\\\/08\\\/04\\\/cooperation-burkina-faso-systeme-des-nations-unies\\\/\",\"name\":\"Coop\u00e9ration Burkina Faso\u2013Syst\u00e8me des Nations Unies : le Repr\u00e9sentant r\u00e9sident par int\u00e9rim salue, en fin de mission, un partenariat \u00ab solide et porteur d'espoir \u00bb - WordPress\",\"isPartOf\":{\"@id\":\"https:\\\/\\\/lacolombeplus.net\\\/#website\"},\"primaryImageOfPage\":{\"@id\":\"https:\\\/\\\/lacolombeplus.net\\\/index.php\\\/2026\\\/08\\\/04\\\/cooperation-burkina-faso-systeme-des-nations-unies\\\/#primaryimage\"},\"image\":{\"@id\":\"https:\\\/\\\/lacolombeplus.net\\\/index.php\\\/2026\\\/08\\\/04\\\/cooperation-burkina-faso-systeme-des-nations-unies\\\/#primaryimage\"},\"thumbnailUrl\":\"https:\\\/\\\/lacolombeplus.net\\\/wp-content\\\/uploads\\\/2026\\\/08\\\/IMG-20260804-WA0019.webp\",\"datePublished\":\"2026-08-04T14:55:35+00:00\",\"dateModified\":\"2026-08-04T15:15:54+00:00\",\"breadcrumb\":{\"@id\":\"https:\\\/\\\/lacolombeplus.net\\\/index.php\\\/2026\\\/08\\\/04\\\/cooperation-burkina-faso-systeme-des-nations-unies\\\/#breadcrumb\"},\"inLanguage\":\"fr-FR\",\"potentialAction\":[{\"@type\":\"ReadAction\",\"target\":[\"https:\\\/\\\/lacolombeplus.net\\\/index.php\\\/2026\\\/08\\\/04\\\/cooperation-burkina-faso-systeme-des-nations-unies\\\/\"]}]},{\"@type\":\"ImageObject\",\"inLanguage\":\"fr-FR\",\"@id\":\"https:\\\/\\\/lacolombeplus.net\\\/index.php\\\/2026\\\/08\\\/04\\\/cooperation-burkina-faso-systeme-des-nations-unies\\\/#primaryimage\",\"url\":\"https:\\\/\\\/lacolombeplus.net\\\/wp-content\\\/uploads\\\/2026\\\/08\\\/IMG-20260804-WA0019.webp\",\"contentUrl\":\"https:\\\/\\\/lacolombeplus.net\\\/wp-content\\\/uploads\\\/2026\\\/08\\\/IMG-20260804-WA0019.webp\",\"width\":2560,\"height\":1551},{\"@type\":\"BreadcrumbList\",\"@id\":\"https:\\\/\\\/lacolombeplus.net\\\/index.php\\\/2026\\\/08\\\/04\\\/cooperation-burkina-faso-systeme-des-nations-unies\\\/#breadcrumb\",\"itemListElement\":[{\"@type\":\"ListItem\",\"position\":1,\"name\":\"Accueil\",\"item\":\"https:\\\/\\\/lacolombeplus.net\\\/\"},{\"@type\":\"ListItem\",\"position\":2,\"name\":\"Coop\u00e9ration Burkina Faso\u2013Syst\u00e8me des Nations Unies : le Repr\u00e9sentant r\u00e9sident par int\u00e9rim salue, en fin de mission, un partenariat \u00ab solide et porteur d&rsquo;espoir \u00bb\"}]},{\"@type\":\"WebSite\",\"@id\":\"https:\\\/\\\/lacolombeplus.net\\\/#website\",\"url\":\"https:\\\/\\\/lacolombeplus.net\\\/\",\"name\":\"Lacolombeplus\",\"description\":\"\",\"publisher\":{\"@id\":\"https:\\\/\\\/lacolombeplus.net\\\/#organization\"},\"potentialAction\":[{\"@type\":\"SearchAction\",\"target\":{\"@type\":\"EntryPoint\",\"urlTemplate\":\"https:\\\/\\\/lacolombeplus.net\\\/?s={search_term_string}\"},\"query-input\":{\"@type\":\"PropertyValueSpecification\",\"valueRequired\":true,\"valueName\":\"search_term_string\"}}],\"inLanguage\":\"fr-FR\"},{\"@type\":\"Organization\",\"@id\":\"https:\\\/\\\/lacolombeplus.net\\\/#organization\",\"name\":\"lacolombeplus.net\",\"url\":\"https:\\\/\\\/lacolombeplus.net\\\/\",\"logo\":{\"@type\":\"ImageObject\",\"inLanguage\":\"fr-FR\",\"@id\":\"https:\\\/\\\/lacolombeplus.net\\\/#\\\/schema\\\/logo\\\/image\\\/\",\"url\":\"https:\\\/\\\/lacolombeplus.net\\\/wp-content\\\/uploads\\\/2026\\\/04\\\/a84391f3-a521-4177-867d-b9aaa3066b88.png\",\"contentUrl\":\"https:\\\/\\\/lacolombeplus.net\\\/wp-content\\\/uploads\\\/2026\\\/04\\\/a84391f3-a521-4177-867d-b9aaa3066b88.png\",\"width\":1045,\"height\":1505,\"caption\":\"lacolombeplus.net\"},\"image\":{\"@id\":\"https:\\\/\\\/lacolombeplus.net\\\/#\\\/schema\\\/logo\\\/image\\\/\"},\"sameAs\":[\"https:\\\/\\\/web.facebook.com\\\/profile.php?id=61589477078953\"]},{\"@type\":\"Person\",\"@id\":\"https:\\\/\\\/lacolombeplus.net\\\/#\\\/schema\\\/person\\\/1a433b3fa6e8f9696f18ece67a69915c\",\"name\":\"Dramane FAYAMA\",\"image\":{\"@type\":\"ImageObject\",\"inLanguage\":\"fr-FR\",\"@id\":\"https:\\\/\\\/secure.gravatar.com\\\/avatar\\\/6ae061b9c102ae93ffb7a4076195d78ace54801f91540899a6e8aacf91eacff8?s=96&d=mm&r=g\",\"url\":\"https:\\\/\\\/secure.gravatar.com\\\/avatar\\\/6ae061b9c102ae93ffb7a4076195d78ace54801f91540899a6e8aacf91eacff8?s=96&d=mm&r=g\",\"contentUrl\":\"https:\\\/\\\/secure.gravatar.com\\\/avatar\\\/6ae061b9c102ae93ffb7a4076195d78ace54801f91540899a6e8aacf91eacff8?s=96&d=mm&r=g\",\"caption\":\"Dramane FAYAMA\"},\"url\":\"https:\\\/\\\/lacolombeplus.net\\\/index.php\\\/author\\\/dramane\\\/\"}]}<\/script>\n<!-- \/ Yoast SEO plugin. -->","yoast_head_json":{"title":"Coop\u00e9ration Burkina Faso\u2013Syst\u00e8me des Nations Unies : le Repr\u00e9sentant r\u00e9sident par int\u00e9rim salue, en fin de mission, un partenariat \u00ab solide et porteur d'espoir \u00bb - WordPress","robots":{"index":"index","follow":"follow","max-snippet":"max-snippet:-1","max-image-preview":"max-image-preview:large","max-video-preview":"max-video-preview:-1"},"canonical":"https:\/\/lacolombeplus.net\/index.php\/2026\/08\/04\/cooperation-burkina-faso-systeme-des-nations-unies\/","og_locale":"fr_FR","og_type":"article","og_title":"Coop\u00e9ration Burkina Faso\u2013Syst\u00e8me des Nations Unies : le Repr\u00e9sentant r\u00e9sident par int\u00e9rim salue, en fin de mission, un partenariat \u00ab solide et porteur d'espoir \u00bb - WordPress","og_description":"Le Camarade Premier ministre, Chef du Gouvernement, Rimtalba Jean Emmanuel Ou\u00e9draogo, a re\u00e7u en audience, ce mardi 4 ao\u00fbt 2026, Maurice Azonnankpo, Repr\u00e9sentant r\u00e9sident par int\u00e9rim du Syst\u00e8me des Nations Unies au Burkina Faso, \u00e0 l&rsquo;occasion de la fin de sa mission dans le pays. L&rsquo;entretien a permis de dresser le bilan de la coop\u00e9ration...","og_url":"https:\/\/lacolombeplus.net\/index.php\/2026\/08\/04\/cooperation-burkina-faso-systeme-des-nations-unies\/","og_site_name":"WordPress","article_publisher":"https:\/\/web.facebook.com\/profile.php?id=61589477078953","article_published_time":"2026-08-04T14:55:35+00:00","article_modified_time":"2026-08-04T15:15:54+00:00","og_image":[{"width":2560,"height":1551,"url":"http:\/\/lacolombeplus.net\/wp-content\/uploads\/2026\/08\/IMG-20260804-WA0019.webp","type":"image\/webp"}],"author":"Dramane FAYAMA","twitter_card":"summary_large_image","twitter_misc":{"\u00c9crit par":"Dramane FAYAMA","Dur\u00e9e de lecture estim\u00e9e":"3 minutes"},"schema":{"@context":"https:\/\/schema.org","@graph":[{"@type":"Article","@id":"https:\/\/lacolombeplus.net\/index.php\/2026\/08\/04\/cooperation-burkina-faso-systeme-des-nations-unies\/#article","isPartOf":{"@id":"https:\/\/lacolombeplus.net\/index.php\/2026\/08\/04\/cooperation-burkina-faso-systeme-des-nations-unies\/"},"author":{"name":"Dramane FAYAMA","@id":"https:\/\/lacolombeplus.net\/#\/schema\/person\/1a433b3fa6e8f9696f18ece67a69915c"},"headline":"Coop\u00e9ration Burkina Faso\u2013Syst\u00e8me des Nations Unies : le Repr\u00e9sentant r\u00e9sident par int\u00e9rim salue, en fin de mission, un partenariat \u00ab solide et porteur d&rsquo;espoir \u00bb","datePublished":"2026-08-04T14:55:35+00:00","dateModified":"2026-08-04T15:15:54+00:00","mainEntityOfPage":{"@id":"https:\/\/lacolombeplus.net\/index.php\/2026\/08\/04\/cooperation-burkina-faso-systeme-des-nations-unies\/"},"wordCount":584,"commentCount":0,"publisher":{"@id":"https:\/\/lacolombeplus.net\/#organization"},"image":{"@id":"https:\/\/lacolombeplus.net\/index.php\/2026\/08\/04\/cooperation-burkina-faso-systeme-des-nations-unies\/#primaryimage"},"thumbnailUrl":"https:\/\/lacolombeplus.net\/wp-content\/uploads\/2026\/08\/IMG-20260804-WA0019.webp","keywords":["Internationale","politique"],"articleSection":["A la Une","International","Politique"],"inLanguage":"fr-FR","potentialAction":[{"@type":"CommentAction","name":"Comment","target":["https:\/\/lacolombeplus.net\/index.php\/2026\/08\/04\/cooperation-burkina-faso-systeme-des-nations-unies\/#respond"]}]},{"@type":"WebPage","@id":"https:\/\/lacolombeplus.net\/index.php\/2026\/08\/04\/cooperation-burkina-faso-systeme-des-nations-unies\/","url":"https:\/\/lacolombeplus.net\/index.php\/2026\/08\/04\/cooperation-burkina-faso-systeme-des-nations-unies\/","name":"Coop\u00e9ration Burkina Faso\u2013Syst\u00e8me des Nations Unies : le Repr\u00e9sentant r\u00e9sident par int\u00e9rim salue, en fin de mission, un partenariat \u00ab solide et porteur d'espoir \u00bb - WordPress","isPartOf":{"@id":"https:\/\/lacolombeplus.net\/#website"},"primaryImageOfPage":{"@id":"https:\/\/lacolombeplus.net\/index.php\/2026\/08\/04\/cooperation-burkina-faso-systeme-des-nations-unies\/#primaryimage"},"image":{"@id":"https:\/\/lacolombeplus.net\/index.php\/2026\/08\/04\/cooperation-burkina-faso-systeme-des-nations-unies\/#primaryimage"},"thumbnailUrl":"https:\/\/lacolombeplus.net\/wp-content\/uploads\/2026\/08\/IMG-20260804-WA0019.webp","datePublished":"2026-08-04T14:55:35+00:00","dateModified":"2026-08-04T15:15:54+00:00","breadcrumb":{"@id":"https:\/\/lacolombeplus.net\/index.php\/2026\/08\/04\/cooperation-burkina-faso-systeme-des-nations-unies\/#breadcrumb"},"inLanguage":"fr-FR","potentialAction":[{"@type":"ReadAction","target":["https:\/\/lacolombeplus.net\/index.php\/2026\/08\/04\/cooperation-burkina-faso-systeme-des-nations-unies\/"]}]},{"@type":"ImageObject","inLanguage":"fr-FR","@id":"https:\/\/lacolombeplus.net\/index.php\/2026\/08\/04\/cooperation-burkina-faso-systeme-des-nations-unies\/#primaryimage","url":"https:\/\/lacolombeplus.net\/wp-content\/uploads\/2026\/08\/IMG-20260804-WA0019.webp","contentUrl":"https:\/\/lacolombeplus.net\/wp-content\/uploads\/2026\/08\/IMG-20260804-WA0019.webp","width":2560,"height":1551},{"@type":"BreadcrumbList","@id":"https:\/\/lacolombeplus.net\/index.php\/2026\/08\/04\/cooperation-burkina-faso-systeme-des-nations-unies\/#breadcrumb","itemListElement":[{"@type":"ListItem","position":1,"name":"Accueil","item":"https:\/\/lacolombeplus.net\/"},{"@type":"ListItem","position":2,"name":"Coop\u00e9ration Burkina Faso\u2013Syst\u00e8me des Nations Unies : le Repr\u00e9sentant r\u00e9sident par int\u00e9rim salue, en fin de mission, un partenariat \u00ab solide et porteur d&rsquo;espoir \u00bb"}]},{"@type":"WebSite","@id":"https:\/\/lacolombeplus.net\/#website","url":"https:\/\/lacolombeplus.net\/","name":"Lacolombeplus","description":"","publisher":{"@id":"https:\/\/lacolombeplus.net\/#organization"},"potentialAction":[{"@type":"SearchAction","target":{"@type":"EntryPoint","urlTemplate":"https:\/\/lacolombeplus.net\/?s={search_term_string}"},"query-input":{"@type":"PropertyValueSpecification","valueRequired":true,"valueName":"search_term_string"}}],"inLanguage":"fr-FR"},{"@type":"Organization","@id":"https:\/\/lacolombeplus.net\/#organization","name":"lacolombeplus.net","url":"https:\/\/lacolombeplus.net\/","logo":{"@type":"ImageObject","inLanguage":"fr-FR","@id":"https:\/\/lacolombeplus.net\/#\/schema\/logo\/image\/","url":"https:\/\/lacolombeplus.net\/wp-content\/uploads\/2026\/04\/a84391f3-a521-4177-867d-b9aaa3066b88.png","contentUrl":"https:\/\/lacolombeplus.net\/wp-content\/uploads\/2026\/04\/a84391f3-a521-4177-867d-b9aaa3066b88.png","width":1045,"height":1505,"caption":"lacolombeplus.net"},"image":{"@id":"https:\/\/lacolombeplus.net\/#\/schema\/logo\/image\/"},"sameAs":["https:\/\/web.facebook.com\/profile.php?id=61589477078953"]},{"@type":"Person","@id":"https:\/\/lacolombeplus.net\/#\/schema\/person\/1a433b3fa6e8f9696f18ece67a69915c","name":"Dramane FAYAMA","image":{"@type":"ImageObject","inLanguage":"fr-FR","@id":"https:\/\/secure.gravatar.com\/avatar\/6ae061b9c102ae93ffb7a4076195d78ace54801f91540899a6e8aacf91eacff8?s=96&d=mm&r=g","url":"https:\/\/secure.gravatar.com\/avatar\/6ae061b9c102ae93ffb7a4076195d78ace54801f91540899a6e8aacf91eacff8?s=96&d=mm&r=g","contentUrl":"https:\/\/secure.gravatar.com\/avatar\/6ae061b9c102ae93ffb7a4076195d78ace54801f91540899a6e8aacf91eacff8?s=96&d=mm&r=g","caption":"Dramane FAYAMA"},"url":"https:\/\/lacolombeplus.net\/index.php\/author\/dramane\/"}]}},"jetpack_featured_media_url":"https:\/\/lacolombeplus.net\/wp-content\/uploads\/2026\/08\/IMG-20260804-WA0019.webp","jetpack_sharing_enabled":true,"_links":{"self":[{"href":"https:\/\/lacolombeplus.net\/index.php\/wp-json\/wp\/v2\/posts\/38814","targetHints":{"allow":["GET"]}}],"collection":[{"href":"https:\/\/lacolombeplus.net\/index.php\/wp-json\/wp\/v2\/posts"}],"about":[{"href":"https:\/\/lacolombeplus.net\/index.php\/wp-json\/wp\/v2\/types\/post"}],"author":[{"embeddable":true,"href":"https:\/\/lacolombeplus.net\/index.php\/wp-json\/wp\/v2\/users\/6"}],"replies":[{"embeddable":true,"href":"https:\/\/lacolombeplus.net\/index.php\/wp-json\/wp\/v2\/comments?post=38814"}],"version-history":[{"count":3,"href":"https:\/\/lacolombeplus.net\/index.php\/wp-json\/wp\/v2\/posts\/38814\/revisions"}],"predecessor-version":[{"id":38820,"href":"https:\/\/lacolombeplus.net\/index.php\/wp-json\/wp\/v2\/posts\/38814\/revisions\/38820"}],"wp:featuredmedia":[{"embeddable":true,"href":"https:\/\/lacolombeplus.net\/index.php\/wp-json\/wp\/v2\/media\/38815"}],"wp:attachment":[{"href":"https:\/\/lacolombeplus.net\/index.php\/wp-json\/wp\/v2\/media?parent=38814"}],"wp:term":[{"taxonomy":"category","embeddable":true,"href":"https:\/\/lacolombeplus.net\/index.php\/wp-json\/wp\/v2\/categories?post=38814"},{"taxonomy":"post_tag","embeddable":true,"href":"https:\/\/lacolombeplus.net\/index.php\/wp-json\/wp\/v2\/tags?post=38814"}],"curies":[{"name":"wp","href":"https:\/\/api.w.org\/{rel}","templated":true}]}}