{"id":38806,"date":"2026-08-03T16:45:34","date_gmt":"2026-08-03T16:45:34","guid":{"rendered":"https:\/\/lacolombeplus.net\/?p=38806"},"modified":"2026-08-03T16:45:34","modified_gmt":"2026-08-03T16:45:34","slug":"souverainete-alimentaire-le-premier-ministre-met-en-eau-le-perimetre-irrigue-de-nieguema-toukoro","status":"publish","type":"post","link":"https:\/\/lacolombeplus.net\/index.php\/2026\/08\/03\/souverainete-alimentaire-le-premier-ministre-met-en-eau-le-perimetre-irrigue-de-nieguema-toukoro\/","title":{"rendered":"Souverainet\u00e9 alimentaire : le Premier ministre met en eau le p\u00e9rim\u00e8tre irrigu\u00e9 de Ni\u00e9gu\u00e9ma-Touk\u00f4r\u00f4"},"content":{"rendered":"<h1>Le Premier ministre, Rimtalba Jean Emmanuel Ou\u00e9draogo, a proc\u00e9d\u00e9, dimanche 2 ao\u00fbt 2026, \u00e0 l&rsquo;ouverture officielle des vannes du p\u00e9rim\u00e8tre irrigu\u00e9 de Ni\u00e9gu\u00e9ma-Touk\u00f4r\u00f4, dans la commune rurale de Bama, province du Houet, r\u00e9gion du Guiriko. Un geste hautement symbolique qui traduit, une fois de plus, l&rsquo;ambition du Chef de l&rsquo;\u00c9tat, le Capitaine Ibrahim Traor\u00e9, de conduire le Burkina Faso vers la souverainet\u00e9 alimentaire \u00e0 travers l&rsquo;Offensive agricole.<\/h1>\n<p>Implant\u00e9 sur la rive droite du fleuve Mouhoun et aliment\u00e9 par le barrage de Samend\u00e9ni, le p\u00e9rim\u00e8tre couvre une superficie totale de 605 hectares, dont 557 hectares utiles pour l&rsquo;agriculture, d\u00e9coup\u00e9s en 2 228 parcelles d&rsquo;environ un quart d&rsquo;hectare chacune. Il s&rsquo;agit d&rsquo;un maillon du vaste programme d&rsquo;am\u00e9nagement de 21 000 hectares de terres irrigables pr\u00e9vu dans la vall\u00e9e du Mouhoun.<\/p>\n<p>Sur cette superficie, 40 hectares ont \u00e9t\u00e9 confi\u00e9s \u00e0 l&rsquo;Agence pour la promotion de l&rsquo;entrepreneuriat communautaire (APEC) pour la culture de la tomate, et 10 hectares \u00e0 l&rsquo;Institut de l&rsquo;environnement et de recherches agricoles (INERA), qui y produira des semences am\u00e9lior\u00e9es.<\/p>\n<h2 style=\"text-align: center;\"><strong>Jusqu&rsquo;\u00e0 trois campagnes agricoles par an<\/strong><\/h2>\n<p>Gr\u00e2ce \u00e0 la ma\u00eetrise de l&rsquo;eau, le site devrait g\u00e9n\u00e9rer chaque ann\u00e9e 7 200 tonnes de riz et 1 800 tonnes de bl\u00e9, pour un chiffre d&rsquo;affaires attendu de 2,5 milliards de FCFA. Les producteurs pourront d\u00e9sormais encha\u00eener jusqu&rsquo;\u00e0 trois campagnes agricoles annuelles, sans d\u00e9pendre exclusivement de la pluviom\u00e9trie, ce qui devrait s\u00e9curiser durablement leurs rendements et leurs revenus.<\/p>\n<p>L&rsquo;ouvrage, financ\u00e9 \u00e0 hauteur de pr\u00e8s de 9,9 milliards de FCFA sur les ressources propres de l&rsquo;\u00c9tat, comprend une station de pompage d&rsquo;une capacit\u00e9 de 1 560 litres par seconde, plus de 45 kilom\u00e8tres de canaux d&rsquo;irrigation, 26 kilom\u00e8tres de r\u00e9seau de drainage, 36 kilom\u00e8tres de pistes de desserte agricole et un magasin de stockage de 250 tonnes. L&rsquo;eau est achemin\u00e9e depuis le barrage de Samend\u00e9ni, situ\u00e9 \u00e0 34 kilom\u00e8tres en amont.<\/p>\n<h2 style=\"text-align: center;\"><strong>\u00ab Une victoire dans le combat pour notre souverainet\u00e9 alimentaire \u00bb<\/strong><\/h2>\n<p><img fetchpriority=\"high\" decoding=\"async\" class=\" wp-image-38808 alignleft\" src=\"http:\/\/lacolombeplus.net\/wp-content\/uploads\/2026\/08\/8d7fe5a6-c49f-4fb7-9c83-424846e551f6.webp\" alt=\"\" width=\"702\" height=\"508\" srcset=\"https:\/\/lacolombeplus.net\/wp-content\/uploads\/2026\/08\/8d7fe5a6-c49f-4fb7-9c83-424846e551f6.webp 2560w, https:\/\/lacolombeplus.net\/wp-content\/uploads\/2026\/08\/8d7fe5a6-c49f-4fb7-9c83-424846e551f6-300x217.webp 300w, https:\/\/lacolombeplus.net\/wp-content\/uploads\/2026\/08\/8d7fe5a6-c49f-4fb7-9c83-424846e551f6-1024x741.webp 1024w, https:\/\/lacolombeplus.net\/wp-content\/uploads\/2026\/08\/8d7fe5a6-c49f-4fb7-9c83-424846e551f6-768x556.webp 768w, https:\/\/lacolombeplus.net\/wp-content\/uploads\/2026\/08\/8d7fe5a6-c49f-4fb7-9c83-424846e551f6-1536x1112.webp 1536w, https:\/\/lacolombeplus.net\/wp-content\/uploads\/2026\/08\/8d7fe5a6-c49f-4fb7-9c83-424846e551f6-2048x1482.webp 2048w\" sizes=\"(max-width: 702px) 100vw, 702px\" \/><\/p>\n<p>\u00c0 l&rsquo;ouverture des vannes, le Chef du gouvernement a insist\u00e9 sur la port\u00e9e strat\u00e9gique de l&rsquo;infrastructure, pr\u00e9sent\u00e9e comme une illustration concr\u00e8te de l&rsquo;engagement de la R\u00e9volution progressiste populaire envers le monde rural :<\/p>\n<p><em>\u00ab C&rsquo;est une victoire dans le combat engag\u00e9 pour notre ind\u00e9pendance et notre souverainet\u00e9 alimentaire. C&rsquo;est une v\u00e9ritable \u00e9preuve de force qui a \u00e9t\u00e9 men\u00e9e ici pour r\u00e9aliser ces dizaines de kilom\u00e8tres de canaux d&rsquo;irrigation et de pistes de desserte, ainsi que les stations de pompage et les groupes \u00e9lectrog\u00e8nes \u00bb, a d\u00e9clar\u00e9 Rimtalba Jean Emmanuel Ou\u00e9draogo.<\/em><\/p>\n<p>Le Premier ministre a \u00e9galement salu\u00e9 la mobilisation des coop\u00e9ratives agricoles, des services techniques du minist\u00e8re en charge de l&rsquo;Agriculture, ainsi que des autorit\u00e9s administratives, locales et coutumi\u00e8res qui ont accompagn\u00e9 la r\u00e9alisation du projet. Il a invit\u00e9 les b\u00e9n\u00e9ficiaires \u00e0 une gestion rationnelle et \u00e9quitable de l&rsquo;eau et \u00e0 un entretien rigoureux des \u00e9quipements, gages de la p\u00e9rennit\u00e9 de cet investissement national.<\/p>\n<h2 style=\"text-align: center;\"><strong>Un suivi assur\u00e9 par l&rsquo;Agropole de Samend\u00e9ni<\/strong><\/h2>\n<p>La gestion de l&rsquo;eau, l&rsquo;encadrement technique des producteurs et le suivi de l&rsquo;exploitation du p\u00e9rim\u00e8tre seront assur\u00e9s par l&rsquo;Agropole de Samend\u00e9ni, en lien avec les services r\u00e9gionaux du minist\u00e8re en charge de l&rsquo;Agriculture.<\/p>\n<p>De son c\u00f4t\u00e9, le ministre d&rsquo;\u00c9tat, ministre de l&rsquo;Agriculture, de l&rsquo;Eau, des Ressources animales et halieutiques, le Commandant Isma\u00ebl Sombi\u00e9, a tenu \u00e0 souligner la port\u00e9e symbolique de l&rsquo;\u00e9v\u00e9nement :<\/p>\n<p><em>\u00ab Les faits parlent pour la R\u00e9volution progressiste populaire. Au-del\u00e0 des d\u00e9clarations, ce sont les actes qui t\u00e9moignent de l&rsquo;engagement des plus hautes autorit\u00e9s en faveur du monde rural \u00bb, a-t-il soulign\u00e9.<\/em><\/p>\n<h2 style=\"text-align: center;\"><strong>Dix motoculteurs remis aux producteurs<\/strong><\/h2>\n<figure id=\"attachment_38810\" aria-describedby=\"caption-attachment-38810\" style=\"width: 661px\" class=\"wp-caption alignright\"><img decoding=\"async\" class=\"wp-image-38810\" src=\"http:\/\/lacolombeplus.net\/wp-content\/uploads\/2026\/08\/2ac72348-7121-451d-ab1b-2617f22e9b09.webp\" alt=\"\" width=\"661\" height=\"452\" srcset=\"https:\/\/lacolombeplus.net\/wp-content\/uploads\/2026\/08\/2ac72348-7121-451d-ab1b-2617f22e9b09.webp 2560w, https:\/\/lacolombeplus.net\/wp-content\/uploads\/2026\/08\/2ac72348-7121-451d-ab1b-2617f22e9b09-300x205.webp 300w, https:\/\/lacolombeplus.net\/wp-content\/uploads\/2026\/08\/2ac72348-7121-451d-ab1b-2617f22e9b09-1024x701.webp 1024w, https:\/\/lacolombeplus.net\/wp-content\/uploads\/2026\/08\/2ac72348-7121-451d-ab1b-2617f22e9b09-768x526.webp 768w, https:\/\/lacolombeplus.net\/wp-content\/uploads\/2026\/08\/2ac72348-7121-451d-ab1b-2617f22e9b09-1536x1051.webp 1536w, https:\/\/lacolombeplus.net\/wp-content\/uploads\/2026\/08\/2ac72348-7121-451d-ab1b-2617f22e9b09-2048x1402.webp 2048w\" sizes=\"(max-width: 661px) 100vw, 661px\" \/><figcaption id=\"caption-attachment-38810\" class=\"wp-caption-text\">Dix motoculteurs remis aux producteurs<\/figcaption><\/figure>\n<p>Pour accompagner la mise en valeur du p\u00e9rim\u00e8tre, la Direction g\u00e9n\u00e9rale des am\u00e9nagements agro-pastoraux et du d\u00e9veloppement de l&rsquo;irrigation, relevant du minist\u00e8re en charge de l&rsquo;Agriculture, a proc\u00e9d\u00e9 \u00e0 la remise de dix motoculteurs aux producteurs b\u00e9n\u00e9ficiaires.<\/p>\n<p>Pour ces derniers, l&rsquo;ouverture des vannes marque le point de d\u00e9part d&rsquo;une nouvelle \u00e9tape : celle d&rsquo;une meilleure planification de leurs campagnes agricoles et du d\u00e9veloppement de la production de riz, de bl\u00e9 et de cultures mara\u00eech\u00e8res destin\u00e9es aux march\u00e9s nationaux.<\/p>\n<p>Avec la mise en eau du p\u00e9rim\u00e8tre de Ni\u00e9gu\u00e9ma-Touk\u00f4r\u00f4, le Gouvernement poursuit la valorisation du potentiel du barrage de Samend\u00e9ni et confirme sa volont\u00e9 de faire de la ma\u00eetrise de l&rsquo;eau un pilier de la souverainet\u00e9 alimentaire du Burkina Faso. Reste, pour les producteurs, \u00e0 transformer cette eau mobilis\u00e9e en productions, en revenus et en emplois durables.<\/p>\n<p style=\"text-align: right;\"><strong><em>La Colombe Plus<\/em><\/strong><\/p>\n","protected":false},"excerpt":{"rendered":"<p>Le Premier ministre, Rimtalba Jean Emmanuel Ou\u00e9draogo, a proc\u00e9d\u00e9, dimanche 2 ao\u00fbt 2026, \u00e0 l&rsquo;ouverture officielle des vannes du p\u00e9rim\u00e8tre irrigu\u00e9 de Ni\u00e9gu\u00e9ma-Touk\u00f4r\u00f4, dans la commune rurale de Bama, province du Houet, r\u00e9gion du Guiriko. Un geste hautement symbolique qui traduit, une fois de plus, l&rsquo;ambition du Chef de l&rsquo;\u00c9tat, le Capitaine Ibrahim Traor\u00e9, de&#8230;<\/p>\n","protected":false},"author":6,"featured_media":38809,"comment_status":"open","ping_status":"open","sticky":false,"template":"","format":"standard","meta":{"_jetpack_newsletter_access":"","_jetpack_dont_email_post_to_subs":false,"_jetpack_newsletter_tier_id":0,"_jetpack_memberships_contains_paywalled_content":false,"_jetpack_feature_clip_id":0,"_jetpack_memberships_contains_paid_content":false,"footnotes":"","jetpack_post_was_ever_published":false},"categories":[193,82,6],"tags":[],"class_list":["post-38806","post","type-post","status-publish","format-standard","has-post-thumbnail","hentry","category-developpement","category-economie","category-politique"],"yoast_head":"<!-- This site is optimized with the Yoast SEO plugin v28.3 - https:\/\/yoast.com\/product\/yoast-seo-wordpress\/ -->\n<title>Souverainet\u00e9 alimentaire : le Premier ministre met en eau le p\u00e9rim\u00e8tre irrigu\u00e9 de Ni\u00e9gu\u00e9ma-Touk\u00f4r\u00f4 - WordPress<\/title>\n<meta name=\"robots\" content=\"index, follow, max-snippet:-1, max-image-preview:large, max-video-preview:-1\" \/>\n<link rel=\"canonical\" href=\"https:\/\/lacolombeplus.net\/index.php\/2026\/08\/03\/souverainete-alimentaire-le-premier-ministre-met-en-eau-le-perimetre-irrigue-de-nieguema-toukoro\/\" \/>\n<meta property=\"og:locale\" content=\"fr_FR\" \/>\n<meta property=\"og:type\" content=\"article\" \/>\n<meta property=\"og:title\" content=\"Souverainet\u00e9 alimentaire : le Premier ministre met en eau le p\u00e9rim\u00e8tre irrigu\u00e9 de Ni\u00e9gu\u00e9ma-Touk\u00f4r\u00f4 - WordPress\" \/>\n<meta property=\"og:description\" content=\"Le Premier ministre, Rimtalba Jean Emmanuel Ou\u00e9draogo, a proc\u00e9d\u00e9, dimanche 2 ao\u00fbt 2026, \u00e0 l&rsquo;ouverture officielle des vannes du p\u00e9rim\u00e8tre irrigu\u00e9 de Ni\u00e9gu\u00e9ma-Touk\u00f4r\u00f4, dans la commune rurale de Bama, province du Houet, r\u00e9gion du Guiriko. Un geste hautement symbolique qui traduit, une fois de plus, l&rsquo;ambition du Chef de l&rsquo;\u00c9tat, le Capitaine Ibrahim Traor\u00e9, de...\" \/>\n<meta property=\"og:url\" content=\"https:\/\/lacolombeplus.net\/index.php\/2026\/08\/03\/souverainete-alimentaire-le-premier-ministre-met-en-eau-le-perimetre-irrigue-de-nieguema-toukoro\/\" \/>\n<meta property=\"og:site_name\" content=\"WordPress\" \/>\n<meta property=\"article:publisher\" content=\"https:\/\/web.facebook.com\/profile.php?id=61589477078953\" \/>\n<meta property=\"article:published_time\" content=\"2026-08-03T16:45:34+00:00\" \/>\n<meta property=\"og:image\" content=\"http:\/\/lacolombeplus.net\/wp-content\/uploads\/2026\/08\/551f4fbf-1b7b-4b11-9a38-53032429ff88.webp\" \/>\n\t<meta property=\"og:image:width\" content=\"2560\" \/>\n\t<meta property=\"og:image:height\" content=\"1685\" \/>\n\t<meta property=\"og:image:type\" content=\"image\/webp\" \/>\n<meta name=\"author\" content=\"Dramane FAYAMA\" \/>\n<meta name=\"twitter:card\" content=\"summary_large_image\" \/>\n<meta name=\"twitter:label1\" content=\"\u00c9crit par\" \/>\n\t<meta name=\"twitter:data1\" content=\"Dramane FAYAMA\" \/>\n\t<meta name=\"twitter:label2\" content=\"Dur\u00e9e de lecture estim\u00e9e\" \/>\n\t<meta name=\"twitter:data2\" content=\"5 minutes\" \/>\n<script type=\"application\/ld+json\" class=\"yoast-schema-graph\">{\"@context\":\"https:\\\/\\\/schema.org\",\"@graph\":[{\"@type\":\"Article\",\"@id\":\"https:\\\/\\\/lacolombeplus.net\\\/index.php\\\/2026\\\/08\\\/03\\\/souverainete-alimentaire-le-premier-ministre-met-en-eau-le-perimetre-irrigue-de-nieguema-toukoro\\\/#article\",\"isPartOf\":{\"@id\":\"https:\\\/\\\/lacolombeplus.net\\\/index.php\\\/2026\\\/08\\\/03\\\/souverainete-alimentaire-le-premier-ministre-met-en-eau-le-perimetre-irrigue-de-nieguema-toukoro\\\/\"},\"author\":{\"name\":\"Dramane FAYAMA\",\"@id\":\"https:\\\/\\\/lacolombeplus.net\\\/#\\\/schema\\\/person\\\/1a433b3fa6e8f9696f18ece67a69915c\"},\"headline\":\"Souverainet\u00e9 alimentaire : le Premier ministre met en eau le p\u00e9rim\u00e8tre irrigu\u00e9 de Ni\u00e9gu\u00e9ma-Touk\u00f4r\u00f4\",\"datePublished\":\"2026-08-03T16:45:34+00:00\",\"mainEntityOfPage\":{\"@id\":\"https:\\\/\\\/lacolombeplus.net\\\/index.php\\\/2026\\\/08\\\/03\\\/souverainete-alimentaire-le-premier-ministre-met-en-eau-le-perimetre-irrigue-de-nieguema-toukoro\\\/\"},\"wordCount\":845,\"commentCount\":0,\"publisher\":{\"@id\":\"https:\\\/\\\/lacolombeplus.net\\\/#organization\"},\"image\":{\"@id\":\"https:\\\/\\\/lacolombeplus.net\\\/index.php\\\/2026\\\/08\\\/03\\\/souverainete-alimentaire-le-premier-ministre-met-en-eau-le-perimetre-irrigue-de-nieguema-toukoro\\\/#primaryimage\"},\"thumbnailUrl\":\"https:\\\/\\\/lacolombeplus.net\\\/wp-content\\\/uploads\\\/2026\\\/08\\\/551f4fbf-1b7b-4b11-9a38-53032429ff88.webp\",\"articleSection\":[\"D\u00e9veloppement\",\"Economie\",\"Politique\"],\"inLanguage\":\"fr-FR\",\"potentialAction\":[{\"@type\":\"CommentAction\",\"name\":\"Comment\",\"target\":[\"https:\\\/\\\/lacolombeplus.net\\\/index.php\\\/2026\\\/08\\\/03\\\/souverainete-alimentaire-le-premier-ministre-met-en-eau-le-perimetre-irrigue-de-nieguema-toukoro\\\/#respond\"]}]},{\"@type\":\"WebPage\",\"@id\":\"https:\\\/\\\/lacolombeplus.net\\\/index.php\\\/2026\\\/08\\\/03\\\/souverainete-alimentaire-le-premier-ministre-met-en-eau-le-perimetre-irrigue-de-nieguema-toukoro\\\/\",\"url\":\"https:\\\/\\\/lacolombeplus.net\\\/index.php\\\/2026\\\/08\\\/03\\\/souverainete-alimentaire-le-premier-ministre-met-en-eau-le-perimetre-irrigue-de-nieguema-toukoro\\\/\",\"name\":\"Souverainet\u00e9 alimentaire : le Premier ministre met en eau le p\u00e9rim\u00e8tre irrigu\u00e9 de Ni\u00e9gu\u00e9ma-Touk\u00f4r\u00f4 - WordPress\",\"isPartOf\":{\"@id\":\"https:\\\/\\\/lacolombeplus.net\\\/#website\"},\"primaryImageOfPage\":{\"@id\":\"https:\\\/\\\/lacolombeplus.net\\\/index.php\\\/2026\\\/08\\\/03\\\/souverainete-alimentaire-le-premier-ministre-met-en-eau-le-perimetre-irrigue-de-nieguema-toukoro\\\/#primaryimage\"},\"image\":{\"@id\":\"https:\\\/\\\/lacolombeplus.net\\\/index.php\\\/2026\\\/08\\\/03\\\/souverainete-alimentaire-le-premier-ministre-met-en-eau-le-perimetre-irrigue-de-nieguema-toukoro\\\/#primaryimage\"},\"thumbnailUrl\":\"https:\\\/\\\/lacolombeplus.net\\\/wp-content\\\/uploads\\\/2026\\\/08\\\/551f4fbf-1b7b-4b11-9a38-53032429ff88.webp\",\"datePublished\":\"2026-08-03T16:45:34+00:00\",\"breadcrumb\":{\"@id\":\"https:\\\/\\\/lacolombeplus.net\\\/index.php\\\/2026\\\/08\\\/03\\\/souverainete-alimentaire-le-premier-ministre-met-en-eau-le-perimetre-irrigue-de-nieguema-toukoro\\\/#breadcrumb\"},\"inLanguage\":\"fr-FR\",\"potentialAction\":[{\"@type\":\"ReadAction\",\"target\":[\"https:\\\/\\\/lacolombeplus.net\\\/index.php\\\/2026\\\/08\\\/03\\\/souverainete-alimentaire-le-premier-ministre-met-en-eau-le-perimetre-irrigue-de-nieguema-toukoro\\\/\"]}]},{\"@type\":\"ImageObject\",\"inLanguage\":\"fr-FR\",\"@id\":\"https:\\\/\\\/lacolombeplus.net\\\/index.php\\\/2026\\\/08\\\/03\\\/souverainete-alimentaire-le-premier-ministre-met-en-eau-le-perimetre-irrigue-de-nieguema-toukoro\\\/#primaryimage\",\"url\":\"https:\\\/\\\/lacolombeplus.net\\\/wp-content\\\/uploads\\\/2026\\\/08\\\/551f4fbf-1b7b-4b11-9a38-53032429ff88.webp\",\"contentUrl\":\"https:\\\/\\\/lacolombeplus.net\\\/wp-content\\\/uploads\\\/2026\\\/08\\\/551f4fbf-1b7b-4b11-9a38-53032429ff88.webp\",\"width\":2560,\"height\":1685},{\"@type\":\"BreadcrumbList\",\"@id\":\"https:\\\/\\\/lacolombeplus.net\\\/index.php\\\/2026\\\/08\\\/03\\\/souverainete-alimentaire-le-premier-ministre-met-en-eau-le-perimetre-irrigue-de-nieguema-toukoro\\\/#breadcrumb\",\"itemListElement\":[{\"@type\":\"ListItem\",\"position\":1,\"name\":\"Accueil\",\"item\":\"https:\\\/\\\/lacolombeplus.net\\\/\"},{\"@type\":\"ListItem\",\"position\":2,\"name\":\"Souverainet\u00e9 alimentaire : le Premier ministre met en eau le p\u00e9rim\u00e8tre irrigu\u00e9 de Ni\u00e9gu\u00e9ma-Touk\u00f4r\u00f4\"}]},{\"@type\":\"WebSite\",\"@id\":\"https:\\\/\\\/lacolombeplus.net\\\/#website\",\"url\":\"https:\\\/\\\/lacolombeplus.net\\\/\",\"name\":\"Lacolombeplus\",\"description\":\"\",\"publisher\":{\"@id\":\"https:\\\/\\\/lacolombeplus.net\\\/#organization\"},\"potentialAction\":[{\"@type\":\"SearchAction\",\"target\":{\"@type\":\"EntryPoint\",\"urlTemplate\":\"https:\\\/\\\/lacolombeplus.net\\\/?s={search_term_string}\"},\"query-input\":{\"@type\":\"PropertyValueSpecification\",\"valueRequired\":true,\"valueName\":\"search_term_string\"}}],\"inLanguage\":\"fr-FR\"},{\"@type\":\"Organization\",\"@id\":\"https:\\\/\\\/lacolombeplus.net\\\/#organization\",\"name\":\"lacolombeplus.net\",\"url\":\"https:\\\/\\\/lacolombeplus.net\\\/\",\"logo\":{\"@type\":\"ImageObject\",\"inLanguage\":\"fr-FR\",\"@id\":\"https:\\\/\\\/lacolombeplus.net\\\/#\\\/schema\\\/logo\\\/image\\\/\",\"url\":\"https:\\\/\\\/lacolombeplus.net\\\/wp-content\\\/uploads\\\/2026\\\/04\\\/a84391f3-a521-4177-867d-b9aaa3066b88.png\",\"contentUrl\":\"https:\\\/\\\/lacolombeplus.net\\\/wp-content\\\/uploads\\\/2026\\\/04\\\/a84391f3-a521-4177-867d-b9aaa3066b88.png\",\"width\":1045,\"height\":1505,\"caption\":\"lacolombeplus.net\"},\"image\":{\"@id\":\"https:\\\/\\\/lacolombeplus.net\\\/#\\\/schema\\\/logo\\\/image\\\/\"},\"sameAs\":[\"https:\\\/\\\/web.facebook.com\\\/profile.php?id=61589477078953\"]},{\"@type\":\"Person\",\"@id\":\"https:\\\/\\\/lacolombeplus.net\\\/#\\\/schema\\\/person\\\/1a433b3fa6e8f9696f18ece67a69915c\",\"name\":\"Dramane FAYAMA\",\"image\":{\"@type\":\"ImageObject\",\"inLanguage\":\"fr-FR\",\"@id\":\"https:\\\/\\\/secure.gravatar.com\\\/avatar\\\/6ae061b9c102ae93ffb7a4076195d78ace54801f91540899a6e8aacf91eacff8?s=96&d=mm&r=g\",\"url\":\"https:\\\/\\\/secure.gravatar.com\\\/avatar\\\/6ae061b9c102ae93ffb7a4076195d78ace54801f91540899a6e8aacf91eacff8?s=96&d=mm&r=g\",\"contentUrl\":\"https:\\\/\\\/secure.gravatar.com\\\/avatar\\\/6ae061b9c102ae93ffb7a4076195d78ace54801f91540899a6e8aacf91eacff8?s=96&d=mm&r=g\",\"caption\":\"Dramane FAYAMA\"},\"url\":\"https:\\\/\\\/lacolombeplus.net\\\/index.php\\\/author\\\/dramane\\\/\"}]}<\/script>\n<!-- \/ Yoast SEO plugin. -->","yoast_head_json":{"title":"Souverainet\u00e9 alimentaire : le Premier ministre met en eau le p\u00e9rim\u00e8tre irrigu\u00e9 de Ni\u00e9gu\u00e9ma-Touk\u00f4r\u00f4 - WordPress","robots":{"index":"index","follow":"follow","max-snippet":"max-snippet:-1","max-image-preview":"max-image-preview:large","max-video-preview":"max-video-preview:-1"},"canonical":"https:\/\/lacolombeplus.net\/index.php\/2026\/08\/03\/souverainete-alimentaire-le-premier-ministre-met-en-eau-le-perimetre-irrigue-de-nieguema-toukoro\/","og_locale":"fr_FR","og_type":"article","og_title":"Souverainet\u00e9 alimentaire : le Premier ministre met en eau le p\u00e9rim\u00e8tre irrigu\u00e9 de Ni\u00e9gu\u00e9ma-Touk\u00f4r\u00f4 - WordPress","og_description":"Le Premier ministre, Rimtalba Jean Emmanuel Ou\u00e9draogo, a proc\u00e9d\u00e9, dimanche 2 ao\u00fbt 2026, \u00e0 l&rsquo;ouverture officielle des vannes du p\u00e9rim\u00e8tre irrigu\u00e9 de Ni\u00e9gu\u00e9ma-Touk\u00f4r\u00f4, dans la commune rurale de Bama, province du Houet, r\u00e9gion du Guiriko. Un geste hautement symbolique qui traduit, une fois de plus, l&rsquo;ambition du Chef de l&rsquo;\u00c9tat, le Capitaine Ibrahim Traor\u00e9, de...","og_url":"https:\/\/lacolombeplus.net\/index.php\/2026\/08\/03\/souverainete-alimentaire-le-premier-ministre-met-en-eau-le-perimetre-irrigue-de-nieguema-toukoro\/","og_site_name":"WordPress","article_publisher":"https:\/\/web.facebook.com\/profile.php?id=61589477078953","article_published_time":"2026-08-03T16:45:34+00:00","og_image":[{"width":2560,"height":1685,"url":"http:\/\/lacolombeplus.net\/wp-content\/uploads\/2026\/08\/551f4fbf-1b7b-4b11-9a38-53032429ff88.webp","type":"image\/webp"}],"author":"Dramane FAYAMA","twitter_card":"summary_large_image","twitter_misc":{"\u00c9crit par":"Dramane FAYAMA","Dur\u00e9e de lecture estim\u00e9e":"5 minutes"},"schema":{"@context":"https:\/\/schema.org","@graph":[{"@type":"Article","@id":"https:\/\/lacolombeplus.net\/index.php\/2026\/08\/03\/souverainete-alimentaire-le-premier-ministre-met-en-eau-le-perimetre-irrigue-de-nieguema-toukoro\/#article","isPartOf":{"@id":"https:\/\/lacolombeplus.net\/index.php\/2026\/08\/03\/souverainete-alimentaire-le-premier-ministre-met-en-eau-le-perimetre-irrigue-de-nieguema-toukoro\/"},"author":{"name":"Dramane FAYAMA","@id":"https:\/\/lacolombeplus.net\/#\/schema\/person\/1a433b3fa6e8f9696f18ece67a69915c"},"headline":"Souverainet\u00e9 alimentaire : le Premier ministre met en eau le p\u00e9rim\u00e8tre irrigu\u00e9 de Ni\u00e9gu\u00e9ma-Touk\u00f4r\u00f4","datePublished":"2026-08-03T16:45:34+00:00","mainEntityOfPage":{"@id":"https:\/\/lacolombeplus.net\/index.php\/2026\/08\/03\/souverainete-alimentaire-le-premier-ministre-met-en-eau-le-perimetre-irrigue-de-nieguema-toukoro\/"},"wordCount":845,"commentCount":0,"publisher":{"@id":"https:\/\/lacolombeplus.net\/#organization"},"image":{"@id":"https:\/\/lacolombeplus.net\/index.php\/2026\/08\/03\/souverainete-alimentaire-le-premier-ministre-met-en-eau-le-perimetre-irrigue-de-nieguema-toukoro\/#primaryimage"},"thumbnailUrl":"https:\/\/lacolombeplus.net\/wp-content\/uploads\/2026\/08\/551f4fbf-1b7b-4b11-9a38-53032429ff88.webp","articleSection":["D\u00e9veloppement","Economie","Politique"],"inLanguage":"fr-FR","potentialAction":[{"@type":"CommentAction","name":"Comment","target":["https:\/\/lacolombeplus.net\/index.php\/2026\/08\/03\/souverainete-alimentaire-le-premier-ministre-met-en-eau-le-perimetre-irrigue-de-nieguema-toukoro\/#respond"]}]},{"@type":"WebPage","@id":"https:\/\/lacolombeplus.net\/index.php\/2026\/08\/03\/souverainete-alimentaire-le-premier-ministre-met-en-eau-le-perimetre-irrigue-de-nieguema-toukoro\/","url":"https:\/\/lacolombeplus.net\/index.php\/2026\/08\/03\/souverainete-alimentaire-le-premier-ministre-met-en-eau-le-perimetre-irrigue-de-nieguema-toukoro\/","name":"Souverainet\u00e9 alimentaire : le Premier ministre met en eau le p\u00e9rim\u00e8tre irrigu\u00e9 de Ni\u00e9gu\u00e9ma-Touk\u00f4r\u00f4 - WordPress","isPartOf":{"@id":"https:\/\/lacolombeplus.net\/#website"},"primaryImageOfPage":{"@id":"https:\/\/lacolombeplus.net\/index.php\/2026\/08\/03\/souverainete-alimentaire-le-premier-ministre-met-en-eau-le-perimetre-irrigue-de-nieguema-toukoro\/#primaryimage"},"image":{"@id":"https:\/\/lacolombeplus.net\/index.php\/2026\/08\/03\/souverainete-alimentaire-le-premier-ministre-met-en-eau-le-perimetre-irrigue-de-nieguema-toukoro\/#primaryimage"},"thumbnailUrl":"https:\/\/lacolombeplus.net\/wp-content\/uploads\/2026\/08\/551f4fbf-1b7b-4b11-9a38-53032429ff88.webp","datePublished":"2026-08-03T16:45:34+00:00","breadcrumb":{"@id":"https:\/\/lacolombeplus.net\/index.php\/2026\/08\/03\/souverainete-alimentaire-le-premier-ministre-met-en-eau-le-perimetre-irrigue-de-nieguema-toukoro\/#breadcrumb"},"inLanguage":"fr-FR","potentialAction":[{"@type":"ReadAction","target":["https:\/\/lacolombeplus.net\/index.php\/2026\/08\/03\/souverainete-alimentaire-le-premier-ministre-met-en-eau-le-perimetre-irrigue-de-nieguema-toukoro\/"]}]},{"@type":"ImageObject","inLanguage":"fr-FR","@id":"https:\/\/lacolombeplus.net\/index.php\/2026\/08\/03\/souverainete-alimentaire-le-premier-ministre-met-en-eau-le-perimetre-irrigue-de-nieguema-toukoro\/#primaryimage","url":"https:\/\/lacolombeplus.net\/wp-content\/uploads\/2026\/08\/551f4fbf-1b7b-4b11-9a38-53032429ff88.webp","contentUrl":"https:\/\/lacolombeplus.net\/wp-content\/uploads\/2026\/08\/551f4fbf-1b7b-4b11-9a38-53032429ff88.webp","width":2560,"height":1685},{"@type":"BreadcrumbList","@id":"https:\/\/lacolombeplus.net\/index.php\/2026\/08\/03\/souverainete-alimentaire-le-premier-ministre-met-en-eau-le-perimetre-irrigue-de-nieguema-toukoro\/#breadcrumb","itemListElement":[{"@type":"ListItem","position":1,"name":"Accueil","item":"https:\/\/lacolombeplus.net\/"},{"@type":"ListItem","position":2,"name":"Souverainet\u00e9 alimentaire : le Premier ministre met en eau le p\u00e9rim\u00e8tre irrigu\u00e9 de Ni\u00e9gu\u00e9ma-Touk\u00f4r\u00f4"}]},{"@type":"WebSite","@id":"https:\/\/lacolombeplus.net\/#website","url":"https:\/\/lacolombeplus.net\/","name":"Lacolombeplus","description":"","publisher":{"@id":"https:\/\/lacolombeplus.net\/#organization"},"potentialAction":[{"@type":"SearchAction","target":{"@type":"EntryPoint","urlTemplate":"https:\/\/lacolombeplus.net\/?s={search_term_string}"},"query-input":{"@type":"PropertyValueSpecification","valueRequired":true,"valueName":"search_term_string"}}],"inLanguage":"fr-FR"},{"@type":"Organization","@id":"https:\/\/lacolombeplus.net\/#organization","name":"lacolombeplus.net","url":"https:\/\/lacolombeplus.net\/","logo":{"@type":"ImageObject","inLanguage":"fr-FR","@id":"https:\/\/lacolombeplus.net\/#\/schema\/logo\/image\/","url":"https:\/\/lacolombeplus.net\/wp-content\/uploads\/2026\/04\/a84391f3-a521-4177-867d-b9aaa3066b88.png","contentUrl":"https:\/\/lacolombeplus.net\/wp-content\/uploads\/2026\/04\/a84391f3-a521-4177-867d-b9aaa3066b88.png","width":1045,"height":1505,"caption":"lacolombeplus.net"},"image":{"@id":"https:\/\/lacolombeplus.net\/#\/schema\/logo\/image\/"},"sameAs":["https:\/\/web.facebook.com\/profile.php?id=61589477078953"]},{"@type":"Person","@id":"https:\/\/lacolombeplus.net\/#\/schema\/person\/1a433b3fa6e8f9696f18ece67a69915c","name":"Dramane FAYAMA","image":{"@type":"ImageObject","inLanguage":"fr-FR","@id":"https:\/\/secure.gravatar.com\/avatar\/6ae061b9c102ae93ffb7a4076195d78ace54801f91540899a6e8aacf91eacff8?s=96&d=mm&r=g","url":"https:\/\/secure.gravatar.com\/avatar\/6ae061b9c102ae93ffb7a4076195d78ace54801f91540899a6e8aacf91eacff8?s=96&d=mm&r=g","contentUrl":"https:\/\/secure.gravatar.com\/avatar\/6ae061b9c102ae93ffb7a4076195d78ace54801f91540899a6e8aacf91eacff8?s=96&d=mm&r=g","caption":"Dramane FAYAMA"},"url":"https:\/\/lacolombeplus.net\/index.php\/author\/dramane\/"}]}},"jetpack_featured_media_url":"https:\/\/lacolombeplus.net\/wp-content\/uploads\/2026\/08\/551f4fbf-1b7b-4b11-9a38-53032429ff88.webp","jetpack_sharing_enabled":true,"_links":{"self":[{"href":"https:\/\/lacolombeplus.net\/index.php\/wp-json\/wp\/v2\/posts\/38806","targetHints":{"allow":["GET"]}}],"collection":[{"href":"https:\/\/lacolombeplus.net\/index.php\/wp-json\/wp\/v2\/posts"}],"about":[{"href":"https:\/\/lacolombeplus.net\/index.php\/wp-json\/wp\/v2\/types\/post"}],"author":[{"embeddable":true,"href":"https:\/\/lacolombeplus.net\/index.php\/wp-json\/wp\/v2\/users\/6"}],"replies":[{"embeddable":true,"href":"https:\/\/lacolombeplus.net\/index.php\/wp-json\/wp\/v2\/comments?post=38806"}],"version-history":[{"count":2,"href":"https:\/\/lacolombeplus.net\/index.php\/wp-json\/wp\/v2\/posts\/38806\/revisions"}],"predecessor-version":[{"id":38812,"href":"https:\/\/lacolombeplus.net\/index.php\/wp-json\/wp\/v2\/posts\/38806\/revisions\/38812"}],"wp:featuredmedia":[{"embeddable":true,"href":"https:\/\/lacolombeplus.net\/index.php\/wp-json\/wp\/v2\/media\/38809"}],"wp:attachment":[{"href":"https:\/\/lacolombeplus.net\/index.php\/wp-json\/wp\/v2\/media?parent=38806"}],"wp:term":[{"taxonomy":"category","embeddable":true,"href":"https:\/\/lacolombeplus.net\/index.php\/wp-json\/wp\/v2\/categories?post=38806"},{"taxonomy":"post_tag","embeddable":true,"href":"https:\/\/lacolombeplus.net\/index.php\/wp-json\/wp\/v2\/tags?post=38806"}],"curies":[{"name":"wp","href":"https:\/\/api.w.org\/{rel}","templated":true}]}}