{"id":38797,"date":"2026-08-01T15:57:50","date_gmt":"2026-08-01T15:57:50","guid":{"rendered":"https:\/\/lacolombeplus.net\/?p=38797"},"modified":"2026-08-01T15:57:50","modified_gmt":"2026-08-01T15:57:50","slug":"barrage-de-gouloure-une-realisation-concrete-au-service-du-developpement-local-saluee-par-le-premier-ministre","status":"publish","type":"post","link":"https:\/\/lacolombeplus.net\/index.php\/2026\/08\/01\/barrage-de-gouloure-une-realisation-concrete-au-service-du-developpement-local-saluee-par-le-premier-ministre\/","title":{"rendered":"Barrage de Goulour\u00e9 : Une r\u00e9alisation concr\u00e8te au service du d\u00e9veloppement local salu\u00e9e par le Premier ministre"},"content":{"rendered":"<h2><strong>Goulour\u00e9, Province du Boulkiemd\u00e9 \u2014 Le Premier ministre et Chef du Gouvernement, le Camarade Rimtalba Jean Emmanuel Ou\u00e9draogo, a pr\u00e9sid\u00e9 ce samedi 1er ao\u00fbt 2026 la c\u00e9r\u00e9monie officielle de mise en eau du barrage reconstruit de Goulour\u00e9, situ\u00e9 dans la r\u00e9gion de Nando.<\/strong><\/h2>\n<p>\u200b\u00c9rig\u00e9 initialement en 1956 sous la vision du Naaba Boulga et gr\u00e2ce \u00e0 la ferveur communautaire, le barrage avait c\u00e9d\u00e9 en 1998 sous la pression de crues d\u00e9vastatrices. Apr\u00e8s pr\u00e8s de trois d\u00e9cennies de rupture, la reconstruction de cet ouvrage strat\u00e9gique r\u00e9pond aux aspirations profondes des habitants de Goulour\u00e9 et des communes environnantes.<\/p>\n<figure id=\"attachment_38801\" aria-describedby=\"caption-attachment-38801\" style=\"width: 1041px\" class=\"wp-caption alignnone\"><img fetchpriority=\"high\" decoding=\"async\" class=\"wp-image-38801 size-full\" src=\"http:\/\/lacolombeplus.net\/wp-content\/uploads\/2026\/08\/IMG-20260801-WA0010.webp\" alt=\"\" width=\"1041\" height=\"1080\" srcset=\"https:\/\/lacolombeplus.net\/wp-content\/uploads\/2026\/08\/IMG-20260801-WA0010.webp 1041w, https:\/\/lacolombeplus.net\/wp-content\/uploads\/2026\/08\/IMG-20260801-WA0010-289x300.webp 289w, https:\/\/lacolombeplus.net\/wp-content\/uploads\/2026\/08\/IMG-20260801-WA0010-987x1024.webp 987w, https:\/\/lacolombeplus.net\/wp-content\/uploads\/2026\/08\/IMG-20260801-WA0010-768x797.webp 768w\" sizes=\"(max-width: 1041px) 100vw, 1041px\" \/><figcaption id=\"caption-attachment-38801\" class=\"wp-caption-text\">Remise officielle ce 1 ao\u00fbt 2026 sous la pr\u00e9sidence du premier ministre.<\/figcaption><\/figure>\n<p>\u200bFinanc\u00e9s sur le budget de l\u2019\u00c9tat (exercice 2025) et ex\u00e9cut\u00e9s en seulement neuf mois par l\u2019Office national des barrages et des am\u00e9nagements hydroagricoles (ONBAH), les travaux traduisent une mont\u00e9e en puissance spectaculaire :<\/p>\n<ul>\n<li>Capacit\u00e9 de stockage : De 80 000 m\u00b3 \u00e0 1 023 000 m\u00b3 d&rsquo;eau.<\/li>\n<li>\u200bInfrastructure : Une digue de 1 144 m\u00e8tres, un d\u00e9versoir-radier de 140 m\u00e8tres et des am\u00e9nagements connexes facilitant la mobilit\u00e9 locale.<\/li>\n<\/ul>\n<p style=\"text-align: center;\">\n\u200b<strong>Un moteur de souverainet\u00e9 \u00e9conomique et agricole<\/strong><\/p>\n<figure id=\"attachment_38799\" aria-describedby=\"caption-attachment-38799\" style=\"width: 300px\" class=\"wp-caption alignright\"><img decoding=\"async\" class=\"wp-image-38799 size-medium\" src=\"http:\/\/lacolombeplus.net\/wp-content\/uploads\/2026\/08\/IMG-20260801-WA0024-300x199.webp\" alt=\"\" width=\"300\" height=\"199\" srcset=\"https:\/\/lacolombeplus.net\/wp-content\/uploads\/2026\/08\/IMG-20260801-WA0024-300x199.webp 300w, https:\/\/lacolombeplus.net\/wp-content\/uploads\/2026\/08\/IMG-20260801-WA0024-1024x681.webp 1024w, https:\/\/lacolombeplus.net\/wp-content\/uploads\/2026\/08\/IMG-20260801-WA0024-768x511.webp 768w, https:\/\/lacolombeplus.net\/wp-content\/uploads\/2026\/08\/IMG-20260801-WA0024-850x560.webp 850w, https:\/\/lacolombeplus.net\/wp-content\/uploads\/2026\/08\/IMG-20260801-WA0024-600x398.webp 600w, https:\/\/lacolombeplus.net\/wp-content\/uploads\/2026\/08\/IMG-20260801-WA0024-455x300.webp 455w, https:\/\/lacolombeplus.net\/wp-content\/uploads\/2026\/08\/IMG-20260801-WA0024.webp 1080w\" sizes=\"(max-width: 300px) 100vw, 300px\" \/><figcaption id=\"caption-attachment-38799\" class=\"wp-caption-text\">Un moteur de souverainet\u00e9 \u00e9conomique<\/figcaption><\/figure>\n<p style=\"text-align: left;\">\u200bL&rsquo;impact attendu sur le tissu socio-\u00e9conomique local est majeur. Le barrage permettra notamment :<br \/>\n\u200b<\/p>\n<ul>\n<li>L&rsquo;am\u00e9nagement d&rsquo;un p\u00e9rim\u00e8tre irrigu\u00e9 de 20 hectares ;<\/li>\n<li>Le d\u00e9veloppement intensif des cultures de contre-saison, du mara\u00eechage, de la pisciculture et de l&rsquo;\u00e9levage ;<\/li>\n<li>\u200bLa cr\u00e9ation d&#8217;emplois et de revenus d\u00e9cents, en particulier pour les femmes et les jeunes<\/li>\n<\/ul>\n<p style=\"text-align: left;\">\u200b\u00ab <em>Avec la r\u00e9alisation de ce barrage, les perspectives sont l\u00e0, en termes d\u2019am\u00e9nagement des p\u00e9rim\u00e8tres de production agricole, de pisciculture, mais aussi de toutes les activit\u00e9s connexes susceptibles de g\u00e9n\u00e9rer des revenus au profit des femmes, des jeunes et de l\u2019ensemble de la population de Goulour\u00e9<\/em> \u00bb, a affirm\u00e9 le Premier ministre.<\/p>\n<p style=\"text-align: left;\">\u200b<strong>Endog\u00e9n\u00e9it\u00e9 et esprit r\u00e9volutionnaire<\/strong><\/p>\n<figure id=\"attachment_38800\" aria-describedby=\"caption-attachment-38800\" style=\"width: 300px\" class=\"wp-caption alignleft\"><img decoding=\"async\" class=\"wp-image-38800 size-medium\" src=\"http:\/\/lacolombeplus.net\/wp-content\/uploads\/2026\/08\/IMG-20260801-WA0020-300x185.webp\" alt=\"\" width=\"300\" height=\"185\" srcset=\"https:\/\/lacolombeplus.net\/wp-content\/uploads\/2026\/08\/IMG-20260801-WA0020-300x185.webp 300w, https:\/\/lacolombeplus.net\/wp-content\/uploads\/2026\/08\/IMG-20260801-WA0020-1024x631.webp 1024w, https:\/\/lacolombeplus.net\/wp-content\/uploads\/2026\/08\/IMG-20260801-WA0020-768x473.webp 768w, https:\/\/lacolombeplus.net\/wp-content\/uploads\/2026\/08\/IMG-20260801-WA0020.webp 1080w\" sizes=\"(max-width: 300px) 100vw, 300px\" \/><figcaption id=\"caption-attachment-38800\" class=\"wp-caption-text\">Rimtalba Jean Emmanuel Ouedraogo, Premier Ministre, chef du gouvernement<\/figcaption><\/figure>\n<p style=\"text-align: left;\">\u200bLe Chef du Gouvernement a insist\u00e9 sur la port\u00e9e politique et symbolique de ce projet, port\u00e9 \u00e0 100 % par la nation :<\/p>\n<ul>\n<li style=\"text-align: left;\">\u200b<strong>Souverainet\u00e9 financi\u00e8re et technique<\/strong> : Financement int\u00e9gral par le budget national et ex\u00e9cution par la structure publique nationale (ONBAH).<br \/>\n\u200b<\/li>\n<li style=\"text-align: left;\"><strong>Production continue :<\/strong> Une vision align\u00e9e sur l&rsquo;am\u00e9lioration des conditions de vie des Burkinab\u00e8 au-del\u00e0 des d\u00e9fis s\u00e9curitaires, en donnant aux populations les moyens de produire 365 jours sur 365.<\/li>\n<\/ul>\n<p style=\"text-align: left;\">\n\u200b\u00ab <em>Toutes ces r\u00e9alisations ont \u00e9t\u00e9 faites sur ressources propres. [&#8230;] Aujourd\u2019hui, c\u2019est encore l\u2019esprit de la R\u00e9volution qui se met en \u0153uvre. Les r\u00e9sultats sont concrets et visibles <\/em>\u00bb, a martel\u00e9 le Camarade Rimtalba Jean Emmanuel Ou\u00e9draogo.<\/p>\n<p style=\"text-align: center;\">\n\u200b<strong>Appel \u00e0 la protection communautaire<\/strong><\/p>\n<p style=\"text-align: left;\">\n\u200bSaluant l&rsquo;expertise du minist\u00e8re charg\u00e9 de l\u2019Agriculture et de l\u2019ONBAH, le Premier ministre a lanc\u00e9 un appel vibrant \u00e0 la responsabilit\u00e9 collective des populations pour la sauvegarde de l&rsquo;infrastructure : \u200b\u00ab <em>Les ouvrages sont r\u00e9alis\u00e9s, mais il faut les prot\u00e9ger et les s\u00e9curiser. Ce sont des barrages construits \u00e0 la sueur du front du peuple burkinab\u00e8. Il faut engager tout le monde \u00e0 devenir protecteur de ces ouvrages afin d\u2019assurer leur durabilit\u00e9. \u00bb<\/em><\/p>\n<p style=\"text-align: left;\">\n\u200bAvec le retour de cette ressource vitale, Goulour\u00e9 retrouve un levier essentiel de productivit\u00e9, ancrant durablement la transformation \u00e9conomique \u00e0 la base.<\/p>\n<p style=\"text-align: right;\"><strong><em>La r\u00e9daction\u00a0<\/em><\/strong><\/p>\n","protected":false},"excerpt":{"rendered":"<p>Goulour\u00e9, Province du Boulkiemd\u00e9 \u2014 Le Premier ministre et Chef du Gouvernement, le Camarade Rimtalba Jean Emmanuel Ou\u00e9draogo, a pr\u00e9sid\u00e9 ce samedi 1er ao\u00fbt 2026 la c\u00e9r\u00e9monie officielle de mise en eau du barrage reconstruit de Goulour\u00e9, situ\u00e9 dans la r\u00e9gion de Nando. \u200b\u00c9rig\u00e9 initialement en 1956 sous la vision du Naaba Boulga et gr\u00e2ce&#8230;<\/p>\n","protected":false},"author":6,"featured_media":38798,"comment_status":"open","ping_status":"open","sticky":false,"template":"","format":"standard","meta":{"_jetpack_newsletter_access":"","_jetpack_dont_email_post_to_subs":false,"_jetpack_newsletter_tier_id":0,"_jetpack_memberships_contains_paywalled_content":false,"_jetpack_feature_clip_id":0,"_jetpack_memberships_contains_paid_content":false,"footnotes":"","jetpack_post_was_ever_published":false},"categories":[2,193],"tags":[170,300,299,303,301,302],"class_list":["post-38797","post","type-post","status-publish","format-standard","has-post-thumbnail","hentry","category-a-la-une","category-developpement","tag-assainissement","tag-barrage","tag-eau","tag-gouloure","tag-inauguration","tag-nando"],"yoast_head":"<!-- This site is optimized with the Yoast SEO plugin v28.3 - https:\/\/yoast.com\/product\/yoast-seo-wordpress\/ -->\n<title>Barrage de Goulour\u00e9 : Une r\u00e9alisation concr\u00e8te au service du d\u00e9veloppement local salu\u00e9e par le Premier ministre - WordPress<\/title>\n<meta name=\"robots\" content=\"index, follow, max-snippet:-1, max-image-preview:large, max-video-preview:-1\" \/>\n<link rel=\"canonical\" href=\"https:\/\/lacolombeplus.net\/index.php\/2026\/08\/01\/barrage-de-gouloure-une-realisation-concrete-au-service-du-developpement-local-saluee-par-le-premier-ministre\/\" \/>\n<meta property=\"og:locale\" content=\"fr_FR\" \/>\n<meta property=\"og:type\" content=\"article\" \/>\n<meta property=\"og:title\" content=\"Barrage de Goulour\u00e9 : Une r\u00e9alisation concr\u00e8te au service du d\u00e9veloppement local salu\u00e9e par le Premier ministre - WordPress\" \/>\n<meta property=\"og:description\" content=\"Goulour\u00e9, Province du Boulkiemd\u00e9 \u2014 Le Premier ministre et Chef du Gouvernement, le Camarade Rimtalba Jean Emmanuel Ou\u00e9draogo, a pr\u00e9sid\u00e9 ce samedi 1er ao\u00fbt 2026 la c\u00e9r\u00e9monie officielle de mise en eau du barrage reconstruit de Goulour\u00e9, situ\u00e9 dans la r\u00e9gion de Nando. \u200b\u00c9rig\u00e9 initialement en 1956 sous la vision du Naaba Boulga et gr\u00e2ce...\" \/>\n<meta property=\"og:url\" content=\"https:\/\/lacolombeplus.net\/index.php\/2026\/08\/01\/barrage-de-gouloure-une-realisation-concrete-au-service-du-developpement-local-saluee-par-le-premier-ministre\/\" \/>\n<meta property=\"og:site_name\" content=\"WordPress\" \/>\n<meta property=\"article:publisher\" content=\"https:\/\/web.facebook.com\/profile.php?id=61589477078953\" \/>\n<meta property=\"article:published_time\" content=\"2026-08-01T15:57:50+00:00\" \/>\n<meta property=\"og:image\" content=\"http:\/\/lacolombeplus.net\/wp-content\/uploads\/2026\/08\/IMG-20260801-WA0025.webp\" \/>\n\t<meta property=\"og:image:width\" content=\"1080\" \/>\n\t<meta property=\"og:image:height\" content=\"686\" \/>\n\t<meta property=\"og:image:type\" content=\"image\/webp\" \/>\n<meta name=\"author\" content=\"Dramane FAYAMA\" \/>\n<meta name=\"twitter:card\" content=\"summary_large_image\" \/>\n<meta name=\"twitter:label1\" content=\"\u00c9crit par\" \/>\n\t<meta name=\"twitter:data1\" content=\"Dramane FAYAMA\" \/>\n\t<meta name=\"twitter:label2\" content=\"Dur\u00e9e de lecture estim\u00e9e\" \/>\n\t<meta name=\"twitter:data2\" content=\"4 minutes\" \/>\n<script type=\"application\/ld+json\" class=\"yoast-schema-graph\">{\"@context\":\"https:\\\/\\\/schema.org\",\"@graph\":[{\"@type\":\"Article\",\"@id\":\"https:\\\/\\\/lacolombeplus.net\\\/index.php\\\/2026\\\/08\\\/01\\\/barrage-de-gouloure-une-realisation-concrete-au-service-du-developpement-local-saluee-par-le-premier-ministre\\\/#article\",\"isPartOf\":{\"@id\":\"https:\\\/\\\/lacolombeplus.net\\\/index.php\\\/2026\\\/08\\\/01\\\/barrage-de-gouloure-une-realisation-concrete-au-service-du-developpement-local-saluee-par-le-premier-ministre\\\/\"},\"author\":{\"name\":\"Dramane FAYAMA\",\"@id\":\"https:\\\/\\\/lacolombeplus.net\\\/#\\\/schema\\\/person\\\/1a433b3fa6e8f9696f18ece67a69915c\"},\"headline\":\"Barrage de Goulour\u00e9 : Une r\u00e9alisation concr\u00e8te au service du d\u00e9veloppement local salu\u00e9e par le Premier ministre\",\"datePublished\":\"2026-08-01T15:57:50+00:00\",\"mainEntityOfPage\":{\"@id\":\"https:\\\/\\\/lacolombeplus.net\\\/index.php\\\/2026\\\/08\\\/01\\\/barrage-de-gouloure-une-realisation-concrete-au-service-du-developpement-local-saluee-par-le-premier-ministre\\\/\"},\"wordCount\":595,\"commentCount\":0,\"publisher\":{\"@id\":\"https:\\\/\\\/lacolombeplus.net\\\/#organization\"},\"image\":{\"@id\":\"https:\\\/\\\/lacolombeplus.net\\\/index.php\\\/2026\\\/08\\\/01\\\/barrage-de-gouloure-une-realisation-concrete-au-service-du-developpement-local-saluee-par-le-premier-ministre\\\/#primaryimage\"},\"thumbnailUrl\":\"https:\\\/\\\/lacolombeplus.net\\\/wp-content\\\/uploads\\\/2026\\\/08\\\/IMG-20260801-WA0025.webp\",\"keywords\":[\"Assainissement\",\"barrage\",\"Eau\",\"Goulour\u00e9\",\"inauguration\",\"Nando\"],\"articleSection\":[\"A la Une\",\"D\u00e9veloppement\"],\"inLanguage\":\"fr-FR\",\"potentialAction\":[{\"@type\":\"CommentAction\",\"name\":\"Comment\",\"target\":[\"https:\\\/\\\/lacolombeplus.net\\\/index.php\\\/2026\\\/08\\\/01\\\/barrage-de-gouloure-une-realisation-concrete-au-service-du-developpement-local-saluee-par-le-premier-ministre\\\/#respond\"]}]},{\"@type\":\"WebPage\",\"@id\":\"https:\\\/\\\/lacolombeplus.net\\\/index.php\\\/2026\\\/08\\\/01\\\/barrage-de-gouloure-une-realisation-concrete-au-service-du-developpement-local-saluee-par-le-premier-ministre\\\/\",\"url\":\"https:\\\/\\\/lacolombeplus.net\\\/index.php\\\/2026\\\/08\\\/01\\\/barrage-de-gouloure-une-realisation-concrete-au-service-du-developpement-local-saluee-par-le-premier-ministre\\\/\",\"name\":\"Barrage de Goulour\u00e9 : Une r\u00e9alisation concr\u00e8te au service du d\u00e9veloppement local salu\u00e9e par le Premier ministre - WordPress\",\"isPartOf\":{\"@id\":\"https:\\\/\\\/lacolombeplus.net\\\/#website\"},\"primaryImageOfPage\":{\"@id\":\"https:\\\/\\\/lacolombeplus.net\\\/index.php\\\/2026\\\/08\\\/01\\\/barrage-de-gouloure-une-realisation-concrete-au-service-du-developpement-local-saluee-par-le-premier-ministre\\\/#primaryimage\"},\"image\":{\"@id\":\"https:\\\/\\\/lacolombeplus.net\\\/index.php\\\/2026\\\/08\\\/01\\\/barrage-de-gouloure-une-realisation-concrete-au-service-du-developpement-local-saluee-par-le-premier-ministre\\\/#primaryimage\"},\"thumbnailUrl\":\"https:\\\/\\\/lacolombeplus.net\\\/wp-content\\\/uploads\\\/2026\\\/08\\\/IMG-20260801-WA0025.webp\",\"datePublished\":\"2026-08-01T15:57:50+00:00\",\"breadcrumb\":{\"@id\":\"https:\\\/\\\/lacolombeplus.net\\\/index.php\\\/2026\\\/08\\\/01\\\/barrage-de-gouloure-une-realisation-concrete-au-service-du-developpement-local-saluee-par-le-premier-ministre\\\/#breadcrumb\"},\"inLanguage\":\"fr-FR\",\"potentialAction\":[{\"@type\":\"ReadAction\",\"target\":[\"https:\\\/\\\/lacolombeplus.net\\\/index.php\\\/2026\\\/08\\\/01\\\/barrage-de-gouloure-une-realisation-concrete-au-service-du-developpement-local-saluee-par-le-premier-ministre\\\/\"]}]},{\"@type\":\"ImageObject\",\"inLanguage\":\"fr-FR\",\"@id\":\"https:\\\/\\\/lacolombeplus.net\\\/index.php\\\/2026\\\/08\\\/01\\\/barrage-de-gouloure-une-realisation-concrete-au-service-du-developpement-local-saluee-par-le-premier-ministre\\\/#primaryimage\",\"url\":\"https:\\\/\\\/lacolombeplus.net\\\/wp-content\\\/uploads\\\/2026\\\/08\\\/IMG-20260801-WA0025.webp\",\"contentUrl\":\"https:\\\/\\\/lacolombeplus.net\\\/wp-content\\\/uploads\\\/2026\\\/08\\\/IMG-20260801-WA0025.webp\",\"width\":1080,\"height\":686},{\"@type\":\"BreadcrumbList\",\"@id\":\"https:\\\/\\\/lacolombeplus.net\\\/index.php\\\/2026\\\/08\\\/01\\\/barrage-de-gouloure-une-realisation-concrete-au-service-du-developpement-local-saluee-par-le-premier-ministre\\\/#breadcrumb\",\"itemListElement\":[{\"@type\":\"ListItem\",\"position\":1,\"name\":\"Accueil\",\"item\":\"https:\\\/\\\/lacolombeplus.net\\\/\"},{\"@type\":\"ListItem\",\"position\":2,\"name\":\"Barrage de Goulour\u00e9 : Une r\u00e9alisation concr\u00e8te au service du d\u00e9veloppement local salu\u00e9e par le Premier ministre\"}]},{\"@type\":\"WebSite\",\"@id\":\"https:\\\/\\\/lacolombeplus.net\\\/#website\",\"url\":\"https:\\\/\\\/lacolombeplus.net\\\/\",\"name\":\"Lacolombeplus\",\"description\":\"\",\"publisher\":{\"@id\":\"https:\\\/\\\/lacolombeplus.net\\\/#organization\"},\"potentialAction\":[{\"@type\":\"SearchAction\",\"target\":{\"@type\":\"EntryPoint\",\"urlTemplate\":\"https:\\\/\\\/lacolombeplus.net\\\/?s={search_term_string}\"},\"query-input\":{\"@type\":\"PropertyValueSpecification\",\"valueRequired\":true,\"valueName\":\"search_term_string\"}}],\"inLanguage\":\"fr-FR\"},{\"@type\":\"Organization\",\"@id\":\"https:\\\/\\\/lacolombeplus.net\\\/#organization\",\"name\":\"lacolombeplus.net\",\"url\":\"https:\\\/\\\/lacolombeplus.net\\\/\",\"logo\":{\"@type\":\"ImageObject\",\"inLanguage\":\"fr-FR\",\"@id\":\"https:\\\/\\\/lacolombeplus.net\\\/#\\\/schema\\\/logo\\\/image\\\/\",\"url\":\"https:\\\/\\\/lacolombeplus.net\\\/wp-content\\\/uploads\\\/2026\\\/04\\\/a84391f3-a521-4177-867d-b9aaa3066b88.png\",\"contentUrl\":\"https:\\\/\\\/lacolombeplus.net\\\/wp-content\\\/uploads\\\/2026\\\/04\\\/a84391f3-a521-4177-867d-b9aaa3066b88.png\",\"width\":1045,\"height\":1505,\"caption\":\"lacolombeplus.net\"},\"image\":{\"@id\":\"https:\\\/\\\/lacolombeplus.net\\\/#\\\/schema\\\/logo\\\/image\\\/\"},\"sameAs\":[\"https:\\\/\\\/web.facebook.com\\\/profile.php?id=61589477078953\"]},{\"@type\":\"Person\",\"@id\":\"https:\\\/\\\/lacolombeplus.net\\\/#\\\/schema\\\/person\\\/1a433b3fa6e8f9696f18ece67a69915c\",\"name\":\"Dramane FAYAMA\",\"image\":{\"@type\":\"ImageObject\",\"inLanguage\":\"fr-FR\",\"@id\":\"https:\\\/\\\/secure.gravatar.com\\\/avatar\\\/6ae061b9c102ae93ffb7a4076195d78ace54801f91540899a6e8aacf91eacff8?s=96&d=mm&r=g\",\"url\":\"https:\\\/\\\/secure.gravatar.com\\\/avatar\\\/6ae061b9c102ae93ffb7a4076195d78ace54801f91540899a6e8aacf91eacff8?s=96&d=mm&r=g\",\"contentUrl\":\"https:\\\/\\\/secure.gravatar.com\\\/avatar\\\/6ae061b9c102ae93ffb7a4076195d78ace54801f91540899a6e8aacf91eacff8?s=96&d=mm&r=g\",\"caption\":\"Dramane FAYAMA\"},\"url\":\"https:\\\/\\\/lacolombeplus.net\\\/index.php\\\/author\\\/dramane\\\/\"}]}<\/script>\n<!-- \/ Yoast SEO plugin. -->","yoast_head_json":{"title":"Barrage de Goulour\u00e9 : Une r\u00e9alisation concr\u00e8te au service du d\u00e9veloppement local salu\u00e9e par le Premier ministre - WordPress","robots":{"index":"index","follow":"follow","max-snippet":"max-snippet:-1","max-image-preview":"max-image-preview:large","max-video-preview":"max-video-preview:-1"},"canonical":"https:\/\/lacolombeplus.net\/index.php\/2026\/08\/01\/barrage-de-gouloure-une-realisation-concrete-au-service-du-developpement-local-saluee-par-le-premier-ministre\/","og_locale":"fr_FR","og_type":"article","og_title":"Barrage de Goulour\u00e9 : Une r\u00e9alisation concr\u00e8te au service du d\u00e9veloppement local salu\u00e9e par le Premier ministre - WordPress","og_description":"Goulour\u00e9, Province du Boulkiemd\u00e9 \u2014 Le Premier ministre et Chef du Gouvernement, le Camarade Rimtalba Jean Emmanuel Ou\u00e9draogo, a pr\u00e9sid\u00e9 ce samedi 1er ao\u00fbt 2026 la c\u00e9r\u00e9monie officielle de mise en eau du barrage reconstruit de Goulour\u00e9, situ\u00e9 dans la r\u00e9gion de Nando. \u200b\u00c9rig\u00e9 initialement en 1956 sous la vision du Naaba Boulga et gr\u00e2ce...","og_url":"https:\/\/lacolombeplus.net\/index.php\/2026\/08\/01\/barrage-de-gouloure-une-realisation-concrete-au-service-du-developpement-local-saluee-par-le-premier-ministre\/","og_site_name":"WordPress","article_publisher":"https:\/\/web.facebook.com\/profile.php?id=61589477078953","article_published_time":"2026-08-01T15:57:50+00:00","og_image":[{"width":1080,"height":686,"url":"http:\/\/lacolombeplus.net\/wp-content\/uploads\/2026\/08\/IMG-20260801-WA0025.webp","type":"image\/webp"}],"author":"Dramane FAYAMA","twitter_card":"summary_large_image","twitter_misc":{"\u00c9crit par":"Dramane FAYAMA","Dur\u00e9e de lecture estim\u00e9e":"4 minutes"},"schema":{"@context":"https:\/\/schema.org","@graph":[{"@type":"Article","@id":"https:\/\/lacolombeplus.net\/index.php\/2026\/08\/01\/barrage-de-gouloure-une-realisation-concrete-au-service-du-developpement-local-saluee-par-le-premier-ministre\/#article","isPartOf":{"@id":"https:\/\/lacolombeplus.net\/index.php\/2026\/08\/01\/barrage-de-gouloure-une-realisation-concrete-au-service-du-developpement-local-saluee-par-le-premier-ministre\/"},"author":{"name":"Dramane FAYAMA","@id":"https:\/\/lacolombeplus.net\/#\/schema\/person\/1a433b3fa6e8f9696f18ece67a69915c"},"headline":"Barrage de Goulour\u00e9 : Une r\u00e9alisation concr\u00e8te au service du d\u00e9veloppement local salu\u00e9e par le Premier ministre","datePublished":"2026-08-01T15:57:50+00:00","mainEntityOfPage":{"@id":"https:\/\/lacolombeplus.net\/index.php\/2026\/08\/01\/barrage-de-gouloure-une-realisation-concrete-au-service-du-developpement-local-saluee-par-le-premier-ministre\/"},"wordCount":595,"commentCount":0,"publisher":{"@id":"https:\/\/lacolombeplus.net\/#organization"},"image":{"@id":"https:\/\/lacolombeplus.net\/index.php\/2026\/08\/01\/barrage-de-gouloure-une-realisation-concrete-au-service-du-developpement-local-saluee-par-le-premier-ministre\/#primaryimage"},"thumbnailUrl":"https:\/\/lacolombeplus.net\/wp-content\/uploads\/2026\/08\/IMG-20260801-WA0025.webp","keywords":["Assainissement","barrage","Eau","Goulour\u00e9","inauguration","Nando"],"articleSection":["A la Une","D\u00e9veloppement"],"inLanguage":"fr-FR","potentialAction":[{"@type":"CommentAction","name":"Comment","target":["https:\/\/lacolombeplus.net\/index.php\/2026\/08\/01\/barrage-de-gouloure-une-realisation-concrete-au-service-du-developpement-local-saluee-par-le-premier-ministre\/#respond"]}]},{"@type":"WebPage","@id":"https:\/\/lacolombeplus.net\/index.php\/2026\/08\/01\/barrage-de-gouloure-une-realisation-concrete-au-service-du-developpement-local-saluee-par-le-premier-ministre\/","url":"https:\/\/lacolombeplus.net\/index.php\/2026\/08\/01\/barrage-de-gouloure-une-realisation-concrete-au-service-du-developpement-local-saluee-par-le-premier-ministre\/","name":"Barrage de Goulour\u00e9 : Une r\u00e9alisation concr\u00e8te au service du d\u00e9veloppement local salu\u00e9e par le Premier ministre - WordPress","isPartOf":{"@id":"https:\/\/lacolombeplus.net\/#website"},"primaryImageOfPage":{"@id":"https:\/\/lacolombeplus.net\/index.php\/2026\/08\/01\/barrage-de-gouloure-une-realisation-concrete-au-service-du-developpement-local-saluee-par-le-premier-ministre\/#primaryimage"},"image":{"@id":"https:\/\/lacolombeplus.net\/index.php\/2026\/08\/01\/barrage-de-gouloure-une-realisation-concrete-au-service-du-developpement-local-saluee-par-le-premier-ministre\/#primaryimage"},"thumbnailUrl":"https:\/\/lacolombeplus.net\/wp-content\/uploads\/2026\/08\/IMG-20260801-WA0025.webp","datePublished":"2026-08-01T15:57:50+00:00","breadcrumb":{"@id":"https:\/\/lacolombeplus.net\/index.php\/2026\/08\/01\/barrage-de-gouloure-une-realisation-concrete-au-service-du-developpement-local-saluee-par-le-premier-ministre\/#breadcrumb"},"inLanguage":"fr-FR","potentialAction":[{"@type":"ReadAction","target":["https:\/\/lacolombeplus.net\/index.php\/2026\/08\/01\/barrage-de-gouloure-une-realisation-concrete-au-service-du-developpement-local-saluee-par-le-premier-ministre\/"]}]},{"@type":"ImageObject","inLanguage":"fr-FR","@id":"https:\/\/lacolombeplus.net\/index.php\/2026\/08\/01\/barrage-de-gouloure-une-realisation-concrete-au-service-du-developpement-local-saluee-par-le-premier-ministre\/#primaryimage","url":"https:\/\/lacolombeplus.net\/wp-content\/uploads\/2026\/08\/IMG-20260801-WA0025.webp","contentUrl":"https:\/\/lacolombeplus.net\/wp-content\/uploads\/2026\/08\/IMG-20260801-WA0025.webp","width":1080,"height":686},{"@type":"BreadcrumbList","@id":"https:\/\/lacolombeplus.net\/index.php\/2026\/08\/01\/barrage-de-gouloure-une-realisation-concrete-au-service-du-developpement-local-saluee-par-le-premier-ministre\/#breadcrumb","itemListElement":[{"@type":"ListItem","position":1,"name":"Accueil","item":"https:\/\/lacolombeplus.net\/"},{"@type":"ListItem","position":2,"name":"Barrage de Goulour\u00e9 : Une r\u00e9alisation concr\u00e8te au service du d\u00e9veloppement local salu\u00e9e par le Premier ministre"}]},{"@type":"WebSite","@id":"https:\/\/lacolombeplus.net\/#website","url":"https:\/\/lacolombeplus.net\/","name":"Lacolombeplus","description":"","publisher":{"@id":"https:\/\/lacolombeplus.net\/#organization"},"potentialAction":[{"@type":"SearchAction","target":{"@type":"EntryPoint","urlTemplate":"https:\/\/lacolombeplus.net\/?s={search_term_string}"},"query-input":{"@type":"PropertyValueSpecification","valueRequired":true,"valueName":"search_term_string"}}],"inLanguage":"fr-FR"},{"@type":"Organization","@id":"https:\/\/lacolombeplus.net\/#organization","name":"lacolombeplus.net","url":"https:\/\/lacolombeplus.net\/","logo":{"@type":"ImageObject","inLanguage":"fr-FR","@id":"https:\/\/lacolombeplus.net\/#\/schema\/logo\/image\/","url":"https:\/\/lacolombeplus.net\/wp-content\/uploads\/2026\/04\/a84391f3-a521-4177-867d-b9aaa3066b88.png","contentUrl":"https:\/\/lacolombeplus.net\/wp-content\/uploads\/2026\/04\/a84391f3-a521-4177-867d-b9aaa3066b88.png","width":1045,"height":1505,"caption":"lacolombeplus.net"},"image":{"@id":"https:\/\/lacolombeplus.net\/#\/schema\/logo\/image\/"},"sameAs":["https:\/\/web.facebook.com\/profile.php?id=61589477078953"]},{"@type":"Person","@id":"https:\/\/lacolombeplus.net\/#\/schema\/person\/1a433b3fa6e8f9696f18ece67a69915c","name":"Dramane FAYAMA","image":{"@type":"ImageObject","inLanguage":"fr-FR","@id":"https:\/\/secure.gravatar.com\/avatar\/6ae061b9c102ae93ffb7a4076195d78ace54801f91540899a6e8aacf91eacff8?s=96&d=mm&r=g","url":"https:\/\/secure.gravatar.com\/avatar\/6ae061b9c102ae93ffb7a4076195d78ace54801f91540899a6e8aacf91eacff8?s=96&d=mm&r=g","contentUrl":"https:\/\/secure.gravatar.com\/avatar\/6ae061b9c102ae93ffb7a4076195d78ace54801f91540899a6e8aacf91eacff8?s=96&d=mm&r=g","caption":"Dramane FAYAMA"},"url":"https:\/\/lacolombeplus.net\/index.php\/author\/dramane\/"}]}},"jetpack_featured_media_url":"https:\/\/lacolombeplus.net\/wp-content\/uploads\/2026\/08\/IMG-20260801-WA0025.webp","jetpack_sharing_enabled":true,"_links":{"self":[{"href":"https:\/\/lacolombeplus.net\/index.php\/wp-json\/wp\/v2\/posts\/38797","targetHints":{"allow":["GET"]}}],"collection":[{"href":"https:\/\/lacolombeplus.net\/index.php\/wp-json\/wp\/v2\/posts"}],"about":[{"href":"https:\/\/lacolombeplus.net\/index.php\/wp-json\/wp\/v2\/types\/post"}],"author":[{"embeddable":true,"href":"https:\/\/lacolombeplus.net\/index.php\/wp-json\/wp\/v2\/users\/6"}],"replies":[{"embeddable":true,"href":"https:\/\/lacolombeplus.net\/index.php\/wp-json\/wp\/v2\/comments?post=38797"}],"version-history":[{"count":2,"href":"https:\/\/lacolombeplus.net\/index.php\/wp-json\/wp\/v2\/posts\/38797\/revisions"}],"predecessor-version":[{"id":38803,"href":"https:\/\/lacolombeplus.net\/index.php\/wp-json\/wp\/v2\/posts\/38797\/revisions\/38803"}],"wp:featuredmedia":[{"embeddable":true,"href":"https:\/\/lacolombeplus.net\/index.php\/wp-json\/wp\/v2\/media\/38798"}],"wp:attachment":[{"href":"https:\/\/lacolombeplus.net\/index.php\/wp-json\/wp\/v2\/media?parent=38797"}],"wp:term":[{"taxonomy":"category","embeddable":true,"href":"https:\/\/lacolombeplus.net\/index.php\/wp-json\/wp\/v2\/categories?post=38797"},{"taxonomy":"post_tag","embeddable":true,"href":"https:\/\/lacolombeplus.net\/index.php\/wp-json\/wp\/v2\/tags?post=38797"}],"curies":[{"name":"wp","href":"https:\/\/api.w.org\/{rel}","templated":true}]}}