{"id":38792,"date":"2026-08-01T15:15:17","date_gmt":"2026-08-01T15:15:17","guid":{"rendered":"https:\/\/lacolombeplus.net\/?p=38792"},"modified":"2026-08-01T15:15:17","modified_gmt":"2026-08-01T15:15:17","slug":"apurement-du-passif-social-de-lagsp-un-taux-de-realisation-de-7249-a-mi-parcours-un-bilan-juge-encourageant","status":"publish","type":"post","link":"https:\/\/lacolombeplus.net\/index.php\/2026\/08\/01\/apurement-du-passif-social-de-lagsp-un-taux-de-realisation-de-7249-a-mi-parcours-un-bilan-juge-encourageant\/","title":{"rendered":"Apurement du passif social de L&rsquo;AGSP : Un taux de r\u00e9alisation de 72,49 % \u00e0 mi-parcours, un bilan jug\u00e9 encourageant"},"content":{"rendered":"<h2><strong>Ouagadougou, le 31 juillet 2026 (La Colombe Plus) \u2013 La Direction g\u00e9n\u00e9rale de l&rsquo;Agence nationale de gestion des soins de sant\u00e9 primaires (AGSP) a anim\u00e9, ce vendredi 31 juillet 2026, une conf\u00e9rence de presse consacr\u00e9e au bilan \u00e0 mi-parcours de l&rsquo;op\u00e9ration d&rsquo;apurement du passif social de la structure. La d\u00e9claration liminaire a \u00e9t\u00e9 lue par le Directeur g\u00e9n\u00e9ral de l&rsquo;AGSP, D\u00e8kwinzou Fr\u00e9d\u00e9ric Lou\u00e9, en pr\u00e9sence du Directeur des ressources humaines du minist\u00e8re de la Sant\u00e9, Mamadou Traor\u00e9.<\/strong><\/h2>\n<p>Selon le Directeur g\u00e9n\u00e9ral, cette op\u00e9ration, loin d&rsquo;\u00eatre une simple d\u00e9marche administrative ou financi\u00e8re, constitue \u00ab <em>un acte de justice sociale \u00bb<\/em> traduisant la volont\u00e9 des plus hautes autorit\u00e9s de r\u00e9tablir les agents de sant\u00e9 dans leurs droits. Sur instruction ferme du Premier ministre et du ministre de la Sant\u00e9, l&rsquo;apurement doit \u00eatre boucl\u00e9 en sept mois, d&rsquo;avril \u00e0 octobre 2026. Le Gouvernement y consacre un effort financier exceptionnel de 35 423 593 620 francs CFA, destin\u00e9 \u00e0 couvrir le passif social de 18 455 agents.<\/p>\n<figure id=\"attachment_38795\" aria-describedby=\"caption-attachment-38795\" style=\"width: 2096px\" class=\"wp-caption alignnone\"><img fetchpriority=\"high\" decoding=\"async\" class=\"wp-image-38795 size-full\" src=\"http:\/\/lacolombeplus.net\/wp-content\/uploads\/2026\/08\/IMG-20260731-WA0083.webp\" alt=\"\" width=\"2096\" height=\"1389\" srcset=\"https:\/\/lacolombeplus.net\/wp-content\/uploads\/2026\/08\/IMG-20260731-WA0083.webp 2096w, https:\/\/lacolombeplus.net\/wp-content\/uploads\/2026\/08\/IMG-20260731-WA0083-300x199.webp 300w, https:\/\/lacolombeplus.net\/wp-content\/uploads\/2026\/08\/IMG-20260731-WA0083-1024x679.webp 1024w, https:\/\/lacolombeplus.net\/wp-content\/uploads\/2026\/08\/IMG-20260731-WA0083-768x509.webp 768w, https:\/\/lacolombeplus.net\/wp-content\/uploads\/2026\/08\/IMG-20260731-WA0083-1536x1018.webp 1536w, https:\/\/lacolombeplus.net\/wp-content\/uploads\/2026\/08\/IMG-20260731-WA0083-2048x1357.webp 2048w, https:\/\/lacolombeplus.net\/wp-content\/uploads\/2026\/08\/IMG-20260731-WA0083-600x398.webp 600w\" sizes=\"(max-width: 2096px) 100vw, 2096px\" \/><figcaption id=\"caption-attachment-38795\" class=\"wp-caption-text\">D\u00e8kwinzou Fr\u00e9d\u00e9ric Lou\u00e9, Directeur g\u00e9n\u00e9ral de l&rsquo;AGSP<\/figcaption><\/figure>\n<p>Au 25 juillet 2026, le taux de r\u00e9alisation s&rsquo;\u00e9tablissait \u00e0 72,49 %, pour un montant d\u00e9j\u00e0 pay\u00e9 de 25 679 893 430 francs CFA. Les donn\u00e9es d\u00e9taill\u00e9es communiqu\u00e9es par l&rsquo;AGSP font appara\u00eetre plusieurs postes de d\u00e9penses : plus de 4 milliards de FCFA au titre du salaire indiciaire, 407 782 349 FCFA pour l&rsquo;indemnit\u00e9 de r\u00e9sidence, 1 707 806 721 FCFA pour l&rsquo;indemnit\u00e9 de logement, 2 635 580 999 FCFA pour l&rsquo;indemnit\u00e9 d&rsquo;astreinte, ainsi que 9 894 608 480 FCFA pour l&rsquo;indemnit\u00e9 de garde, principal poste de la r\u00e9gularisation.<\/p>\n<p style=\"text-align: center;\"><strong>Un double objectif : r\u00e9gler le passif et transformer les pratiques<\/strong><\/p>\n<p>Pour le Directeur g\u00e9n\u00e9ral, l&rsquo;ambition du Gouvernement est double : \u00ab <em>r\u00e9gler le passif d&rsquo;hier tout en construisant un syst\u00e8me de gestion des ressources humaines plus performant, plus r\u00e9actif et plus fiable<\/em> \u00bb. Un plan d&rsquo;actions a ainsi \u00e9t\u00e9 \u00e9labor\u00e9 pour pr\u00e9venir toute reconstitution du passif social, avec l&rsquo;implication du Minist\u00e8re de la Sant\u00e9, du Minist\u00e8re charg\u00e9 des Services du peuple et du Minist\u00e8re charg\u00e9 des Finances, \u00e0 travers un comit\u00e9 de suivi cr\u00e9\u00e9 \u00e0 cet effet.<\/p>\n<p>Parmi les mesures structurantes d\u00e9j\u00e0 engag\u00e9es figurent l&rsquo;assainissement du fichier de paie de l&rsquo;AGSP, la digitalisation des programmes de travail \u00e0 travers la plateforme SYSPROG, ainsi que le renforcement de l&rsquo;implication de la sant\u00e9, de la cr\u00e9ation des codes de traitement par district sanitaire et de la tenue r\u00e9guli\u00e8re de cadres de concertation entre les responsables des ressources humaines et des directions r\u00e9gionales.<\/p>\n<p style=\"text-align: center;\"><strong>La loi 081 et la loi 057, sources potentielles de passif<\/strong><\/p>\n<p><img decoding=\"async\" class=\"wp-image-38794 size-medium alignright\" src=\"http:\/\/lacolombeplus.net\/wp-content\/uploads\/2026\/08\/IMG-20260731-WA0081-199x300.webp\" alt=\"\" width=\"199\" height=\"300\" srcset=\"https:\/\/lacolombeplus.net\/wp-content\/uploads\/2026\/08\/IMG-20260731-WA0081-199x300.webp 199w, https:\/\/lacolombeplus.net\/wp-content\/uploads\/2026\/08\/IMG-20260731-WA0081-678x1024.webp 678w, https:\/\/lacolombeplus.net\/wp-content\/uploads\/2026\/08\/IMG-20260731-WA0081-768x1159.webp 768w, https:\/\/lacolombeplus.net\/wp-content\/uploads\/2026\/08\/IMG-20260731-WA0081-1018x1536.webp 1018w, https:\/\/lacolombeplus.net\/wp-content\/uploads\/2026\/08\/IMG-20260731-WA0081-1357x2048.webp 1357w, https:\/\/lacolombeplus.net\/wp-content\/uploads\/2026\/08\/IMG-20260731-WA0081.webp 1696w\" sizes=\"(max-width: 199px) 100vw, 199px\" \/><\/p>\n<p>Prenant la parole, le Directeur des ressources humaines du minist\u00e8re de la Sant\u00e9, Mamadou Traor\u00e9, a expliqu\u00e9 l&rsquo;origine technique du passif social. Il a indiqu\u00e9 que la gestion des ressources humaines au minist\u00e8re \u00ab <em>repose sur deux textes fondamentaux, notamment la loi 081 et la loi 057 \u00bb.<\/em> Selon lui, la particularit\u00e9 du d\u00e9partement tient au fait qu&rsquo;il compte 24 \u00c9tablissements publics de sant\u00e9 (EPS), un \u00c9tablissement public de l&rsquo;\u00c9tat (EPE) et un niveau central, les EPS \u00e9tant r\u00e9gis par la loi 057.<\/p>\n<p>M. Traor\u00e9 a pr\u00e9cis\u00e9 qu&rsquo;un agent de sant\u00e9 relevant de la loi 081, d\u00e9tach\u00e9 dans un \u00e9tablissement public de sant\u00e9 comme l&rsquo;AGSP, se voit ensuite revers\u00e9 dans le r\u00e9gime de la loi 057. \u00ab <em>S&rsquo;il y a un d\u00e9calage entre le d\u00e9tachement et la prise de service des int\u00e9ress\u00e9s au niveau des \u00e9tablissements publics de sant\u00e9 tout comme l&rsquo;AGSP, \u00e7a peut \u00eatre un nid de passif social \u00bb, a-t-il averti, pr\u00e9cisant que ces aspects ont \u00e9t\u00e9 \u00ab revus \u00e0 la loupe \u00bb<\/em> pour anticiper d&rsquo;\u00e9ventuelles difficult\u00e9s.<\/p>\n<p>Il a fait savoir que, de janvier \u00e0 ce jour, pr\u00e8s de 5 000 actes administratifs ont \u00e9t\u00e9 pris pour l&rsquo;ensemble des EPS dans le cadre de la r\u00e9gularisation de la situation administrative des agents, ce qui a permis \u00e0 l&rsquo;AGSP de prendre, \u00e0 son tour, les actes subs\u00e9quents n\u00e9cessaires, notamment les reversements, pour honorer son plan financier et r\u00e9mun\u00e9rer les agents concern\u00e9s.<\/p>\n<p style=\"text-align: center;\"><strong>Un message de confiance aux agents<\/strong><\/p>\n<p>Le Directeur g\u00e9n\u00e9ral de l&rsquo;AGSP a par ailleurs tenu \u00e0 rassurer les agents r\u00e9mun\u00e9r\u00e9s par l&rsquo;agence : les pr\u00e9l\u00e8vements constat\u00e9s sur leurs salaires sont li\u00e9s \u00e0 l&rsquo;op\u00e9rationnalisation de l&rsquo;Assurance maladie universelle (RAMU), conform\u00e9ment \u00e0 la r\u00e9glementation en vigueur. Il les a invit\u00e9s \u00e0 privil\u00e9gier les canaux officiels de l&rsquo;administration pour toute pr\u00e9occupation relative \u00e0 la gestion de leur carri\u00e8re ou \u00e0 l&rsquo;apurement du passif social.<\/p>\n<p>\u00c0 trois mois de l&rsquo;\u00e9ch\u00e9ance fix\u00e9e par le Gouvernement, la Direction g\u00e9n\u00e9rale a affirm\u00e9 que sa d\u00e9termination reste enti\u00e8re et que les \u00e9quipes techniques, administratives et financi\u00e8res poursuivent leur mobilisation pour que le passif social de l&rsquo;AGSP \u00ab <em>appartienne d\u00e9finitivement au pass\u00e9<\/em> \u00bb. Le Directeur g\u00e9n\u00e9ral a enfin remerci\u00e9 les partenaires sociaux et les m\u00e9dias pour leur contribution \u00e0 la diffusion d&rsquo;une information juste et \u00e9quilibr\u00e9e.<\/p>\n<p style=\"text-align: right;\"><em><strong>Dramane FAYAMA\u00a0<\/strong><\/em><\/p>\n","protected":false},"excerpt":{"rendered":"<p>Ouagadougou, le 31 juillet 2026 (La Colombe Plus) \u2013 La Direction g\u00e9n\u00e9rale de l&rsquo;Agence nationale de gestion des soins de sant\u00e9 primaires (AGSP) a anim\u00e9, ce vendredi 31 juillet 2026, une conf\u00e9rence de presse consacr\u00e9e au bilan \u00e0 mi-parcours de l&rsquo;op\u00e9ration d&rsquo;apurement du passif social de la structure. La d\u00e9claration liminaire a \u00e9t\u00e9 lue par&#8230;<\/p>\n","protected":false},"author":6,"featured_media":38793,"comment_status":"open","ping_status":"open","sticky":false,"template":"","format":"standard","meta":{"_jetpack_newsletter_access":"","_jetpack_dont_email_post_to_subs":false,"_jetpack_newsletter_tier_id":0,"_jetpack_memberships_contains_paywalled_content":false,"_jetpack_feature_clip_id":0,"_jetpack_memberships_contains_paid_content":false,"footnotes":"","jetpack_post_was_ever_published":false},"categories":[2,199],"tags":[],"class_list":["post-38792","post","type-post","status-publish","format-standard","has-post-thumbnail","hentry","category-a-la-une","category-sante"],"yoast_head":"<!-- This site is optimized with the Yoast SEO plugin v28.3 - https:\/\/yoast.com\/product\/yoast-seo-wordpress\/ -->\n<title>Apurement du passif social de L&#039;AGSP : Un taux de r\u00e9alisation de 72,49 % \u00e0 mi-parcours, un bilan jug\u00e9 encourageant - WordPress<\/title>\n<meta name=\"robots\" content=\"index, follow, max-snippet:-1, max-image-preview:large, max-video-preview:-1\" \/>\n<link rel=\"canonical\" href=\"https:\/\/lacolombeplus.net\/index.php\/2026\/08\/01\/apurement-du-passif-social-de-lagsp-un-taux-de-realisation-de-7249-a-mi-parcours-un-bilan-juge-encourageant\/\" \/>\n<meta property=\"og:locale\" content=\"fr_FR\" \/>\n<meta property=\"og:type\" content=\"article\" \/>\n<meta property=\"og:title\" content=\"Apurement du passif social de L&#039;AGSP : Un taux de r\u00e9alisation de 72,49 % \u00e0 mi-parcours, un bilan jug\u00e9 encourageant - WordPress\" \/>\n<meta property=\"og:description\" content=\"Ouagadougou, le 31 juillet 2026 (La Colombe Plus) \u2013 La Direction g\u00e9n\u00e9rale de l&rsquo;Agence nationale de gestion des soins de sant\u00e9 primaires (AGSP) a anim\u00e9, ce vendredi 31 juillet 2026, une conf\u00e9rence de presse consacr\u00e9e au bilan \u00e0 mi-parcours de l&rsquo;op\u00e9ration d&rsquo;apurement du passif social de la structure. La d\u00e9claration liminaire a \u00e9t\u00e9 lue par...\" \/>\n<meta property=\"og:url\" content=\"https:\/\/lacolombeplus.net\/index.php\/2026\/08\/01\/apurement-du-passif-social-de-lagsp-un-taux-de-realisation-de-7249-a-mi-parcours-un-bilan-juge-encourageant\/\" \/>\n<meta property=\"og:site_name\" content=\"WordPress\" \/>\n<meta property=\"article:publisher\" content=\"https:\/\/web.facebook.com\/profile.php?id=61589477078953\" \/>\n<meta property=\"article:published_time\" content=\"2026-08-01T15:15:17+00:00\" \/>\n<meta property=\"og:image\" content=\"http:\/\/lacolombeplus.net\/wp-content\/uploads\/2026\/08\/IMG-20260731-WA0090.webp\" \/>\n\t<meta property=\"og:image:width\" content=\"2058\" \/>\n\t<meta property=\"og:image:height\" content=\"1363\" \/>\n\t<meta property=\"og:image:type\" content=\"image\/webp\" \/>\n<meta name=\"author\" content=\"Dramane FAYAMA\" \/>\n<meta name=\"twitter:card\" content=\"summary_large_image\" \/>\n<meta name=\"twitter:label1\" content=\"\u00c9crit par\" \/>\n\t<meta name=\"twitter:data1\" content=\"Dramane FAYAMA\" \/>\n\t<meta name=\"twitter:label2\" content=\"Dur\u00e9e de lecture estim\u00e9e\" \/>\n\t<meta name=\"twitter:data2\" content=\"5 minutes\" \/>\n<script type=\"application\/ld+json\" class=\"yoast-schema-graph\">{\"@context\":\"https:\\\/\\\/schema.org\",\"@graph\":[{\"@type\":\"Article\",\"@id\":\"https:\\\/\\\/lacolombeplus.net\\\/index.php\\\/2026\\\/08\\\/01\\\/apurement-du-passif-social-de-lagsp-un-taux-de-realisation-de-7249-a-mi-parcours-un-bilan-juge-encourageant\\\/#article\",\"isPartOf\":{\"@id\":\"https:\\\/\\\/lacolombeplus.net\\\/index.php\\\/2026\\\/08\\\/01\\\/apurement-du-passif-social-de-lagsp-un-taux-de-realisation-de-7249-a-mi-parcours-un-bilan-juge-encourageant\\\/\"},\"author\":{\"name\":\"Dramane FAYAMA\",\"@id\":\"https:\\\/\\\/lacolombeplus.net\\\/#\\\/schema\\\/person\\\/1a433b3fa6e8f9696f18ece67a69915c\"},\"headline\":\"Apurement du passif social de L&rsquo;AGSP : Un taux de r\u00e9alisation de 72,49 % \u00e0 mi-parcours, un bilan jug\u00e9 encourageant\",\"datePublished\":\"2026-08-01T15:15:17+00:00\",\"mainEntityOfPage\":{\"@id\":\"https:\\\/\\\/lacolombeplus.net\\\/index.php\\\/2026\\\/08\\\/01\\\/apurement-du-passif-social-de-lagsp-un-taux-de-realisation-de-7249-a-mi-parcours-un-bilan-juge-encourageant\\\/\"},\"wordCount\":876,\"commentCount\":0,\"publisher\":{\"@id\":\"https:\\\/\\\/lacolombeplus.net\\\/#organization\"},\"image\":{\"@id\":\"https:\\\/\\\/lacolombeplus.net\\\/index.php\\\/2026\\\/08\\\/01\\\/apurement-du-passif-social-de-lagsp-un-taux-de-realisation-de-7249-a-mi-parcours-un-bilan-juge-encourageant\\\/#primaryimage\"},\"thumbnailUrl\":\"https:\\\/\\\/lacolombeplus.net\\\/wp-content\\\/uploads\\\/2026\\\/08\\\/IMG-20260731-WA0090.webp\",\"articleSection\":[\"A la Une\",\"Sant\u00e9\"],\"inLanguage\":\"fr-FR\",\"potentialAction\":[{\"@type\":\"CommentAction\",\"name\":\"Comment\",\"target\":[\"https:\\\/\\\/lacolombeplus.net\\\/index.php\\\/2026\\\/08\\\/01\\\/apurement-du-passif-social-de-lagsp-un-taux-de-realisation-de-7249-a-mi-parcours-un-bilan-juge-encourageant\\\/#respond\"]}]},{\"@type\":\"WebPage\",\"@id\":\"https:\\\/\\\/lacolombeplus.net\\\/index.php\\\/2026\\\/08\\\/01\\\/apurement-du-passif-social-de-lagsp-un-taux-de-realisation-de-7249-a-mi-parcours-un-bilan-juge-encourageant\\\/\",\"url\":\"https:\\\/\\\/lacolombeplus.net\\\/index.php\\\/2026\\\/08\\\/01\\\/apurement-du-passif-social-de-lagsp-un-taux-de-realisation-de-7249-a-mi-parcours-un-bilan-juge-encourageant\\\/\",\"name\":\"Apurement du passif social de L'AGSP : Un taux de r\u00e9alisation de 72,49 % \u00e0 mi-parcours, un bilan jug\u00e9 encourageant - WordPress\",\"isPartOf\":{\"@id\":\"https:\\\/\\\/lacolombeplus.net\\\/#website\"},\"primaryImageOfPage\":{\"@id\":\"https:\\\/\\\/lacolombeplus.net\\\/index.php\\\/2026\\\/08\\\/01\\\/apurement-du-passif-social-de-lagsp-un-taux-de-realisation-de-7249-a-mi-parcours-un-bilan-juge-encourageant\\\/#primaryimage\"},\"image\":{\"@id\":\"https:\\\/\\\/lacolombeplus.net\\\/index.php\\\/2026\\\/08\\\/01\\\/apurement-du-passif-social-de-lagsp-un-taux-de-realisation-de-7249-a-mi-parcours-un-bilan-juge-encourageant\\\/#primaryimage\"},\"thumbnailUrl\":\"https:\\\/\\\/lacolombeplus.net\\\/wp-content\\\/uploads\\\/2026\\\/08\\\/IMG-20260731-WA0090.webp\",\"datePublished\":\"2026-08-01T15:15:17+00:00\",\"breadcrumb\":{\"@id\":\"https:\\\/\\\/lacolombeplus.net\\\/index.php\\\/2026\\\/08\\\/01\\\/apurement-du-passif-social-de-lagsp-un-taux-de-realisation-de-7249-a-mi-parcours-un-bilan-juge-encourageant\\\/#breadcrumb\"},\"inLanguage\":\"fr-FR\",\"potentialAction\":[{\"@type\":\"ReadAction\",\"target\":[\"https:\\\/\\\/lacolombeplus.net\\\/index.php\\\/2026\\\/08\\\/01\\\/apurement-du-passif-social-de-lagsp-un-taux-de-realisation-de-7249-a-mi-parcours-un-bilan-juge-encourageant\\\/\"]}]},{\"@type\":\"ImageObject\",\"inLanguage\":\"fr-FR\",\"@id\":\"https:\\\/\\\/lacolombeplus.net\\\/index.php\\\/2026\\\/08\\\/01\\\/apurement-du-passif-social-de-lagsp-un-taux-de-realisation-de-7249-a-mi-parcours-un-bilan-juge-encourageant\\\/#primaryimage\",\"url\":\"https:\\\/\\\/lacolombeplus.net\\\/wp-content\\\/uploads\\\/2026\\\/08\\\/IMG-20260731-WA0090.webp\",\"contentUrl\":\"https:\\\/\\\/lacolombeplus.net\\\/wp-content\\\/uploads\\\/2026\\\/08\\\/IMG-20260731-WA0090.webp\",\"width\":2058,\"height\":1363},{\"@type\":\"BreadcrumbList\",\"@id\":\"https:\\\/\\\/lacolombeplus.net\\\/index.php\\\/2026\\\/08\\\/01\\\/apurement-du-passif-social-de-lagsp-un-taux-de-realisation-de-7249-a-mi-parcours-un-bilan-juge-encourageant\\\/#breadcrumb\",\"itemListElement\":[{\"@type\":\"ListItem\",\"position\":1,\"name\":\"Accueil\",\"item\":\"https:\\\/\\\/lacolombeplus.net\\\/\"},{\"@type\":\"ListItem\",\"position\":2,\"name\":\"Apurement du passif social de L&rsquo;AGSP : Un taux de r\u00e9alisation de 72,49 % \u00e0 mi-parcours, un bilan jug\u00e9 encourageant\"}]},{\"@type\":\"WebSite\",\"@id\":\"https:\\\/\\\/lacolombeplus.net\\\/#website\",\"url\":\"https:\\\/\\\/lacolombeplus.net\\\/\",\"name\":\"Lacolombeplus\",\"description\":\"\",\"publisher\":{\"@id\":\"https:\\\/\\\/lacolombeplus.net\\\/#organization\"},\"potentialAction\":[{\"@type\":\"SearchAction\",\"target\":{\"@type\":\"EntryPoint\",\"urlTemplate\":\"https:\\\/\\\/lacolombeplus.net\\\/?s={search_term_string}\"},\"query-input\":{\"@type\":\"PropertyValueSpecification\",\"valueRequired\":true,\"valueName\":\"search_term_string\"}}],\"inLanguage\":\"fr-FR\"},{\"@type\":\"Organization\",\"@id\":\"https:\\\/\\\/lacolombeplus.net\\\/#organization\",\"name\":\"lacolombeplus.net\",\"url\":\"https:\\\/\\\/lacolombeplus.net\\\/\",\"logo\":{\"@type\":\"ImageObject\",\"inLanguage\":\"fr-FR\",\"@id\":\"https:\\\/\\\/lacolombeplus.net\\\/#\\\/schema\\\/logo\\\/image\\\/\",\"url\":\"https:\\\/\\\/lacolombeplus.net\\\/wp-content\\\/uploads\\\/2026\\\/04\\\/a84391f3-a521-4177-867d-b9aaa3066b88.png\",\"contentUrl\":\"https:\\\/\\\/lacolombeplus.net\\\/wp-content\\\/uploads\\\/2026\\\/04\\\/a84391f3-a521-4177-867d-b9aaa3066b88.png\",\"width\":1045,\"height\":1505,\"caption\":\"lacolombeplus.net\"},\"image\":{\"@id\":\"https:\\\/\\\/lacolombeplus.net\\\/#\\\/schema\\\/logo\\\/image\\\/\"},\"sameAs\":[\"https:\\\/\\\/web.facebook.com\\\/profile.php?id=61589477078953\"]},{\"@type\":\"Person\",\"@id\":\"https:\\\/\\\/lacolombeplus.net\\\/#\\\/schema\\\/person\\\/1a433b3fa6e8f9696f18ece67a69915c\",\"name\":\"Dramane FAYAMA\",\"image\":{\"@type\":\"ImageObject\",\"inLanguage\":\"fr-FR\",\"@id\":\"https:\\\/\\\/secure.gravatar.com\\\/avatar\\\/6ae061b9c102ae93ffb7a4076195d78ace54801f91540899a6e8aacf91eacff8?s=96&d=mm&r=g\",\"url\":\"https:\\\/\\\/secure.gravatar.com\\\/avatar\\\/6ae061b9c102ae93ffb7a4076195d78ace54801f91540899a6e8aacf91eacff8?s=96&d=mm&r=g\",\"contentUrl\":\"https:\\\/\\\/secure.gravatar.com\\\/avatar\\\/6ae061b9c102ae93ffb7a4076195d78ace54801f91540899a6e8aacf91eacff8?s=96&d=mm&r=g\",\"caption\":\"Dramane FAYAMA\"},\"url\":\"https:\\\/\\\/lacolombeplus.net\\\/index.php\\\/author\\\/dramane\\\/\"}]}<\/script>\n<!-- \/ Yoast SEO plugin. -->","yoast_head_json":{"title":"Apurement du passif social de L'AGSP : Un taux de r\u00e9alisation de 72,49 % \u00e0 mi-parcours, un bilan jug\u00e9 encourageant - WordPress","robots":{"index":"index","follow":"follow","max-snippet":"max-snippet:-1","max-image-preview":"max-image-preview:large","max-video-preview":"max-video-preview:-1"},"canonical":"https:\/\/lacolombeplus.net\/index.php\/2026\/08\/01\/apurement-du-passif-social-de-lagsp-un-taux-de-realisation-de-7249-a-mi-parcours-un-bilan-juge-encourageant\/","og_locale":"fr_FR","og_type":"article","og_title":"Apurement du passif social de L'AGSP : Un taux de r\u00e9alisation de 72,49 % \u00e0 mi-parcours, un bilan jug\u00e9 encourageant - WordPress","og_description":"Ouagadougou, le 31 juillet 2026 (La Colombe Plus) \u2013 La Direction g\u00e9n\u00e9rale de l&rsquo;Agence nationale de gestion des soins de sant\u00e9 primaires (AGSP) a anim\u00e9, ce vendredi 31 juillet 2026, une conf\u00e9rence de presse consacr\u00e9e au bilan \u00e0 mi-parcours de l&rsquo;op\u00e9ration d&rsquo;apurement du passif social de la structure. La d\u00e9claration liminaire a \u00e9t\u00e9 lue par...","og_url":"https:\/\/lacolombeplus.net\/index.php\/2026\/08\/01\/apurement-du-passif-social-de-lagsp-un-taux-de-realisation-de-7249-a-mi-parcours-un-bilan-juge-encourageant\/","og_site_name":"WordPress","article_publisher":"https:\/\/web.facebook.com\/profile.php?id=61589477078953","article_published_time":"2026-08-01T15:15:17+00:00","og_image":[{"width":2058,"height":1363,"url":"http:\/\/lacolombeplus.net\/wp-content\/uploads\/2026\/08\/IMG-20260731-WA0090.webp","type":"image\/webp"}],"author":"Dramane FAYAMA","twitter_card":"summary_large_image","twitter_misc":{"\u00c9crit par":"Dramane FAYAMA","Dur\u00e9e de lecture estim\u00e9e":"5 minutes"},"schema":{"@context":"https:\/\/schema.org","@graph":[{"@type":"Article","@id":"https:\/\/lacolombeplus.net\/index.php\/2026\/08\/01\/apurement-du-passif-social-de-lagsp-un-taux-de-realisation-de-7249-a-mi-parcours-un-bilan-juge-encourageant\/#article","isPartOf":{"@id":"https:\/\/lacolombeplus.net\/index.php\/2026\/08\/01\/apurement-du-passif-social-de-lagsp-un-taux-de-realisation-de-7249-a-mi-parcours-un-bilan-juge-encourageant\/"},"author":{"name":"Dramane FAYAMA","@id":"https:\/\/lacolombeplus.net\/#\/schema\/person\/1a433b3fa6e8f9696f18ece67a69915c"},"headline":"Apurement du passif social de L&rsquo;AGSP : Un taux de r\u00e9alisation de 72,49 % \u00e0 mi-parcours, un bilan jug\u00e9 encourageant","datePublished":"2026-08-01T15:15:17+00:00","mainEntityOfPage":{"@id":"https:\/\/lacolombeplus.net\/index.php\/2026\/08\/01\/apurement-du-passif-social-de-lagsp-un-taux-de-realisation-de-7249-a-mi-parcours-un-bilan-juge-encourageant\/"},"wordCount":876,"commentCount":0,"publisher":{"@id":"https:\/\/lacolombeplus.net\/#organization"},"image":{"@id":"https:\/\/lacolombeplus.net\/index.php\/2026\/08\/01\/apurement-du-passif-social-de-lagsp-un-taux-de-realisation-de-7249-a-mi-parcours-un-bilan-juge-encourageant\/#primaryimage"},"thumbnailUrl":"https:\/\/lacolombeplus.net\/wp-content\/uploads\/2026\/08\/IMG-20260731-WA0090.webp","articleSection":["A la Une","Sant\u00e9"],"inLanguage":"fr-FR","potentialAction":[{"@type":"CommentAction","name":"Comment","target":["https:\/\/lacolombeplus.net\/index.php\/2026\/08\/01\/apurement-du-passif-social-de-lagsp-un-taux-de-realisation-de-7249-a-mi-parcours-un-bilan-juge-encourageant\/#respond"]}]},{"@type":"WebPage","@id":"https:\/\/lacolombeplus.net\/index.php\/2026\/08\/01\/apurement-du-passif-social-de-lagsp-un-taux-de-realisation-de-7249-a-mi-parcours-un-bilan-juge-encourageant\/","url":"https:\/\/lacolombeplus.net\/index.php\/2026\/08\/01\/apurement-du-passif-social-de-lagsp-un-taux-de-realisation-de-7249-a-mi-parcours-un-bilan-juge-encourageant\/","name":"Apurement du passif social de L'AGSP : Un taux de r\u00e9alisation de 72,49 % \u00e0 mi-parcours, un bilan jug\u00e9 encourageant - WordPress","isPartOf":{"@id":"https:\/\/lacolombeplus.net\/#website"},"primaryImageOfPage":{"@id":"https:\/\/lacolombeplus.net\/index.php\/2026\/08\/01\/apurement-du-passif-social-de-lagsp-un-taux-de-realisation-de-7249-a-mi-parcours-un-bilan-juge-encourageant\/#primaryimage"},"image":{"@id":"https:\/\/lacolombeplus.net\/index.php\/2026\/08\/01\/apurement-du-passif-social-de-lagsp-un-taux-de-realisation-de-7249-a-mi-parcours-un-bilan-juge-encourageant\/#primaryimage"},"thumbnailUrl":"https:\/\/lacolombeplus.net\/wp-content\/uploads\/2026\/08\/IMG-20260731-WA0090.webp","datePublished":"2026-08-01T15:15:17+00:00","breadcrumb":{"@id":"https:\/\/lacolombeplus.net\/index.php\/2026\/08\/01\/apurement-du-passif-social-de-lagsp-un-taux-de-realisation-de-7249-a-mi-parcours-un-bilan-juge-encourageant\/#breadcrumb"},"inLanguage":"fr-FR","potentialAction":[{"@type":"ReadAction","target":["https:\/\/lacolombeplus.net\/index.php\/2026\/08\/01\/apurement-du-passif-social-de-lagsp-un-taux-de-realisation-de-7249-a-mi-parcours-un-bilan-juge-encourageant\/"]}]},{"@type":"ImageObject","inLanguage":"fr-FR","@id":"https:\/\/lacolombeplus.net\/index.php\/2026\/08\/01\/apurement-du-passif-social-de-lagsp-un-taux-de-realisation-de-7249-a-mi-parcours-un-bilan-juge-encourageant\/#primaryimage","url":"https:\/\/lacolombeplus.net\/wp-content\/uploads\/2026\/08\/IMG-20260731-WA0090.webp","contentUrl":"https:\/\/lacolombeplus.net\/wp-content\/uploads\/2026\/08\/IMG-20260731-WA0090.webp","width":2058,"height":1363},{"@type":"BreadcrumbList","@id":"https:\/\/lacolombeplus.net\/index.php\/2026\/08\/01\/apurement-du-passif-social-de-lagsp-un-taux-de-realisation-de-7249-a-mi-parcours-un-bilan-juge-encourageant\/#breadcrumb","itemListElement":[{"@type":"ListItem","position":1,"name":"Accueil","item":"https:\/\/lacolombeplus.net\/"},{"@type":"ListItem","position":2,"name":"Apurement du passif social de L&rsquo;AGSP : Un taux de r\u00e9alisation de 72,49 % \u00e0 mi-parcours, un bilan jug\u00e9 encourageant"}]},{"@type":"WebSite","@id":"https:\/\/lacolombeplus.net\/#website","url":"https:\/\/lacolombeplus.net\/","name":"Lacolombeplus","description":"","publisher":{"@id":"https:\/\/lacolombeplus.net\/#organization"},"potentialAction":[{"@type":"SearchAction","target":{"@type":"EntryPoint","urlTemplate":"https:\/\/lacolombeplus.net\/?s={search_term_string}"},"query-input":{"@type":"PropertyValueSpecification","valueRequired":true,"valueName":"search_term_string"}}],"inLanguage":"fr-FR"},{"@type":"Organization","@id":"https:\/\/lacolombeplus.net\/#organization","name":"lacolombeplus.net","url":"https:\/\/lacolombeplus.net\/","logo":{"@type":"ImageObject","inLanguage":"fr-FR","@id":"https:\/\/lacolombeplus.net\/#\/schema\/logo\/image\/","url":"https:\/\/lacolombeplus.net\/wp-content\/uploads\/2026\/04\/a84391f3-a521-4177-867d-b9aaa3066b88.png","contentUrl":"https:\/\/lacolombeplus.net\/wp-content\/uploads\/2026\/04\/a84391f3-a521-4177-867d-b9aaa3066b88.png","width":1045,"height":1505,"caption":"lacolombeplus.net"},"image":{"@id":"https:\/\/lacolombeplus.net\/#\/schema\/logo\/image\/"},"sameAs":["https:\/\/web.facebook.com\/profile.php?id=61589477078953"]},{"@type":"Person","@id":"https:\/\/lacolombeplus.net\/#\/schema\/person\/1a433b3fa6e8f9696f18ece67a69915c","name":"Dramane FAYAMA","image":{"@type":"ImageObject","inLanguage":"fr-FR","@id":"https:\/\/secure.gravatar.com\/avatar\/6ae061b9c102ae93ffb7a4076195d78ace54801f91540899a6e8aacf91eacff8?s=96&d=mm&r=g","url":"https:\/\/secure.gravatar.com\/avatar\/6ae061b9c102ae93ffb7a4076195d78ace54801f91540899a6e8aacf91eacff8?s=96&d=mm&r=g","contentUrl":"https:\/\/secure.gravatar.com\/avatar\/6ae061b9c102ae93ffb7a4076195d78ace54801f91540899a6e8aacf91eacff8?s=96&d=mm&r=g","caption":"Dramane FAYAMA"},"url":"https:\/\/lacolombeplus.net\/index.php\/author\/dramane\/"}]}},"jetpack_featured_media_url":"https:\/\/lacolombeplus.net\/wp-content\/uploads\/2026\/08\/IMG-20260731-WA0090.webp","jetpack_sharing_enabled":true,"_links":{"self":[{"href":"https:\/\/lacolombeplus.net\/index.php\/wp-json\/wp\/v2\/posts\/38792","targetHints":{"allow":["GET"]}}],"collection":[{"href":"https:\/\/lacolombeplus.net\/index.php\/wp-json\/wp\/v2\/posts"}],"about":[{"href":"https:\/\/lacolombeplus.net\/index.php\/wp-json\/wp\/v2\/types\/post"}],"author":[{"embeddable":true,"href":"https:\/\/lacolombeplus.net\/index.php\/wp-json\/wp\/v2\/users\/6"}],"replies":[{"embeddable":true,"href":"https:\/\/lacolombeplus.net\/index.php\/wp-json\/wp\/v2\/comments?post=38792"}],"version-history":[{"count":1,"href":"https:\/\/lacolombeplus.net\/index.php\/wp-json\/wp\/v2\/posts\/38792\/revisions"}],"predecessor-version":[{"id":38796,"href":"https:\/\/lacolombeplus.net\/index.php\/wp-json\/wp\/v2\/posts\/38792\/revisions\/38796"}],"wp:featuredmedia":[{"embeddable":true,"href":"https:\/\/lacolombeplus.net\/index.php\/wp-json\/wp\/v2\/media\/38793"}],"wp:attachment":[{"href":"https:\/\/lacolombeplus.net\/index.php\/wp-json\/wp\/v2\/media?parent=38792"}],"wp:term":[{"taxonomy":"category","embeddable":true,"href":"https:\/\/lacolombeplus.net\/index.php\/wp-json\/wp\/v2\/categories?post=38792"},{"taxonomy":"post_tag","embeddable":true,"href":"https:\/\/lacolombeplus.net\/index.php\/wp-json\/wp\/v2\/tags?post=38792"}],"curies":[{"name":"wp","href":"https:\/\/api.w.org\/{rel}","templated":true}]}}