{"id":38784,"date":"2026-07-30T20:42:05","date_gmt":"2026-07-30T20:42:05","guid":{"rendered":"https:\/\/lacolombeplus.net\/?p=38784"},"modified":"2026-07-30T20:44:19","modified_gmt":"2026-07-30T20:44:19","slug":"formation-professionnelle-un-repertoire-general-des-metiers-pour-arrimer-les-cursus-aux-realites-du-marche-de-lemploi","status":"publish","type":"post","link":"https:\/\/lacolombeplus.net\/index.php\/2026\/07\/30\/formation-professionnelle-un-repertoire-general-des-metiers-pour-arrimer-les-cursus-aux-realites-du-marche-de-lemploi\/","title":{"rendered":"Formation professionnelle : un r\u00e9pertoire g\u00e9n\u00e9ral des m\u00e9tiers pour arrimer les cursus aux r\u00e9alit\u00e9s du march\u00e9 de l&#8217;emploi \u200e"},"content":{"rendered":"<p><strong>Le Pr\u00e9sident du Faso, Chef de l&rsquo;\u00c9tat, le Camarade Capitaine Ibrahim TRAOR\u00c9, a pr\u00e9sid\u00e9, ce jeudi, 30 juillet 2026, la r\u00e9union hebdomadaire du Conseil des ministres. Le Conseil a adopt\u00e9 un d\u00e9cret portant R\u00e9pertoire g\u00e9n\u00e9ral des m\u00e9tiers de la formation professionnelle, couvrant 14 secteurs jug\u00e9s prioritaires par l&rsquo;\u00c9tat.<\/strong><\/p>\n<p><strong>\u200e\u200e<\/strong>Au titre du minist\u00e8re de l&rsquo;Enseignement secondaire, de la Formation professionnelle et technique, le Conseil a adopt\u00e9 un d\u00e9cret portant R\u00e9pertoire g\u00e9n\u00e9ral des m\u00e9tiers de la formation professionnelle. Selon le Ministre en charge du dossier, le Camarade Moumouni ZOUNGRANA, ce dispositif vise \u00e0 adapter les cursus scolaires aux r\u00e9alit\u00e9s socio-\u00e9conomiques et aux besoins effectifs du march\u00e9 de l&#8217;emploi.<\/p>\n<figure id=\"attachment_38787\" aria-describedby=\"caption-attachment-38787\" style=\"width: 1965px\" class=\"wp-caption alignnone\"><img fetchpriority=\"high\" decoding=\"async\" class=\"size-full wp-image-38787\" src=\"http:\/\/lacolombeplus.net\/wp-content\/uploads\/2026\/07\/IMG-20260730-WA0128-scaled.jpg\" alt=\"\" width=\"1965\" height=\"2560\" srcset=\"https:\/\/lacolombeplus.net\/wp-content\/uploads\/2026\/07\/IMG-20260730-WA0128-scaled.jpg 1965w, https:\/\/lacolombeplus.net\/wp-content\/uploads\/2026\/07\/IMG-20260730-WA0128-230x300.jpg 230w, https:\/\/lacolombeplus.net\/wp-content\/uploads\/2026\/07\/IMG-20260730-WA0128-786x1024.jpg 786w, https:\/\/lacolombeplus.net\/wp-content\/uploads\/2026\/07\/IMG-20260730-WA0128-768x1001.jpg 768w, https:\/\/lacolombeplus.net\/wp-content\/uploads\/2026\/07\/IMG-20260730-WA0128-1179x1536.jpg 1179w, https:\/\/lacolombeplus.net\/wp-content\/uploads\/2026\/07\/IMG-20260730-WA0128-1572x2048.jpg 1572w\" sizes=\"(max-width: 1965px) 100vw, 1965px\" \/><figcaption id=\"caption-attachment-38787\" class=\"wp-caption-text\">Pr Moumouni ZOUNGRANA, Ministre de l&rsquo;Enseignement secondaire, de la Formation professionnelle et technique<\/figcaption><\/figure>\n<p>\u200eLe texte s&rsquo;inscrit dans la continuit\u00e9 d&rsquo;un pr\u00e9c\u00e9dent d\u00e9cret portant r\u00e9organisation des \u00e9tablissements de l&rsquo;enseignement secondaire, de la formation professionnelle et technique. \u00ab <em>Il vous souviendra que, lors du Conseil des ministres pass\u00e9, nous avons adopt\u00e9 un d\u00e9cret qui r\u00e9organise les \u00e9tablissements au niveau de l&rsquo;enseignement secondaire, de la formation professionnelle et technique. Il \u00e9tait question de faire en sorte que nos \u00e9tablissements deviennent des \u00e9tablissements mixtes<\/em> \u00bb, a rappel\u00e9 le ministre ZOUNGRANA.<\/p>\n<p style=\"text-align: center;\">\u200e<strong>Des \u00e9tablissements mixtes, entre enseignement g\u00e9n\u00e9ral et formation professionnelle<\/strong><\/p>\n<p>\u200eConcr\u00e8tement, ces \u00e9tablissements mixtes d\u00e9rouleront \u00e0 la fois l&rsquo;enseignement g\u00e9n\u00e9ral, l&rsquo;enseignement technique et la formation professionnelle. \u00ab <em>C&rsquo;est dans cette veine que nous avons \u00e9labor\u00e9 le r\u00e9pertoire des m\u00e9tiers, pour \u00e9clairer le travail qui sera fait dans ces \u00e9tablissements<\/em> \u00bb, a expliqu\u00e9 le ministre.<\/p>\n<p style=\"text-align: center;\">\u200e<strong>14 secteurs prioritaires retenus<\/strong><\/p>\n<p>\u200eLe r\u00e9pertoire adopt\u00e9 couvre 14 secteurs d&rsquo;activit\u00e9s consid\u00e9r\u00e9s comme prioritaires pour l&rsquo;\u00c9tat. Parmi eux figurent l&rsquo;agriculture, l&rsquo;\u00e9levage, les mines et carri\u00e8res, la transition digitale, l&rsquo;artisanat, la communication et la s\u00e9curit\u00e9. \u00ab <em>Tous ces secteurs font partie des domaines prioritaires vers lesquels nous devons orienter la formation de nos enfants<\/em> \u00bb, a soulign\u00e9 le Camarade Moumouni ZOUNGRANA.<\/p>\n<p style=\"text-align: center;\">\u200e<strong>Des curricula affin\u00e9s pour des ouvriers et techniciens qualifi\u00e9s<\/strong><\/p>\n<p>\u200eSelon le ministre, ce r\u00e9pertoire permettra d\u00e9sormais d&rsquo;affiner les curricula, afin de former des ouvriers et des techniciens v\u00e9ritablement professionnels. \u00ab <em>C&rsquo;est vraiment le sens de ce r\u00e9pertoire. Il vient comme un coup de pouce qui va donner une certaine acc\u00e9l\u00e9ration \u00e0 la formation professionnelle et technique<\/em> \u00bb, a-t-il conclu.<\/p>\n<p>\u200eCette r\u00e9forme traduit la volont\u00e9 des autorit\u00e9s de rapprocher davantage l&rsquo;\u00e9cole du monde du travail, en dotant le pays d&rsquo;une main-d&rsquo;\u0153uvre qualifi\u00e9e dans les secteurs jug\u00e9s strat\u00e9giques pour son d\u00e9veloppement.<\/p>\n<p style=\"text-align: right;\"><em><strong>Dramane FAYAMA\u00a0<\/strong><\/em><\/p>\n","protected":false},"excerpt":{"rendered":"<p>Le Pr\u00e9sident du Faso, Chef de l&rsquo;\u00c9tat, le Camarade Capitaine Ibrahim TRAOR\u00c9, a pr\u00e9sid\u00e9, ce jeudi, 30 juillet 2026, la r\u00e9union hebdomadaire du Conseil des ministres. Le Conseil a adopt\u00e9 un d\u00e9cret portant R\u00e9pertoire g\u00e9n\u00e9ral des m\u00e9tiers de la formation professionnelle, couvrant 14 secteurs jug\u00e9s prioritaires par l&rsquo;\u00c9tat. \u200e\u200eAu titre du minist\u00e8re de l&rsquo;Enseignement secondaire,&#8230;<\/p>\n","protected":false},"author":6,"featured_media":38785,"comment_status":"open","ping_status":"open","sticky":false,"template":"","format":"standard","meta":{"_jetpack_newsletter_access":"","_jetpack_dont_email_post_to_subs":false,"_jetpack_newsletter_tier_id":0,"_jetpack_memberships_contains_paywalled_content":false,"_jetpack_feature_clip_id":0,"_jetpack_memberships_contains_paid_content":false,"footnotes":"","jetpack_post_was_ever_published":false},"categories":[2,184,6],"tags":[89,298],"class_list":["post-38784","post","type-post","status-publish","format-standard","has-post-thumbnail","hentry","category-a-la-une","category-eduction","category-politique","tag-education","tag-politique-reformes"],"yoast_head":"<!-- This site is optimized with the Yoast SEO plugin v28.3 - https:\/\/yoast.com\/product\/yoast-seo-wordpress\/ -->\n<title>Formation professionnelle : un r\u00e9pertoire g\u00e9n\u00e9ral des m\u00e9tiers pour arrimer les cursus aux r\u00e9alit\u00e9s du march\u00e9 de l&#039;emploi \u200e - WordPress<\/title>\n<meta name=\"robots\" content=\"index, follow, max-snippet:-1, max-image-preview:large, max-video-preview:-1\" \/>\n<link rel=\"canonical\" href=\"https:\/\/lacolombeplus.net\/index.php\/2026\/07\/30\/formation-professionnelle-un-repertoire-general-des-metiers-pour-arrimer-les-cursus-aux-realites-du-marche-de-lemploi\/\" \/>\n<meta property=\"og:locale\" content=\"fr_FR\" \/>\n<meta property=\"og:type\" content=\"article\" \/>\n<meta property=\"og:title\" content=\"Formation professionnelle : un r\u00e9pertoire g\u00e9n\u00e9ral des m\u00e9tiers pour arrimer les cursus aux r\u00e9alit\u00e9s du march\u00e9 de l&#039;emploi \u200e - WordPress\" \/>\n<meta property=\"og:description\" content=\"Le Pr\u00e9sident du Faso, Chef de l&rsquo;\u00c9tat, le Camarade Capitaine Ibrahim TRAOR\u00c9, a pr\u00e9sid\u00e9, ce jeudi, 30 juillet 2026, la r\u00e9union hebdomadaire du Conseil des ministres. Le Conseil a adopt\u00e9 un d\u00e9cret portant R\u00e9pertoire g\u00e9n\u00e9ral des m\u00e9tiers de la formation professionnelle, couvrant 14 secteurs jug\u00e9s prioritaires par l&rsquo;\u00c9tat. \u200e\u200eAu titre du minist\u00e8re de l&rsquo;Enseignement secondaire,...\" \/>\n<meta property=\"og:url\" content=\"https:\/\/lacolombeplus.net\/index.php\/2026\/07\/30\/formation-professionnelle-un-repertoire-general-des-metiers-pour-arrimer-les-cursus-aux-realites-du-marche-de-lemploi\/\" \/>\n<meta property=\"og:site_name\" content=\"WordPress\" \/>\n<meta property=\"article:publisher\" content=\"https:\/\/web.facebook.com\/profile.php?id=61589477078953\" \/>\n<meta property=\"article:published_time\" content=\"2026-07-30T20:42:05+00:00\" \/>\n<meta property=\"article:modified_time\" content=\"2026-07-30T20:44:19+00:00\" \/>\n<meta property=\"og:image\" content=\"http:\/\/lacolombeplus.net\/wp-content\/uploads\/2026\/07\/IMG-20260730-WA0040-scaled.webp\" \/>\n\t<meta property=\"og:image:width\" content=\"2560\" \/>\n\t<meta property=\"og:image:height\" content=\"1706\" \/>\n\t<meta property=\"og:image:type\" content=\"image\/webp\" \/>\n<meta name=\"author\" content=\"Dramane FAYAMA\" \/>\n<meta name=\"twitter:card\" content=\"summary_large_image\" \/>\n<meta name=\"twitter:label1\" content=\"\u00c9crit par\" \/>\n\t<meta name=\"twitter:data1\" content=\"Dramane FAYAMA\" \/>\n\t<meta name=\"twitter:label2\" content=\"Dur\u00e9e de lecture estim\u00e9e\" \/>\n\t<meta name=\"twitter:data2\" content=\"3 minutes\" \/>\n<script type=\"application\/ld+json\" class=\"yoast-schema-graph\">{\"@context\":\"https:\\\/\\\/schema.org\",\"@graph\":[{\"@type\":\"Article\",\"@id\":\"https:\\\/\\\/lacolombeplus.net\\\/index.php\\\/2026\\\/07\\\/30\\\/formation-professionnelle-un-repertoire-general-des-metiers-pour-arrimer-les-cursus-aux-realites-du-marche-de-lemploi\\\/#article\",\"isPartOf\":{\"@id\":\"https:\\\/\\\/lacolombeplus.net\\\/index.php\\\/2026\\\/07\\\/30\\\/formation-professionnelle-un-repertoire-general-des-metiers-pour-arrimer-les-cursus-aux-realites-du-marche-de-lemploi\\\/\"},\"author\":{\"name\":\"Dramane FAYAMA\",\"@id\":\"https:\\\/\\\/lacolombeplus.net\\\/#\\\/schema\\\/person\\\/1a433b3fa6e8f9696f18ece67a69915c\"},\"headline\":\"Formation professionnelle : un r\u00e9pertoire g\u00e9n\u00e9ral des m\u00e9tiers pour arrimer les cursus aux r\u00e9alit\u00e9s du march\u00e9 de l&#8217;emploi \u200e\",\"datePublished\":\"2026-07-30T20:42:05+00:00\",\"dateModified\":\"2026-07-30T20:44:19+00:00\",\"mainEntityOfPage\":{\"@id\":\"https:\\\/\\\/lacolombeplus.net\\\/index.php\\\/2026\\\/07\\\/30\\\/formation-professionnelle-un-repertoire-general-des-metiers-pour-arrimer-les-cursus-aux-realites-du-marche-de-lemploi\\\/\"},\"wordCount\":485,\"commentCount\":0,\"publisher\":{\"@id\":\"https:\\\/\\\/lacolombeplus.net\\\/#organization\"},\"image\":{\"@id\":\"https:\\\/\\\/lacolombeplus.net\\\/index.php\\\/2026\\\/07\\\/30\\\/formation-professionnelle-un-repertoire-general-des-metiers-pour-arrimer-les-cursus-aux-realites-du-marche-de-lemploi\\\/#primaryimage\"},\"thumbnailUrl\":\"https:\\\/\\\/lacolombeplus.net\\\/wp-content\\\/uploads\\\/2026\\\/07\\\/IMG-20260730-WA0040-scaled.webp\",\"keywords\":[\"Education\",\"politique r\u00e9formes\"],\"articleSection\":[\"A la Une\",\"\u00c9ducation\",\"Politique\"],\"inLanguage\":\"fr-FR\",\"potentialAction\":[{\"@type\":\"CommentAction\",\"name\":\"Comment\",\"target\":[\"https:\\\/\\\/lacolombeplus.net\\\/index.php\\\/2026\\\/07\\\/30\\\/formation-professionnelle-un-repertoire-general-des-metiers-pour-arrimer-les-cursus-aux-realites-du-marche-de-lemploi\\\/#respond\"]}]},{\"@type\":\"WebPage\",\"@id\":\"https:\\\/\\\/lacolombeplus.net\\\/index.php\\\/2026\\\/07\\\/30\\\/formation-professionnelle-un-repertoire-general-des-metiers-pour-arrimer-les-cursus-aux-realites-du-marche-de-lemploi\\\/\",\"url\":\"https:\\\/\\\/lacolombeplus.net\\\/index.php\\\/2026\\\/07\\\/30\\\/formation-professionnelle-un-repertoire-general-des-metiers-pour-arrimer-les-cursus-aux-realites-du-marche-de-lemploi\\\/\",\"name\":\"Formation professionnelle : un r\u00e9pertoire g\u00e9n\u00e9ral des m\u00e9tiers pour arrimer les cursus aux r\u00e9alit\u00e9s du march\u00e9 de l'emploi \u200e - WordPress\",\"isPartOf\":{\"@id\":\"https:\\\/\\\/lacolombeplus.net\\\/#website\"},\"primaryImageOfPage\":{\"@id\":\"https:\\\/\\\/lacolombeplus.net\\\/index.php\\\/2026\\\/07\\\/30\\\/formation-professionnelle-un-repertoire-general-des-metiers-pour-arrimer-les-cursus-aux-realites-du-marche-de-lemploi\\\/#primaryimage\"},\"image\":{\"@id\":\"https:\\\/\\\/lacolombeplus.net\\\/index.php\\\/2026\\\/07\\\/30\\\/formation-professionnelle-un-repertoire-general-des-metiers-pour-arrimer-les-cursus-aux-realites-du-marche-de-lemploi\\\/#primaryimage\"},\"thumbnailUrl\":\"https:\\\/\\\/lacolombeplus.net\\\/wp-content\\\/uploads\\\/2026\\\/07\\\/IMG-20260730-WA0040-scaled.webp\",\"datePublished\":\"2026-07-30T20:42:05+00:00\",\"dateModified\":\"2026-07-30T20:44:19+00:00\",\"breadcrumb\":{\"@id\":\"https:\\\/\\\/lacolombeplus.net\\\/index.php\\\/2026\\\/07\\\/30\\\/formation-professionnelle-un-repertoire-general-des-metiers-pour-arrimer-les-cursus-aux-realites-du-marche-de-lemploi\\\/#breadcrumb\"},\"inLanguage\":\"fr-FR\",\"potentialAction\":[{\"@type\":\"ReadAction\",\"target\":[\"https:\\\/\\\/lacolombeplus.net\\\/index.php\\\/2026\\\/07\\\/30\\\/formation-professionnelle-un-repertoire-general-des-metiers-pour-arrimer-les-cursus-aux-realites-du-marche-de-lemploi\\\/\"]}]},{\"@type\":\"ImageObject\",\"inLanguage\":\"fr-FR\",\"@id\":\"https:\\\/\\\/lacolombeplus.net\\\/index.php\\\/2026\\\/07\\\/30\\\/formation-professionnelle-un-repertoire-general-des-metiers-pour-arrimer-les-cursus-aux-realites-du-marche-de-lemploi\\\/#primaryimage\",\"url\":\"https:\\\/\\\/lacolombeplus.net\\\/wp-content\\\/uploads\\\/2026\\\/07\\\/IMG-20260730-WA0040-scaled.webp\",\"contentUrl\":\"https:\\\/\\\/lacolombeplus.net\\\/wp-content\\\/uploads\\\/2026\\\/07\\\/IMG-20260730-WA0040-scaled.webp\",\"width\":2560,\"height\":1706},{\"@type\":\"BreadcrumbList\",\"@id\":\"https:\\\/\\\/lacolombeplus.net\\\/index.php\\\/2026\\\/07\\\/30\\\/formation-professionnelle-un-repertoire-general-des-metiers-pour-arrimer-les-cursus-aux-realites-du-marche-de-lemploi\\\/#breadcrumb\",\"itemListElement\":[{\"@type\":\"ListItem\",\"position\":1,\"name\":\"Accueil\",\"item\":\"https:\\\/\\\/lacolombeplus.net\\\/\"},{\"@type\":\"ListItem\",\"position\":2,\"name\":\"Formation professionnelle : un r\u00e9pertoire g\u00e9n\u00e9ral des m\u00e9tiers pour arrimer les cursus aux r\u00e9alit\u00e9s du march\u00e9 de l&#8217;emploi \u200e\"}]},{\"@type\":\"WebSite\",\"@id\":\"https:\\\/\\\/lacolombeplus.net\\\/#website\",\"url\":\"https:\\\/\\\/lacolombeplus.net\\\/\",\"name\":\"Lacolombeplus\",\"description\":\"\",\"publisher\":{\"@id\":\"https:\\\/\\\/lacolombeplus.net\\\/#organization\"},\"potentialAction\":[{\"@type\":\"SearchAction\",\"target\":{\"@type\":\"EntryPoint\",\"urlTemplate\":\"https:\\\/\\\/lacolombeplus.net\\\/?s={search_term_string}\"},\"query-input\":{\"@type\":\"PropertyValueSpecification\",\"valueRequired\":true,\"valueName\":\"search_term_string\"}}],\"inLanguage\":\"fr-FR\"},{\"@type\":\"Organization\",\"@id\":\"https:\\\/\\\/lacolombeplus.net\\\/#organization\",\"name\":\"lacolombeplus.net\",\"url\":\"https:\\\/\\\/lacolombeplus.net\\\/\",\"logo\":{\"@type\":\"ImageObject\",\"inLanguage\":\"fr-FR\",\"@id\":\"https:\\\/\\\/lacolombeplus.net\\\/#\\\/schema\\\/logo\\\/image\\\/\",\"url\":\"https:\\\/\\\/lacolombeplus.net\\\/wp-content\\\/uploads\\\/2026\\\/04\\\/a84391f3-a521-4177-867d-b9aaa3066b88.png\",\"contentUrl\":\"https:\\\/\\\/lacolombeplus.net\\\/wp-content\\\/uploads\\\/2026\\\/04\\\/a84391f3-a521-4177-867d-b9aaa3066b88.png\",\"width\":1045,\"height\":1505,\"caption\":\"lacolombeplus.net\"},\"image\":{\"@id\":\"https:\\\/\\\/lacolombeplus.net\\\/#\\\/schema\\\/logo\\\/image\\\/\"},\"sameAs\":[\"https:\\\/\\\/web.facebook.com\\\/profile.php?id=61589477078953\"]},{\"@type\":\"Person\",\"@id\":\"https:\\\/\\\/lacolombeplus.net\\\/#\\\/schema\\\/person\\\/1a433b3fa6e8f9696f18ece67a69915c\",\"name\":\"Dramane FAYAMA\",\"image\":{\"@type\":\"ImageObject\",\"inLanguage\":\"fr-FR\",\"@id\":\"https:\\\/\\\/secure.gravatar.com\\\/avatar\\\/6ae061b9c102ae93ffb7a4076195d78ace54801f91540899a6e8aacf91eacff8?s=96&d=mm&r=g\",\"url\":\"https:\\\/\\\/secure.gravatar.com\\\/avatar\\\/6ae061b9c102ae93ffb7a4076195d78ace54801f91540899a6e8aacf91eacff8?s=96&d=mm&r=g\",\"contentUrl\":\"https:\\\/\\\/secure.gravatar.com\\\/avatar\\\/6ae061b9c102ae93ffb7a4076195d78ace54801f91540899a6e8aacf91eacff8?s=96&d=mm&r=g\",\"caption\":\"Dramane FAYAMA\"},\"url\":\"https:\\\/\\\/lacolombeplus.net\\\/index.php\\\/author\\\/dramane\\\/\"}]}<\/script>\n<!-- \/ Yoast SEO plugin. -->","yoast_head_json":{"title":"Formation professionnelle : un r\u00e9pertoire g\u00e9n\u00e9ral des m\u00e9tiers pour arrimer les cursus aux r\u00e9alit\u00e9s du march\u00e9 de l'emploi \u200e - WordPress","robots":{"index":"index","follow":"follow","max-snippet":"max-snippet:-1","max-image-preview":"max-image-preview:large","max-video-preview":"max-video-preview:-1"},"canonical":"https:\/\/lacolombeplus.net\/index.php\/2026\/07\/30\/formation-professionnelle-un-repertoire-general-des-metiers-pour-arrimer-les-cursus-aux-realites-du-marche-de-lemploi\/","og_locale":"fr_FR","og_type":"article","og_title":"Formation professionnelle : un r\u00e9pertoire g\u00e9n\u00e9ral des m\u00e9tiers pour arrimer les cursus aux r\u00e9alit\u00e9s du march\u00e9 de l'emploi \u200e - WordPress","og_description":"Le Pr\u00e9sident du Faso, Chef de l&rsquo;\u00c9tat, le Camarade Capitaine Ibrahim TRAOR\u00c9, a pr\u00e9sid\u00e9, ce jeudi, 30 juillet 2026, la r\u00e9union hebdomadaire du Conseil des ministres. Le Conseil a adopt\u00e9 un d\u00e9cret portant R\u00e9pertoire g\u00e9n\u00e9ral des m\u00e9tiers de la formation professionnelle, couvrant 14 secteurs jug\u00e9s prioritaires par l&rsquo;\u00c9tat. \u200e\u200eAu titre du minist\u00e8re de l&rsquo;Enseignement secondaire,...","og_url":"https:\/\/lacolombeplus.net\/index.php\/2026\/07\/30\/formation-professionnelle-un-repertoire-general-des-metiers-pour-arrimer-les-cursus-aux-realites-du-marche-de-lemploi\/","og_site_name":"WordPress","article_publisher":"https:\/\/web.facebook.com\/profile.php?id=61589477078953","article_published_time":"2026-07-30T20:42:05+00:00","article_modified_time":"2026-07-30T20:44:19+00:00","og_image":[{"width":2560,"height":1706,"url":"http:\/\/lacolombeplus.net\/wp-content\/uploads\/2026\/07\/IMG-20260730-WA0040-scaled.webp","type":"image\/webp"}],"author":"Dramane FAYAMA","twitter_card":"summary_large_image","twitter_misc":{"\u00c9crit par":"Dramane FAYAMA","Dur\u00e9e de lecture estim\u00e9e":"3 minutes"},"schema":{"@context":"https:\/\/schema.org","@graph":[{"@type":"Article","@id":"https:\/\/lacolombeplus.net\/index.php\/2026\/07\/30\/formation-professionnelle-un-repertoire-general-des-metiers-pour-arrimer-les-cursus-aux-realites-du-marche-de-lemploi\/#article","isPartOf":{"@id":"https:\/\/lacolombeplus.net\/index.php\/2026\/07\/30\/formation-professionnelle-un-repertoire-general-des-metiers-pour-arrimer-les-cursus-aux-realites-du-marche-de-lemploi\/"},"author":{"name":"Dramane FAYAMA","@id":"https:\/\/lacolombeplus.net\/#\/schema\/person\/1a433b3fa6e8f9696f18ece67a69915c"},"headline":"Formation professionnelle : un r\u00e9pertoire g\u00e9n\u00e9ral des m\u00e9tiers pour arrimer les cursus aux r\u00e9alit\u00e9s du march\u00e9 de l&#8217;emploi \u200e","datePublished":"2026-07-30T20:42:05+00:00","dateModified":"2026-07-30T20:44:19+00:00","mainEntityOfPage":{"@id":"https:\/\/lacolombeplus.net\/index.php\/2026\/07\/30\/formation-professionnelle-un-repertoire-general-des-metiers-pour-arrimer-les-cursus-aux-realites-du-marche-de-lemploi\/"},"wordCount":485,"commentCount":0,"publisher":{"@id":"https:\/\/lacolombeplus.net\/#organization"},"image":{"@id":"https:\/\/lacolombeplus.net\/index.php\/2026\/07\/30\/formation-professionnelle-un-repertoire-general-des-metiers-pour-arrimer-les-cursus-aux-realites-du-marche-de-lemploi\/#primaryimage"},"thumbnailUrl":"https:\/\/lacolombeplus.net\/wp-content\/uploads\/2026\/07\/IMG-20260730-WA0040-scaled.webp","keywords":["Education","politique r\u00e9formes"],"articleSection":["A la Une","\u00c9ducation","Politique"],"inLanguage":"fr-FR","potentialAction":[{"@type":"CommentAction","name":"Comment","target":["https:\/\/lacolombeplus.net\/index.php\/2026\/07\/30\/formation-professionnelle-un-repertoire-general-des-metiers-pour-arrimer-les-cursus-aux-realites-du-marche-de-lemploi\/#respond"]}]},{"@type":"WebPage","@id":"https:\/\/lacolombeplus.net\/index.php\/2026\/07\/30\/formation-professionnelle-un-repertoire-general-des-metiers-pour-arrimer-les-cursus-aux-realites-du-marche-de-lemploi\/","url":"https:\/\/lacolombeplus.net\/index.php\/2026\/07\/30\/formation-professionnelle-un-repertoire-general-des-metiers-pour-arrimer-les-cursus-aux-realites-du-marche-de-lemploi\/","name":"Formation professionnelle : un r\u00e9pertoire g\u00e9n\u00e9ral des m\u00e9tiers pour arrimer les cursus aux r\u00e9alit\u00e9s du march\u00e9 de l'emploi \u200e - WordPress","isPartOf":{"@id":"https:\/\/lacolombeplus.net\/#website"},"primaryImageOfPage":{"@id":"https:\/\/lacolombeplus.net\/index.php\/2026\/07\/30\/formation-professionnelle-un-repertoire-general-des-metiers-pour-arrimer-les-cursus-aux-realites-du-marche-de-lemploi\/#primaryimage"},"image":{"@id":"https:\/\/lacolombeplus.net\/index.php\/2026\/07\/30\/formation-professionnelle-un-repertoire-general-des-metiers-pour-arrimer-les-cursus-aux-realites-du-marche-de-lemploi\/#primaryimage"},"thumbnailUrl":"https:\/\/lacolombeplus.net\/wp-content\/uploads\/2026\/07\/IMG-20260730-WA0040-scaled.webp","datePublished":"2026-07-30T20:42:05+00:00","dateModified":"2026-07-30T20:44:19+00:00","breadcrumb":{"@id":"https:\/\/lacolombeplus.net\/index.php\/2026\/07\/30\/formation-professionnelle-un-repertoire-general-des-metiers-pour-arrimer-les-cursus-aux-realites-du-marche-de-lemploi\/#breadcrumb"},"inLanguage":"fr-FR","potentialAction":[{"@type":"ReadAction","target":["https:\/\/lacolombeplus.net\/index.php\/2026\/07\/30\/formation-professionnelle-un-repertoire-general-des-metiers-pour-arrimer-les-cursus-aux-realites-du-marche-de-lemploi\/"]}]},{"@type":"ImageObject","inLanguage":"fr-FR","@id":"https:\/\/lacolombeplus.net\/index.php\/2026\/07\/30\/formation-professionnelle-un-repertoire-general-des-metiers-pour-arrimer-les-cursus-aux-realites-du-marche-de-lemploi\/#primaryimage","url":"https:\/\/lacolombeplus.net\/wp-content\/uploads\/2026\/07\/IMG-20260730-WA0040-scaled.webp","contentUrl":"https:\/\/lacolombeplus.net\/wp-content\/uploads\/2026\/07\/IMG-20260730-WA0040-scaled.webp","width":2560,"height":1706},{"@type":"BreadcrumbList","@id":"https:\/\/lacolombeplus.net\/index.php\/2026\/07\/30\/formation-professionnelle-un-repertoire-general-des-metiers-pour-arrimer-les-cursus-aux-realites-du-marche-de-lemploi\/#breadcrumb","itemListElement":[{"@type":"ListItem","position":1,"name":"Accueil","item":"https:\/\/lacolombeplus.net\/"},{"@type":"ListItem","position":2,"name":"Formation professionnelle : un r\u00e9pertoire g\u00e9n\u00e9ral des m\u00e9tiers pour arrimer les cursus aux r\u00e9alit\u00e9s du march\u00e9 de l&#8217;emploi \u200e"}]},{"@type":"WebSite","@id":"https:\/\/lacolombeplus.net\/#website","url":"https:\/\/lacolombeplus.net\/","name":"Lacolombeplus","description":"","publisher":{"@id":"https:\/\/lacolombeplus.net\/#organization"},"potentialAction":[{"@type":"SearchAction","target":{"@type":"EntryPoint","urlTemplate":"https:\/\/lacolombeplus.net\/?s={search_term_string}"},"query-input":{"@type":"PropertyValueSpecification","valueRequired":true,"valueName":"search_term_string"}}],"inLanguage":"fr-FR"},{"@type":"Organization","@id":"https:\/\/lacolombeplus.net\/#organization","name":"lacolombeplus.net","url":"https:\/\/lacolombeplus.net\/","logo":{"@type":"ImageObject","inLanguage":"fr-FR","@id":"https:\/\/lacolombeplus.net\/#\/schema\/logo\/image\/","url":"https:\/\/lacolombeplus.net\/wp-content\/uploads\/2026\/04\/a84391f3-a521-4177-867d-b9aaa3066b88.png","contentUrl":"https:\/\/lacolombeplus.net\/wp-content\/uploads\/2026\/04\/a84391f3-a521-4177-867d-b9aaa3066b88.png","width":1045,"height":1505,"caption":"lacolombeplus.net"},"image":{"@id":"https:\/\/lacolombeplus.net\/#\/schema\/logo\/image\/"},"sameAs":["https:\/\/web.facebook.com\/profile.php?id=61589477078953"]},{"@type":"Person","@id":"https:\/\/lacolombeplus.net\/#\/schema\/person\/1a433b3fa6e8f9696f18ece67a69915c","name":"Dramane FAYAMA","image":{"@type":"ImageObject","inLanguage":"fr-FR","@id":"https:\/\/secure.gravatar.com\/avatar\/6ae061b9c102ae93ffb7a4076195d78ace54801f91540899a6e8aacf91eacff8?s=96&d=mm&r=g","url":"https:\/\/secure.gravatar.com\/avatar\/6ae061b9c102ae93ffb7a4076195d78ace54801f91540899a6e8aacf91eacff8?s=96&d=mm&r=g","contentUrl":"https:\/\/secure.gravatar.com\/avatar\/6ae061b9c102ae93ffb7a4076195d78ace54801f91540899a6e8aacf91eacff8?s=96&d=mm&r=g","caption":"Dramane FAYAMA"},"url":"https:\/\/lacolombeplus.net\/index.php\/author\/dramane\/"}]}},"jetpack_featured_media_url":"https:\/\/lacolombeplus.net\/wp-content\/uploads\/2026\/07\/IMG-20260730-WA0040-scaled.webp","jetpack_sharing_enabled":true,"_links":{"self":[{"href":"https:\/\/lacolombeplus.net\/index.php\/wp-json\/wp\/v2\/posts\/38784","targetHints":{"allow":["GET"]}}],"collection":[{"href":"https:\/\/lacolombeplus.net\/index.php\/wp-json\/wp\/v2\/posts"}],"about":[{"href":"https:\/\/lacolombeplus.net\/index.php\/wp-json\/wp\/v2\/types\/post"}],"author":[{"embeddable":true,"href":"https:\/\/lacolombeplus.net\/index.php\/wp-json\/wp\/v2\/users\/6"}],"replies":[{"embeddable":true,"href":"https:\/\/lacolombeplus.net\/index.php\/wp-json\/wp\/v2\/comments?post=38784"}],"version-history":[{"count":4,"href":"https:\/\/lacolombeplus.net\/index.php\/wp-json\/wp\/v2\/posts\/38784\/revisions"}],"predecessor-version":[{"id":38790,"href":"https:\/\/lacolombeplus.net\/index.php\/wp-json\/wp\/v2\/posts\/38784\/revisions\/38790"}],"wp:featuredmedia":[{"embeddable":true,"href":"https:\/\/lacolombeplus.net\/index.php\/wp-json\/wp\/v2\/media\/38785"}],"wp:attachment":[{"href":"https:\/\/lacolombeplus.net\/index.php\/wp-json\/wp\/v2\/media?parent=38784"}],"wp:term":[{"taxonomy":"category","embeddable":true,"href":"https:\/\/lacolombeplus.net\/index.php\/wp-json\/wp\/v2\/categories?post=38784"},{"taxonomy":"post_tag","embeddable":true,"href":"https:\/\/lacolombeplus.net\/index.php\/wp-json\/wp\/v2\/tags?post=38784"}],"curies":[{"name":"wp","href":"https:\/\/api.w.org\/{rel}","templated":true}]}}