{"id":38773,"date":"2026-07-30T18:25:40","date_gmt":"2026-07-30T18:25:40","guid":{"rendered":"https:\/\/lacolombeplus.net\/?p=38773"},"modified":"2026-07-30T19:46:13","modified_gmt":"2026-07-30T19:46:13","slug":"identifiant-unique-electronique-le-conseil-des-ministres-adopte-le-decret-organisant-lenregistrement-de-masse-des-bu","status":"publish","type":"post","link":"https:\/\/lacolombeplus.net\/index.php\/2026\/07\/30\/identifiant-unique-electronique-le-conseil-des-ministres-adopte-le-decret-organisant-lenregistrement-de-masse-des-bu\/","title":{"rendered":"Identifiant\u00a0unique\u00a0\u00e9lectronique\u00a0: Identifiant unique \u00e9lectronique : le Conseil des ministres adopte le d\u00e9cret organisant l&rsquo;enregistrement de masse des Burkinab\u00e8"},"content":{"rendered":"<p><strong>Ouagadougou, 30 juillet 2026 (La Colombe Plus) \u2013 Le Burkina Faso s&rsquo;appr\u00eate \u00e0 franchir une \u00e9tape d\u00e9cisive dans la mise en place de l&rsquo;identifiant unique \u00e9lectronique de la personne physique. R\u00e9uni ce jeudi sous la pr\u00e9sidence du Chef de l&rsquo;\u00c9tat, le Camarade Capitaine Ibrahim Traor\u00e9, le Conseil des ministres a adopt\u00e9 un d\u00e9cret portant organisation de l&rsquo;enregistrement de masse pour l&rsquo;inscription et la d\u00e9livrance de cet identifiant, dans le cadre du projet WURI (Projet d&rsquo;Identification unique pour l&rsquo;Int\u00e9gration et l&rsquo;Inclusion en Afrique de l&rsquo;Ouest).<\/strong><\/p>\n<p>L&rsquo;annonce a \u00e9t\u00e9 faite par le ministre porte-parole du Gouvernement, le Camarade Pingdwend\u00e9 Gilbert Ou\u00e9draogo, \u00e0 l&rsquo;issue de la rencontre hebdomadaire de l&rsquo;Ex\u00e9cutif, au cours de laquelle plusieurs autres dossiers ont \u00e9galement \u00e9t\u00e9 examin\u00e9s et adopt\u00e9s.<\/p>\n<p style=\"text-align: center;\"><strong>Un cadre juridique pour s\u00e9curiser un processus strat\u00e9gique<\/strong><\/p>\n<p>Port\u00e9 par le minist\u00e8re de la Transition digitale, des Postes et des Communications \u00e9lectroniques, le d\u00e9cret vise \u00e0 formaliser et encadrer juridiquement l&rsquo;organisation de l&rsquo;enr\u00f4lement biom\u00e9trique des populations.<\/p>\n<p>Selon la ministre en charge du d\u00e9partement, la Camarade Aminata Zerbo\/Saban\u00e9, cette adoption marque \u00ab la derni\u00e8re ligne droite \u00bb avant l&rsquo;op\u00e9rationnalisation du syst\u00e8me.<\/p>\n<figure id=\"attachment_38775\" aria-describedby=\"caption-attachment-38775\" style=\"width: 236px\" class=\"wp-caption alignleft\"><img fetchpriority=\"high\" decoding=\"async\" class=\"wp-image-38775 size-medium\" src=\"http:\/\/lacolombeplus.net\/wp-content\/uploads\/2026\/07\/IMG-20260730-WA0128-236x300.webp\" alt=\"\" width=\"236\" height=\"300\" srcset=\"https:\/\/lacolombeplus.net\/wp-content\/uploads\/2026\/07\/IMG-20260730-WA0128-236x300.webp 236w, https:\/\/lacolombeplus.net\/wp-content\/uploads\/2026\/07\/IMG-20260730-WA0128-805x1024.webp 805w, https:\/\/lacolombeplus.net\/wp-content\/uploads\/2026\/07\/IMG-20260730-WA0128-768x977.webp 768w, https:\/\/lacolombeplus.net\/wp-content\/uploads\/2026\/07\/IMG-20260730-WA0128-1208x1536.webp 1208w, https:\/\/lacolombeplus.net\/wp-content\/uploads\/2026\/07\/IMG-20260730-WA0128-1610x2048.webp 1610w, https:\/\/lacolombeplus.net\/wp-content\/uploads\/2026\/07\/IMG-20260730-WA0128-scaled.webp 2013w\" sizes=\"(max-width: 236px) 100vw, 236px\" \/><figcaption id=\"caption-attachment-38775\" class=\"wp-caption-text\">Camarade Aminata Zerbo\/Saban\u00e9, Ministre de la transition digitale<\/figcaption><\/figure>\n<p>La ministre a tenu \u00e0 souligner le caract\u00e8re souverain de cette d\u00e9marche. L&rsquo;ensemble du processus sera pilot\u00e9 par des structures publiques afin que \u00ab l&rsquo;\u00c9tat puisse ma\u00eetriser de bout en bout ce processus hautement strat\u00e9gique \u00bb et rassurer les populations appel\u00e9es \u00e0 fournir des donn\u00e9es personnelles sensibles, notamment leurs empreintes digitales et celles de l&rsquo;iris.<\/p>\n<p style=\"text-align: center;\"><strong>Des comit\u00e9s d\u00e9ploy\u00e9s \u00e0 tous les niveaux du territoire<\/strong><\/p>\n<p>Le d\u00e9cret pr\u00e9voit un dispositif institutionnel complet, allant du niveau national jusqu&rsquo;aux communes.<\/p>\n<p>Au niveau central seront mis en place :<\/p>\n<ul>\n<li>le Comit\u00e9 national d&rsquo;enregistrement de masse ;<\/li>\n<li>le Comit\u00e9 national de gestion des plaintes de l&rsquo;enregistrement de masse ;<\/li>\n<li>le Comit\u00e9 d&rsquo;appui technique.<\/li>\n<\/ul>\n<p>Aux niveaux d\u00e9concentr\u00e9 et d\u00e9centralis\u00e9, le dispositif comprendra des comit\u00e9s r\u00e9gionaux, provinciaux et communaux d&rsquo;enregistrement de masse, ainsi que des comit\u00e9s communaux de gestion des plaintes.<\/p>\n<p>&nbsp;<\/p>\n<p>Selon la ministre Aminata Zerbo\/Saban\u00e9, les comit\u00e9s d&rsquo;enregistrement auront pour mission de coordonner les aspects administratifs et institutionnels de l&rsquo;op\u00e9ration, tandis que les comit\u00e9s de gestion des plaintes seront charg\u00e9s de traiter les \u00e9ventuels diff\u00e9rends dans un souci de transparence.<\/p>\n<p style=\"text-align: center;\"><strong>Une \u00e9tape d\u00e9cisive avant l&rsquo;op\u00e9rationnalisation<\/strong><\/p>\n<p>Interrog\u00e9e sur la port\u00e9e de cette d\u00e9cision, la ministre de la Transition digitale a rappel\u00e9 que le projet vise \u00e0 permettre \u00e0 chaque Burkinab\u00e8, ainsi qu&rsquo;\u00e0 toute personne vivant au Burkina Faso, de disposer d&rsquo;une identit\u00e9 unique, fiable et s\u00e9curis\u00e9e.<\/p>\n<p>Elle a indiqu\u00e9 que le projet, d\u00e9sormais \u00ab presque finalis\u00e9 \u00bb, entre dans sa phase la plus d\u00e9terminante.<\/p>\n<p>Parmi les prochaines \u00e9tapes figure l&rsquo;enr\u00f4lement massif des populations, pr\u00e9sent\u00e9 comme \u00ab l&rsquo;\u00e9tape la plus importante pour l&rsquo;op\u00e9rationnalisation de ce syst\u00e8me \u00bb. L&rsquo;adoption du d\u00e9cret permet ainsi de pr\u00e9parer concr\u00e8tement cette phase en d\u00e9finissant le cadre organisationnel et juridique de sa mise en \u0153uvre.<\/p>\n<p style=\"text-align: center;\"><strong>Un appel \u00e0 la mobilisation des populations<\/strong><\/p>\n<p>\u00c0 l&rsquo;issue du Conseil des ministres, la ministre Aminata Zerbo\/Saban\u00e9 a invit\u00e9 les populations \u00e0 se tenir pr\u00eates pour le lancement de l&rsquo;op\u00e9ration.<\/p>\n<p>\u00ab C&rsquo;est l&rsquo;occasion pour nous d&rsquo;informer les populations du lancement prochain du processus d&rsquo;enr\u00f4lement massif et de les inviter \u00e0 s&rsquo;enregistrer d\u00e8s que possible \u00bb, a-t-elle d\u00e9clar\u00e9.<\/p>\n<p>\u00c0 travers le projet WURI, le Gouvernement burkinab\u00e8 entend doter le pays d&rsquo;un outil moderne d&rsquo;identification biom\u00e9trique, consid\u00e9r\u00e9 comme une \u00e9tape majeure pour renforcer l&rsquo;inclusion administrative, faciliter l&rsquo;acc\u00e8s aux services publics et am\u00e9liorer la gouvernance des donn\u00e9es d&rsquo;identit\u00e9.<\/p>\n<p style=\"text-align: right;\"><strong>Dramane FAYAMA\u00a0<\/strong><\/p>\n","protected":false},"excerpt":{"rendered":"<p>Ouagadougou, 30 juillet 2026 (La Colombe Plus) \u2013 Le Burkina Faso s&rsquo;appr\u00eate \u00e0 franchir une \u00e9tape d\u00e9cisive dans la mise en place de l&rsquo;identifiant unique \u00e9lectronique de la personne physique. R\u00e9uni ce jeudi sous la pr\u00e9sidence du Chef de l&rsquo;\u00c9tat, le Camarade Capitaine Ibrahim Traor\u00e9, le Conseil des ministres a adopt\u00e9 un d\u00e9cret portant organisation&#8230;<\/p>\n","protected":false},"author":6,"featured_media":38774,"comment_status":"open","ping_status":"open","sticky":false,"template":"","format":"standard","meta":{"_jetpack_newsletter_access":"","_jetpack_dont_email_post_to_subs":false,"_jetpack_newsletter_tier_id":0,"_jetpack_memberships_contains_paywalled_content":false,"_jetpack_feature_clip_id":0,"_jetpack_memberships_contains_paid_content":false,"footnotes":"","jetpack_post_was_ever_published":false},"categories":[2,6],"tags":[297],"class_list":["post-38773","post","type-post","status-publish","format-standard","has-post-thumbnail","hentry","category-a-la-une","category-politique","tag-transition-digitale"],"yoast_head":"<!-- This site is optimized with the Yoast SEO plugin v28.3 - https:\/\/yoast.com\/product\/yoast-seo-wordpress\/ -->\n<title>Identifiant\u00a0unique\u00a0\u00e9lectronique\u00a0: Identifiant unique \u00e9lectronique : le Conseil des ministres adopte le d\u00e9cret organisant l&#039;enregistrement de masse des Burkinab\u00e8 - WordPress<\/title>\n<meta name=\"robots\" content=\"index, follow, max-snippet:-1, max-image-preview:large, max-video-preview:-1\" \/>\n<link rel=\"canonical\" href=\"https:\/\/lacolombeplus.net\/index.php\/2026\/07\/30\/identifiant-unique-electronique-le-conseil-des-ministres-adopte-le-decret-organisant-lenregistrement-de-masse-des-bu\/\" \/>\n<meta property=\"og:locale\" content=\"fr_FR\" \/>\n<meta property=\"og:type\" content=\"article\" \/>\n<meta property=\"og:title\" content=\"Identifiant\u00a0unique\u00a0\u00e9lectronique\u00a0: Identifiant unique \u00e9lectronique : le Conseil des ministres adopte le d\u00e9cret organisant l&#039;enregistrement de masse des Burkinab\u00e8 - WordPress\" \/>\n<meta property=\"og:description\" content=\"Ouagadougou, 30 juillet 2026 (La Colombe Plus) \u2013 Le Burkina Faso s&rsquo;appr\u00eate \u00e0 franchir une \u00e9tape d\u00e9cisive dans la mise en place de l&rsquo;identifiant unique \u00e9lectronique de la personne physique. R\u00e9uni ce jeudi sous la pr\u00e9sidence du Chef de l&rsquo;\u00c9tat, le Camarade Capitaine Ibrahim Traor\u00e9, le Conseil des ministres a adopt\u00e9 un d\u00e9cret portant organisation...\" \/>\n<meta property=\"og:url\" content=\"https:\/\/lacolombeplus.net\/index.php\/2026\/07\/30\/identifiant-unique-electronique-le-conseil-des-ministres-adopte-le-decret-organisant-lenregistrement-de-masse-des-bu\/\" \/>\n<meta property=\"og:site_name\" content=\"WordPress\" \/>\n<meta property=\"article:publisher\" content=\"https:\/\/web.facebook.com\/profile.php?id=61589477078953\" \/>\n<meta property=\"article:published_time\" content=\"2026-07-30T18:25:40+00:00\" \/>\n<meta property=\"article:modified_time\" content=\"2026-07-30T19:46:13+00:00\" \/>\n<meta property=\"og:image\" content=\"http:\/\/lacolombeplus.net\/wp-content\/uploads\/2026\/07\/IMG-20260730-WA0048-scaled.webp\" \/>\n\t<meta property=\"og:image:width\" content=\"2560\" \/>\n\t<meta property=\"og:image:height\" content=\"1706\" \/>\n\t<meta property=\"og:image:type\" content=\"image\/webp\" \/>\n<meta name=\"author\" content=\"Dramane FAYAMA\" \/>\n<meta name=\"twitter:card\" content=\"summary_large_image\" \/>\n<meta name=\"twitter:label1\" content=\"\u00c9crit par\" \/>\n\t<meta name=\"twitter:data1\" content=\"Dramane FAYAMA\" \/>\n\t<meta name=\"twitter:label2\" content=\"Dur\u00e9e de lecture estim\u00e9e\" \/>\n\t<meta name=\"twitter:data2\" content=\"4 minutes\" \/>\n<script type=\"application\/ld+json\" class=\"yoast-schema-graph\">{\"@context\":\"https:\\\/\\\/schema.org\",\"@graph\":[{\"@type\":\"Article\",\"@id\":\"https:\\\/\\\/lacolombeplus.net\\\/index.php\\\/2026\\\/07\\\/30\\\/identifiant-unique-electronique-le-conseil-des-ministres-adopte-le-decret-organisant-lenregistrement-de-masse-des-bu\\\/#article\",\"isPartOf\":{\"@id\":\"https:\\\/\\\/lacolombeplus.net\\\/index.php\\\/2026\\\/07\\\/30\\\/identifiant-unique-electronique-le-conseil-des-ministres-adopte-le-decret-organisant-lenregistrement-de-masse-des-bu\\\/\"},\"author\":{\"name\":\"Dramane FAYAMA\",\"@id\":\"https:\\\/\\\/lacolombeplus.net\\\/#\\\/schema\\\/person\\\/1a433b3fa6e8f9696f18ece67a69915c\"},\"headline\":\"Identifiant\u00a0unique\u00a0\u00e9lectronique\u00a0: Identifiant unique \u00e9lectronique : le Conseil des ministres adopte le d\u00e9cret organisant l&rsquo;enregistrement de masse des Burkinab\u00e8\",\"datePublished\":\"2026-07-30T18:25:40+00:00\",\"dateModified\":\"2026-07-30T19:46:13+00:00\",\"mainEntityOfPage\":{\"@id\":\"https:\\\/\\\/lacolombeplus.net\\\/index.php\\\/2026\\\/07\\\/30\\\/identifiant-unique-electronique-le-conseil-des-ministres-adopte-le-decret-organisant-lenregistrement-de-masse-des-bu\\\/\"},\"wordCount\":682,\"commentCount\":0,\"publisher\":{\"@id\":\"https:\\\/\\\/lacolombeplus.net\\\/#organization\"},\"image\":{\"@id\":\"https:\\\/\\\/lacolombeplus.net\\\/index.php\\\/2026\\\/07\\\/30\\\/identifiant-unique-electronique-le-conseil-des-ministres-adopte-le-decret-organisant-lenregistrement-de-masse-des-bu\\\/#primaryimage\"},\"thumbnailUrl\":\"https:\\\/\\\/lacolombeplus.net\\\/wp-content\\\/uploads\\\/2026\\\/07\\\/IMG-20260730-WA0048-scaled.webp\",\"keywords\":[\"Transition digitale\"],\"articleSection\":[\"A la Une\",\"Politique\"],\"inLanguage\":\"fr-FR\",\"potentialAction\":[{\"@type\":\"CommentAction\",\"name\":\"Comment\",\"target\":[\"https:\\\/\\\/lacolombeplus.net\\\/index.php\\\/2026\\\/07\\\/30\\\/identifiant-unique-electronique-le-conseil-des-ministres-adopte-le-decret-organisant-lenregistrement-de-masse-des-bu\\\/#respond\"]}]},{\"@type\":\"WebPage\",\"@id\":\"https:\\\/\\\/lacolombeplus.net\\\/index.php\\\/2026\\\/07\\\/30\\\/identifiant-unique-electronique-le-conseil-des-ministres-adopte-le-decret-organisant-lenregistrement-de-masse-des-bu\\\/\",\"url\":\"https:\\\/\\\/lacolombeplus.net\\\/index.php\\\/2026\\\/07\\\/30\\\/identifiant-unique-electronique-le-conseil-des-ministres-adopte-le-decret-organisant-lenregistrement-de-masse-des-bu\\\/\",\"name\":\"Identifiant\u00a0unique\u00a0\u00e9lectronique\u00a0: Identifiant unique \u00e9lectronique : le Conseil des ministres adopte le d\u00e9cret organisant l'enregistrement de masse des Burkinab\u00e8 - WordPress\",\"isPartOf\":{\"@id\":\"https:\\\/\\\/lacolombeplus.net\\\/#website\"},\"primaryImageOfPage\":{\"@id\":\"https:\\\/\\\/lacolombeplus.net\\\/index.php\\\/2026\\\/07\\\/30\\\/identifiant-unique-electronique-le-conseil-des-ministres-adopte-le-decret-organisant-lenregistrement-de-masse-des-bu\\\/#primaryimage\"},\"image\":{\"@id\":\"https:\\\/\\\/lacolombeplus.net\\\/index.php\\\/2026\\\/07\\\/30\\\/identifiant-unique-electronique-le-conseil-des-ministres-adopte-le-decret-organisant-lenregistrement-de-masse-des-bu\\\/#primaryimage\"},\"thumbnailUrl\":\"https:\\\/\\\/lacolombeplus.net\\\/wp-content\\\/uploads\\\/2026\\\/07\\\/IMG-20260730-WA0048-scaled.webp\",\"datePublished\":\"2026-07-30T18:25:40+00:00\",\"dateModified\":\"2026-07-30T19:46:13+00:00\",\"breadcrumb\":{\"@id\":\"https:\\\/\\\/lacolombeplus.net\\\/index.php\\\/2026\\\/07\\\/30\\\/identifiant-unique-electronique-le-conseil-des-ministres-adopte-le-decret-organisant-lenregistrement-de-masse-des-bu\\\/#breadcrumb\"},\"inLanguage\":\"fr-FR\",\"potentialAction\":[{\"@type\":\"ReadAction\",\"target\":[\"https:\\\/\\\/lacolombeplus.net\\\/index.php\\\/2026\\\/07\\\/30\\\/identifiant-unique-electronique-le-conseil-des-ministres-adopte-le-decret-organisant-lenregistrement-de-masse-des-bu\\\/\"]}]},{\"@type\":\"ImageObject\",\"inLanguage\":\"fr-FR\",\"@id\":\"https:\\\/\\\/lacolombeplus.net\\\/index.php\\\/2026\\\/07\\\/30\\\/identifiant-unique-electronique-le-conseil-des-ministres-adopte-le-decret-organisant-lenregistrement-de-masse-des-bu\\\/#primaryimage\",\"url\":\"https:\\\/\\\/lacolombeplus.net\\\/wp-content\\\/uploads\\\/2026\\\/07\\\/IMG-20260730-WA0048-scaled.webp\",\"contentUrl\":\"https:\\\/\\\/lacolombeplus.net\\\/wp-content\\\/uploads\\\/2026\\\/07\\\/IMG-20260730-WA0048-scaled.webp\",\"width\":2560,\"height\":1706},{\"@type\":\"BreadcrumbList\",\"@id\":\"https:\\\/\\\/lacolombeplus.net\\\/index.php\\\/2026\\\/07\\\/30\\\/identifiant-unique-electronique-le-conseil-des-ministres-adopte-le-decret-organisant-lenregistrement-de-masse-des-bu\\\/#breadcrumb\",\"itemListElement\":[{\"@type\":\"ListItem\",\"position\":1,\"name\":\"Accueil\",\"item\":\"https:\\\/\\\/lacolombeplus.net\\\/\"},{\"@type\":\"ListItem\",\"position\":2,\"name\":\"Identifiant\u00a0unique\u00a0\u00e9lectronique\u00a0: Identifiant unique \u00e9lectronique : le Conseil des ministres adopte le d\u00e9cret organisant l&rsquo;enregistrement de masse des Burkinab\u00e8\"}]},{\"@type\":\"WebSite\",\"@id\":\"https:\\\/\\\/lacolombeplus.net\\\/#website\",\"url\":\"https:\\\/\\\/lacolombeplus.net\\\/\",\"name\":\"Lacolombeplus\",\"description\":\"\",\"publisher\":{\"@id\":\"https:\\\/\\\/lacolombeplus.net\\\/#organization\"},\"potentialAction\":[{\"@type\":\"SearchAction\",\"target\":{\"@type\":\"EntryPoint\",\"urlTemplate\":\"https:\\\/\\\/lacolombeplus.net\\\/?s={search_term_string}\"},\"query-input\":{\"@type\":\"PropertyValueSpecification\",\"valueRequired\":true,\"valueName\":\"search_term_string\"}}],\"inLanguage\":\"fr-FR\"},{\"@type\":\"Organization\",\"@id\":\"https:\\\/\\\/lacolombeplus.net\\\/#organization\",\"name\":\"lacolombeplus.net\",\"url\":\"https:\\\/\\\/lacolombeplus.net\\\/\",\"logo\":{\"@type\":\"ImageObject\",\"inLanguage\":\"fr-FR\",\"@id\":\"https:\\\/\\\/lacolombeplus.net\\\/#\\\/schema\\\/logo\\\/image\\\/\",\"url\":\"https:\\\/\\\/lacolombeplus.net\\\/wp-content\\\/uploads\\\/2026\\\/04\\\/a84391f3-a521-4177-867d-b9aaa3066b88.png\",\"contentUrl\":\"https:\\\/\\\/lacolombeplus.net\\\/wp-content\\\/uploads\\\/2026\\\/04\\\/a84391f3-a521-4177-867d-b9aaa3066b88.png\",\"width\":1045,\"height\":1505,\"caption\":\"lacolombeplus.net\"},\"image\":{\"@id\":\"https:\\\/\\\/lacolombeplus.net\\\/#\\\/schema\\\/logo\\\/image\\\/\"},\"sameAs\":[\"https:\\\/\\\/web.facebook.com\\\/profile.php?id=61589477078953\"]},{\"@type\":\"Person\",\"@id\":\"https:\\\/\\\/lacolombeplus.net\\\/#\\\/schema\\\/person\\\/1a433b3fa6e8f9696f18ece67a69915c\",\"name\":\"Dramane FAYAMA\",\"image\":{\"@type\":\"ImageObject\",\"inLanguage\":\"fr-FR\",\"@id\":\"https:\\\/\\\/secure.gravatar.com\\\/avatar\\\/6ae061b9c102ae93ffb7a4076195d78ace54801f91540899a6e8aacf91eacff8?s=96&d=mm&r=g\",\"url\":\"https:\\\/\\\/secure.gravatar.com\\\/avatar\\\/6ae061b9c102ae93ffb7a4076195d78ace54801f91540899a6e8aacf91eacff8?s=96&d=mm&r=g\",\"contentUrl\":\"https:\\\/\\\/secure.gravatar.com\\\/avatar\\\/6ae061b9c102ae93ffb7a4076195d78ace54801f91540899a6e8aacf91eacff8?s=96&d=mm&r=g\",\"caption\":\"Dramane FAYAMA\"},\"url\":\"https:\\\/\\\/lacolombeplus.net\\\/index.php\\\/author\\\/dramane\\\/\"}]}<\/script>\n<!-- \/ Yoast SEO plugin. -->","yoast_head_json":{"title":"Identifiant\u00a0unique\u00a0\u00e9lectronique\u00a0: Identifiant unique \u00e9lectronique : le Conseil des ministres adopte le d\u00e9cret organisant l'enregistrement de masse des Burkinab\u00e8 - WordPress","robots":{"index":"index","follow":"follow","max-snippet":"max-snippet:-1","max-image-preview":"max-image-preview:large","max-video-preview":"max-video-preview:-1"},"canonical":"https:\/\/lacolombeplus.net\/index.php\/2026\/07\/30\/identifiant-unique-electronique-le-conseil-des-ministres-adopte-le-decret-organisant-lenregistrement-de-masse-des-bu\/","og_locale":"fr_FR","og_type":"article","og_title":"Identifiant\u00a0unique\u00a0\u00e9lectronique\u00a0: Identifiant unique \u00e9lectronique : le Conseil des ministres adopte le d\u00e9cret organisant l'enregistrement de masse des Burkinab\u00e8 - WordPress","og_description":"Ouagadougou, 30 juillet 2026 (La Colombe Plus) \u2013 Le Burkina Faso s&rsquo;appr\u00eate \u00e0 franchir une \u00e9tape d\u00e9cisive dans la mise en place de l&rsquo;identifiant unique \u00e9lectronique de la personne physique. R\u00e9uni ce jeudi sous la pr\u00e9sidence du Chef de l&rsquo;\u00c9tat, le Camarade Capitaine Ibrahim Traor\u00e9, le Conseil des ministres a adopt\u00e9 un d\u00e9cret portant organisation...","og_url":"https:\/\/lacolombeplus.net\/index.php\/2026\/07\/30\/identifiant-unique-electronique-le-conseil-des-ministres-adopte-le-decret-organisant-lenregistrement-de-masse-des-bu\/","og_site_name":"WordPress","article_publisher":"https:\/\/web.facebook.com\/profile.php?id=61589477078953","article_published_time":"2026-07-30T18:25:40+00:00","article_modified_time":"2026-07-30T19:46:13+00:00","og_image":[{"width":2560,"height":1706,"url":"http:\/\/lacolombeplus.net\/wp-content\/uploads\/2026\/07\/IMG-20260730-WA0048-scaled.webp","type":"image\/webp"}],"author":"Dramane FAYAMA","twitter_card":"summary_large_image","twitter_misc":{"\u00c9crit par":"Dramane FAYAMA","Dur\u00e9e de lecture estim\u00e9e":"4 minutes"},"schema":{"@context":"https:\/\/schema.org","@graph":[{"@type":"Article","@id":"https:\/\/lacolombeplus.net\/index.php\/2026\/07\/30\/identifiant-unique-electronique-le-conseil-des-ministres-adopte-le-decret-organisant-lenregistrement-de-masse-des-bu\/#article","isPartOf":{"@id":"https:\/\/lacolombeplus.net\/index.php\/2026\/07\/30\/identifiant-unique-electronique-le-conseil-des-ministres-adopte-le-decret-organisant-lenregistrement-de-masse-des-bu\/"},"author":{"name":"Dramane FAYAMA","@id":"https:\/\/lacolombeplus.net\/#\/schema\/person\/1a433b3fa6e8f9696f18ece67a69915c"},"headline":"Identifiant\u00a0unique\u00a0\u00e9lectronique\u00a0: Identifiant unique \u00e9lectronique : le Conseil des ministres adopte le d\u00e9cret organisant l&rsquo;enregistrement de masse des Burkinab\u00e8","datePublished":"2026-07-30T18:25:40+00:00","dateModified":"2026-07-30T19:46:13+00:00","mainEntityOfPage":{"@id":"https:\/\/lacolombeplus.net\/index.php\/2026\/07\/30\/identifiant-unique-electronique-le-conseil-des-ministres-adopte-le-decret-organisant-lenregistrement-de-masse-des-bu\/"},"wordCount":682,"commentCount":0,"publisher":{"@id":"https:\/\/lacolombeplus.net\/#organization"},"image":{"@id":"https:\/\/lacolombeplus.net\/index.php\/2026\/07\/30\/identifiant-unique-electronique-le-conseil-des-ministres-adopte-le-decret-organisant-lenregistrement-de-masse-des-bu\/#primaryimage"},"thumbnailUrl":"https:\/\/lacolombeplus.net\/wp-content\/uploads\/2026\/07\/IMG-20260730-WA0048-scaled.webp","keywords":["Transition digitale"],"articleSection":["A la Une","Politique"],"inLanguage":"fr-FR","potentialAction":[{"@type":"CommentAction","name":"Comment","target":["https:\/\/lacolombeplus.net\/index.php\/2026\/07\/30\/identifiant-unique-electronique-le-conseil-des-ministres-adopte-le-decret-organisant-lenregistrement-de-masse-des-bu\/#respond"]}]},{"@type":"WebPage","@id":"https:\/\/lacolombeplus.net\/index.php\/2026\/07\/30\/identifiant-unique-electronique-le-conseil-des-ministres-adopte-le-decret-organisant-lenregistrement-de-masse-des-bu\/","url":"https:\/\/lacolombeplus.net\/index.php\/2026\/07\/30\/identifiant-unique-electronique-le-conseil-des-ministres-adopte-le-decret-organisant-lenregistrement-de-masse-des-bu\/","name":"Identifiant\u00a0unique\u00a0\u00e9lectronique\u00a0: Identifiant unique \u00e9lectronique : le Conseil des ministres adopte le d\u00e9cret organisant l'enregistrement de masse des Burkinab\u00e8 - WordPress","isPartOf":{"@id":"https:\/\/lacolombeplus.net\/#website"},"primaryImageOfPage":{"@id":"https:\/\/lacolombeplus.net\/index.php\/2026\/07\/30\/identifiant-unique-electronique-le-conseil-des-ministres-adopte-le-decret-organisant-lenregistrement-de-masse-des-bu\/#primaryimage"},"image":{"@id":"https:\/\/lacolombeplus.net\/index.php\/2026\/07\/30\/identifiant-unique-electronique-le-conseil-des-ministres-adopte-le-decret-organisant-lenregistrement-de-masse-des-bu\/#primaryimage"},"thumbnailUrl":"https:\/\/lacolombeplus.net\/wp-content\/uploads\/2026\/07\/IMG-20260730-WA0048-scaled.webp","datePublished":"2026-07-30T18:25:40+00:00","dateModified":"2026-07-30T19:46:13+00:00","breadcrumb":{"@id":"https:\/\/lacolombeplus.net\/index.php\/2026\/07\/30\/identifiant-unique-electronique-le-conseil-des-ministres-adopte-le-decret-organisant-lenregistrement-de-masse-des-bu\/#breadcrumb"},"inLanguage":"fr-FR","potentialAction":[{"@type":"ReadAction","target":["https:\/\/lacolombeplus.net\/index.php\/2026\/07\/30\/identifiant-unique-electronique-le-conseil-des-ministres-adopte-le-decret-organisant-lenregistrement-de-masse-des-bu\/"]}]},{"@type":"ImageObject","inLanguage":"fr-FR","@id":"https:\/\/lacolombeplus.net\/index.php\/2026\/07\/30\/identifiant-unique-electronique-le-conseil-des-ministres-adopte-le-decret-organisant-lenregistrement-de-masse-des-bu\/#primaryimage","url":"https:\/\/lacolombeplus.net\/wp-content\/uploads\/2026\/07\/IMG-20260730-WA0048-scaled.webp","contentUrl":"https:\/\/lacolombeplus.net\/wp-content\/uploads\/2026\/07\/IMG-20260730-WA0048-scaled.webp","width":2560,"height":1706},{"@type":"BreadcrumbList","@id":"https:\/\/lacolombeplus.net\/index.php\/2026\/07\/30\/identifiant-unique-electronique-le-conseil-des-ministres-adopte-le-decret-organisant-lenregistrement-de-masse-des-bu\/#breadcrumb","itemListElement":[{"@type":"ListItem","position":1,"name":"Accueil","item":"https:\/\/lacolombeplus.net\/"},{"@type":"ListItem","position":2,"name":"Identifiant\u00a0unique\u00a0\u00e9lectronique\u00a0: Identifiant unique \u00e9lectronique : le Conseil des ministres adopte le d\u00e9cret organisant l&rsquo;enregistrement de masse des Burkinab\u00e8"}]},{"@type":"WebSite","@id":"https:\/\/lacolombeplus.net\/#website","url":"https:\/\/lacolombeplus.net\/","name":"Lacolombeplus","description":"","publisher":{"@id":"https:\/\/lacolombeplus.net\/#organization"},"potentialAction":[{"@type":"SearchAction","target":{"@type":"EntryPoint","urlTemplate":"https:\/\/lacolombeplus.net\/?s={search_term_string}"},"query-input":{"@type":"PropertyValueSpecification","valueRequired":true,"valueName":"search_term_string"}}],"inLanguage":"fr-FR"},{"@type":"Organization","@id":"https:\/\/lacolombeplus.net\/#organization","name":"lacolombeplus.net","url":"https:\/\/lacolombeplus.net\/","logo":{"@type":"ImageObject","inLanguage":"fr-FR","@id":"https:\/\/lacolombeplus.net\/#\/schema\/logo\/image\/","url":"https:\/\/lacolombeplus.net\/wp-content\/uploads\/2026\/04\/a84391f3-a521-4177-867d-b9aaa3066b88.png","contentUrl":"https:\/\/lacolombeplus.net\/wp-content\/uploads\/2026\/04\/a84391f3-a521-4177-867d-b9aaa3066b88.png","width":1045,"height":1505,"caption":"lacolombeplus.net"},"image":{"@id":"https:\/\/lacolombeplus.net\/#\/schema\/logo\/image\/"},"sameAs":["https:\/\/web.facebook.com\/profile.php?id=61589477078953"]},{"@type":"Person","@id":"https:\/\/lacolombeplus.net\/#\/schema\/person\/1a433b3fa6e8f9696f18ece67a69915c","name":"Dramane FAYAMA","image":{"@type":"ImageObject","inLanguage":"fr-FR","@id":"https:\/\/secure.gravatar.com\/avatar\/6ae061b9c102ae93ffb7a4076195d78ace54801f91540899a6e8aacf91eacff8?s=96&d=mm&r=g","url":"https:\/\/secure.gravatar.com\/avatar\/6ae061b9c102ae93ffb7a4076195d78ace54801f91540899a6e8aacf91eacff8?s=96&d=mm&r=g","contentUrl":"https:\/\/secure.gravatar.com\/avatar\/6ae061b9c102ae93ffb7a4076195d78ace54801f91540899a6e8aacf91eacff8?s=96&d=mm&r=g","caption":"Dramane FAYAMA"},"url":"https:\/\/lacolombeplus.net\/index.php\/author\/dramane\/"}]}},"jetpack_featured_media_url":"https:\/\/lacolombeplus.net\/wp-content\/uploads\/2026\/07\/IMG-20260730-WA0048-scaled.webp","jetpack_sharing_enabled":true,"_links":{"self":[{"href":"https:\/\/lacolombeplus.net\/index.php\/wp-json\/wp\/v2\/posts\/38773","targetHints":{"allow":["GET"]}}],"collection":[{"href":"https:\/\/lacolombeplus.net\/index.php\/wp-json\/wp\/v2\/posts"}],"about":[{"href":"https:\/\/lacolombeplus.net\/index.php\/wp-json\/wp\/v2\/types\/post"}],"author":[{"embeddable":true,"href":"https:\/\/lacolombeplus.net\/index.php\/wp-json\/wp\/v2\/users\/6"}],"replies":[{"embeddable":true,"href":"https:\/\/lacolombeplus.net\/index.php\/wp-json\/wp\/v2\/comments?post=38773"}],"version-history":[{"count":6,"href":"https:\/\/lacolombeplus.net\/index.php\/wp-json\/wp\/v2\/posts\/38773\/revisions"}],"predecessor-version":[{"id":38780,"href":"https:\/\/lacolombeplus.net\/index.php\/wp-json\/wp\/v2\/posts\/38773\/revisions\/38780"}],"wp:featuredmedia":[{"embeddable":true,"href":"https:\/\/lacolombeplus.net\/index.php\/wp-json\/wp\/v2\/media\/38774"}],"wp:attachment":[{"href":"https:\/\/lacolombeplus.net\/index.php\/wp-json\/wp\/v2\/media?parent=38773"}],"wp:term":[{"taxonomy":"category","embeddable":true,"href":"https:\/\/lacolombeplus.net\/index.php\/wp-json\/wp\/v2\/categories?post=38773"},{"taxonomy":"post_tag","embeddable":true,"href":"https:\/\/lacolombeplus.net\/index.php\/wp-json\/wp\/v2\/tags?post=38773"}],"curies":[{"name":"wp","href":"https:\/\/api.w.org\/{rel}","templated":true}]}}