{"id":38765,"date":"2026-07-30T11:36:18","date_gmt":"2026-07-30T11:36:18","guid":{"rendered":"https:\/\/lacolombeplus.net\/?p=38765"},"modified":"2026-07-30T11:36:18","modified_gmt":"2026-07-30T11:36:18","slug":"journee-mondiale-contre-lhepatite-2026-le-burkina-faso-intensifie-la-lutte-contre-contre-une-epidemie-silencieuse","status":"publish","type":"post","link":"https:\/\/lacolombeplus.net\/index.php\/2026\/07\/30\/journee-mondiale-contre-lhepatite-2026-le-burkina-faso-intensifie-la-lutte-contre-contre-une-epidemie-silencieuse\/","title":{"rendered":"Journ\u00e9e mondiale contre l&rsquo;h\u00e9patite 2026 : Le Burkina Faso intensifie la lutte contre contre une \u00e9pid\u00e9mie silencieuse"},"content":{"rendered":"<h2><strong>\u00c0 l&rsquo;occasion de la Journ\u00e9e mondiale contre les h\u00e9patites, c\u00e9l\u00e9br\u00e9e le 28 juillet 2026 \u00e0 Ouagadougou sous le th\u00e8me \u00ab H\u00e9patites, parlons-en \u00bb, les autorit\u00e9s sanitaires burkinab\u00e8 et leurs partenaires ont lanc\u00e9 un nouvel appel \u00e0 la mobilisation. Face \u00e0 une maladie qui \u00e9volue souvent sans sympt\u00f4mes mais provoque des complications graves, le gouvernement entend renforcer le d\u00e9pistage, la vaccination et l&rsquo;acc\u00e8s aux traitements. Au-del\u00e0 de la sensibilisation, cette journ\u00e9e met en lumi\u00e8re les d\u00e9fis persistants qui freinent l&rsquo;objectif d&rsquo;\u00e9limination des h\u00e9patites virales \u00e0 l&rsquo;horizon 2030.<\/strong><\/h2>\n<figure id=\"attachment_38767\" aria-describedby=\"caption-attachment-38767\" style=\"width: 300px\" class=\"wp-caption alignleft\"><img fetchpriority=\"high\" decoding=\"async\" class=\"wp-image-38767 size-medium\" src=\"http:\/\/lacolombeplus.net\/wp-content\/uploads\/2026\/07\/759751722_1723411538987027_3313327913863885347_n-300x200.webp\" alt=\"\" width=\"300\" height=\"200\" srcset=\"https:\/\/lacolombeplus.net\/wp-content\/uploads\/2026\/07\/759751722_1723411538987027_3313327913863885347_n-300x200.webp 300w, https:\/\/lacolombeplus.net\/wp-content\/uploads\/2026\/07\/759751722_1723411538987027_3313327913863885347_n-1024x682.webp 1024w, https:\/\/lacolombeplus.net\/wp-content\/uploads\/2026\/07\/759751722_1723411538987027_3313327913863885347_n-768x512.webp 768w, https:\/\/lacolombeplus.net\/wp-content\/uploads\/2026\/07\/759751722_1723411538987027_3313327913863885347_n-1536x1024.webp 1536w, https:\/\/lacolombeplus.net\/wp-content\/uploads\/2026\/07\/759751722_1723411538987027_3313327913863885347_n-600x398.webp 600w, https:\/\/lacolombeplus.net\/wp-content\/uploads\/2026\/07\/759751722_1723411538987027_3313327913863885347_n.webp 1796w\" sizes=\"(max-width: 300px) 100vw, 300px\" \/><figcaption id=\"caption-attachment-38767\" class=\"wp-caption-text\">Dr Arthur Jo\u00ebl Tiendrebeogo<\/figcaption><\/figure>\n<p>Les h\u00e9patites virales demeurent l&rsquo;un des plus grands d\u00e9fis de sant\u00e9 publique au Burkina Faso. \u00ab <em>Longtemps qualifi\u00e9es de maladies silencieuses, elles \u00e9voluent souvent sans signes apparents avant de provoquer des atteintes irr\u00e9versibles du foie, notamment la cirrhose et le cancer h\u00e9patique \u00bb,<\/em> a d\u00e9clar\u00e9 le repr\u00e9sentant du ministre de la Sant\u00e9, Dr Arthur Jo\u00ebl Tiendr\u00e9b\u00e9ogo, \u00e0 l&rsquo;occasion de la c\u00e9r\u00e9monie officielle de comm\u00e9moration de la Journ\u00e9e mondiale contre les h\u00e9patites.<\/p>\n<p style=\"text-align: center;\"><strong>Le d\u00e9pistage pr\u00e9coce, un levier essentiel contre la maladie<\/strong><\/p>\n<figure id=\"attachment_38766\" aria-describedby=\"caption-attachment-38766\" style=\"width: 300px\" class=\"wp-caption alignright\"><img decoding=\"async\" class=\"wp-image-38766 size-medium\" src=\"http:\/\/lacolombeplus.net\/wp-content\/uploads\/2026\/07\/759751733_3614939371990178_4948338457597322306_n-1-300x200.webp\" alt=\"\" width=\"300\" height=\"200\" srcset=\"https:\/\/lacolombeplus.net\/wp-content\/uploads\/2026\/07\/759751733_3614939371990178_4948338457597322306_n-1-300x200.webp 300w, https:\/\/lacolombeplus.net\/wp-content\/uploads\/2026\/07\/759751733_3614939371990178_4948338457597322306_n-1-1024x682.webp 1024w, https:\/\/lacolombeplus.net\/wp-content\/uploads\/2026\/07\/759751733_3614939371990178_4948338457597322306_n-1-768x512.webp 768w, https:\/\/lacolombeplus.net\/wp-content\/uploads\/2026\/07\/759751733_3614939371990178_4948338457597322306_n-1-1536x1024.webp 1536w, https:\/\/lacolombeplus.net\/wp-content\/uploads\/2026\/07\/759751733_3614939371990178_4948338457597322306_n-1-600x398.webp 600w, https:\/\/lacolombeplus.net\/wp-content\/uploads\/2026\/07\/759751733_3614939371990178_4948338457597322306_n-1.webp 1796w\" sizes=\"(max-width: 300px) 100vw, 300px\" \/><figcaption id=\"caption-attachment-38766\" class=\"wp-caption-text\">Dr Natyon Dieudonn\u00e9 SOMA, coordonnateur du PSSLS-IST\/HV<\/figcaption><\/figure>\n<p>Les donn\u00e9es des autorit\u00e9s sanitaires r\u00e9v\u00e8lent une circulation toujours pr\u00e9occupante des h\u00e9patites virales. En 2025, le taux de positivit\u00e9 de l&rsquo;h\u00e9patite B \u00e9tait de 2,9 % chez les femmes en consultation pr\u00e9natale, contre 11,8 % chez leurs partenaires. Face \u00e0 cette situation, le coordonnateur du PSSLS-IST\/HV, Dr Natyon Dieudonn\u00e9 SOMA, appelle la population \u00e0 se faire d\u00e9pister, \u00e0 conna\u00eetre son statut et \u00e0 acc\u00e9der rapidement aux soins. Selon lui, le d\u00e9pistage pr\u00e9coce est essentiel pour pr\u00e9venir les complications, limiter la transmission du virus et progresser vers l&rsquo;\u00e9limination des h\u00e9patites virales.<\/p>\n<p style=\"text-align: center;\"><strong>Briser le silence et renforcer la solidarit\u00e9<\/strong><\/p>\n<p>Le choix du th\u00e8me \u00ab H\u00e9patites, parlons-en \u00bb d\u00e9passe le simple slogan. Pour les responsables de la sant\u00e9, le premier obstacle \u00e0 l&rsquo;\u00e9limination de la maladie reste le manque d&rsquo;information. La m\u00e9connaissance des modes de transmission, la peur du d\u00e9pistage et la stigmatisation emp\u00eachent encore de nombreuses personnes de consulter \u00e0 temps. Or, plus le diagnostic est pr\u00e9coce, plus les chances d&rsquo;\u00e9viter les complications sont importantes. Le Burkina Faso poursuit ses efforts dans la lutte contre les h\u00e9patites \u00e0 travers la vaccination contre l&rsquo;h\u00e9patite B, le renforcement de la pr\u00e9vention de la transmission m\u00e8re-enfant, l&rsquo;am\u00e9lioration du diagnostic et l&rsquo;\u00e9largissement de l&rsquo;acc\u00e8s au d\u00e9pistage. Le Pr\u00e9sident de la D\u00e9l\u00e9gation sp\u00e9ciale (PDS) de la r\u00e9gion du Kadiogo, Maurice Konat\u00e9, a appel\u00e9 \u00e0 plus de solidarit\u00e9 envers les personnes atteintes. \u00ab La maladie ne doit en aucun cas \u00eatre un facteur d&rsquo;exclusion sociale. Ensemble, b\u00e2tissons une soci\u00e9t\u00e9 plus solidaire et attentive aux plus vuln\u00e9rables \u00bb, a-t-il exhort\u00e9.<\/p>\n<p style=\"text-align: center;\"><strong>L&rsquo;engagement des partenaires pour acc\u00e9l\u00e9rer l&rsquo;\u00e9limination<\/strong><\/p>\n<figure id=\"attachment_38770\" aria-describedby=\"caption-attachment-38770\" style=\"width: 300px\" class=\"wp-caption alignright\"><img decoding=\"async\" class=\"wp-image-38770 size-medium\" src=\"http:\/\/lacolombeplus.net\/wp-content\/uploads\/2026\/07\/IMG-20260730-WA0007-300x200.webp\" alt=\"\" width=\"300\" height=\"200\" srcset=\"https:\/\/lacolombeplus.net\/wp-content\/uploads\/2026\/07\/IMG-20260730-WA0007-300x200.webp 300w, https:\/\/lacolombeplus.net\/wp-content\/uploads\/2026\/07\/IMG-20260730-WA0007-1024x682.webp 1024w, https:\/\/lacolombeplus.net\/wp-content\/uploads\/2026\/07\/IMG-20260730-WA0007-768x512.webp 768w, https:\/\/lacolombeplus.net\/wp-content\/uploads\/2026\/07\/IMG-20260730-WA0007-1536x1024.webp 1536w, https:\/\/lacolombeplus.net\/wp-content\/uploads\/2026\/07\/IMG-20260730-WA0007-600x398.webp 600w, https:\/\/lacolombeplus.net\/wp-content\/uploads\/2026\/07\/IMG-20260730-WA0007.webp 1796w\" sizes=\"(max-width: 300px) 100vw, 300px\" \/><figcaption id=\"caption-attachment-38770\" class=\"wp-caption-text\">Dr Etienne Mensah PEKELE, Chef bureau de l&rsquo;OMS au Burkina Faso<\/figcaption><\/figure>\n<p>Les partenaires techniques et financiers, notamment l&rsquo;Organisation mondiale de la Sant\u00e9 (OMS), r\u00e9affirment leur engagement \u00e0 accompagner le Burkina Faso dans la lutte contre les h\u00e9patites \u00e0 travers le renforcement des capacit\u00e9s, l&rsquo;am\u00e9lioration de la surveillance et l&rsquo;acc\u00e8s aux traitements. Le Chef du bureau de l&rsquo;OMS au Burkina Faso, Dr Etienne Mensah PEKELE, a rappel\u00e9 que l&rsquo;h\u00e9patite n&rsquo;est plus une fatalit\u00e9 gr\u00e2ce \u00e0 des vaccins efficaces et \u00e0 des traitements capables de contr\u00f4ler, voire de gu\u00e9rir certaines h\u00e9patites virales.<\/p>\n<p style=\"text-align: center;\"><strong>Des d\u00e9fis persistants malgr\u00e9 les progr\u00e8s<\/strong><\/p>\n<p>Toutefois, plusieurs d\u00e9fis demeurent. Malgr\u00e9 les progr\u00e8s r\u00e9alis\u00e9s, de nombreux malades continuent d&rsquo;\u00eatre diagnostiqu\u00e9s \u00e0 un stade avanc\u00e9. Les co\u00fbts indirects li\u00e9s aux examens, les difficult\u00e9s d&rsquo;acc\u00e8s aux structures sanitaires dans certaines localit\u00e9s, l&rsquo;insuffisance de la sensibilisation communautaire et les in\u00e9galit\u00e9s territoriales limitent encore l&rsquo;efficacit\u00e9 des interventions. \u00c0 cela s&rsquo;ajoute la persistance des pr\u00e9jug\u00e9s sociaux qui d\u00e9couragent le d\u00e9pistage volontaire.<\/p>\n<p style=\"text-align: center;\"><strong>Une mobilisation collective pour atteindre l&rsquo;objectif 2030<\/strong><\/p>\n<p>Les autorit\u00e9s sanitaires estiment que l&rsquo;\u00e9limination des h\u00e9patites ne pourra \u00eatre obtenue sans une implication de tous les acteurs. Les m\u00e9dias sont appel\u00e9s \u00e0 jouer un r\u00f4le central dans la diffusion d&rsquo;une information fiable, tandis que les leaders communautaires, les associations et les agents de sant\u00e9 sont invit\u00e9s \u00e0 renforcer la sensibilisation au plus pr\u00e8s des populations. L&rsquo;objectif consiste \u00e0 faire du d\u00e9pistage un r\u00e9flexe et de la vaccination une pratique syst\u00e9matique, notamment chez les nouveau-n\u00e9s.<\/p>\n<p>\u00c0 quatre ans de l&rsquo;\u00e9ch\u00e9ance fix\u00e9e par l&rsquo;OMS pour \u00e9liminer les h\u00e9patites virales comme menace de sant\u00e9 publique, le Burkina Faso dispose d&rsquo;une feuille de route et de partenaires mobilis\u00e9s. Mais la r\u00e9ussite d\u00e9pendra surtout de l&rsquo;engagement collectif. Faire tomber les barri\u00e8res de l&rsquo;ignorance, de la stigmatisation et de l&rsquo;acc\u00e8s aux soins reste la condition essentielle pour transformer les ambitions en r\u00e9sultats concrets. Plus qu&rsquo;une campagne de communication, \u00ab H\u00e9patites, parlons-en \u00bb appara\u00eet d\u00e9sormais comme un v\u00e9ritable appel national \u00e0 l&rsquo;action.<\/p>\n<p style=\"text-align: right;\">KABA Cl\u00e9ment<\/p>\n<p>&nbsp;<\/p>\n","protected":false},"excerpt":{"rendered":"<p>\u00c0 l&rsquo;occasion de la Journ\u00e9e mondiale contre les h\u00e9patites, c\u00e9l\u00e9br\u00e9e le 28 juillet 2026 \u00e0 Ouagadougou sous le th\u00e8me \u00ab H\u00e9patites, parlons-en \u00bb, les autorit\u00e9s sanitaires burkinab\u00e8 et leurs partenaires ont lanc\u00e9 un nouvel appel \u00e0 la mobilisation. Face \u00e0 une maladie qui \u00e9volue souvent sans sympt\u00f4mes mais provoque des complications graves, le gouvernement entend&#8230;<\/p>\n","protected":false},"author":6,"featured_media":38769,"comment_status":"open","ping_status":"open","sticky":false,"template":"","format":"standard","meta":{"_jetpack_newsletter_access":"","_jetpack_dont_email_post_to_subs":false,"_jetpack_newsletter_tier_id":0,"_jetpack_memberships_contains_paywalled_content":false,"_jetpack_feature_clip_id":0,"_jetpack_memberships_contains_paid_content":false,"footnotes":"","jetpack_post_was_ever_published":false},"categories":[2,199],"tags":[],"class_list":["post-38765","post","type-post","status-publish","format-standard","has-post-thumbnail","hentry","category-a-la-une","category-sante"],"yoast_head":"<!-- This site is optimized with the Yoast SEO plugin v28.3 - https:\/\/yoast.com\/product\/yoast-seo-wordpress\/ -->\n<title>Journ\u00e9e mondiale contre l&#039;h\u00e9patite 2026 : Le Burkina Faso intensifie la lutte contre contre une \u00e9pid\u00e9mie silencieuse - WordPress<\/title>\n<meta name=\"robots\" content=\"index, follow, max-snippet:-1, max-image-preview:large, max-video-preview:-1\" \/>\n<link rel=\"canonical\" href=\"https:\/\/lacolombeplus.net\/index.php\/2026\/07\/30\/journee-mondiale-contre-lhepatite-2026-le-burkina-faso-intensifie-la-lutte-contre-contre-une-epidemie-silencieuse\/\" \/>\n<meta property=\"og:locale\" content=\"fr_FR\" \/>\n<meta property=\"og:type\" content=\"article\" \/>\n<meta property=\"og:title\" content=\"Journ\u00e9e mondiale contre l&#039;h\u00e9patite 2026 : Le Burkina Faso intensifie la lutte contre contre une \u00e9pid\u00e9mie silencieuse - WordPress\" \/>\n<meta property=\"og:description\" content=\"\u00c0 l&rsquo;occasion de la Journ\u00e9e mondiale contre les h\u00e9patites, c\u00e9l\u00e9br\u00e9e le 28 juillet 2026 \u00e0 Ouagadougou sous le th\u00e8me \u00ab H\u00e9patites, parlons-en \u00bb, les autorit\u00e9s sanitaires burkinab\u00e8 et leurs partenaires ont lanc\u00e9 un nouvel appel \u00e0 la mobilisation. Face \u00e0 une maladie qui \u00e9volue souvent sans sympt\u00f4mes mais provoque des complications graves, le gouvernement entend...\" \/>\n<meta property=\"og:url\" content=\"https:\/\/lacolombeplus.net\/index.php\/2026\/07\/30\/journee-mondiale-contre-lhepatite-2026-le-burkina-faso-intensifie-la-lutte-contre-contre-une-epidemie-silencieuse\/\" \/>\n<meta property=\"og:site_name\" content=\"WordPress\" \/>\n<meta property=\"article:publisher\" content=\"https:\/\/web.facebook.com\/profile.php?id=61589477078953\" \/>\n<meta property=\"article:published_time\" content=\"2026-07-30T11:36:18+00:00\" \/>\n<meta property=\"og:image\" content=\"http:\/\/lacolombeplus.net\/wp-content\/uploads\/2026\/07\/IMG-20260730-WA0009.webp\" \/>\n\t<meta property=\"og:image:width\" content=\"1152\" \/>\n\t<meta property=\"og:image:height\" content=\"864\" \/>\n\t<meta property=\"og:image:type\" content=\"image\/webp\" \/>\n<meta name=\"author\" content=\"Dramane FAYAMA\" \/>\n<meta name=\"twitter:card\" content=\"summary_large_image\" \/>\n<meta name=\"twitter:label1\" content=\"\u00c9crit par\" \/>\n\t<meta name=\"twitter:data1\" content=\"Dramane FAYAMA\" \/>\n\t<meta name=\"twitter:label2\" content=\"Dur\u00e9e de lecture estim\u00e9e\" \/>\n\t<meta name=\"twitter:data2\" content=\"5 minutes\" \/>\n<script type=\"application\/ld+json\" class=\"yoast-schema-graph\">{\"@context\":\"https:\\\/\\\/schema.org\",\"@graph\":[{\"@type\":\"Article\",\"@id\":\"https:\\\/\\\/lacolombeplus.net\\\/index.php\\\/2026\\\/07\\\/30\\\/journee-mondiale-contre-lhepatite-2026-le-burkina-faso-intensifie-la-lutte-contre-contre-une-epidemie-silencieuse\\\/#article\",\"isPartOf\":{\"@id\":\"https:\\\/\\\/lacolombeplus.net\\\/index.php\\\/2026\\\/07\\\/30\\\/journee-mondiale-contre-lhepatite-2026-le-burkina-faso-intensifie-la-lutte-contre-contre-une-epidemie-silencieuse\\\/\"},\"author\":{\"name\":\"Dramane FAYAMA\",\"@id\":\"https:\\\/\\\/lacolombeplus.net\\\/#\\\/schema\\\/person\\\/1a433b3fa6e8f9696f18ece67a69915c\"},\"headline\":\"Journ\u00e9e mondiale contre l&rsquo;h\u00e9patite 2026 : Le Burkina Faso intensifie la lutte contre contre une \u00e9pid\u00e9mie silencieuse\",\"datePublished\":\"2026-07-30T11:36:18+00:00\",\"mainEntityOfPage\":{\"@id\":\"https:\\\/\\\/lacolombeplus.net\\\/index.php\\\/2026\\\/07\\\/30\\\/journee-mondiale-contre-lhepatite-2026-le-burkina-faso-intensifie-la-lutte-contre-contre-une-epidemie-silencieuse\\\/\"},\"wordCount\":923,\"commentCount\":0,\"publisher\":{\"@id\":\"https:\\\/\\\/lacolombeplus.net\\\/#organization\"},\"image\":{\"@id\":\"https:\\\/\\\/lacolombeplus.net\\\/index.php\\\/2026\\\/07\\\/30\\\/journee-mondiale-contre-lhepatite-2026-le-burkina-faso-intensifie-la-lutte-contre-contre-une-epidemie-silencieuse\\\/#primaryimage\"},\"thumbnailUrl\":\"https:\\\/\\\/lacolombeplus.net\\\/wp-content\\\/uploads\\\/2026\\\/07\\\/IMG-20260730-WA0009.webp\",\"articleSection\":[\"A la Une\",\"Sant\u00e9\"],\"inLanguage\":\"fr-FR\",\"potentialAction\":[{\"@type\":\"CommentAction\",\"name\":\"Comment\",\"target\":[\"https:\\\/\\\/lacolombeplus.net\\\/index.php\\\/2026\\\/07\\\/30\\\/journee-mondiale-contre-lhepatite-2026-le-burkina-faso-intensifie-la-lutte-contre-contre-une-epidemie-silencieuse\\\/#respond\"]}]},{\"@type\":\"WebPage\",\"@id\":\"https:\\\/\\\/lacolombeplus.net\\\/index.php\\\/2026\\\/07\\\/30\\\/journee-mondiale-contre-lhepatite-2026-le-burkina-faso-intensifie-la-lutte-contre-contre-une-epidemie-silencieuse\\\/\",\"url\":\"https:\\\/\\\/lacolombeplus.net\\\/index.php\\\/2026\\\/07\\\/30\\\/journee-mondiale-contre-lhepatite-2026-le-burkina-faso-intensifie-la-lutte-contre-contre-une-epidemie-silencieuse\\\/\",\"name\":\"Journ\u00e9e mondiale contre l'h\u00e9patite 2026 : Le Burkina Faso intensifie la lutte contre contre une \u00e9pid\u00e9mie silencieuse - WordPress\",\"isPartOf\":{\"@id\":\"https:\\\/\\\/lacolombeplus.net\\\/#website\"},\"primaryImageOfPage\":{\"@id\":\"https:\\\/\\\/lacolombeplus.net\\\/index.php\\\/2026\\\/07\\\/30\\\/journee-mondiale-contre-lhepatite-2026-le-burkina-faso-intensifie-la-lutte-contre-contre-une-epidemie-silencieuse\\\/#primaryimage\"},\"image\":{\"@id\":\"https:\\\/\\\/lacolombeplus.net\\\/index.php\\\/2026\\\/07\\\/30\\\/journee-mondiale-contre-lhepatite-2026-le-burkina-faso-intensifie-la-lutte-contre-contre-une-epidemie-silencieuse\\\/#primaryimage\"},\"thumbnailUrl\":\"https:\\\/\\\/lacolombeplus.net\\\/wp-content\\\/uploads\\\/2026\\\/07\\\/IMG-20260730-WA0009.webp\",\"datePublished\":\"2026-07-30T11:36:18+00:00\",\"breadcrumb\":{\"@id\":\"https:\\\/\\\/lacolombeplus.net\\\/index.php\\\/2026\\\/07\\\/30\\\/journee-mondiale-contre-lhepatite-2026-le-burkina-faso-intensifie-la-lutte-contre-contre-une-epidemie-silencieuse\\\/#breadcrumb\"},\"inLanguage\":\"fr-FR\",\"potentialAction\":[{\"@type\":\"ReadAction\",\"target\":[\"https:\\\/\\\/lacolombeplus.net\\\/index.php\\\/2026\\\/07\\\/30\\\/journee-mondiale-contre-lhepatite-2026-le-burkina-faso-intensifie-la-lutte-contre-contre-une-epidemie-silencieuse\\\/\"]}]},{\"@type\":\"ImageObject\",\"inLanguage\":\"fr-FR\",\"@id\":\"https:\\\/\\\/lacolombeplus.net\\\/index.php\\\/2026\\\/07\\\/30\\\/journee-mondiale-contre-lhepatite-2026-le-burkina-faso-intensifie-la-lutte-contre-contre-une-epidemie-silencieuse\\\/#primaryimage\",\"url\":\"https:\\\/\\\/lacolombeplus.net\\\/wp-content\\\/uploads\\\/2026\\\/07\\\/IMG-20260730-WA0009.webp\",\"contentUrl\":\"https:\\\/\\\/lacolombeplus.net\\\/wp-content\\\/uploads\\\/2026\\\/07\\\/IMG-20260730-WA0009.webp\",\"width\":1152,\"height\":864},{\"@type\":\"BreadcrumbList\",\"@id\":\"https:\\\/\\\/lacolombeplus.net\\\/index.php\\\/2026\\\/07\\\/30\\\/journee-mondiale-contre-lhepatite-2026-le-burkina-faso-intensifie-la-lutte-contre-contre-une-epidemie-silencieuse\\\/#breadcrumb\",\"itemListElement\":[{\"@type\":\"ListItem\",\"position\":1,\"name\":\"Accueil\",\"item\":\"https:\\\/\\\/lacolombeplus.net\\\/\"},{\"@type\":\"ListItem\",\"position\":2,\"name\":\"Journ\u00e9e mondiale contre l&rsquo;h\u00e9patite 2026 : Le Burkina Faso intensifie la lutte contre contre une \u00e9pid\u00e9mie silencieuse\"}]},{\"@type\":\"WebSite\",\"@id\":\"https:\\\/\\\/lacolombeplus.net\\\/#website\",\"url\":\"https:\\\/\\\/lacolombeplus.net\\\/\",\"name\":\"Lacolombeplus\",\"description\":\"\",\"publisher\":{\"@id\":\"https:\\\/\\\/lacolombeplus.net\\\/#organization\"},\"potentialAction\":[{\"@type\":\"SearchAction\",\"target\":{\"@type\":\"EntryPoint\",\"urlTemplate\":\"https:\\\/\\\/lacolombeplus.net\\\/?s={search_term_string}\"},\"query-input\":{\"@type\":\"PropertyValueSpecification\",\"valueRequired\":true,\"valueName\":\"search_term_string\"}}],\"inLanguage\":\"fr-FR\"},{\"@type\":\"Organization\",\"@id\":\"https:\\\/\\\/lacolombeplus.net\\\/#organization\",\"name\":\"lacolombeplus.net\",\"url\":\"https:\\\/\\\/lacolombeplus.net\\\/\",\"logo\":{\"@type\":\"ImageObject\",\"inLanguage\":\"fr-FR\",\"@id\":\"https:\\\/\\\/lacolombeplus.net\\\/#\\\/schema\\\/logo\\\/image\\\/\",\"url\":\"https:\\\/\\\/lacolombeplus.net\\\/wp-content\\\/uploads\\\/2026\\\/04\\\/a84391f3-a521-4177-867d-b9aaa3066b88.png\",\"contentUrl\":\"https:\\\/\\\/lacolombeplus.net\\\/wp-content\\\/uploads\\\/2026\\\/04\\\/a84391f3-a521-4177-867d-b9aaa3066b88.png\",\"width\":1045,\"height\":1505,\"caption\":\"lacolombeplus.net\"},\"image\":{\"@id\":\"https:\\\/\\\/lacolombeplus.net\\\/#\\\/schema\\\/logo\\\/image\\\/\"},\"sameAs\":[\"https:\\\/\\\/web.facebook.com\\\/profile.php?id=61589477078953\"]},{\"@type\":\"Person\",\"@id\":\"https:\\\/\\\/lacolombeplus.net\\\/#\\\/schema\\\/person\\\/1a433b3fa6e8f9696f18ece67a69915c\",\"name\":\"Dramane FAYAMA\",\"image\":{\"@type\":\"ImageObject\",\"inLanguage\":\"fr-FR\",\"@id\":\"https:\\\/\\\/secure.gravatar.com\\\/avatar\\\/6ae061b9c102ae93ffb7a4076195d78ace54801f91540899a6e8aacf91eacff8?s=96&d=mm&r=g\",\"url\":\"https:\\\/\\\/secure.gravatar.com\\\/avatar\\\/6ae061b9c102ae93ffb7a4076195d78ace54801f91540899a6e8aacf91eacff8?s=96&d=mm&r=g\",\"contentUrl\":\"https:\\\/\\\/secure.gravatar.com\\\/avatar\\\/6ae061b9c102ae93ffb7a4076195d78ace54801f91540899a6e8aacf91eacff8?s=96&d=mm&r=g\",\"caption\":\"Dramane FAYAMA\"},\"url\":\"https:\\\/\\\/lacolombeplus.net\\\/index.php\\\/author\\\/dramane\\\/\"}]}<\/script>\n<!-- \/ Yoast SEO plugin. -->","yoast_head_json":{"title":"Journ\u00e9e mondiale contre l'h\u00e9patite 2026 : Le Burkina Faso intensifie la lutte contre contre une \u00e9pid\u00e9mie silencieuse - WordPress","robots":{"index":"index","follow":"follow","max-snippet":"max-snippet:-1","max-image-preview":"max-image-preview:large","max-video-preview":"max-video-preview:-1"},"canonical":"https:\/\/lacolombeplus.net\/index.php\/2026\/07\/30\/journee-mondiale-contre-lhepatite-2026-le-burkina-faso-intensifie-la-lutte-contre-contre-une-epidemie-silencieuse\/","og_locale":"fr_FR","og_type":"article","og_title":"Journ\u00e9e mondiale contre l'h\u00e9patite 2026 : Le Burkina Faso intensifie la lutte contre contre une \u00e9pid\u00e9mie silencieuse - WordPress","og_description":"\u00c0 l&rsquo;occasion de la Journ\u00e9e mondiale contre les h\u00e9patites, c\u00e9l\u00e9br\u00e9e le 28 juillet 2026 \u00e0 Ouagadougou sous le th\u00e8me \u00ab H\u00e9patites, parlons-en \u00bb, les autorit\u00e9s sanitaires burkinab\u00e8 et leurs partenaires ont lanc\u00e9 un nouvel appel \u00e0 la mobilisation. Face \u00e0 une maladie qui \u00e9volue souvent sans sympt\u00f4mes mais provoque des complications graves, le gouvernement entend...","og_url":"https:\/\/lacolombeplus.net\/index.php\/2026\/07\/30\/journee-mondiale-contre-lhepatite-2026-le-burkina-faso-intensifie-la-lutte-contre-contre-une-epidemie-silencieuse\/","og_site_name":"WordPress","article_publisher":"https:\/\/web.facebook.com\/profile.php?id=61589477078953","article_published_time":"2026-07-30T11:36:18+00:00","og_image":[{"width":1152,"height":864,"url":"http:\/\/lacolombeplus.net\/wp-content\/uploads\/2026\/07\/IMG-20260730-WA0009.webp","type":"image\/webp"}],"author":"Dramane FAYAMA","twitter_card":"summary_large_image","twitter_misc":{"\u00c9crit par":"Dramane FAYAMA","Dur\u00e9e de lecture estim\u00e9e":"5 minutes"},"schema":{"@context":"https:\/\/schema.org","@graph":[{"@type":"Article","@id":"https:\/\/lacolombeplus.net\/index.php\/2026\/07\/30\/journee-mondiale-contre-lhepatite-2026-le-burkina-faso-intensifie-la-lutte-contre-contre-une-epidemie-silencieuse\/#article","isPartOf":{"@id":"https:\/\/lacolombeplus.net\/index.php\/2026\/07\/30\/journee-mondiale-contre-lhepatite-2026-le-burkina-faso-intensifie-la-lutte-contre-contre-une-epidemie-silencieuse\/"},"author":{"name":"Dramane FAYAMA","@id":"https:\/\/lacolombeplus.net\/#\/schema\/person\/1a433b3fa6e8f9696f18ece67a69915c"},"headline":"Journ\u00e9e mondiale contre l&rsquo;h\u00e9patite 2026 : Le Burkina Faso intensifie la lutte contre contre une \u00e9pid\u00e9mie silencieuse","datePublished":"2026-07-30T11:36:18+00:00","mainEntityOfPage":{"@id":"https:\/\/lacolombeplus.net\/index.php\/2026\/07\/30\/journee-mondiale-contre-lhepatite-2026-le-burkina-faso-intensifie-la-lutte-contre-contre-une-epidemie-silencieuse\/"},"wordCount":923,"commentCount":0,"publisher":{"@id":"https:\/\/lacolombeplus.net\/#organization"},"image":{"@id":"https:\/\/lacolombeplus.net\/index.php\/2026\/07\/30\/journee-mondiale-contre-lhepatite-2026-le-burkina-faso-intensifie-la-lutte-contre-contre-une-epidemie-silencieuse\/#primaryimage"},"thumbnailUrl":"https:\/\/lacolombeplus.net\/wp-content\/uploads\/2026\/07\/IMG-20260730-WA0009.webp","articleSection":["A la Une","Sant\u00e9"],"inLanguage":"fr-FR","potentialAction":[{"@type":"CommentAction","name":"Comment","target":["https:\/\/lacolombeplus.net\/index.php\/2026\/07\/30\/journee-mondiale-contre-lhepatite-2026-le-burkina-faso-intensifie-la-lutte-contre-contre-une-epidemie-silencieuse\/#respond"]}]},{"@type":"WebPage","@id":"https:\/\/lacolombeplus.net\/index.php\/2026\/07\/30\/journee-mondiale-contre-lhepatite-2026-le-burkina-faso-intensifie-la-lutte-contre-contre-une-epidemie-silencieuse\/","url":"https:\/\/lacolombeplus.net\/index.php\/2026\/07\/30\/journee-mondiale-contre-lhepatite-2026-le-burkina-faso-intensifie-la-lutte-contre-contre-une-epidemie-silencieuse\/","name":"Journ\u00e9e mondiale contre l'h\u00e9patite 2026 : Le Burkina Faso intensifie la lutte contre contre une \u00e9pid\u00e9mie silencieuse - WordPress","isPartOf":{"@id":"https:\/\/lacolombeplus.net\/#website"},"primaryImageOfPage":{"@id":"https:\/\/lacolombeplus.net\/index.php\/2026\/07\/30\/journee-mondiale-contre-lhepatite-2026-le-burkina-faso-intensifie-la-lutte-contre-contre-une-epidemie-silencieuse\/#primaryimage"},"image":{"@id":"https:\/\/lacolombeplus.net\/index.php\/2026\/07\/30\/journee-mondiale-contre-lhepatite-2026-le-burkina-faso-intensifie-la-lutte-contre-contre-une-epidemie-silencieuse\/#primaryimage"},"thumbnailUrl":"https:\/\/lacolombeplus.net\/wp-content\/uploads\/2026\/07\/IMG-20260730-WA0009.webp","datePublished":"2026-07-30T11:36:18+00:00","breadcrumb":{"@id":"https:\/\/lacolombeplus.net\/index.php\/2026\/07\/30\/journee-mondiale-contre-lhepatite-2026-le-burkina-faso-intensifie-la-lutte-contre-contre-une-epidemie-silencieuse\/#breadcrumb"},"inLanguage":"fr-FR","potentialAction":[{"@type":"ReadAction","target":["https:\/\/lacolombeplus.net\/index.php\/2026\/07\/30\/journee-mondiale-contre-lhepatite-2026-le-burkina-faso-intensifie-la-lutte-contre-contre-une-epidemie-silencieuse\/"]}]},{"@type":"ImageObject","inLanguage":"fr-FR","@id":"https:\/\/lacolombeplus.net\/index.php\/2026\/07\/30\/journee-mondiale-contre-lhepatite-2026-le-burkina-faso-intensifie-la-lutte-contre-contre-une-epidemie-silencieuse\/#primaryimage","url":"https:\/\/lacolombeplus.net\/wp-content\/uploads\/2026\/07\/IMG-20260730-WA0009.webp","contentUrl":"https:\/\/lacolombeplus.net\/wp-content\/uploads\/2026\/07\/IMG-20260730-WA0009.webp","width":1152,"height":864},{"@type":"BreadcrumbList","@id":"https:\/\/lacolombeplus.net\/index.php\/2026\/07\/30\/journee-mondiale-contre-lhepatite-2026-le-burkina-faso-intensifie-la-lutte-contre-contre-une-epidemie-silencieuse\/#breadcrumb","itemListElement":[{"@type":"ListItem","position":1,"name":"Accueil","item":"https:\/\/lacolombeplus.net\/"},{"@type":"ListItem","position":2,"name":"Journ\u00e9e mondiale contre l&rsquo;h\u00e9patite 2026 : Le Burkina Faso intensifie la lutte contre contre une \u00e9pid\u00e9mie silencieuse"}]},{"@type":"WebSite","@id":"https:\/\/lacolombeplus.net\/#website","url":"https:\/\/lacolombeplus.net\/","name":"Lacolombeplus","description":"","publisher":{"@id":"https:\/\/lacolombeplus.net\/#organization"},"potentialAction":[{"@type":"SearchAction","target":{"@type":"EntryPoint","urlTemplate":"https:\/\/lacolombeplus.net\/?s={search_term_string}"},"query-input":{"@type":"PropertyValueSpecification","valueRequired":true,"valueName":"search_term_string"}}],"inLanguage":"fr-FR"},{"@type":"Organization","@id":"https:\/\/lacolombeplus.net\/#organization","name":"lacolombeplus.net","url":"https:\/\/lacolombeplus.net\/","logo":{"@type":"ImageObject","inLanguage":"fr-FR","@id":"https:\/\/lacolombeplus.net\/#\/schema\/logo\/image\/","url":"https:\/\/lacolombeplus.net\/wp-content\/uploads\/2026\/04\/a84391f3-a521-4177-867d-b9aaa3066b88.png","contentUrl":"https:\/\/lacolombeplus.net\/wp-content\/uploads\/2026\/04\/a84391f3-a521-4177-867d-b9aaa3066b88.png","width":1045,"height":1505,"caption":"lacolombeplus.net"},"image":{"@id":"https:\/\/lacolombeplus.net\/#\/schema\/logo\/image\/"},"sameAs":["https:\/\/web.facebook.com\/profile.php?id=61589477078953"]},{"@type":"Person","@id":"https:\/\/lacolombeplus.net\/#\/schema\/person\/1a433b3fa6e8f9696f18ece67a69915c","name":"Dramane FAYAMA","image":{"@type":"ImageObject","inLanguage":"fr-FR","@id":"https:\/\/secure.gravatar.com\/avatar\/6ae061b9c102ae93ffb7a4076195d78ace54801f91540899a6e8aacf91eacff8?s=96&d=mm&r=g","url":"https:\/\/secure.gravatar.com\/avatar\/6ae061b9c102ae93ffb7a4076195d78ace54801f91540899a6e8aacf91eacff8?s=96&d=mm&r=g","contentUrl":"https:\/\/secure.gravatar.com\/avatar\/6ae061b9c102ae93ffb7a4076195d78ace54801f91540899a6e8aacf91eacff8?s=96&d=mm&r=g","caption":"Dramane FAYAMA"},"url":"https:\/\/lacolombeplus.net\/index.php\/author\/dramane\/"}]}},"jetpack_featured_media_url":"https:\/\/lacolombeplus.net\/wp-content\/uploads\/2026\/07\/IMG-20260730-WA0009.webp","jetpack_sharing_enabled":true,"_links":{"self":[{"href":"https:\/\/lacolombeplus.net\/index.php\/wp-json\/wp\/v2\/posts\/38765","targetHints":{"allow":["GET"]}}],"collection":[{"href":"https:\/\/lacolombeplus.net\/index.php\/wp-json\/wp\/v2\/posts"}],"about":[{"href":"https:\/\/lacolombeplus.net\/index.php\/wp-json\/wp\/v2\/types\/post"}],"author":[{"embeddable":true,"href":"https:\/\/lacolombeplus.net\/index.php\/wp-json\/wp\/v2\/users\/6"}],"replies":[{"embeddable":true,"href":"https:\/\/lacolombeplus.net\/index.php\/wp-json\/wp\/v2\/comments?post=38765"}],"version-history":[{"count":2,"href":"https:\/\/lacolombeplus.net\/index.php\/wp-json\/wp\/v2\/posts\/38765\/revisions"}],"predecessor-version":[{"id":38771,"href":"https:\/\/lacolombeplus.net\/index.php\/wp-json\/wp\/v2\/posts\/38765\/revisions\/38771"}],"wp:featuredmedia":[{"embeddable":true,"href":"https:\/\/lacolombeplus.net\/index.php\/wp-json\/wp\/v2\/media\/38769"}],"wp:attachment":[{"href":"https:\/\/lacolombeplus.net\/index.php\/wp-json\/wp\/v2\/media?parent=38765"}],"wp:term":[{"taxonomy":"category","embeddable":true,"href":"https:\/\/lacolombeplus.net\/index.php\/wp-json\/wp\/v2\/categories?post=38765"},{"taxonomy":"post_tag","embeddable":true,"href":"https:\/\/lacolombeplus.net\/index.php\/wp-json\/wp\/v2\/tags?post=38765"}],"curies":[{"name":"wp","href":"https:\/\/api.w.org\/{rel}","templated":true}]}}