{"id":38759,"date":"2026-07-30T10:52:23","date_gmt":"2026-07-30T10:52:23","guid":{"rendered":"https:\/\/lacolombeplus.net\/?p=38759"},"modified":"2026-07-30T11:51:23","modified_gmt":"2026-07-30T11:51:23","slug":"la-bouse-de-vache-michibo-un-heritage-culturel-et-ecologique-au-coeur-de-la-vie-rurale","status":"publish","type":"post","link":"https:\/\/lacolombeplus.net\/index.php\/2026\/07\/30\/la-bouse-de-vache-michibo-un-heritage-culturel-et-ecologique-au-coeur-de-la-vie-rurale\/","title":{"rendered":"La bouse de vache \u00ab Michibo \u00bb : un h\u00e9ritage culturel et \u00e9cologique au c\u0153ur de la vie rurale"},"content":{"rendered":"<p><em>Par Monsieur Broulaye Traor\u00e9, Administrateur du Tourisme, Directeur R\u00e9gional du Tourisme et de l\u2019H\u00f4tellerie de Dio\u00efla<\/em><\/p>\n<h2><strong>Longtemps consid\u00e9r\u00e9e \u00e0 tort comme un simple d\u00e9chet, la bouse de vache appel\u00e9e \u00ab Michibo \u00bb occupe une place bien plus importante dans les soci\u00e9t\u00e9s rurales. Elle repr\u00e9sente un v\u00e9ritable symbole de prosp\u00e9rit\u00e9, un \u00e9l\u00e9ment fondamental de la coh\u00e9sion sociale et une ressource pr\u00e9cieuse dans l\u2019habitat, l\u2019agriculture et les pratiques quotidiennes.<\/strong><\/h2>\n<figure id=\"attachment_38760\" aria-describedby=\"caption-attachment-38760\" style=\"width: 249px\" class=\"wp-caption alignright\"><img fetchpriority=\"high\" decoding=\"async\" class=\"wp-image-38760 size-medium\" src=\"http:\/\/lacolombeplus.net\/wp-content\/uploads\/2026\/07\/IMG-20260729-WA0008-249x300.webp\" alt=\"\" width=\"249\" height=\"300\" srcset=\"https:\/\/lacolombeplus.net\/wp-content\/uploads\/2026\/07\/IMG-20260729-WA0008-249x300.webp 249w, https:\/\/lacolombeplus.net\/wp-content\/uploads\/2026\/07\/IMG-20260729-WA0008.webp 679w\" sizes=\"(max-width: 249px) 100vw, 249px\" \/><figcaption id=\"caption-attachment-38760\" class=\"wp-caption-text\">Monsieur Broulaye Traor\u00e9, Administrateur du Tourisme, Directeur R\u00e9gional du Tourisme et de l\u2019H\u00f4tellerie de Dio\u00efla<\/figcaption><\/figure>\n<p>Au-del\u00e0 de sa dimension mat\u00e9rielle, le Michibo incarne le lien profond entre l\u2019homme, le b\u00e9tail et la terre. Dans les six (06) cercles que compte la r\u00e9gion de Dio\u00efla, cette ressource traditionnelle aux multiples usages t\u00e9moigne d\u2019un savoir-faire ancestral transmis de g\u00e9n\u00e9ration en g\u00e9n\u00e9ration.<\/p>\n<p style=\"text-align: center;\"><strong>Une richesse au service de l\u2019habitat traditionnel<\/strong><\/p>\n<p>Dans l\u2019architecture traditionnelle, la bouse fra\u00eeche est associ\u00e9e au banco (terre crue) et \u00e0 la paille pour r\u00e9aliser l\u2019enduit des murs et des sols des habitations. Ce m\u00e9lange naturel constitue un mortier efficace qui contribue \u00e0 maintenir la fra\u00eecheur des cases pendant les p\u00e9riodes de forte chaleur et am\u00e9liore leur r\u00e9sistance face aux intemp\u00e9ries.<\/p>\n<p>L\u2019application de cet enduit, g\u00e9n\u00e9ralement r\u00e9alis\u00e9e par les femmes, d\u00e9passe le simple travail domestique. Elle constitue un moment de solidarit\u00e9, de transmission culturelle et d\u2019expression artistique \u00e0 travers les motifs et les techniques d\u00e9coratives qui embellissent les maisons.<\/p>\n<figure id=\"attachment_38761\" aria-describedby=\"caption-attachment-38761\" style=\"width: 785px\" class=\"wp-caption alignnone\"><img decoding=\"async\" class=\"wp-image-38761 size-full\" src=\"http:\/\/lacolombeplus.net\/wp-content\/uploads\/2026\/07\/IMG-20260729-WA0007.webp\" alt=\"\" width=\"785\" height=\"563\" srcset=\"https:\/\/lacolombeplus.net\/wp-content\/uploads\/2026\/07\/IMG-20260729-WA0007.webp 785w, https:\/\/lacolombeplus.net\/wp-content\/uploads\/2026\/07\/IMG-20260729-WA0007-300x215.webp 300w, https:\/\/lacolombeplus.net\/wp-content\/uploads\/2026\/07\/IMG-20260729-WA0007-768x551.webp 768w\" sizes=\"(max-width: 785px) 100vw, 785px\" \/><figcaption id=\"caption-attachment-38761\" class=\"wp-caption-text\">Une richesse au service de l\u2019habitat traditionnel<\/figcaption><\/figure>\n<p style=\"text-align: center;\"><strong>Un fertilisant naturel et un facteur de coh\u00e9sion sociale<\/strong><\/p>\n<p>Dans les zones agricoles, le parcage nocturne des troupeaux dans les champs illustre une ancienne alliance entre \u00e9leveurs et cultivateurs. Les d\u00e9jections animales d\u00e9pos\u00e9es naturellement enrichissent les sols, am\u00e9liorent leur fertilit\u00e9 et participent \u00e0 l\u2019augmentation des rendements agricoles.<\/p>\n<p>Cette pratique traditionnelle contribue \u00e9galement au maintien de la paix sociale, en renfor\u00e7ant les relations entre communaut\u00e9s pastorales et agricoles autour d\u2019un objectif commun : la pr\u00e9servation des ressources et la s\u00e9curit\u00e9 alimentaire.<\/p>\n<p style=\"text-align: center;\"><strong>Une alternative \u00e9cologique au bois de chauffe<\/strong><\/p>\n<p>Encore aujourd\u2019hui, dans plusieurs localit\u00e9s du Mali, les femmes collectent et font s\u00e9cher les bouses de vache afin de les utiliser comme combustible domestique. Cette utilisation permet de r\u00e9duire la pression exerc\u00e9e sur les ressources foresti\u00e8res et participe \u00e0 la protection de l\u2019environnement.<\/p>\n<p>&nbsp;<\/p>\n<p>Le Michibo appara\u00eet ainsi comme une solution \u00e9cologique issue des connaissances locales, adapt\u00e9e aux r\u00e9alit\u00e9s des communaut\u00e9s rurales.<\/p>\n<p style=\"text-align: center;\"><strong>Entre pratiques culturelles et savoirs ancestraux<\/strong><\/p>\n<p>Dans certaines traditions, la fum\u00e9e issue de la combustion de la bouse s\u00e9ch\u00e9e est \u00e9galement utilis\u00e9e pour \u00e9loigner les insectes nuisibles et purifier l\u2019espace familial. Ces pratiques t\u00e9moignent de la richesse des connaissances populaires li\u00e9es aux ressources naturelles.<\/p>\n<p>Aujourd\u2019hui, la valorisation du Michibo rappelle l\u2019importance de pr\u00e9server les patrimoines immat\u00e9riels africains. Derri\u00e8re cette mati\u00e8re humble se cache une v\u00e9ritable philosophie de vie fond\u00e9e sur l\u2019\u00e9quilibre entre l\u2019\u00eatre humain, les animaux et la nature.<\/p>\n<p>La bouse de vache n\u2019est donc pas seulement une trace du passage du b\u00e9tail : elle est une m\u00e9moire vivante, un outil \u00e9conomique, un symbole culturel et une ressource durable qui m\u00e9rite d\u2019\u00eatre reconnue \u00e0 sa juste valeur.<\/p>\n<p>La Colombe Plus \u2014 Magazine d\u2019information et de valorisation des patrimoines africains<\/p>\n","protected":false},"excerpt":{"rendered":"<p>Par Monsieur Broulaye Traor\u00e9, Administrateur du Tourisme, Directeur R\u00e9gional du Tourisme et de l\u2019H\u00f4tellerie de Dio\u00efla Longtemps consid\u00e9r\u00e9e \u00e0 tort comme un simple d\u00e9chet, la bouse de vache appel\u00e9e \u00ab Michibo \u00bb occupe une place bien plus importante dans les soci\u00e9t\u00e9s rurales. Elle repr\u00e9sente un v\u00e9ritable symbole de prosp\u00e9rit\u00e9, un \u00e9l\u00e9ment fondamental de la coh\u00e9sion&#8230;<\/p>\n","protected":false},"author":6,"featured_media":38772,"comment_status":"open","ping_status":"open","sticky":false,"template":"","format":"standard","meta":{"_jetpack_newsletter_access":"","_jetpack_dont_email_post_to_subs":false,"_jetpack_newsletter_tier_id":0,"_jetpack_memberships_contains_paywalled_content":false,"_jetpack_feature_clip_id":0,"_jetpack_memberships_contains_paid_content":false,"footnotes":"","jetpack_post_was_ever_published":false},"categories":[2,4],"tags":[],"class_list":["post-38759","post","type-post","status-publish","format-standard","has-post-thumbnail","hentry","category-a-la-une","category-societe"],"yoast_head":"<!-- This site is optimized with the Yoast SEO plugin v28.3 - https:\/\/yoast.com\/product\/yoast-seo-wordpress\/ -->\n<title>La bouse de vache \u00ab Michibo \u00bb : un h\u00e9ritage culturel et \u00e9cologique au c\u0153ur de la vie rurale - WordPress<\/title>\n<meta name=\"robots\" content=\"index, follow, max-snippet:-1, max-image-preview:large, max-video-preview:-1\" \/>\n<link rel=\"canonical\" href=\"https:\/\/lacolombeplus.net\/index.php\/2026\/07\/30\/la-bouse-de-vache-michibo-un-heritage-culturel-et-ecologique-au-coeur-de-la-vie-rurale\/\" \/>\n<meta property=\"og:locale\" content=\"fr_FR\" \/>\n<meta property=\"og:type\" content=\"article\" \/>\n<meta property=\"og:title\" content=\"La bouse de vache \u00ab Michibo \u00bb : un h\u00e9ritage culturel et \u00e9cologique au c\u0153ur de la vie rurale - WordPress\" \/>\n<meta property=\"og:description\" content=\"Par Monsieur Broulaye Traor\u00e9, Administrateur du Tourisme, Directeur R\u00e9gional du Tourisme et de l\u2019H\u00f4tellerie de Dio\u00efla Longtemps consid\u00e9r\u00e9e \u00e0 tort comme un simple d\u00e9chet, la bouse de vache appel\u00e9e \u00ab Michibo \u00bb occupe une place bien plus importante dans les soci\u00e9t\u00e9s rurales. Elle repr\u00e9sente un v\u00e9ritable symbole de prosp\u00e9rit\u00e9, un \u00e9l\u00e9ment fondamental de la coh\u00e9sion...\" \/>\n<meta property=\"og:url\" content=\"https:\/\/lacolombeplus.net\/index.php\/2026\/07\/30\/la-bouse-de-vache-michibo-un-heritage-culturel-et-ecologique-au-coeur-de-la-vie-rurale\/\" \/>\n<meta property=\"og:site_name\" content=\"WordPress\" \/>\n<meta property=\"article:publisher\" content=\"https:\/\/web.facebook.com\/profile.php?id=61589477078953\" \/>\n<meta property=\"article:published_time\" content=\"2026-07-30T10:52:23+00:00\" \/>\n<meta property=\"article:modified_time\" content=\"2026-07-30T11:51:23+00:00\" \/>\n<meta property=\"og:image\" content=\"http:\/\/lacolombeplus.net\/wp-content\/uploads\/2026\/07\/IMG-20260730-WA0014.webp\" \/>\n\t<meta property=\"og:image:width\" content=\"1280\" \/>\n\t<meta property=\"og:image:height\" content=\"851\" \/>\n\t<meta property=\"og:image:type\" content=\"image\/webp\" \/>\n<meta name=\"author\" content=\"Dramane FAYAMA\" \/>\n<meta name=\"twitter:card\" content=\"summary_large_image\" \/>\n<meta name=\"twitter:label1\" content=\"\u00c9crit par\" \/>\n\t<meta name=\"twitter:data1\" content=\"Dramane FAYAMA\" \/>\n\t<meta name=\"twitter:label2\" content=\"Dur\u00e9e de lecture estim\u00e9e\" \/>\n\t<meta name=\"twitter:data2\" content=\"4 minutes\" \/>\n<script type=\"application\/ld+json\" class=\"yoast-schema-graph\">{\"@context\":\"https:\\\/\\\/schema.org\",\"@graph\":[{\"@type\":\"Article\",\"@id\":\"https:\\\/\\\/lacolombeplus.net\\\/index.php\\\/2026\\\/07\\\/30\\\/la-bouse-de-vache-michibo-un-heritage-culturel-et-ecologique-au-coeur-de-la-vie-rurale\\\/#article\",\"isPartOf\":{\"@id\":\"https:\\\/\\\/lacolombeplus.net\\\/index.php\\\/2026\\\/07\\\/30\\\/la-bouse-de-vache-michibo-un-heritage-culturel-et-ecologique-au-coeur-de-la-vie-rurale\\\/\"},\"author\":{\"name\":\"Dramane FAYAMA\",\"@id\":\"https:\\\/\\\/lacolombeplus.net\\\/#\\\/schema\\\/person\\\/1a433b3fa6e8f9696f18ece67a69915c\"},\"headline\":\"La bouse de vache \u00ab Michibo \u00bb : un h\u00e9ritage culturel et \u00e9cologique au c\u0153ur de la vie rurale\",\"datePublished\":\"2026-07-30T10:52:23+00:00\",\"dateModified\":\"2026-07-30T11:51:23+00:00\",\"mainEntityOfPage\":{\"@id\":\"https:\\\/\\\/lacolombeplus.net\\\/index.php\\\/2026\\\/07\\\/30\\\/la-bouse-de-vache-michibo-un-heritage-culturel-et-ecologique-au-coeur-de-la-vie-rurale\\\/\"},\"wordCount\":629,\"commentCount\":0,\"publisher\":{\"@id\":\"https:\\\/\\\/lacolombeplus.net\\\/#organization\"},\"image\":{\"@id\":\"https:\\\/\\\/lacolombeplus.net\\\/index.php\\\/2026\\\/07\\\/30\\\/la-bouse-de-vache-michibo-un-heritage-culturel-et-ecologique-au-coeur-de-la-vie-rurale\\\/#primaryimage\"},\"thumbnailUrl\":\"https:\\\/\\\/lacolombeplus.net\\\/wp-content\\\/uploads\\\/2026\\\/07\\\/IMG-20260730-WA0014.webp\",\"articleSection\":[\"A la Une\",\"Soci\u00e9t\u00e9\"],\"inLanguage\":\"fr-FR\",\"potentialAction\":[{\"@type\":\"CommentAction\",\"name\":\"Comment\",\"target\":[\"https:\\\/\\\/lacolombeplus.net\\\/index.php\\\/2026\\\/07\\\/30\\\/la-bouse-de-vache-michibo-un-heritage-culturel-et-ecologique-au-coeur-de-la-vie-rurale\\\/#respond\"]}]},{\"@type\":\"WebPage\",\"@id\":\"https:\\\/\\\/lacolombeplus.net\\\/index.php\\\/2026\\\/07\\\/30\\\/la-bouse-de-vache-michibo-un-heritage-culturel-et-ecologique-au-coeur-de-la-vie-rurale\\\/\",\"url\":\"https:\\\/\\\/lacolombeplus.net\\\/index.php\\\/2026\\\/07\\\/30\\\/la-bouse-de-vache-michibo-un-heritage-culturel-et-ecologique-au-coeur-de-la-vie-rurale\\\/\",\"name\":\"La bouse de vache \u00ab Michibo \u00bb : un h\u00e9ritage culturel et \u00e9cologique au c\u0153ur de la vie rurale - WordPress\",\"isPartOf\":{\"@id\":\"https:\\\/\\\/lacolombeplus.net\\\/#website\"},\"primaryImageOfPage\":{\"@id\":\"https:\\\/\\\/lacolombeplus.net\\\/index.php\\\/2026\\\/07\\\/30\\\/la-bouse-de-vache-michibo-un-heritage-culturel-et-ecologique-au-coeur-de-la-vie-rurale\\\/#primaryimage\"},\"image\":{\"@id\":\"https:\\\/\\\/lacolombeplus.net\\\/index.php\\\/2026\\\/07\\\/30\\\/la-bouse-de-vache-michibo-un-heritage-culturel-et-ecologique-au-coeur-de-la-vie-rurale\\\/#primaryimage\"},\"thumbnailUrl\":\"https:\\\/\\\/lacolombeplus.net\\\/wp-content\\\/uploads\\\/2026\\\/07\\\/IMG-20260730-WA0014.webp\",\"datePublished\":\"2026-07-30T10:52:23+00:00\",\"dateModified\":\"2026-07-30T11:51:23+00:00\",\"breadcrumb\":{\"@id\":\"https:\\\/\\\/lacolombeplus.net\\\/index.php\\\/2026\\\/07\\\/30\\\/la-bouse-de-vache-michibo-un-heritage-culturel-et-ecologique-au-coeur-de-la-vie-rurale\\\/#breadcrumb\"},\"inLanguage\":\"fr-FR\",\"potentialAction\":[{\"@type\":\"ReadAction\",\"target\":[\"https:\\\/\\\/lacolombeplus.net\\\/index.php\\\/2026\\\/07\\\/30\\\/la-bouse-de-vache-michibo-un-heritage-culturel-et-ecologique-au-coeur-de-la-vie-rurale\\\/\"]}]},{\"@type\":\"ImageObject\",\"inLanguage\":\"fr-FR\",\"@id\":\"https:\\\/\\\/lacolombeplus.net\\\/index.php\\\/2026\\\/07\\\/30\\\/la-bouse-de-vache-michibo-un-heritage-culturel-et-ecologique-au-coeur-de-la-vie-rurale\\\/#primaryimage\",\"url\":\"https:\\\/\\\/lacolombeplus.net\\\/wp-content\\\/uploads\\\/2026\\\/07\\\/IMG-20260730-WA0014.webp\",\"contentUrl\":\"https:\\\/\\\/lacolombeplus.net\\\/wp-content\\\/uploads\\\/2026\\\/07\\\/IMG-20260730-WA0014.webp\",\"width\":1280,\"height\":851},{\"@type\":\"BreadcrumbList\",\"@id\":\"https:\\\/\\\/lacolombeplus.net\\\/index.php\\\/2026\\\/07\\\/30\\\/la-bouse-de-vache-michibo-un-heritage-culturel-et-ecologique-au-coeur-de-la-vie-rurale\\\/#breadcrumb\",\"itemListElement\":[{\"@type\":\"ListItem\",\"position\":1,\"name\":\"Accueil\",\"item\":\"https:\\\/\\\/lacolombeplus.net\\\/\"},{\"@type\":\"ListItem\",\"position\":2,\"name\":\"La bouse de vache \u00ab Michibo \u00bb : un h\u00e9ritage culturel et \u00e9cologique au c\u0153ur de la vie rurale\"}]},{\"@type\":\"WebSite\",\"@id\":\"https:\\\/\\\/lacolombeplus.net\\\/#website\",\"url\":\"https:\\\/\\\/lacolombeplus.net\\\/\",\"name\":\"Lacolombeplus\",\"description\":\"\",\"publisher\":{\"@id\":\"https:\\\/\\\/lacolombeplus.net\\\/#organization\"},\"potentialAction\":[{\"@type\":\"SearchAction\",\"target\":{\"@type\":\"EntryPoint\",\"urlTemplate\":\"https:\\\/\\\/lacolombeplus.net\\\/?s={search_term_string}\"},\"query-input\":{\"@type\":\"PropertyValueSpecification\",\"valueRequired\":true,\"valueName\":\"search_term_string\"}}],\"inLanguage\":\"fr-FR\"},{\"@type\":\"Organization\",\"@id\":\"https:\\\/\\\/lacolombeplus.net\\\/#organization\",\"name\":\"lacolombeplus.net\",\"url\":\"https:\\\/\\\/lacolombeplus.net\\\/\",\"logo\":{\"@type\":\"ImageObject\",\"inLanguage\":\"fr-FR\",\"@id\":\"https:\\\/\\\/lacolombeplus.net\\\/#\\\/schema\\\/logo\\\/image\\\/\",\"url\":\"https:\\\/\\\/lacolombeplus.net\\\/wp-content\\\/uploads\\\/2026\\\/04\\\/a84391f3-a521-4177-867d-b9aaa3066b88.png\",\"contentUrl\":\"https:\\\/\\\/lacolombeplus.net\\\/wp-content\\\/uploads\\\/2026\\\/04\\\/a84391f3-a521-4177-867d-b9aaa3066b88.png\",\"width\":1045,\"height\":1505,\"caption\":\"lacolombeplus.net\"},\"image\":{\"@id\":\"https:\\\/\\\/lacolombeplus.net\\\/#\\\/schema\\\/logo\\\/image\\\/\"},\"sameAs\":[\"https:\\\/\\\/web.facebook.com\\\/profile.php?id=61589477078953\"]},{\"@type\":\"Person\",\"@id\":\"https:\\\/\\\/lacolombeplus.net\\\/#\\\/schema\\\/person\\\/1a433b3fa6e8f9696f18ece67a69915c\",\"name\":\"Dramane FAYAMA\",\"image\":{\"@type\":\"ImageObject\",\"inLanguage\":\"fr-FR\",\"@id\":\"https:\\\/\\\/secure.gravatar.com\\\/avatar\\\/6ae061b9c102ae93ffb7a4076195d78ace54801f91540899a6e8aacf91eacff8?s=96&d=mm&r=g\",\"url\":\"https:\\\/\\\/secure.gravatar.com\\\/avatar\\\/6ae061b9c102ae93ffb7a4076195d78ace54801f91540899a6e8aacf91eacff8?s=96&d=mm&r=g\",\"contentUrl\":\"https:\\\/\\\/secure.gravatar.com\\\/avatar\\\/6ae061b9c102ae93ffb7a4076195d78ace54801f91540899a6e8aacf91eacff8?s=96&d=mm&r=g\",\"caption\":\"Dramane FAYAMA\"},\"url\":\"https:\\\/\\\/lacolombeplus.net\\\/index.php\\\/author\\\/dramane\\\/\"}]}<\/script>\n<!-- \/ Yoast SEO plugin. -->","yoast_head_json":{"title":"La bouse de vache \u00ab Michibo \u00bb : un h\u00e9ritage culturel et \u00e9cologique au c\u0153ur de la vie rurale - WordPress","robots":{"index":"index","follow":"follow","max-snippet":"max-snippet:-1","max-image-preview":"max-image-preview:large","max-video-preview":"max-video-preview:-1"},"canonical":"https:\/\/lacolombeplus.net\/index.php\/2026\/07\/30\/la-bouse-de-vache-michibo-un-heritage-culturel-et-ecologique-au-coeur-de-la-vie-rurale\/","og_locale":"fr_FR","og_type":"article","og_title":"La bouse de vache \u00ab Michibo \u00bb : un h\u00e9ritage culturel et \u00e9cologique au c\u0153ur de la vie rurale - WordPress","og_description":"Par Monsieur Broulaye Traor\u00e9, Administrateur du Tourisme, Directeur R\u00e9gional du Tourisme et de l\u2019H\u00f4tellerie de Dio\u00efla Longtemps consid\u00e9r\u00e9e \u00e0 tort comme un simple d\u00e9chet, la bouse de vache appel\u00e9e \u00ab Michibo \u00bb occupe une place bien plus importante dans les soci\u00e9t\u00e9s rurales. Elle repr\u00e9sente un v\u00e9ritable symbole de prosp\u00e9rit\u00e9, un \u00e9l\u00e9ment fondamental de la coh\u00e9sion...","og_url":"https:\/\/lacolombeplus.net\/index.php\/2026\/07\/30\/la-bouse-de-vache-michibo-un-heritage-culturel-et-ecologique-au-coeur-de-la-vie-rurale\/","og_site_name":"WordPress","article_publisher":"https:\/\/web.facebook.com\/profile.php?id=61589477078953","article_published_time":"2026-07-30T10:52:23+00:00","article_modified_time":"2026-07-30T11:51:23+00:00","og_image":[{"width":1280,"height":851,"url":"http:\/\/lacolombeplus.net\/wp-content\/uploads\/2026\/07\/IMG-20260730-WA0014.webp","type":"image\/webp"}],"author":"Dramane FAYAMA","twitter_card":"summary_large_image","twitter_misc":{"\u00c9crit par":"Dramane FAYAMA","Dur\u00e9e de lecture estim\u00e9e":"4 minutes"},"schema":{"@context":"https:\/\/schema.org","@graph":[{"@type":"Article","@id":"https:\/\/lacolombeplus.net\/index.php\/2026\/07\/30\/la-bouse-de-vache-michibo-un-heritage-culturel-et-ecologique-au-coeur-de-la-vie-rurale\/#article","isPartOf":{"@id":"https:\/\/lacolombeplus.net\/index.php\/2026\/07\/30\/la-bouse-de-vache-michibo-un-heritage-culturel-et-ecologique-au-coeur-de-la-vie-rurale\/"},"author":{"name":"Dramane FAYAMA","@id":"https:\/\/lacolombeplus.net\/#\/schema\/person\/1a433b3fa6e8f9696f18ece67a69915c"},"headline":"La bouse de vache \u00ab Michibo \u00bb : un h\u00e9ritage culturel et \u00e9cologique au c\u0153ur de la vie rurale","datePublished":"2026-07-30T10:52:23+00:00","dateModified":"2026-07-30T11:51:23+00:00","mainEntityOfPage":{"@id":"https:\/\/lacolombeplus.net\/index.php\/2026\/07\/30\/la-bouse-de-vache-michibo-un-heritage-culturel-et-ecologique-au-coeur-de-la-vie-rurale\/"},"wordCount":629,"commentCount":0,"publisher":{"@id":"https:\/\/lacolombeplus.net\/#organization"},"image":{"@id":"https:\/\/lacolombeplus.net\/index.php\/2026\/07\/30\/la-bouse-de-vache-michibo-un-heritage-culturel-et-ecologique-au-coeur-de-la-vie-rurale\/#primaryimage"},"thumbnailUrl":"https:\/\/lacolombeplus.net\/wp-content\/uploads\/2026\/07\/IMG-20260730-WA0014.webp","articleSection":["A la Une","Soci\u00e9t\u00e9"],"inLanguage":"fr-FR","potentialAction":[{"@type":"CommentAction","name":"Comment","target":["https:\/\/lacolombeplus.net\/index.php\/2026\/07\/30\/la-bouse-de-vache-michibo-un-heritage-culturel-et-ecologique-au-coeur-de-la-vie-rurale\/#respond"]}]},{"@type":"WebPage","@id":"https:\/\/lacolombeplus.net\/index.php\/2026\/07\/30\/la-bouse-de-vache-michibo-un-heritage-culturel-et-ecologique-au-coeur-de-la-vie-rurale\/","url":"https:\/\/lacolombeplus.net\/index.php\/2026\/07\/30\/la-bouse-de-vache-michibo-un-heritage-culturel-et-ecologique-au-coeur-de-la-vie-rurale\/","name":"La bouse de vache \u00ab Michibo \u00bb : un h\u00e9ritage culturel et \u00e9cologique au c\u0153ur de la vie rurale - WordPress","isPartOf":{"@id":"https:\/\/lacolombeplus.net\/#website"},"primaryImageOfPage":{"@id":"https:\/\/lacolombeplus.net\/index.php\/2026\/07\/30\/la-bouse-de-vache-michibo-un-heritage-culturel-et-ecologique-au-coeur-de-la-vie-rurale\/#primaryimage"},"image":{"@id":"https:\/\/lacolombeplus.net\/index.php\/2026\/07\/30\/la-bouse-de-vache-michibo-un-heritage-culturel-et-ecologique-au-coeur-de-la-vie-rurale\/#primaryimage"},"thumbnailUrl":"https:\/\/lacolombeplus.net\/wp-content\/uploads\/2026\/07\/IMG-20260730-WA0014.webp","datePublished":"2026-07-30T10:52:23+00:00","dateModified":"2026-07-30T11:51:23+00:00","breadcrumb":{"@id":"https:\/\/lacolombeplus.net\/index.php\/2026\/07\/30\/la-bouse-de-vache-michibo-un-heritage-culturel-et-ecologique-au-coeur-de-la-vie-rurale\/#breadcrumb"},"inLanguage":"fr-FR","potentialAction":[{"@type":"ReadAction","target":["https:\/\/lacolombeplus.net\/index.php\/2026\/07\/30\/la-bouse-de-vache-michibo-un-heritage-culturel-et-ecologique-au-coeur-de-la-vie-rurale\/"]}]},{"@type":"ImageObject","inLanguage":"fr-FR","@id":"https:\/\/lacolombeplus.net\/index.php\/2026\/07\/30\/la-bouse-de-vache-michibo-un-heritage-culturel-et-ecologique-au-coeur-de-la-vie-rurale\/#primaryimage","url":"https:\/\/lacolombeplus.net\/wp-content\/uploads\/2026\/07\/IMG-20260730-WA0014.webp","contentUrl":"https:\/\/lacolombeplus.net\/wp-content\/uploads\/2026\/07\/IMG-20260730-WA0014.webp","width":1280,"height":851},{"@type":"BreadcrumbList","@id":"https:\/\/lacolombeplus.net\/index.php\/2026\/07\/30\/la-bouse-de-vache-michibo-un-heritage-culturel-et-ecologique-au-coeur-de-la-vie-rurale\/#breadcrumb","itemListElement":[{"@type":"ListItem","position":1,"name":"Accueil","item":"https:\/\/lacolombeplus.net\/"},{"@type":"ListItem","position":2,"name":"La bouse de vache \u00ab Michibo \u00bb : un h\u00e9ritage culturel et \u00e9cologique au c\u0153ur de la vie rurale"}]},{"@type":"WebSite","@id":"https:\/\/lacolombeplus.net\/#website","url":"https:\/\/lacolombeplus.net\/","name":"Lacolombeplus","description":"","publisher":{"@id":"https:\/\/lacolombeplus.net\/#organization"},"potentialAction":[{"@type":"SearchAction","target":{"@type":"EntryPoint","urlTemplate":"https:\/\/lacolombeplus.net\/?s={search_term_string}"},"query-input":{"@type":"PropertyValueSpecification","valueRequired":true,"valueName":"search_term_string"}}],"inLanguage":"fr-FR"},{"@type":"Organization","@id":"https:\/\/lacolombeplus.net\/#organization","name":"lacolombeplus.net","url":"https:\/\/lacolombeplus.net\/","logo":{"@type":"ImageObject","inLanguage":"fr-FR","@id":"https:\/\/lacolombeplus.net\/#\/schema\/logo\/image\/","url":"https:\/\/lacolombeplus.net\/wp-content\/uploads\/2026\/04\/a84391f3-a521-4177-867d-b9aaa3066b88.png","contentUrl":"https:\/\/lacolombeplus.net\/wp-content\/uploads\/2026\/04\/a84391f3-a521-4177-867d-b9aaa3066b88.png","width":1045,"height":1505,"caption":"lacolombeplus.net"},"image":{"@id":"https:\/\/lacolombeplus.net\/#\/schema\/logo\/image\/"},"sameAs":["https:\/\/web.facebook.com\/profile.php?id=61589477078953"]},{"@type":"Person","@id":"https:\/\/lacolombeplus.net\/#\/schema\/person\/1a433b3fa6e8f9696f18ece67a69915c","name":"Dramane FAYAMA","image":{"@type":"ImageObject","inLanguage":"fr-FR","@id":"https:\/\/secure.gravatar.com\/avatar\/6ae061b9c102ae93ffb7a4076195d78ace54801f91540899a6e8aacf91eacff8?s=96&d=mm&r=g","url":"https:\/\/secure.gravatar.com\/avatar\/6ae061b9c102ae93ffb7a4076195d78ace54801f91540899a6e8aacf91eacff8?s=96&d=mm&r=g","contentUrl":"https:\/\/secure.gravatar.com\/avatar\/6ae061b9c102ae93ffb7a4076195d78ace54801f91540899a6e8aacf91eacff8?s=96&d=mm&r=g","caption":"Dramane FAYAMA"},"url":"https:\/\/lacolombeplus.net\/index.php\/author\/dramane\/"}]}},"jetpack_featured_media_url":"https:\/\/lacolombeplus.net\/wp-content\/uploads\/2026\/07\/IMG-20260730-WA0014.webp","jetpack_sharing_enabled":true,"_links":{"self":[{"href":"https:\/\/lacolombeplus.net\/index.php\/wp-json\/wp\/v2\/posts\/38759","targetHints":{"allow":["GET"]}}],"collection":[{"href":"https:\/\/lacolombeplus.net\/index.php\/wp-json\/wp\/v2\/posts"}],"about":[{"href":"https:\/\/lacolombeplus.net\/index.php\/wp-json\/wp\/v2\/types\/post"}],"author":[{"embeddable":true,"href":"https:\/\/lacolombeplus.net\/index.php\/wp-json\/wp\/v2\/users\/6"}],"replies":[{"embeddable":true,"href":"https:\/\/lacolombeplus.net\/index.php\/wp-json\/wp\/v2\/comments?post=38759"}],"version-history":[{"count":1,"href":"https:\/\/lacolombeplus.net\/index.php\/wp-json\/wp\/v2\/posts\/38759\/revisions"}],"predecessor-version":[{"id":38764,"href":"https:\/\/lacolombeplus.net\/index.php\/wp-json\/wp\/v2\/posts\/38759\/revisions\/38764"}],"wp:featuredmedia":[{"embeddable":true,"href":"https:\/\/lacolombeplus.net\/index.php\/wp-json\/wp\/v2\/media\/38772"}],"wp:attachment":[{"href":"https:\/\/lacolombeplus.net\/index.php\/wp-json\/wp\/v2\/media?parent=38759"}],"wp:term":[{"taxonomy":"category","embeddable":true,"href":"https:\/\/lacolombeplus.net\/index.php\/wp-json\/wp\/v2\/categories?post=38759"},{"taxonomy":"post_tag","embeddable":true,"href":"https:\/\/lacolombeplus.net\/index.php\/wp-json\/wp\/v2\/tags?post=38759"}],"curies":[{"name":"wp","href":"https:\/\/api.w.org\/{rel}","templated":true}]}}