{"id":38751,"date":"2026-07-29T14:15:04","date_gmt":"2026-07-29T14:15:04","guid":{"rendered":"https:\/\/lacolombeplus.net\/?p=38751"},"modified":"2026-07-29T14:15:04","modified_gmt":"2026-07-29T14:15:04","slug":"chine-burkina-faso-ouagadougou-celebre-les-99-ans-dune-armee-au-service-de-la-paix","status":"publish","type":"post","link":"https:\/\/lacolombeplus.net\/index.php\/2026\/07\/29\/chine-burkina-faso-ouagadougou-celebre-les-99-ans-dune-armee-au-service-de-la-paix\/","title":{"rendered":"Chine-Burkina Faso : Ouagadougou c\u00e9l\u00e8bre les 99 ans d&rsquo;une arm\u00e9e \u00ab au service de la paix \u00bb"},"content":{"rendered":"<p><strong>L&rsquo;ambassade de Chine \u00e0 Ouagadougou a c\u00e9l\u00e9br\u00e9, le 28 juillet 2026, le 99e anniversaire de la fondation de l&rsquo;Arm\u00e9e populaire de Lib\u00e9ration (APL). En pr\u00e9sence du ministre charg\u00e9 de la Guerre, le G\u00e9n\u00e9ral de Division C\u00e9lestin Simpor\u00e9, et du Pr\u00e9sident de la Commission nationale de la Conf\u00e9d\u00e9ration des \u00c9tats du Sahel (AES), Bassolma Bazi\u00e9, la c\u00e9r\u00e9monie a permis \u00e0 P\u00e9kin de r\u00e9affirmer son soutien au Burkina Faso dans la lutte contre le terrorisme et de pr\u00e9senter son arm\u00e9e comme une force \u00ab d\u00e9fensive \u00bb, engag\u00e9e pour la paix internationale.<\/strong><\/p>\n<p>Pour la Chine, cette date comm\u00e9more la naissance de l&rsquo;APL, issue du soul\u00e8vement de Nanchang du 1er ao\u00fbt 1927, moment fondateur de l&rsquo;histoire r\u00e9volutionnaire du pays. Elle renvoie \u00e9galement aux notions de souverainet\u00e9, d&rsquo;unit\u00e9 nationale et de protection de la patrie.<\/p>\n<p style=\"text-align: center;\"><strong>Un partenariat que P\u00e9kin veut \u00ab strat\u00e9gique \u00bb<\/strong><\/p>\n<figure id=\"attachment_38754\" aria-describedby=\"caption-attachment-38754\" style=\"width: 673px\" class=\"wp-caption alignleft\"><img fetchpriority=\"high\" decoding=\"async\" class=\"wp-image-38754\" src=\"http:\/\/lacolombeplus.net\/wp-content\/uploads\/2026\/07\/WhatsApp-Image-2026-07-29-at-13.56.57.webp\" alt=\"\" width=\"673\" height=\"379\" srcset=\"https:\/\/lacolombeplus.net\/wp-content\/uploads\/2026\/07\/WhatsApp-Image-2026-07-29-at-13.56.57.webp 1600w, https:\/\/lacolombeplus.net\/wp-content\/uploads\/2026\/07\/WhatsApp-Image-2026-07-29-at-13.56.57-300x169.webp 300w, https:\/\/lacolombeplus.net\/wp-content\/uploads\/2026\/07\/WhatsApp-Image-2026-07-29-at-13.56.57-1024x576.webp 1024w, https:\/\/lacolombeplus.net\/wp-content\/uploads\/2026\/07\/WhatsApp-Image-2026-07-29-at-13.56.57-768x432.webp 768w, https:\/\/lacolombeplus.net\/wp-content\/uploads\/2026\/07\/WhatsApp-Image-2026-07-29-at-13.56.57-1536x864.webp 1536w\" sizes=\"(max-width: 673px) 100vw, 673px\" \/><figcaption id=\"caption-attachment-38754\" class=\"wp-caption-text\">Zhao Deyong, \u00ab L&rsquo;arm\u00e9e chinoise demeure une force r\u00e9solue au service de la paix mondiale. \u00bb<\/figcaption><\/figure>\n<p>Dans son discours, l&rsquo;ambassadeur de Chine au Burkina Faso, Zhao Deyong, a salu\u00e9 la pr\u00e9sence des autorit\u00e9s burkinab\u00e8, y voyant un signe de l&rsquo;attention particuli\u00e8re accord\u00e9e par le capitaine Ibrahim Traor\u00e9 et son gouvernement aux relations entre les deux pays et \u00e0 la coop\u00e9ration entre leurs arm\u00e9es. Il a inscrit cette comm\u00e9moration dans un cadre plus large, \u00e9voquant le 105e anniversaire du Parti communiste chinois et le lancement du 15e Plan quinquennal de la Chine, ainsi que le 70e anniversaire des relations diplomatiques sino-africaines et l&rsquo;Ann\u00e9e des \u00e9changes humains et culturels Chine-Afrique.<\/p>\n<p>Le diplomate a rappel\u00e9 la ligne d\u00e9fendue par P\u00e9kin en mati\u00e8re de d\u00e9fense, pr\u00e9sent\u00e9e comme \u00ab d\u00e9fensive \u00bb et tourn\u00e9e vers la paix et la s\u00e9curit\u00e9 internationales et r\u00e9gionales, ainsi que les initiatives port\u00e9es par la Chine en mati\u00e8re de d\u00e9veloppement, de s\u00e9curit\u00e9, de civilisation et de gouvernance mondiale.<\/p>\n<p>\u00ab <em>La Chine est dispos\u00e9e \u00e0 travailler main dans la main avec le Burkina Faso, \u00e0 approfondir la coop\u00e9ration pragmatique dans tous les domaines, et \u00e0 b\u00e2tir ensemble une communaut\u00e9 d&rsquo;avenir partag\u00e9 Chine-Afrique de tout temps \u00e0 l&rsquo;\u00e8re nouvelle<\/em> \u00bb, a d\u00e9clar\u00e9 Zhao Deyong, ajoutant vouloir \u00ab promouvoir la modernisation de la Chine et de l&rsquo;Afrique au service de la modernisation du Sud global \u00bb.<\/p>\n<p style=\"text-align: center;\"><strong>L&rsquo;APL, une force au c\u0153ur du maintien de la paix mondial<\/strong><\/p>\n<p>L&rsquo;attach\u00e9 de d\u00e9fense chinois au Burkina Faso, Ma Tengfei, a mis en avant la contribution de l&rsquo;APL aux op\u00e9rations de maintien de la paix, \u00e0 la s\u00e9curit\u00e9 maritime et aux secours humanitaires. Selon lui, la Chine est aujourd&rsquo;hui le premier contributeur en effectifs parmi les membres permanents du Conseil de s\u00e9curit\u00e9 des Nations unies et le deuxi\u00e8me contributeur financier \u00e0 ces op\u00e9rations, avec une force de r\u00e9serve permanente de 8 000 soldats pr\u00eate \u00e0 \u00eatre d\u00e9ploy\u00e9e.<\/p>\n<p><img decoding=\"async\" class=\" wp-image-38756 alignright\" src=\"http:\/\/lacolombeplus.net\/wp-content\/uploads\/2026\/07\/759596187_1400419111948724_5015508698699785_n.webp\" alt=\"\" width=\"497\" height=\"331\" srcset=\"https:\/\/lacolombeplus.net\/wp-content\/uploads\/2026\/07\/759596187_1400419111948724_5015508698699785_n.webp 1579w, https:\/\/lacolombeplus.net\/wp-content\/uploads\/2026\/07\/759596187_1400419111948724_5015508698699785_n-300x200.webp 300w, https:\/\/lacolombeplus.net\/wp-content\/uploads\/2026\/07\/759596187_1400419111948724_5015508698699785_n-1024x682.webp 1024w, https:\/\/lacolombeplus.net\/wp-content\/uploads\/2026\/07\/759596187_1400419111948724_5015508698699785_n-768x512.webp 768w, https:\/\/lacolombeplus.net\/wp-content\/uploads\/2026\/07\/759596187_1400419111948724_5015508698699785_n-1536x1023.webp 1536w, https:\/\/lacolombeplus.net\/wp-content\/uploads\/2026\/07\/759596187_1400419111948724_5015508698699785_n-600x398.webp 600w\" sizes=\"(max-width: 497px) 100vw, 497px\" \/><\/p>\n<p>Depuis sa premi\u00e8re participation \u00e0 une mission de maintien de la paix de l&rsquo;ONU en 1990, la Chine a envoy\u00e9 plus de 50 000 militaires dans des missions d\u00e9ploy\u00e9es dans plus de vingt pays et r\u00e9gions ; 17 soldats chinois y ont perdu la vie, a-t-il rappel\u00e9.<\/p>\n<p>\u00ab <em>\u00c0 la fin du mois de juin de cette ann\u00e9e, 48 rotations avaient \u00e9t\u00e9 effectu\u00e9es, mobilisant plus de 150 navires et 36 000 officiers et soldats. Ces op\u00e9rations ont assur\u00e9 la protection de plus de 7 400 navires chinois et \u00e9trangers r\u00e9partis sur plus de 1 700 convois<\/em> \u00bb, a-t-il d\u00e9taill\u00e9, \u00e9voquant les missions d&rsquo;escorte de la marine chinoise dans le golfe d&rsquo;Aden et au large des c\u00f4tes somaliennes, o\u00f9 plus de la moiti\u00e9 des navires escort\u00e9s \u00e9taient \u00e9trangers.<\/p>\n<p>\u00ab L&rsquo;arm\u00e9e chinoise demeure une force r\u00e9solue au service de la paix mondiale. Elle est dispos\u00e9e \u00e0 approfondir les \u00e9changes pragmatiques et la coop\u00e9ration avec les forces arm\u00e9es du Burkina Faso ainsi qu&rsquo;avec celles de tous les pays \u00bb, a-t-il ajout\u00e9, r\u00e9affirmant l&rsquo;engagement de la Chine aux c\u00f4t\u00e9s de Ouagadougou depuis le r\u00e9tablissement des relations diplomatiques entre les deux pays.<\/p>\n<p style=\"text-align: center;\"><strong>Simpor\u00e9 : \u00ab des points communs \u00bb entre Ouagadougou et P\u00e9kin<\/strong><\/p>\n<figure id=\"attachment_38752\" aria-describedby=\"caption-attachment-38752\" style=\"width: 512px\" class=\"wp-caption alignleft\"><img decoding=\"async\" class=\"wp-image-38752\" src=\"http:\/\/lacolombeplus.net\/wp-content\/uploads\/2026\/07\/WhatsApp-Image-2026-07-29-at-14.00.02.webp\" alt=\"\" width=\"512\" height=\"288\" srcset=\"https:\/\/lacolombeplus.net\/wp-content\/uploads\/2026\/07\/WhatsApp-Image-2026-07-29-at-14.00.02.webp 1600w, https:\/\/lacolombeplus.net\/wp-content\/uploads\/2026\/07\/WhatsApp-Image-2026-07-29-at-14.00.02-300x169.webp 300w, https:\/\/lacolombeplus.net\/wp-content\/uploads\/2026\/07\/WhatsApp-Image-2026-07-29-at-14.00.02-1024x576.webp 1024w, https:\/\/lacolombeplus.net\/wp-content\/uploads\/2026\/07\/WhatsApp-Image-2026-07-29-at-14.00.02-768x432.webp 768w, https:\/\/lacolombeplus.net\/wp-content\/uploads\/2026\/07\/WhatsApp-Image-2026-07-29-at-14.00.02-1536x864.webp 1536w\" sizes=\"(max-width: 512px) 100vw, 512px\" \/><figcaption id=\"caption-attachment-38752\" class=\"wp-caption-text\">\u00ab Les succ\u00e8s que nos forces combattantes engrangent sur le terrain sont aussi le fruit d&rsquo;un partenariat technique, solide et respectueux de nos priorit\u00e9s \u00bb, G\u00e9n\u00e9ral de Brigade C\u00e9lestin Simpor\u00e9, ministre charg\u00e9 de la Guerre<\/figcaption><\/figure>\n<p>Prenant la parole \u00e0 son tour, le G\u00e9n\u00e9ral de Brigade C\u00e9lestin Simpor\u00e9, ministre charg\u00e9 de la Guerre, a souhait\u00e9 une bonne c\u00e9l\u00e9bration \u00e0 la Chine, relevant que le Burkina Faso et la Chine partagent des points communs : la d\u00e9fense jalouse de leur souverainet\u00e9 nationale et le droit inali\u00e9nable de guider leurs propres destins.<\/p>\n<p>\u00ab <em>Je m&rsquo;incline devant la force, le courage, la r\u00e9silience et l&rsquo;engagement de l&rsquo;arm\u00e9e populaire de lib\u00e9ration depuis sa naissance, lors du soul\u00e8vement de Nanchang, le 1er ao\u00fbt 1927 jusqu&rsquo;\u00e0 nos jours<\/em> \u00bb, a d\u00e9clar\u00e9 le ministre, saluant l&rsquo;appui \u00ab concret et pragmatique \u00bb de la Chine dans la lutte contre le terrorisme, qu&rsquo;il a qualifi\u00e9 de t\u00e9moignage d&rsquo;une amiti\u00e9 sinc\u00e8re et agissante.<\/p>\n<p>\u00ab <em>Les succ\u00e8s que nos forces combattantes engrangent sur le terrain sont aussi le fruit d&rsquo;un partenariat technique, solide et respectueux de nos priorit\u00e9s<\/em> \u00bb, a-t-il ajout\u00e9, avant de souhaiter une fructueuse mission au nouvel attach\u00e9 de d\u00e9fense accr\u00e9dit\u00e9 de la Chine au Burkina Faso.<\/p>\n<p style=\"text-align: center;\"><strong>Une comm\u00e9moration aux allures de tribune diplomatique<\/strong><\/p>\n<p>Au-del\u00e0 de la solennit\u00e9 du moment, cette comm\u00e9moration a servi de tribune pour r\u00e9affirmer la profondeur d&rsquo;un partenariat que P\u00e9kin pr\u00e9sente comme strat\u00e9gique. Dans le contexte s\u00e9curitaire et diplomatique actuel, la Chine entend visiblement consolider sa pr\u00e9sence \u00e0 Ouagadougou, tout en donnant \u00e0 voir une arm\u00e9e qu&rsquo;elle d\u00e9crit comme une force de paix, de stabilit\u00e9 et de progr\u00e8s.<\/p>\n<p style=\"text-align: right;\"><strong>La r\u00e9daction<\/strong><\/p>\n","protected":false},"excerpt":{"rendered":"<p>L&rsquo;ambassade de Chine \u00e0 Ouagadougou a c\u00e9l\u00e9br\u00e9, le 28 juillet 2026, le 99e anniversaire de la fondation de l&rsquo;Arm\u00e9e populaire de Lib\u00e9ration (APL). En pr\u00e9sence du ministre charg\u00e9 de la Guerre, le G\u00e9n\u00e9ral de Division C\u00e9lestin Simpor\u00e9, et du Pr\u00e9sident de la Commission nationale de la Conf\u00e9d\u00e9ration des \u00c9tats du Sahel (AES), Bassolma Bazi\u00e9, la&#8230;<\/p>\n","protected":false},"author":6,"featured_media":38753,"comment_status":"open","ping_status":"open","sticky":false,"template":"","format":"standard","meta":{"_jetpack_newsletter_access":"","_jetpack_dont_email_post_to_subs":false,"_jetpack_newsletter_tier_id":0,"_jetpack_memberships_contains_paywalled_content":false,"_jetpack_feature_clip_id":0,"_jetpack_memberships_contains_paid_content":false,"footnotes":"","jetpack_post_was_ever_published":false},"categories":[2,6],"tags":[],"class_list":["post-38751","post","type-post","status-publish","format-standard","has-post-thumbnail","hentry","category-a-la-une","category-politique"],"yoast_head":"<!-- This site is optimized with the Yoast SEO plugin v28.3 - https:\/\/yoast.com\/product\/yoast-seo-wordpress\/ -->\n<title>Chine-Burkina Faso : Ouagadougou c\u00e9l\u00e8bre les 99 ans d&#039;une arm\u00e9e \u00ab au service de la paix \u00bb - WordPress<\/title>\n<meta name=\"robots\" content=\"index, follow, max-snippet:-1, max-image-preview:large, max-video-preview:-1\" \/>\n<link rel=\"canonical\" href=\"https:\/\/lacolombeplus.net\/index.php\/2026\/07\/29\/chine-burkina-faso-ouagadougou-celebre-les-99-ans-dune-armee-au-service-de-la-paix\/\" \/>\n<meta property=\"og:locale\" content=\"fr_FR\" \/>\n<meta property=\"og:type\" content=\"article\" \/>\n<meta property=\"og:title\" content=\"Chine-Burkina Faso : Ouagadougou c\u00e9l\u00e8bre les 99 ans d&#039;une arm\u00e9e \u00ab au service de la paix \u00bb - WordPress\" \/>\n<meta property=\"og:description\" content=\"L&rsquo;ambassade de Chine \u00e0 Ouagadougou a c\u00e9l\u00e9br\u00e9, le 28 juillet 2026, le 99e anniversaire de la fondation de l&rsquo;Arm\u00e9e populaire de Lib\u00e9ration (APL). En pr\u00e9sence du ministre charg\u00e9 de la Guerre, le G\u00e9n\u00e9ral de Division C\u00e9lestin Simpor\u00e9, et du Pr\u00e9sident de la Commission nationale de la Conf\u00e9d\u00e9ration des \u00c9tats du Sahel (AES), Bassolma Bazi\u00e9, la...\" \/>\n<meta property=\"og:url\" content=\"https:\/\/lacolombeplus.net\/index.php\/2026\/07\/29\/chine-burkina-faso-ouagadougou-celebre-les-99-ans-dune-armee-au-service-de-la-paix\/\" \/>\n<meta property=\"og:site_name\" content=\"WordPress\" \/>\n<meta property=\"article:publisher\" content=\"https:\/\/web.facebook.com\/profile.php?id=61589477078953\" \/>\n<meta property=\"article:published_time\" content=\"2026-07-29T14:15:04+00:00\" \/>\n<meta property=\"og:image\" content=\"http:\/\/lacolombeplus.net\/wp-content\/uploads\/2026\/07\/WhatsApp-Image-2026-07-29-at-13.56.57-1.webp\" \/>\n\t<meta property=\"og:image:width\" content=\"1600\" \/>\n\t<meta property=\"og:image:height\" content=\"965\" \/>\n\t<meta property=\"og:image:type\" content=\"image\/webp\" \/>\n<meta name=\"author\" content=\"Dramane FAYAMA\" \/>\n<meta name=\"twitter:card\" content=\"summary_large_image\" \/>\n<meta name=\"twitter:label1\" content=\"\u00c9crit par\" \/>\n\t<meta name=\"twitter:data1\" content=\"Dramane FAYAMA\" \/>\n\t<meta name=\"twitter:label2\" content=\"Dur\u00e9e de lecture estim\u00e9e\" \/>\n\t<meta name=\"twitter:data2\" content=\"6 minutes\" \/>\n<script type=\"application\/ld+json\" class=\"yoast-schema-graph\">{\"@context\":\"https:\\\/\\\/schema.org\",\"@graph\":[{\"@type\":\"Article\",\"@id\":\"https:\\\/\\\/lacolombeplus.net\\\/index.php\\\/2026\\\/07\\\/29\\\/chine-burkina-faso-ouagadougou-celebre-les-99-ans-dune-armee-au-service-de-la-paix\\\/#article\",\"isPartOf\":{\"@id\":\"https:\\\/\\\/lacolombeplus.net\\\/index.php\\\/2026\\\/07\\\/29\\\/chine-burkina-faso-ouagadougou-celebre-les-99-ans-dune-armee-au-service-de-la-paix\\\/\"},\"author\":{\"name\":\"Dramane FAYAMA\",\"@id\":\"https:\\\/\\\/lacolombeplus.net\\\/#\\\/schema\\\/person\\\/1a433b3fa6e8f9696f18ece67a69915c\"},\"headline\":\"Chine-Burkina Faso : Ouagadougou c\u00e9l\u00e8bre les 99 ans d&rsquo;une arm\u00e9e \u00ab au service de la paix \u00bb\",\"datePublished\":\"2026-07-29T14:15:04+00:00\",\"mainEntityOfPage\":{\"@id\":\"https:\\\/\\\/lacolombeplus.net\\\/index.php\\\/2026\\\/07\\\/29\\\/chine-burkina-faso-ouagadougou-celebre-les-99-ans-dune-armee-au-service-de-la-paix\\\/\"},\"wordCount\":1029,\"commentCount\":0,\"publisher\":{\"@id\":\"https:\\\/\\\/lacolombeplus.net\\\/#organization\"},\"image\":{\"@id\":\"https:\\\/\\\/lacolombeplus.net\\\/index.php\\\/2026\\\/07\\\/29\\\/chine-burkina-faso-ouagadougou-celebre-les-99-ans-dune-armee-au-service-de-la-paix\\\/#primaryimage\"},\"thumbnailUrl\":\"https:\\\/\\\/lacolombeplus.net\\\/wp-content\\\/uploads\\\/2026\\\/07\\\/WhatsApp-Image-2026-07-29-at-13.56.57-1.webp\",\"articleSection\":[\"A la Une\",\"Politique\"],\"inLanguage\":\"fr-FR\",\"potentialAction\":[{\"@type\":\"CommentAction\",\"name\":\"Comment\",\"target\":[\"https:\\\/\\\/lacolombeplus.net\\\/index.php\\\/2026\\\/07\\\/29\\\/chine-burkina-faso-ouagadougou-celebre-les-99-ans-dune-armee-au-service-de-la-paix\\\/#respond\"]}]},{\"@type\":\"WebPage\",\"@id\":\"https:\\\/\\\/lacolombeplus.net\\\/index.php\\\/2026\\\/07\\\/29\\\/chine-burkina-faso-ouagadougou-celebre-les-99-ans-dune-armee-au-service-de-la-paix\\\/\",\"url\":\"https:\\\/\\\/lacolombeplus.net\\\/index.php\\\/2026\\\/07\\\/29\\\/chine-burkina-faso-ouagadougou-celebre-les-99-ans-dune-armee-au-service-de-la-paix\\\/\",\"name\":\"Chine-Burkina Faso : Ouagadougou c\u00e9l\u00e8bre les 99 ans d'une arm\u00e9e \u00ab au service de la paix \u00bb - WordPress\",\"isPartOf\":{\"@id\":\"https:\\\/\\\/lacolombeplus.net\\\/#website\"},\"primaryImageOfPage\":{\"@id\":\"https:\\\/\\\/lacolombeplus.net\\\/index.php\\\/2026\\\/07\\\/29\\\/chine-burkina-faso-ouagadougou-celebre-les-99-ans-dune-armee-au-service-de-la-paix\\\/#primaryimage\"},\"image\":{\"@id\":\"https:\\\/\\\/lacolombeplus.net\\\/index.php\\\/2026\\\/07\\\/29\\\/chine-burkina-faso-ouagadougou-celebre-les-99-ans-dune-armee-au-service-de-la-paix\\\/#primaryimage\"},\"thumbnailUrl\":\"https:\\\/\\\/lacolombeplus.net\\\/wp-content\\\/uploads\\\/2026\\\/07\\\/WhatsApp-Image-2026-07-29-at-13.56.57-1.webp\",\"datePublished\":\"2026-07-29T14:15:04+00:00\",\"breadcrumb\":{\"@id\":\"https:\\\/\\\/lacolombeplus.net\\\/index.php\\\/2026\\\/07\\\/29\\\/chine-burkina-faso-ouagadougou-celebre-les-99-ans-dune-armee-au-service-de-la-paix\\\/#breadcrumb\"},\"inLanguage\":\"fr-FR\",\"potentialAction\":[{\"@type\":\"ReadAction\",\"target\":[\"https:\\\/\\\/lacolombeplus.net\\\/index.php\\\/2026\\\/07\\\/29\\\/chine-burkina-faso-ouagadougou-celebre-les-99-ans-dune-armee-au-service-de-la-paix\\\/\"]}]},{\"@type\":\"ImageObject\",\"inLanguage\":\"fr-FR\",\"@id\":\"https:\\\/\\\/lacolombeplus.net\\\/index.php\\\/2026\\\/07\\\/29\\\/chine-burkina-faso-ouagadougou-celebre-les-99-ans-dune-armee-au-service-de-la-paix\\\/#primaryimage\",\"url\":\"https:\\\/\\\/lacolombeplus.net\\\/wp-content\\\/uploads\\\/2026\\\/07\\\/WhatsApp-Image-2026-07-29-at-13.56.57-1.webp\",\"contentUrl\":\"https:\\\/\\\/lacolombeplus.net\\\/wp-content\\\/uploads\\\/2026\\\/07\\\/WhatsApp-Image-2026-07-29-at-13.56.57-1.webp\",\"width\":1600,\"height\":965},{\"@type\":\"BreadcrumbList\",\"@id\":\"https:\\\/\\\/lacolombeplus.net\\\/index.php\\\/2026\\\/07\\\/29\\\/chine-burkina-faso-ouagadougou-celebre-les-99-ans-dune-armee-au-service-de-la-paix\\\/#breadcrumb\",\"itemListElement\":[{\"@type\":\"ListItem\",\"position\":1,\"name\":\"Accueil\",\"item\":\"https:\\\/\\\/lacolombeplus.net\\\/\"},{\"@type\":\"ListItem\",\"position\":2,\"name\":\"Chine-Burkina Faso : Ouagadougou c\u00e9l\u00e8bre les 99 ans d&rsquo;une arm\u00e9e \u00ab au service de la paix \u00bb\"}]},{\"@type\":\"WebSite\",\"@id\":\"https:\\\/\\\/lacolombeplus.net\\\/#website\",\"url\":\"https:\\\/\\\/lacolombeplus.net\\\/\",\"name\":\"Lacolombeplus\",\"description\":\"\",\"publisher\":{\"@id\":\"https:\\\/\\\/lacolombeplus.net\\\/#organization\"},\"potentialAction\":[{\"@type\":\"SearchAction\",\"target\":{\"@type\":\"EntryPoint\",\"urlTemplate\":\"https:\\\/\\\/lacolombeplus.net\\\/?s={search_term_string}\"},\"query-input\":{\"@type\":\"PropertyValueSpecification\",\"valueRequired\":true,\"valueName\":\"search_term_string\"}}],\"inLanguage\":\"fr-FR\"},{\"@type\":\"Organization\",\"@id\":\"https:\\\/\\\/lacolombeplus.net\\\/#organization\",\"name\":\"lacolombeplus.net\",\"url\":\"https:\\\/\\\/lacolombeplus.net\\\/\",\"logo\":{\"@type\":\"ImageObject\",\"inLanguage\":\"fr-FR\",\"@id\":\"https:\\\/\\\/lacolombeplus.net\\\/#\\\/schema\\\/logo\\\/image\\\/\",\"url\":\"https:\\\/\\\/lacolombeplus.net\\\/wp-content\\\/uploads\\\/2026\\\/04\\\/a84391f3-a521-4177-867d-b9aaa3066b88.png\",\"contentUrl\":\"https:\\\/\\\/lacolombeplus.net\\\/wp-content\\\/uploads\\\/2026\\\/04\\\/a84391f3-a521-4177-867d-b9aaa3066b88.png\",\"width\":1045,\"height\":1505,\"caption\":\"lacolombeplus.net\"},\"image\":{\"@id\":\"https:\\\/\\\/lacolombeplus.net\\\/#\\\/schema\\\/logo\\\/image\\\/\"},\"sameAs\":[\"https:\\\/\\\/web.facebook.com\\\/profile.php?id=61589477078953\"]},{\"@type\":\"Person\",\"@id\":\"https:\\\/\\\/lacolombeplus.net\\\/#\\\/schema\\\/person\\\/1a433b3fa6e8f9696f18ece67a69915c\",\"name\":\"Dramane FAYAMA\",\"image\":{\"@type\":\"ImageObject\",\"inLanguage\":\"fr-FR\",\"@id\":\"https:\\\/\\\/secure.gravatar.com\\\/avatar\\\/6ae061b9c102ae93ffb7a4076195d78ace54801f91540899a6e8aacf91eacff8?s=96&d=mm&r=g\",\"url\":\"https:\\\/\\\/secure.gravatar.com\\\/avatar\\\/6ae061b9c102ae93ffb7a4076195d78ace54801f91540899a6e8aacf91eacff8?s=96&d=mm&r=g\",\"contentUrl\":\"https:\\\/\\\/secure.gravatar.com\\\/avatar\\\/6ae061b9c102ae93ffb7a4076195d78ace54801f91540899a6e8aacf91eacff8?s=96&d=mm&r=g\",\"caption\":\"Dramane FAYAMA\"},\"url\":\"https:\\\/\\\/lacolombeplus.net\\\/index.php\\\/author\\\/dramane\\\/\"}]}<\/script>\n<!-- \/ Yoast SEO plugin. -->","yoast_head_json":{"title":"Chine-Burkina Faso : Ouagadougou c\u00e9l\u00e8bre les 99 ans d'une arm\u00e9e \u00ab au service de la paix \u00bb - WordPress","robots":{"index":"index","follow":"follow","max-snippet":"max-snippet:-1","max-image-preview":"max-image-preview:large","max-video-preview":"max-video-preview:-1"},"canonical":"https:\/\/lacolombeplus.net\/index.php\/2026\/07\/29\/chine-burkina-faso-ouagadougou-celebre-les-99-ans-dune-armee-au-service-de-la-paix\/","og_locale":"fr_FR","og_type":"article","og_title":"Chine-Burkina Faso : Ouagadougou c\u00e9l\u00e8bre les 99 ans d'une arm\u00e9e \u00ab au service de la paix \u00bb - WordPress","og_description":"L&rsquo;ambassade de Chine \u00e0 Ouagadougou a c\u00e9l\u00e9br\u00e9, le 28 juillet 2026, le 99e anniversaire de la fondation de l&rsquo;Arm\u00e9e populaire de Lib\u00e9ration (APL). En pr\u00e9sence du ministre charg\u00e9 de la Guerre, le G\u00e9n\u00e9ral de Division C\u00e9lestin Simpor\u00e9, et du Pr\u00e9sident de la Commission nationale de la Conf\u00e9d\u00e9ration des \u00c9tats du Sahel (AES), Bassolma Bazi\u00e9, la...","og_url":"https:\/\/lacolombeplus.net\/index.php\/2026\/07\/29\/chine-burkina-faso-ouagadougou-celebre-les-99-ans-dune-armee-au-service-de-la-paix\/","og_site_name":"WordPress","article_publisher":"https:\/\/web.facebook.com\/profile.php?id=61589477078953","article_published_time":"2026-07-29T14:15:04+00:00","og_image":[{"width":1600,"height":965,"url":"http:\/\/lacolombeplus.net\/wp-content\/uploads\/2026\/07\/WhatsApp-Image-2026-07-29-at-13.56.57-1.webp","type":"image\/webp"}],"author":"Dramane FAYAMA","twitter_card":"summary_large_image","twitter_misc":{"\u00c9crit par":"Dramane FAYAMA","Dur\u00e9e de lecture estim\u00e9e":"6 minutes"},"schema":{"@context":"https:\/\/schema.org","@graph":[{"@type":"Article","@id":"https:\/\/lacolombeplus.net\/index.php\/2026\/07\/29\/chine-burkina-faso-ouagadougou-celebre-les-99-ans-dune-armee-au-service-de-la-paix\/#article","isPartOf":{"@id":"https:\/\/lacolombeplus.net\/index.php\/2026\/07\/29\/chine-burkina-faso-ouagadougou-celebre-les-99-ans-dune-armee-au-service-de-la-paix\/"},"author":{"name":"Dramane FAYAMA","@id":"https:\/\/lacolombeplus.net\/#\/schema\/person\/1a433b3fa6e8f9696f18ece67a69915c"},"headline":"Chine-Burkina Faso : Ouagadougou c\u00e9l\u00e8bre les 99 ans d&rsquo;une arm\u00e9e \u00ab au service de la paix \u00bb","datePublished":"2026-07-29T14:15:04+00:00","mainEntityOfPage":{"@id":"https:\/\/lacolombeplus.net\/index.php\/2026\/07\/29\/chine-burkina-faso-ouagadougou-celebre-les-99-ans-dune-armee-au-service-de-la-paix\/"},"wordCount":1029,"commentCount":0,"publisher":{"@id":"https:\/\/lacolombeplus.net\/#organization"},"image":{"@id":"https:\/\/lacolombeplus.net\/index.php\/2026\/07\/29\/chine-burkina-faso-ouagadougou-celebre-les-99-ans-dune-armee-au-service-de-la-paix\/#primaryimage"},"thumbnailUrl":"https:\/\/lacolombeplus.net\/wp-content\/uploads\/2026\/07\/WhatsApp-Image-2026-07-29-at-13.56.57-1.webp","articleSection":["A la Une","Politique"],"inLanguage":"fr-FR","potentialAction":[{"@type":"CommentAction","name":"Comment","target":["https:\/\/lacolombeplus.net\/index.php\/2026\/07\/29\/chine-burkina-faso-ouagadougou-celebre-les-99-ans-dune-armee-au-service-de-la-paix\/#respond"]}]},{"@type":"WebPage","@id":"https:\/\/lacolombeplus.net\/index.php\/2026\/07\/29\/chine-burkina-faso-ouagadougou-celebre-les-99-ans-dune-armee-au-service-de-la-paix\/","url":"https:\/\/lacolombeplus.net\/index.php\/2026\/07\/29\/chine-burkina-faso-ouagadougou-celebre-les-99-ans-dune-armee-au-service-de-la-paix\/","name":"Chine-Burkina Faso : Ouagadougou c\u00e9l\u00e8bre les 99 ans d'une arm\u00e9e \u00ab au service de la paix \u00bb - WordPress","isPartOf":{"@id":"https:\/\/lacolombeplus.net\/#website"},"primaryImageOfPage":{"@id":"https:\/\/lacolombeplus.net\/index.php\/2026\/07\/29\/chine-burkina-faso-ouagadougou-celebre-les-99-ans-dune-armee-au-service-de-la-paix\/#primaryimage"},"image":{"@id":"https:\/\/lacolombeplus.net\/index.php\/2026\/07\/29\/chine-burkina-faso-ouagadougou-celebre-les-99-ans-dune-armee-au-service-de-la-paix\/#primaryimage"},"thumbnailUrl":"https:\/\/lacolombeplus.net\/wp-content\/uploads\/2026\/07\/WhatsApp-Image-2026-07-29-at-13.56.57-1.webp","datePublished":"2026-07-29T14:15:04+00:00","breadcrumb":{"@id":"https:\/\/lacolombeplus.net\/index.php\/2026\/07\/29\/chine-burkina-faso-ouagadougou-celebre-les-99-ans-dune-armee-au-service-de-la-paix\/#breadcrumb"},"inLanguage":"fr-FR","potentialAction":[{"@type":"ReadAction","target":["https:\/\/lacolombeplus.net\/index.php\/2026\/07\/29\/chine-burkina-faso-ouagadougou-celebre-les-99-ans-dune-armee-au-service-de-la-paix\/"]}]},{"@type":"ImageObject","inLanguage":"fr-FR","@id":"https:\/\/lacolombeplus.net\/index.php\/2026\/07\/29\/chine-burkina-faso-ouagadougou-celebre-les-99-ans-dune-armee-au-service-de-la-paix\/#primaryimage","url":"https:\/\/lacolombeplus.net\/wp-content\/uploads\/2026\/07\/WhatsApp-Image-2026-07-29-at-13.56.57-1.webp","contentUrl":"https:\/\/lacolombeplus.net\/wp-content\/uploads\/2026\/07\/WhatsApp-Image-2026-07-29-at-13.56.57-1.webp","width":1600,"height":965},{"@type":"BreadcrumbList","@id":"https:\/\/lacolombeplus.net\/index.php\/2026\/07\/29\/chine-burkina-faso-ouagadougou-celebre-les-99-ans-dune-armee-au-service-de-la-paix\/#breadcrumb","itemListElement":[{"@type":"ListItem","position":1,"name":"Accueil","item":"https:\/\/lacolombeplus.net\/"},{"@type":"ListItem","position":2,"name":"Chine-Burkina Faso : Ouagadougou c\u00e9l\u00e8bre les 99 ans d&rsquo;une arm\u00e9e \u00ab au service de la paix \u00bb"}]},{"@type":"WebSite","@id":"https:\/\/lacolombeplus.net\/#website","url":"https:\/\/lacolombeplus.net\/","name":"Lacolombeplus","description":"","publisher":{"@id":"https:\/\/lacolombeplus.net\/#organization"},"potentialAction":[{"@type":"SearchAction","target":{"@type":"EntryPoint","urlTemplate":"https:\/\/lacolombeplus.net\/?s={search_term_string}"},"query-input":{"@type":"PropertyValueSpecification","valueRequired":true,"valueName":"search_term_string"}}],"inLanguage":"fr-FR"},{"@type":"Organization","@id":"https:\/\/lacolombeplus.net\/#organization","name":"lacolombeplus.net","url":"https:\/\/lacolombeplus.net\/","logo":{"@type":"ImageObject","inLanguage":"fr-FR","@id":"https:\/\/lacolombeplus.net\/#\/schema\/logo\/image\/","url":"https:\/\/lacolombeplus.net\/wp-content\/uploads\/2026\/04\/a84391f3-a521-4177-867d-b9aaa3066b88.png","contentUrl":"https:\/\/lacolombeplus.net\/wp-content\/uploads\/2026\/04\/a84391f3-a521-4177-867d-b9aaa3066b88.png","width":1045,"height":1505,"caption":"lacolombeplus.net"},"image":{"@id":"https:\/\/lacolombeplus.net\/#\/schema\/logo\/image\/"},"sameAs":["https:\/\/web.facebook.com\/profile.php?id=61589477078953"]},{"@type":"Person","@id":"https:\/\/lacolombeplus.net\/#\/schema\/person\/1a433b3fa6e8f9696f18ece67a69915c","name":"Dramane FAYAMA","image":{"@type":"ImageObject","inLanguage":"fr-FR","@id":"https:\/\/secure.gravatar.com\/avatar\/6ae061b9c102ae93ffb7a4076195d78ace54801f91540899a6e8aacf91eacff8?s=96&d=mm&r=g","url":"https:\/\/secure.gravatar.com\/avatar\/6ae061b9c102ae93ffb7a4076195d78ace54801f91540899a6e8aacf91eacff8?s=96&d=mm&r=g","contentUrl":"https:\/\/secure.gravatar.com\/avatar\/6ae061b9c102ae93ffb7a4076195d78ace54801f91540899a6e8aacf91eacff8?s=96&d=mm&r=g","caption":"Dramane FAYAMA"},"url":"https:\/\/lacolombeplus.net\/index.php\/author\/dramane\/"}]}},"jetpack_featured_media_url":"https:\/\/lacolombeplus.net\/wp-content\/uploads\/2026\/07\/WhatsApp-Image-2026-07-29-at-13.56.57-1.webp","jetpack_sharing_enabled":true,"_links":{"self":[{"href":"https:\/\/lacolombeplus.net\/index.php\/wp-json\/wp\/v2\/posts\/38751","targetHints":{"allow":["GET"]}}],"collection":[{"href":"https:\/\/lacolombeplus.net\/index.php\/wp-json\/wp\/v2\/posts"}],"about":[{"href":"https:\/\/lacolombeplus.net\/index.php\/wp-json\/wp\/v2\/types\/post"}],"author":[{"embeddable":true,"href":"https:\/\/lacolombeplus.net\/index.php\/wp-json\/wp\/v2\/users\/6"}],"replies":[{"embeddable":true,"href":"https:\/\/lacolombeplus.net\/index.php\/wp-json\/wp\/v2\/comments?post=38751"}],"version-history":[{"count":3,"href":"https:\/\/lacolombeplus.net\/index.php\/wp-json\/wp\/v2\/posts\/38751\/revisions"}],"predecessor-version":[{"id":38758,"href":"https:\/\/lacolombeplus.net\/index.php\/wp-json\/wp\/v2\/posts\/38751\/revisions\/38758"}],"wp:featuredmedia":[{"embeddable":true,"href":"https:\/\/lacolombeplus.net\/index.php\/wp-json\/wp\/v2\/media\/38753"}],"wp:attachment":[{"href":"https:\/\/lacolombeplus.net\/index.php\/wp-json\/wp\/v2\/media?parent=38751"}],"wp:term":[{"taxonomy":"category","embeddable":true,"href":"https:\/\/lacolombeplus.net\/index.php\/wp-json\/wp\/v2\/categories?post=38751"},{"taxonomy":"post_tag","embeddable":true,"href":"https:\/\/lacolombeplus.net\/index.php\/wp-json\/wp\/v2\/tags?post=38751"}],"curies":[{"name":"wp","href":"https:\/\/api.w.org\/{rel}","templated":true}]}}