{"id":38748,"date":"2026-07-28T18:40:53","date_gmt":"2026-07-28T18:40:53","guid":{"rendered":"https:\/\/lacolombeplus.net\/?p=38748"},"modified":"2026-07-28T18:40:53","modified_gmt":"2026-07-28T18:40:53","slug":"kadiogo-lancement-de-la-deuxieme-edition-de-limmersion-patriotique-pour-plus-de-22-000-bacheliers","status":"publish","type":"post","link":"https:\/\/lacolombeplus.net\/index.php\/2026\/07\/28\/kadiogo-lancement-de-la-deuxieme-edition-de-limmersion-patriotique-pour-plus-de-22-000-bacheliers\/","title":{"rendered":"Kadiogo : lancement de la deuxi\u00e8me \u00e9dition de l&rsquo;immersion patriotique pour plus de 22 000 bacheliers"},"content":{"rendered":"<p class=\"font-claude-response-body break-words whitespace-normal\" dir=\"ltr\"><strong>Le gouverneur de la r\u00e9gion du Kadiogo, Abdoulaye Bassinga, a proc\u00e9d\u00e9 ce 28 juillet 2026 au lancement officiel de l&rsquo;immersion patriotique obligatoire destin\u00e9e aux nouveaux bacheliers, \u00e0 l&rsquo;occasion d&rsquo;une c\u00e9r\u00e9monie tenue au Lyc\u00e9e Alliance Chr\u00e9tienne, dans l&rsquo;arrondissement 9 de Ouagadougou.<\/strong><\/p>\n<p class=\"font-claude-response-body break-words whitespace-normal\" dir=\"ltr\">Cette deuxi\u00e8me \u00e9dition rassemble 22 187 bacheliers venus de toute la r\u00e9gion du Kadiogo. Ils seront r\u00e9partis sur 44 sites, couvrant les cinq circonscriptions administratives de l&rsquo;enseignement secondaire et de la formation professionnelle et technique de la r\u00e9gion. Pendant un mois, ces jeunes seront amen\u00e9s \u00e0 renforcer leur discipline personnelle et leur sens des responsabilit\u00e9s, tout en d\u00e9veloppant des valeurs comme la solidarit\u00e9, le respect des institutions et l&rsquo;attachement \u00e0 la nation.<\/p>\n<p class=\"font-claude-response-body break-words whitespace-normal\" dir=\"ltr\">Dans son allocution, \u200bAbdoulaye Bassinga, gouverneur de la r\u00e9gion du Kadiogo a pr\u00e9sent\u00e9 cette initiative comme la concr\u00e9tisation de la volont\u00e9 gouvernementale de b\u00e2tir une citoyennet\u00e9 forte et de contribuer \u00e0 l&rsquo;\u00e9mergence d&rsquo;un Burkina Faso r\u00e9silient et souverain, en misant sur la jeunesse. Il a \u00e9galement justifi\u00e9 le dispositif par la n\u00e9cessit\u00e9 de r\u00e9pondre \u00e0 certains comportements pr\u00e9occupants observ\u00e9s dans les \u00e9coles, qu&rsquo;il s&rsquo;agisse de manque de discipline, de consommation de drogues ou d&rsquo;un d\u00e9sint\u00e9r\u00eat pour les symboles nationaux. Selon lui, l&rsquo;immersion doit permettre aux jeunes de se rattacher aux id\u00e9aux de la R\u00e9volution progressiste populaire.<\/p>\n<p class=\"font-claude-response-body break-words whitespace-normal\" dir=\"ltr\">Le gouverneur a rappel\u00e9 que la mise en \u0153uvre de cette immersion suit une feuille de route \u00e9labor\u00e9e par la Cellule nationale d&rsquo;orientation, relay\u00e9e au niveau r\u00e9gional et provincial par des cellules d\u00e9di\u00e9es. Cette organisation pyramidale illustre, selon lui, l&rsquo;importance accord\u00e9e par les autorit\u00e9s \u00e0 la jeunesse comme moteur du d\u00e9veloppement national.<\/p>\n<p class=\"font-claude-response-body break-words whitespace-normal\" dir=\"ltr\">Abdoulaye Bassinga a par ailleurs lanc\u00e9 un appel aux forces vives de la r\u00e9gion pour soutenir financi\u00e8rement et mat\u00e9riellement cette op\u00e9ration, en passant par les Pr\u00e9sidents des D\u00e9l\u00e9gations Sp\u00e9ciales (PDS) des diff\u00e9rents arrondissements, charg\u00e9s de centraliser les contributions et de les transmettre \u00e0 la Cellule r\u00e9gionale. Il a salu\u00e9 \u00e0 cette occasion les dons enregistr\u00e9s lors de la pr\u00e9c\u00e9dente \u00e9dition.<\/p>\n<p class=\"font-claude-response-body break-words whitespace-normal\" dir=\"ltr\" style=\"text-align: right;\"><em>\u00a0<strong>Dramane Fayama, <\/strong><\/em><\/p>\n<p class=\"font-claude-response-body break-words whitespace-normal\" dir=\"ltr\" style=\"text-align: right;\"><strong><em>La Colombe Plus<\/em><\/strong><\/p>\n","protected":false},"excerpt":{"rendered":"<p>Le gouverneur de la r\u00e9gion du Kadiogo, Abdoulaye Bassinga, a proc\u00e9d\u00e9 ce 28 juillet 2026 au lancement officiel de l&rsquo;immersion patriotique obligatoire destin\u00e9e aux nouveaux bacheliers, \u00e0 l&rsquo;occasion d&rsquo;une c\u00e9r\u00e9monie tenue au Lyc\u00e9e Alliance Chr\u00e9tienne, dans l&rsquo;arrondissement 9 de Ouagadougou. Cette deuxi\u00e8me \u00e9dition rassemble 22 187 bacheliers venus de toute la r\u00e9gion du Kadiogo. Ils&#8230;<\/p>\n","protected":false},"author":6,"featured_media":38749,"comment_status":"open","ping_status":"open","sticky":false,"template":"","format":"standard","meta":{"_jetpack_newsletter_access":"","_jetpack_dont_email_post_to_subs":false,"_jetpack_newsletter_tier_id":0,"_jetpack_memberships_contains_paywalled_content":false,"_jetpack_feature_clip_id":0,"_jetpack_memberships_contains_paid_content":false,"footnotes":"","jetpack_post_was_ever_published":false},"categories":[2,4],"tags":[],"class_list":["post-38748","post","type-post","status-publish","format-standard","has-post-thumbnail","hentry","category-a-la-une","category-societe"],"yoast_head":"<!-- This site is optimized with the Yoast SEO plugin v28.3 - https:\/\/yoast.com\/product\/yoast-seo-wordpress\/ -->\n<title>Kadiogo : lancement de la deuxi\u00e8me \u00e9dition de l&#039;immersion patriotique pour plus de 22 000 bacheliers - WordPress<\/title>\n<meta name=\"robots\" content=\"index, follow, max-snippet:-1, max-image-preview:large, max-video-preview:-1\" \/>\n<link rel=\"canonical\" href=\"https:\/\/lacolombeplus.net\/index.php\/2026\/07\/28\/kadiogo-lancement-de-la-deuxieme-edition-de-limmersion-patriotique-pour-plus-de-22-000-bacheliers\/\" \/>\n<meta property=\"og:locale\" content=\"fr_FR\" \/>\n<meta property=\"og:type\" content=\"article\" \/>\n<meta property=\"og:title\" content=\"Kadiogo : lancement de la deuxi\u00e8me \u00e9dition de l&#039;immersion patriotique pour plus de 22 000 bacheliers - WordPress\" \/>\n<meta property=\"og:description\" content=\"Le gouverneur de la r\u00e9gion du Kadiogo, Abdoulaye Bassinga, a proc\u00e9d\u00e9 ce 28 juillet 2026 au lancement officiel de l&rsquo;immersion patriotique obligatoire destin\u00e9e aux nouveaux bacheliers, \u00e0 l&rsquo;occasion d&rsquo;une c\u00e9r\u00e9monie tenue au Lyc\u00e9e Alliance Chr\u00e9tienne, dans l&rsquo;arrondissement 9 de Ouagadougou. Cette deuxi\u00e8me \u00e9dition rassemble 22 187 bacheliers venus de toute la r\u00e9gion du Kadiogo. Ils...\" \/>\n<meta property=\"og:url\" content=\"https:\/\/lacolombeplus.net\/index.php\/2026\/07\/28\/kadiogo-lancement-de-la-deuxieme-edition-de-limmersion-patriotique-pour-plus-de-22-000-bacheliers\/\" \/>\n<meta property=\"og:site_name\" content=\"WordPress\" \/>\n<meta property=\"article:publisher\" content=\"https:\/\/web.facebook.com\/profile.php?id=61589477078953\" \/>\n<meta property=\"article:published_time\" content=\"2026-07-28T18:40:53+00:00\" \/>\n<meta property=\"og:image\" content=\"http:\/\/lacolombeplus.net\/wp-content\/uploads\/2026\/07\/759655410_907854875707438_1618846694394853124_n.webp\" \/>\n\t<meta property=\"og:image:width\" content=\"1280\" \/>\n\t<meta property=\"og:image:height\" content=\"720\" \/>\n\t<meta property=\"og:image:type\" content=\"image\/webp\" \/>\n<meta name=\"author\" content=\"Dramane FAYAMA\" \/>\n<meta name=\"twitter:card\" content=\"summary_large_image\" \/>\n<meta name=\"twitter:label1\" content=\"\u00c9crit par\" \/>\n\t<meta name=\"twitter:data1\" content=\"Dramane FAYAMA\" \/>\n\t<meta name=\"twitter:label2\" content=\"Dur\u00e9e de lecture estim\u00e9e\" \/>\n\t<meta name=\"twitter:data2\" content=\"2 minutes\" \/>\n<script type=\"application\/ld+json\" class=\"yoast-schema-graph\">{\"@context\":\"https:\\\/\\\/schema.org\",\"@graph\":[{\"@type\":\"Article\",\"@id\":\"https:\\\/\\\/lacolombeplus.net\\\/index.php\\\/2026\\\/07\\\/28\\\/kadiogo-lancement-de-la-deuxieme-edition-de-limmersion-patriotique-pour-plus-de-22-000-bacheliers\\\/#article\",\"isPartOf\":{\"@id\":\"https:\\\/\\\/lacolombeplus.net\\\/index.php\\\/2026\\\/07\\\/28\\\/kadiogo-lancement-de-la-deuxieme-edition-de-limmersion-patriotique-pour-plus-de-22-000-bacheliers\\\/\"},\"author\":{\"name\":\"Dramane FAYAMA\",\"@id\":\"https:\\\/\\\/lacolombeplus.net\\\/#\\\/schema\\\/person\\\/1a433b3fa6e8f9696f18ece67a69915c\"},\"headline\":\"Kadiogo : lancement de la deuxi\u00e8me \u00e9dition de l&rsquo;immersion patriotique pour plus de 22 000 bacheliers\",\"datePublished\":\"2026-07-28T18:40:53+00:00\",\"mainEntityOfPage\":{\"@id\":\"https:\\\/\\\/lacolombeplus.net\\\/index.php\\\/2026\\\/07\\\/28\\\/kadiogo-lancement-de-la-deuxieme-edition-de-limmersion-patriotique-pour-plus-de-22-000-bacheliers\\\/\"},\"wordCount\":390,\"commentCount\":0,\"publisher\":{\"@id\":\"https:\\\/\\\/lacolombeplus.net\\\/#organization\"},\"image\":{\"@id\":\"https:\\\/\\\/lacolombeplus.net\\\/index.php\\\/2026\\\/07\\\/28\\\/kadiogo-lancement-de-la-deuxieme-edition-de-limmersion-patriotique-pour-plus-de-22-000-bacheliers\\\/#primaryimage\"},\"thumbnailUrl\":\"https:\\\/\\\/lacolombeplus.net\\\/wp-content\\\/uploads\\\/2026\\\/07\\\/759655410_907854875707438_1618846694394853124_n.webp\",\"articleSection\":[\"A la Une\",\"Soci\u00e9t\u00e9\"],\"inLanguage\":\"fr-FR\",\"potentialAction\":[{\"@type\":\"CommentAction\",\"name\":\"Comment\",\"target\":[\"https:\\\/\\\/lacolombeplus.net\\\/index.php\\\/2026\\\/07\\\/28\\\/kadiogo-lancement-de-la-deuxieme-edition-de-limmersion-patriotique-pour-plus-de-22-000-bacheliers\\\/#respond\"]}]},{\"@type\":\"WebPage\",\"@id\":\"https:\\\/\\\/lacolombeplus.net\\\/index.php\\\/2026\\\/07\\\/28\\\/kadiogo-lancement-de-la-deuxieme-edition-de-limmersion-patriotique-pour-plus-de-22-000-bacheliers\\\/\",\"url\":\"https:\\\/\\\/lacolombeplus.net\\\/index.php\\\/2026\\\/07\\\/28\\\/kadiogo-lancement-de-la-deuxieme-edition-de-limmersion-patriotique-pour-plus-de-22-000-bacheliers\\\/\",\"name\":\"Kadiogo : lancement de la deuxi\u00e8me \u00e9dition de l'immersion patriotique pour plus de 22 000 bacheliers - WordPress\",\"isPartOf\":{\"@id\":\"https:\\\/\\\/lacolombeplus.net\\\/#website\"},\"primaryImageOfPage\":{\"@id\":\"https:\\\/\\\/lacolombeplus.net\\\/index.php\\\/2026\\\/07\\\/28\\\/kadiogo-lancement-de-la-deuxieme-edition-de-limmersion-patriotique-pour-plus-de-22-000-bacheliers\\\/#primaryimage\"},\"image\":{\"@id\":\"https:\\\/\\\/lacolombeplus.net\\\/index.php\\\/2026\\\/07\\\/28\\\/kadiogo-lancement-de-la-deuxieme-edition-de-limmersion-patriotique-pour-plus-de-22-000-bacheliers\\\/#primaryimage\"},\"thumbnailUrl\":\"https:\\\/\\\/lacolombeplus.net\\\/wp-content\\\/uploads\\\/2026\\\/07\\\/759655410_907854875707438_1618846694394853124_n.webp\",\"datePublished\":\"2026-07-28T18:40:53+00:00\",\"breadcrumb\":{\"@id\":\"https:\\\/\\\/lacolombeplus.net\\\/index.php\\\/2026\\\/07\\\/28\\\/kadiogo-lancement-de-la-deuxieme-edition-de-limmersion-patriotique-pour-plus-de-22-000-bacheliers\\\/#breadcrumb\"},\"inLanguage\":\"fr-FR\",\"potentialAction\":[{\"@type\":\"ReadAction\",\"target\":[\"https:\\\/\\\/lacolombeplus.net\\\/index.php\\\/2026\\\/07\\\/28\\\/kadiogo-lancement-de-la-deuxieme-edition-de-limmersion-patriotique-pour-plus-de-22-000-bacheliers\\\/\"]}]},{\"@type\":\"ImageObject\",\"inLanguage\":\"fr-FR\",\"@id\":\"https:\\\/\\\/lacolombeplus.net\\\/index.php\\\/2026\\\/07\\\/28\\\/kadiogo-lancement-de-la-deuxieme-edition-de-limmersion-patriotique-pour-plus-de-22-000-bacheliers\\\/#primaryimage\",\"url\":\"https:\\\/\\\/lacolombeplus.net\\\/wp-content\\\/uploads\\\/2026\\\/07\\\/759655410_907854875707438_1618846694394853124_n.webp\",\"contentUrl\":\"https:\\\/\\\/lacolombeplus.net\\\/wp-content\\\/uploads\\\/2026\\\/07\\\/759655410_907854875707438_1618846694394853124_n.webp\",\"width\":1280,\"height\":720},{\"@type\":\"BreadcrumbList\",\"@id\":\"https:\\\/\\\/lacolombeplus.net\\\/index.php\\\/2026\\\/07\\\/28\\\/kadiogo-lancement-de-la-deuxieme-edition-de-limmersion-patriotique-pour-plus-de-22-000-bacheliers\\\/#breadcrumb\",\"itemListElement\":[{\"@type\":\"ListItem\",\"position\":1,\"name\":\"Accueil\",\"item\":\"https:\\\/\\\/lacolombeplus.net\\\/\"},{\"@type\":\"ListItem\",\"position\":2,\"name\":\"Kadiogo : lancement de la deuxi\u00e8me \u00e9dition de l&rsquo;immersion patriotique pour plus de 22 000 bacheliers\"}]},{\"@type\":\"WebSite\",\"@id\":\"https:\\\/\\\/lacolombeplus.net\\\/#website\",\"url\":\"https:\\\/\\\/lacolombeplus.net\\\/\",\"name\":\"Lacolombeplus\",\"description\":\"\",\"publisher\":{\"@id\":\"https:\\\/\\\/lacolombeplus.net\\\/#organization\"},\"potentialAction\":[{\"@type\":\"SearchAction\",\"target\":{\"@type\":\"EntryPoint\",\"urlTemplate\":\"https:\\\/\\\/lacolombeplus.net\\\/?s={search_term_string}\"},\"query-input\":{\"@type\":\"PropertyValueSpecification\",\"valueRequired\":true,\"valueName\":\"search_term_string\"}}],\"inLanguage\":\"fr-FR\"},{\"@type\":\"Organization\",\"@id\":\"https:\\\/\\\/lacolombeplus.net\\\/#organization\",\"name\":\"lacolombeplus.net\",\"url\":\"https:\\\/\\\/lacolombeplus.net\\\/\",\"logo\":{\"@type\":\"ImageObject\",\"inLanguage\":\"fr-FR\",\"@id\":\"https:\\\/\\\/lacolombeplus.net\\\/#\\\/schema\\\/logo\\\/image\\\/\",\"url\":\"https:\\\/\\\/lacolombeplus.net\\\/wp-content\\\/uploads\\\/2026\\\/04\\\/a84391f3-a521-4177-867d-b9aaa3066b88.png\",\"contentUrl\":\"https:\\\/\\\/lacolombeplus.net\\\/wp-content\\\/uploads\\\/2026\\\/04\\\/a84391f3-a521-4177-867d-b9aaa3066b88.png\",\"width\":1045,\"height\":1505,\"caption\":\"lacolombeplus.net\"},\"image\":{\"@id\":\"https:\\\/\\\/lacolombeplus.net\\\/#\\\/schema\\\/logo\\\/image\\\/\"},\"sameAs\":[\"https:\\\/\\\/web.facebook.com\\\/profile.php?id=61589477078953\"]},{\"@type\":\"Person\",\"@id\":\"https:\\\/\\\/lacolombeplus.net\\\/#\\\/schema\\\/person\\\/1a433b3fa6e8f9696f18ece67a69915c\",\"name\":\"Dramane FAYAMA\",\"image\":{\"@type\":\"ImageObject\",\"inLanguage\":\"fr-FR\",\"@id\":\"https:\\\/\\\/secure.gravatar.com\\\/avatar\\\/6ae061b9c102ae93ffb7a4076195d78ace54801f91540899a6e8aacf91eacff8?s=96&d=mm&r=g\",\"url\":\"https:\\\/\\\/secure.gravatar.com\\\/avatar\\\/6ae061b9c102ae93ffb7a4076195d78ace54801f91540899a6e8aacf91eacff8?s=96&d=mm&r=g\",\"contentUrl\":\"https:\\\/\\\/secure.gravatar.com\\\/avatar\\\/6ae061b9c102ae93ffb7a4076195d78ace54801f91540899a6e8aacf91eacff8?s=96&d=mm&r=g\",\"caption\":\"Dramane FAYAMA\"},\"url\":\"https:\\\/\\\/lacolombeplus.net\\\/index.php\\\/author\\\/dramane\\\/\"}]}<\/script>\n<!-- \/ Yoast SEO plugin. -->","yoast_head_json":{"title":"Kadiogo : lancement de la deuxi\u00e8me \u00e9dition de l'immersion patriotique pour plus de 22 000 bacheliers - WordPress","robots":{"index":"index","follow":"follow","max-snippet":"max-snippet:-1","max-image-preview":"max-image-preview:large","max-video-preview":"max-video-preview:-1"},"canonical":"https:\/\/lacolombeplus.net\/index.php\/2026\/07\/28\/kadiogo-lancement-de-la-deuxieme-edition-de-limmersion-patriotique-pour-plus-de-22-000-bacheliers\/","og_locale":"fr_FR","og_type":"article","og_title":"Kadiogo : lancement de la deuxi\u00e8me \u00e9dition de l'immersion patriotique pour plus de 22 000 bacheliers - WordPress","og_description":"Le gouverneur de la r\u00e9gion du Kadiogo, Abdoulaye Bassinga, a proc\u00e9d\u00e9 ce 28 juillet 2026 au lancement officiel de l&rsquo;immersion patriotique obligatoire destin\u00e9e aux nouveaux bacheliers, \u00e0 l&rsquo;occasion d&rsquo;une c\u00e9r\u00e9monie tenue au Lyc\u00e9e Alliance Chr\u00e9tienne, dans l&rsquo;arrondissement 9 de Ouagadougou. Cette deuxi\u00e8me \u00e9dition rassemble 22 187 bacheliers venus de toute la r\u00e9gion du Kadiogo. Ils...","og_url":"https:\/\/lacolombeplus.net\/index.php\/2026\/07\/28\/kadiogo-lancement-de-la-deuxieme-edition-de-limmersion-patriotique-pour-plus-de-22-000-bacheliers\/","og_site_name":"WordPress","article_publisher":"https:\/\/web.facebook.com\/profile.php?id=61589477078953","article_published_time":"2026-07-28T18:40:53+00:00","og_image":[{"width":1280,"height":720,"url":"http:\/\/lacolombeplus.net\/wp-content\/uploads\/2026\/07\/759655410_907854875707438_1618846694394853124_n.webp","type":"image\/webp"}],"author":"Dramane FAYAMA","twitter_card":"summary_large_image","twitter_misc":{"\u00c9crit par":"Dramane FAYAMA","Dur\u00e9e de lecture estim\u00e9e":"2 minutes"},"schema":{"@context":"https:\/\/schema.org","@graph":[{"@type":"Article","@id":"https:\/\/lacolombeplus.net\/index.php\/2026\/07\/28\/kadiogo-lancement-de-la-deuxieme-edition-de-limmersion-patriotique-pour-plus-de-22-000-bacheliers\/#article","isPartOf":{"@id":"https:\/\/lacolombeplus.net\/index.php\/2026\/07\/28\/kadiogo-lancement-de-la-deuxieme-edition-de-limmersion-patriotique-pour-plus-de-22-000-bacheliers\/"},"author":{"name":"Dramane FAYAMA","@id":"https:\/\/lacolombeplus.net\/#\/schema\/person\/1a433b3fa6e8f9696f18ece67a69915c"},"headline":"Kadiogo : lancement de la deuxi\u00e8me \u00e9dition de l&rsquo;immersion patriotique pour plus de 22 000 bacheliers","datePublished":"2026-07-28T18:40:53+00:00","mainEntityOfPage":{"@id":"https:\/\/lacolombeplus.net\/index.php\/2026\/07\/28\/kadiogo-lancement-de-la-deuxieme-edition-de-limmersion-patriotique-pour-plus-de-22-000-bacheliers\/"},"wordCount":390,"commentCount":0,"publisher":{"@id":"https:\/\/lacolombeplus.net\/#organization"},"image":{"@id":"https:\/\/lacolombeplus.net\/index.php\/2026\/07\/28\/kadiogo-lancement-de-la-deuxieme-edition-de-limmersion-patriotique-pour-plus-de-22-000-bacheliers\/#primaryimage"},"thumbnailUrl":"https:\/\/lacolombeplus.net\/wp-content\/uploads\/2026\/07\/759655410_907854875707438_1618846694394853124_n.webp","articleSection":["A la Une","Soci\u00e9t\u00e9"],"inLanguage":"fr-FR","potentialAction":[{"@type":"CommentAction","name":"Comment","target":["https:\/\/lacolombeplus.net\/index.php\/2026\/07\/28\/kadiogo-lancement-de-la-deuxieme-edition-de-limmersion-patriotique-pour-plus-de-22-000-bacheliers\/#respond"]}]},{"@type":"WebPage","@id":"https:\/\/lacolombeplus.net\/index.php\/2026\/07\/28\/kadiogo-lancement-de-la-deuxieme-edition-de-limmersion-patriotique-pour-plus-de-22-000-bacheliers\/","url":"https:\/\/lacolombeplus.net\/index.php\/2026\/07\/28\/kadiogo-lancement-de-la-deuxieme-edition-de-limmersion-patriotique-pour-plus-de-22-000-bacheliers\/","name":"Kadiogo : lancement de la deuxi\u00e8me \u00e9dition de l'immersion patriotique pour plus de 22 000 bacheliers - WordPress","isPartOf":{"@id":"https:\/\/lacolombeplus.net\/#website"},"primaryImageOfPage":{"@id":"https:\/\/lacolombeplus.net\/index.php\/2026\/07\/28\/kadiogo-lancement-de-la-deuxieme-edition-de-limmersion-patriotique-pour-plus-de-22-000-bacheliers\/#primaryimage"},"image":{"@id":"https:\/\/lacolombeplus.net\/index.php\/2026\/07\/28\/kadiogo-lancement-de-la-deuxieme-edition-de-limmersion-patriotique-pour-plus-de-22-000-bacheliers\/#primaryimage"},"thumbnailUrl":"https:\/\/lacolombeplus.net\/wp-content\/uploads\/2026\/07\/759655410_907854875707438_1618846694394853124_n.webp","datePublished":"2026-07-28T18:40:53+00:00","breadcrumb":{"@id":"https:\/\/lacolombeplus.net\/index.php\/2026\/07\/28\/kadiogo-lancement-de-la-deuxieme-edition-de-limmersion-patriotique-pour-plus-de-22-000-bacheliers\/#breadcrumb"},"inLanguage":"fr-FR","potentialAction":[{"@type":"ReadAction","target":["https:\/\/lacolombeplus.net\/index.php\/2026\/07\/28\/kadiogo-lancement-de-la-deuxieme-edition-de-limmersion-patriotique-pour-plus-de-22-000-bacheliers\/"]}]},{"@type":"ImageObject","inLanguage":"fr-FR","@id":"https:\/\/lacolombeplus.net\/index.php\/2026\/07\/28\/kadiogo-lancement-de-la-deuxieme-edition-de-limmersion-patriotique-pour-plus-de-22-000-bacheliers\/#primaryimage","url":"https:\/\/lacolombeplus.net\/wp-content\/uploads\/2026\/07\/759655410_907854875707438_1618846694394853124_n.webp","contentUrl":"https:\/\/lacolombeplus.net\/wp-content\/uploads\/2026\/07\/759655410_907854875707438_1618846694394853124_n.webp","width":1280,"height":720},{"@type":"BreadcrumbList","@id":"https:\/\/lacolombeplus.net\/index.php\/2026\/07\/28\/kadiogo-lancement-de-la-deuxieme-edition-de-limmersion-patriotique-pour-plus-de-22-000-bacheliers\/#breadcrumb","itemListElement":[{"@type":"ListItem","position":1,"name":"Accueil","item":"https:\/\/lacolombeplus.net\/"},{"@type":"ListItem","position":2,"name":"Kadiogo : lancement de la deuxi\u00e8me \u00e9dition de l&rsquo;immersion patriotique pour plus de 22 000 bacheliers"}]},{"@type":"WebSite","@id":"https:\/\/lacolombeplus.net\/#website","url":"https:\/\/lacolombeplus.net\/","name":"Lacolombeplus","description":"","publisher":{"@id":"https:\/\/lacolombeplus.net\/#organization"},"potentialAction":[{"@type":"SearchAction","target":{"@type":"EntryPoint","urlTemplate":"https:\/\/lacolombeplus.net\/?s={search_term_string}"},"query-input":{"@type":"PropertyValueSpecification","valueRequired":true,"valueName":"search_term_string"}}],"inLanguage":"fr-FR"},{"@type":"Organization","@id":"https:\/\/lacolombeplus.net\/#organization","name":"lacolombeplus.net","url":"https:\/\/lacolombeplus.net\/","logo":{"@type":"ImageObject","inLanguage":"fr-FR","@id":"https:\/\/lacolombeplus.net\/#\/schema\/logo\/image\/","url":"https:\/\/lacolombeplus.net\/wp-content\/uploads\/2026\/04\/a84391f3-a521-4177-867d-b9aaa3066b88.png","contentUrl":"https:\/\/lacolombeplus.net\/wp-content\/uploads\/2026\/04\/a84391f3-a521-4177-867d-b9aaa3066b88.png","width":1045,"height":1505,"caption":"lacolombeplus.net"},"image":{"@id":"https:\/\/lacolombeplus.net\/#\/schema\/logo\/image\/"},"sameAs":["https:\/\/web.facebook.com\/profile.php?id=61589477078953"]},{"@type":"Person","@id":"https:\/\/lacolombeplus.net\/#\/schema\/person\/1a433b3fa6e8f9696f18ece67a69915c","name":"Dramane FAYAMA","image":{"@type":"ImageObject","inLanguage":"fr-FR","@id":"https:\/\/secure.gravatar.com\/avatar\/6ae061b9c102ae93ffb7a4076195d78ace54801f91540899a6e8aacf91eacff8?s=96&d=mm&r=g","url":"https:\/\/secure.gravatar.com\/avatar\/6ae061b9c102ae93ffb7a4076195d78ace54801f91540899a6e8aacf91eacff8?s=96&d=mm&r=g","contentUrl":"https:\/\/secure.gravatar.com\/avatar\/6ae061b9c102ae93ffb7a4076195d78ace54801f91540899a6e8aacf91eacff8?s=96&d=mm&r=g","caption":"Dramane FAYAMA"},"url":"https:\/\/lacolombeplus.net\/index.php\/author\/dramane\/"}]}},"jetpack_featured_media_url":"https:\/\/lacolombeplus.net\/wp-content\/uploads\/2026\/07\/759655410_907854875707438_1618846694394853124_n.webp","jetpack_sharing_enabled":true,"_links":{"self":[{"href":"https:\/\/lacolombeplus.net\/index.php\/wp-json\/wp\/v2\/posts\/38748","targetHints":{"allow":["GET"]}}],"collection":[{"href":"https:\/\/lacolombeplus.net\/index.php\/wp-json\/wp\/v2\/posts"}],"about":[{"href":"https:\/\/lacolombeplus.net\/index.php\/wp-json\/wp\/v2\/types\/post"}],"author":[{"embeddable":true,"href":"https:\/\/lacolombeplus.net\/index.php\/wp-json\/wp\/v2\/users\/6"}],"replies":[{"embeddable":true,"href":"https:\/\/lacolombeplus.net\/index.php\/wp-json\/wp\/v2\/comments?post=38748"}],"version-history":[{"count":2,"href":"https:\/\/lacolombeplus.net\/index.php\/wp-json\/wp\/v2\/posts\/38748\/revisions"}],"predecessor-version":[{"id":38804,"href":"https:\/\/lacolombeplus.net\/index.php\/wp-json\/wp\/v2\/posts\/38748\/revisions\/38804"}],"wp:featuredmedia":[{"embeddable":true,"href":"https:\/\/lacolombeplus.net\/index.php\/wp-json\/wp\/v2\/media\/38749"}],"wp:attachment":[{"href":"https:\/\/lacolombeplus.net\/index.php\/wp-json\/wp\/v2\/media?parent=38748"}],"wp:term":[{"taxonomy":"category","embeddable":true,"href":"https:\/\/lacolombeplus.net\/index.php\/wp-json\/wp\/v2\/categories?post=38748"},{"taxonomy":"post_tag","embeddable":true,"href":"https:\/\/lacolombeplus.net\/index.php\/wp-json\/wp\/v2\/tags?post=38748"}],"curies":[{"name":"wp","href":"https:\/\/api.w.org\/{rel}","templated":true}]}}