{"id":38741,"date":"2026-07-27T16:30:45","date_gmt":"2026-07-27T16:30:45","guid":{"rendered":"https:\/\/lacolombeplus.net\/?p=38741"},"modified":"2026-07-27T16:30:45","modified_gmt":"2026-07-27T16:30:45","slug":"regulation-de-lenergie-au-burkina-faso-larse-dresse-un-bilan-prometteur-et-remet-son-rapport-2025-au-premier-ministre","status":"publish","type":"post","link":"https:\/\/lacolombeplus.net\/index.php\/2026\/07\/27\/regulation-de-lenergie-au-burkina-faso-larse-dresse-un-bilan-prometteur-et-remet-son-rapport-2025-au-premier-ministre\/","title":{"rendered":"R\u00e9gulation de l\u2019\u00e9nergie au Burkina Faso : L\u2019ARSE dresse un bilan prometteur et remet son rapport 2025 au Premier ministre"},"content":{"rendered":"<p data-path-to-node=\"3\"><strong>Dans le souci constant de promouvoir la redevabilit\u00e9 et la transparence au sein de l&rsquo;appareil d&rsquo;\u00c9tat, le pr\u00e9sident de l\u2019Autorit\u00e9 de r\u00e9gulation du secteur de l\u2019\u00e9nergie (ARSE), le Dr Jean-Baptiste Ky, a officiellement transmis le rapport d\u2019activit\u00e9s 2025 de son institution au Premier ministre, le Camarade Rimtalba Jean Emmanuel Ou\u00e9draogo. L&rsquo;audience s&rsquo;est tenue ce lundi 27 juillet 2026.<\/strong><\/p>\n<figure id=\"attachment_38742\" aria-describedby=\"caption-attachment-38742\" style=\"width: 422px\" class=\"wp-caption alignleft\"><img fetchpriority=\"high\" decoding=\"async\" class=\"wp-image-38742\" src=\"http:\/\/lacolombeplus.net\/wp-content\/uploads\/2026\/07\/89b6163e-68bf-4da2-86d8-46334cada371.webp\" alt=\"\" width=\"422\" height=\"555\" srcset=\"https:\/\/lacolombeplus.net\/wp-content\/uploads\/2026\/07\/89b6163e-68bf-4da2-86d8-46334cada371.webp 821w, https:\/\/lacolombeplus.net\/wp-content\/uploads\/2026\/07\/89b6163e-68bf-4da2-86d8-46334cada371-228x300.webp 228w, https:\/\/lacolombeplus.net\/wp-content\/uploads\/2026\/07\/89b6163e-68bf-4da2-86d8-46334cada371-778x1024.webp 778w, https:\/\/lacolombeplus.net\/wp-content\/uploads\/2026\/07\/89b6163e-68bf-4da2-86d8-46334cada371-768x1010.webp 768w\" sizes=\"(max-width: 422px) 100vw, 422px\" \/><figcaption id=\"caption-attachment-38742\" class=\"wp-caption-text\">\u200eLa remise du rapport d\u2019activit\u00e9s de l\u2019ARSE au Premier ministre, le Camarade Rimtalba Jean Emmanuel Ou\u00e9draogo\u00a0<\/figcaption><\/figure>\n<p data-path-to-node=\"4\">Cet exercice institutionnel, conforme \u00e0 l\u2019article 29 du d\u00e9cret r\u00e9gissant le fonctionnement de l\u2019ARSE, a \u00e9t\u00e9 l\u2019occasion de pr\u00e9senter un panorama complet des acquis, des contraintes et des perspectives du secteur \u00e9nerg\u00e9tique national. Articul\u00e9 autour de trois grands axes \u2014 pr\u00e9sentation institutionnelle, bilan des r\u00e9alisations et recommandations strat\u00e9giques \u2014, le document dresse le portrait d&rsquo;un secteur en pleine mutation.<\/p>\n<h3 style=\"text-align: center;\" data-path-to-node=\"5\">Des indicateurs en nette am\u00e9lioration<\/h3>\n<p data-path-to-node=\"6\">L&rsquo;ann\u00e9e 2025 a \u00e9t\u00e9 marqu\u00e9e par des avanc\u00e9es significatives sur le plan op\u00e9rationnel :<\/p>\n<ul data-path-to-node=\"7\">\n<li>\n<p data-path-to-node=\"7,0,0\"><b data-path-to-node=\"7,0,0\" data-index-in-node=\"0\">Hausse de la production :<\/b> La production nationale d\u2019\u00e9lectricit\u00e9 a bondi de <b data-path-to-node=\"7,0,0\" data-index-in-node=\"75\">17,13 %<\/b> par rapport \u00e0 2024, atteignant <b data-path-to-node=\"7,0,0\" data-index-in-node=\"114\">1,65 milliard de kWh<\/b>.<\/p>\n<\/li>\n<li>\n<p data-path-to-node=\"7,1,0\"><b data-path-to-node=\"7,1,0\" data-index-in-node=\"0\">Transition \u00e9nerg\u00e9tique en marche :<\/b> Bien que le thermique reste pr\u00e9dominant (<b data-path-to-node=\"7,1,0\" data-index-in-node=\"76\">72 %<\/b>), les \u00e9nergies renouvelables renforcent leur empreinte avec <b data-path-to-node=\"7,1,0\" data-index-in-node=\"141\">28 %<\/b> du mix national (<b data-path-to-node=\"7,1,0\" data-index-in-node=\"163\">24 %<\/b> pour le solaire et <b data-path-to-node=\"7,1,0\" data-index-in-node=\"187\">4 %<\/b> pour l&rsquo;hydro\u00e9lectricit\u00e9).<\/p>\n<\/li>\n<li>\n<p data-path-to-node=\"7,2,0\"><b data-path-to-node=\"7,2,0\" data-index-in-node=\"0\">Qualit\u00e9 de service accrue :<\/b> Les usagers ont b\u00e9n\u00e9fici\u00e9 d&rsquo;une nette am\u00e9lioration du r\u00e9seau. La fr\u00e9quence moyenne des coupures a chut\u00e9 de <b data-path-to-node=\"7,2,0\" data-index-in-node=\"135\">33 %<\/b>, tandis que leur dur\u00e9e moyenne s&rsquo;est effondr\u00e9e de <b data-path-to-node=\"7,2,0\" data-index-in-node=\"190\">65 %<\/b>.<\/p>\n<\/li>\n<\/ul>\n<p data-path-to-node=\"8\">Outre ces performances techniques, l\u2019ARSE a intensifi\u00e9 ses missions r\u00e9galiennes : contr\u00f4le tarifaire, suivi technique des op\u00e9rateurs, r\u00e9solution des diff\u00e9rends et protection active des consommateurs.<\/p>\n<h3 style=\"text-align: center;\" data-path-to-node=\"9\">Vers une harmonisation \u00e0 l&rsquo;\u00e9chelle de l&rsquo;AES<\/h3>\n<figure id=\"attachment_38743\" aria-describedby=\"caption-attachment-38743\" style=\"width: 491px\" class=\"wp-caption alignright\"><img decoding=\"async\" class=\"wp-image-38743\" src=\"http:\/\/lacolombeplus.net\/wp-content\/uploads\/2026\/07\/9065766e-4025-4dfc-9c60-3d172d43eff8.webp\" alt=\"\" width=\"491\" height=\"327\" srcset=\"https:\/\/lacolombeplus.net\/wp-content\/uploads\/2026\/07\/9065766e-4025-4dfc-9c60-3d172d43eff8.webp 966w, https:\/\/lacolombeplus.net\/wp-content\/uploads\/2026\/07\/9065766e-4025-4dfc-9c60-3d172d43eff8-300x200.webp 300w, https:\/\/lacolombeplus.net\/wp-content\/uploads\/2026\/07\/9065766e-4025-4dfc-9c60-3d172d43eff8-768x511.webp 768w, https:\/\/lacolombeplus.net\/wp-content\/uploads\/2026\/07\/9065766e-4025-4dfc-9c60-3d172d43eff8-600x398.webp 600w\" sizes=\"(max-width: 491px) 100vw, 491px\" \/><figcaption id=\"caption-attachment-38743\" class=\"wp-caption-text\">Dr Jean-Baptiste Ky, pr\u00e9sident de l\u2019Autorit\u00e9 de r\u00e9gulation du secteur de l\u2019\u00e9nergie (ARSE)<\/figcaption><\/figure>\n<p data-path-to-node=\"10\">Saluant le travail accompli, le Chef du Gouvernement a r\u00e9it\u00e9r\u00e9 l\u2019importance strat\u00e9gique de l&rsquo;\u00e9nergie pour la souverainet\u00e9 et le d\u00e9veloppement \u00e9conomique du pays. Il a soulign\u00e9 les efforts en cours pour b\u00e2tir de nouvelles infrastructures afin d&rsquo;amenuiser la d\u00e9pendance \u00e9nerg\u00e9tique ext\u00e9rieure du Burkina Faso.<\/p>\n<p data-path-to-node=\"11\">Dans cette dynamique, le Camarade Rimtalba Jean Emmanuel Ou\u00e9draogo a invit\u00e9 l\u2019ARSE \u00e0 porter son action au-del\u00e0 des fronti\u00e8res nationales. L&rsquo;institution est appel\u00e9e \u00e0 nouer des partenariats stricts avec ses homologues du Mali et du Niger pour harmoniser les r\u00e9gulations au sein de la <b data-path-to-node=\"11\" data-index-in-node=\"283\">Conf\u00e9d\u00e9ration AES<\/b>.<\/p>\n<p data-path-to-node=\"12\">Affichant une enti\u00e8re disponibilit\u00e9, le Dr Jean-Baptiste Ky a r\u00e9affirm\u00e9 la d\u00e9termination de l&rsquo;ARSE \u00e0 concr\u00e9tiser la vision des autorit\u00e9s, pour une r\u00e9gulation toujours plus moderne, \u00e9quitable et adapt\u00e9e aux r\u00e9alit\u00e9s du continent.<\/p>\n<p style=\"text-align: right;\" data-path-to-node=\"12\"><em><strong>La r\u00e9daction\u00a0<\/strong><\/em><\/p>\n","protected":false},"excerpt":{"rendered":"<p>Dans le souci constant de promouvoir la redevabilit\u00e9 et la transparence au sein de l&rsquo;appareil d&rsquo;\u00c9tat, le pr\u00e9sident de l\u2019Autorit\u00e9 de r\u00e9gulation du secteur de l\u2019\u00e9nergie (ARSE), le Dr Jean-Baptiste Ky, a officiellement transmis le rapport d\u2019activit\u00e9s 2025 de son institution au Premier ministre, le Camarade Rimtalba Jean Emmanuel Ou\u00e9draogo. L&rsquo;audience s&rsquo;est tenue ce lundi&#8230;<\/p>\n","protected":false},"author":6,"featured_media":38744,"comment_status":"open","ping_status":"open","sticky":false,"template":"","format":"standard","meta":{"_jetpack_newsletter_access":"","_jetpack_dont_email_post_to_subs":false,"_jetpack_newsletter_tier_id":0,"_jetpack_memberships_contains_paywalled_content":false,"_jetpack_feature_clip_id":0,"_jetpack_memberships_contains_paid_content":false,"footnotes":"","jetpack_post_was_ever_published":false},"categories":[2,193,6],"tags":[295,296],"class_list":["post-38741","post","type-post","status-publish","format-standard","has-post-thumbnail","hentry","category-a-la-une","category-developpement","category-politique","tag-arse","tag-primature"],"yoast_head":"<!-- This site is optimized with the Yoast SEO plugin v28.3 - https:\/\/yoast.com\/product\/yoast-seo-wordpress\/ -->\n<title>R\u00e9gulation de l\u2019\u00e9nergie au Burkina Faso : L\u2019ARSE dresse un bilan prometteur et remet son rapport 2025 au Premier ministre - WordPress<\/title>\n<meta name=\"robots\" content=\"index, follow, max-snippet:-1, max-image-preview:large, max-video-preview:-1\" \/>\n<link rel=\"canonical\" href=\"https:\/\/lacolombeplus.net\/index.php\/2026\/07\/27\/regulation-de-lenergie-au-burkina-faso-larse-dresse-un-bilan-prometteur-et-remet-son-rapport-2025-au-premier-ministre\/\" \/>\n<meta property=\"og:locale\" content=\"fr_FR\" \/>\n<meta property=\"og:type\" content=\"article\" \/>\n<meta property=\"og:title\" content=\"R\u00e9gulation de l\u2019\u00e9nergie au Burkina Faso : L\u2019ARSE dresse un bilan prometteur et remet son rapport 2025 au Premier ministre - WordPress\" \/>\n<meta property=\"og:description\" content=\"Dans le souci constant de promouvoir la redevabilit\u00e9 et la transparence au sein de l&rsquo;appareil d&rsquo;\u00c9tat, le pr\u00e9sident de l\u2019Autorit\u00e9 de r\u00e9gulation du secteur de l\u2019\u00e9nergie (ARSE), le Dr Jean-Baptiste Ky, a officiellement transmis le rapport d\u2019activit\u00e9s 2025 de son institution au Premier ministre, le Camarade Rimtalba Jean Emmanuel Ou\u00e9draogo. L&rsquo;audience s&rsquo;est tenue ce lundi...\" \/>\n<meta property=\"og:url\" content=\"https:\/\/lacolombeplus.net\/index.php\/2026\/07\/27\/regulation-de-lenergie-au-burkina-faso-larse-dresse-un-bilan-prometteur-et-remet-son-rapport-2025-au-premier-ministre\/\" \/>\n<meta property=\"og:site_name\" content=\"WordPress\" \/>\n<meta property=\"article:publisher\" content=\"https:\/\/web.facebook.com\/profile.php?id=61589477078953\" \/>\n<meta property=\"article:published_time\" content=\"2026-07-27T16:30:45+00:00\" \/>\n<meta property=\"og:image\" content=\"http:\/\/lacolombeplus.net\/wp-content\/uploads\/2026\/07\/77ab8ac1-dd54-45df-afd2-d7650f32f8f4.webp\" \/>\n\t<meta property=\"og:image:width\" content=\"971\" \/>\n\t<meta property=\"og:image:height\" content=\"626\" \/>\n\t<meta property=\"og:image:type\" content=\"image\/webp\" \/>\n<meta name=\"author\" content=\"Dramane FAYAMA\" \/>\n<meta name=\"twitter:card\" content=\"summary_large_image\" \/>\n<meta name=\"twitter:label1\" content=\"\u00c9crit par\" \/>\n\t<meta name=\"twitter:data1\" content=\"Dramane FAYAMA\" \/>\n\t<meta name=\"twitter:label2\" content=\"Dur\u00e9e de lecture estim\u00e9e\" \/>\n\t<meta name=\"twitter:data2\" content=\"3 minutes\" \/>\n<script type=\"application\/ld+json\" class=\"yoast-schema-graph\">{\"@context\":\"https:\\\/\\\/schema.org\",\"@graph\":[{\"@type\":\"Article\",\"@id\":\"https:\\\/\\\/lacolombeplus.net\\\/index.php\\\/2026\\\/07\\\/27\\\/regulation-de-lenergie-au-burkina-faso-larse-dresse-un-bilan-prometteur-et-remet-son-rapport-2025-au-premier-ministre\\\/#article\",\"isPartOf\":{\"@id\":\"https:\\\/\\\/lacolombeplus.net\\\/index.php\\\/2026\\\/07\\\/27\\\/regulation-de-lenergie-au-burkina-faso-larse-dresse-un-bilan-prometteur-et-remet-son-rapport-2025-au-premier-ministre\\\/\"},\"author\":{\"name\":\"Dramane FAYAMA\",\"@id\":\"https:\\\/\\\/lacolombeplus.net\\\/#\\\/schema\\\/person\\\/1a433b3fa6e8f9696f18ece67a69915c\"},\"headline\":\"R\u00e9gulation de l\u2019\u00e9nergie au Burkina Faso : L\u2019ARSE dresse un bilan prometteur et remet son rapport 2025 au Premier ministre\",\"datePublished\":\"2026-07-27T16:30:45+00:00\",\"mainEntityOfPage\":{\"@id\":\"https:\\\/\\\/lacolombeplus.net\\\/index.php\\\/2026\\\/07\\\/27\\\/regulation-de-lenergie-au-burkina-faso-larse-dresse-un-bilan-prometteur-et-remet-son-rapport-2025-au-premier-ministre\\\/\"},\"wordCount\":503,\"commentCount\":0,\"publisher\":{\"@id\":\"https:\\\/\\\/lacolombeplus.net\\\/#organization\"},\"image\":{\"@id\":\"https:\\\/\\\/lacolombeplus.net\\\/index.php\\\/2026\\\/07\\\/27\\\/regulation-de-lenergie-au-burkina-faso-larse-dresse-un-bilan-prometteur-et-remet-son-rapport-2025-au-premier-ministre\\\/#primaryimage\"},\"thumbnailUrl\":\"https:\\\/\\\/lacolombeplus.net\\\/wp-content\\\/uploads\\\/2026\\\/07\\\/77ab8ac1-dd54-45df-afd2-d7650f32f8f4.webp\",\"keywords\":[\"ARSE\",\"Primature\"],\"articleSection\":[\"A la Une\",\"D\u00e9veloppement\",\"Politique\"],\"inLanguage\":\"fr-FR\",\"potentialAction\":[{\"@type\":\"CommentAction\",\"name\":\"Comment\",\"target\":[\"https:\\\/\\\/lacolombeplus.net\\\/index.php\\\/2026\\\/07\\\/27\\\/regulation-de-lenergie-au-burkina-faso-larse-dresse-un-bilan-prometteur-et-remet-son-rapport-2025-au-premier-ministre\\\/#respond\"]}]},{\"@type\":\"WebPage\",\"@id\":\"https:\\\/\\\/lacolombeplus.net\\\/index.php\\\/2026\\\/07\\\/27\\\/regulation-de-lenergie-au-burkina-faso-larse-dresse-un-bilan-prometteur-et-remet-son-rapport-2025-au-premier-ministre\\\/\",\"url\":\"https:\\\/\\\/lacolombeplus.net\\\/index.php\\\/2026\\\/07\\\/27\\\/regulation-de-lenergie-au-burkina-faso-larse-dresse-un-bilan-prometteur-et-remet-son-rapport-2025-au-premier-ministre\\\/\",\"name\":\"R\u00e9gulation de l\u2019\u00e9nergie au Burkina Faso : L\u2019ARSE dresse un bilan prometteur et remet son rapport 2025 au Premier ministre - WordPress\",\"isPartOf\":{\"@id\":\"https:\\\/\\\/lacolombeplus.net\\\/#website\"},\"primaryImageOfPage\":{\"@id\":\"https:\\\/\\\/lacolombeplus.net\\\/index.php\\\/2026\\\/07\\\/27\\\/regulation-de-lenergie-au-burkina-faso-larse-dresse-un-bilan-prometteur-et-remet-son-rapport-2025-au-premier-ministre\\\/#primaryimage\"},\"image\":{\"@id\":\"https:\\\/\\\/lacolombeplus.net\\\/index.php\\\/2026\\\/07\\\/27\\\/regulation-de-lenergie-au-burkina-faso-larse-dresse-un-bilan-prometteur-et-remet-son-rapport-2025-au-premier-ministre\\\/#primaryimage\"},\"thumbnailUrl\":\"https:\\\/\\\/lacolombeplus.net\\\/wp-content\\\/uploads\\\/2026\\\/07\\\/77ab8ac1-dd54-45df-afd2-d7650f32f8f4.webp\",\"datePublished\":\"2026-07-27T16:30:45+00:00\",\"breadcrumb\":{\"@id\":\"https:\\\/\\\/lacolombeplus.net\\\/index.php\\\/2026\\\/07\\\/27\\\/regulation-de-lenergie-au-burkina-faso-larse-dresse-un-bilan-prometteur-et-remet-son-rapport-2025-au-premier-ministre\\\/#breadcrumb\"},\"inLanguage\":\"fr-FR\",\"potentialAction\":[{\"@type\":\"ReadAction\",\"target\":[\"https:\\\/\\\/lacolombeplus.net\\\/index.php\\\/2026\\\/07\\\/27\\\/regulation-de-lenergie-au-burkina-faso-larse-dresse-un-bilan-prometteur-et-remet-son-rapport-2025-au-premier-ministre\\\/\"]}]},{\"@type\":\"ImageObject\",\"inLanguage\":\"fr-FR\",\"@id\":\"https:\\\/\\\/lacolombeplus.net\\\/index.php\\\/2026\\\/07\\\/27\\\/regulation-de-lenergie-au-burkina-faso-larse-dresse-un-bilan-prometteur-et-remet-son-rapport-2025-au-premier-ministre\\\/#primaryimage\",\"url\":\"https:\\\/\\\/lacolombeplus.net\\\/wp-content\\\/uploads\\\/2026\\\/07\\\/77ab8ac1-dd54-45df-afd2-d7650f32f8f4.webp\",\"contentUrl\":\"https:\\\/\\\/lacolombeplus.net\\\/wp-content\\\/uploads\\\/2026\\\/07\\\/77ab8ac1-dd54-45df-afd2-d7650f32f8f4.webp\",\"width\":971,\"height\":626},{\"@type\":\"BreadcrumbList\",\"@id\":\"https:\\\/\\\/lacolombeplus.net\\\/index.php\\\/2026\\\/07\\\/27\\\/regulation-de-lenergie-au-burkina-faso-larse-dresse-un-bilan-prometteur-et-remet-son-rapport-2025-au-premier-ministre\\\/#breadcrumb\",\"itemListElement\":[{\"@type\":\"ListItem\",\"position\":1,\"name\":\"Accueil\",\"item\":\"https:\\\/\\\/lacolombeplus.net\\\/\"},{\"@type\":\"ListItem\",\"position\":2,\"name\":\"R\u00e9gulation de l\u2019\u00e9nergie au Burkina Faso : L\u2019ARSE dresse un bilan prometteur et remet son rapport 2025 au Premier ministre\"}]},{\"@type\":\"WebSite\",\"@id\":\"https:\\\/\\\/lacolombeplus.net\\\/#website\",\"url\":\"https:\\\/\\\/lacolombeplus.net\\\/\",\"name\":\"Lacolombeplus\",\"description\":\"\",\"publisher\":{\"@id\":\"https:\\\/\\\/lacolombeplus.net\\\/#organization\"},\"potentialAction\":[{\"@type\":\"SearchAction\",\"target\":{\"@type\":\"EntryPoint\",\"urlTemplate\":\"https:\\\/\\\/lacolombeplus.net\\\/?s={search_term_string}\"},\"query-input\":{\"@type\":\"PropertyValueSpecification\",\"valueRequired\":true,\"valueName\":\"search_term_string\"}}],\"inLanguage\":\"fr-FR\"},{\"@type\":\"Organization\",\"@id\":\"https:\\\/\\\/lacolombeplus.net\\\/#organization\",\"name\":\"lacolombeplus.net\",\"url\":\"https:\\\/\\\/lacolombeplus.net\\\/\",\"logo\":{\"@type\":\"ImageObject\",\"inLanguage\":\"fr-FR\",\"@id\":\"https:\\\/\\\/lacolombeplus.net\\\/#\\\/schema\\\/logo\\\/image\\\/\",\"url\":\"https:\\\/\\\/lacolombeplus.net\\\/wp-content\\\/uploads\\\/2026\\\/04\\\/a84391f3-a521-4177-867d-b9aaa3066b88.png\",\"contentUrl\":\"https:\\\/\\\/lacolombeplus.net\\\/wp-content\\\/uploads\\\/2026\\\/04\\\/a84391f3-a521-4177-867d-b9aaa3066b88.png\",\"width\":1045,\"height\":1505,\"caption\":\"lacolombeplus.net\"},\"image\":{\"@id\":\"https:\\\/\\\/lacolombeplus.net\\\/#\\\/schema\\\/logo\\\/image\\\/\"},\"sameAs\":[\"https:\\\/\\\/web.facebook.com\\\/profile.php?id=61589477078953\"]},{\"@type\":\"Person\",\"@id\":\"https:\\\/\\\/lacolombeplus.net\\\/#\\\/schema\\\/person\\\/1a433b3fa6e8f9696f18ece67a69915c\",\"name\":\"Dramane FAYAMA\",\"image\":{\"@type\":\"ImageObject\",\"inLanguage\":\"fr-FR\",\"@id\":\"https:\\\/\\\/secure.gravatar.com\\\/avatar\\\/6ae061b9c102ae93ffb7a4076195d78ace54801f91540899a6e8aacf91eacff8?s=96&d=mm&r=g\",\"url\":\"https:\\\/\\\/secure.gravatar.com\\\/avatar\\\/6ae061b9c102ae93ffb7a4076195d78ace54801f91540899a6e8aacf91eacff8?s=96&d=mm&r=g\",\"contentUrl\":\"https:\\\/\\\/secure.gravatar.com\\\/avatar\\\/6ae061b9c102ae93ffb7a4076195d78ace54801f91540899a6e8aacf91eacff8?s=96&d=mm&r=g\",\"caption\":\"Dramane FAYAMA\"},\"url\":\"https:\\\/\\\/lacolombeplus.net\\\/index.php\\\/author\\\/dramane\\\/\"}]}<\/script>\n<!-- \/ Yoast SEO plugin. -->","yoast_head_json":{"title":"R\u00e9gulation de l\u2019\u00e9nergie au Burkina Faso : L\u2019ARSE dresse un bilan prometteur et remet son rapport 2025 au Premier ministre - WordPress","robots":{"index":"index","follow":"follow","max-snippet":"max-snippet:-1","max-image-preview":"max-image-preview:large","max-video-preview":"max-video-preview:-1"},"canonical":"https:\/\/lacolombeplus.net\/index.php\/2026\/07\/27\/regulation-de-lenergie-au-burkina-faso-larse-dresse-un-bilan-prometteur-et-remet-son-rapport-2025-au-premier-ministre\/","og_locale":"fr_FR","og_type":"article","og_title":"R\u00e9gulation de l\u2019\u00e9nergie au Burkina Faso : L\u2019ARSE dresse un bilan prometteur et remet son rapport 2025 au Premier ministre - WordPress","og_description":"Dans le souci constant de promouvoir la redevabilit\u00e9 et la transparence au sein de l&rsquo;appareil d&rsquo;\u00c9tat, le pr\u00e9sident de l\u2019Autorit\u00e9 de r\u00e9gulation du secteur de l\u2019\u00e9nergie (ARSE), le Dr Jean-Baptiste Ky, a officiellement transmis le rapport d\u2019activit\u00e9s 2025 de son institution au Premier ministre, le Camarade Rimtalba Jean Emmanuel Ou\u00e9draogo. L&rsquo;audience s&rsquo;est tenue ce lundi...","og_url":"https:\/\/lacolombeplus.net\/index.php\/2026\/07\/27\/regulation-de-lenergie-au-burkina-faso-larse-dresse-un-bilan-prometteur-et-remet-son-rapport-2025-au-premier-ministre\/","og_site_name":"WordPress","article_publisher":"https:\/\/web.facebook.com\/profile.php?id=61589477078953","article_published_time":"2026-07-27T16:30:45+00:00","og_image":[{"width":971,"height":626,"url":"http:\/\/lacolombeplus.net\/wp-content\/uploads\/2026\/07\/77ab8ac1-dd54-45df-afd2-d7650f32f8f4.webp","type":"image\/webp"}],"author":"Dramane FAYAMA","twitter_card":"summary_large_image","twitter_misc":{"\u00c9crit par":"Dramane FAYAMA","Dur\u00e9e de lecture estim\u00e9e":"3 minutes"},"schema":{"@context":"https:\/\/schema.org","@graph":[{"@type":"Article","@id":"https:\/\/lacolombeplus.net\/index.php\/2026\/07\/27\/regulation-de-lenergie-au-burkina-faso-larse-dresse-un-bilan-prometteur-et-remet-son-rapport-2025-au-premier-ministre\/#article","isPartOf":{"@id":"https:\/\/lacolombeplus.net\/index.php\/2026\/07\/27\/regulation-de-lenergie-au-burkina-faso-larse-dresse-un-bilan-prometteur-et-remet-son-rapport-2025-au-premier-ministre\/"},"author":{"name":"Dramane FAYAMA","@id":"https:\/\/lacolombeplus.net\/#\/schema\/person\/1a433b3fa6e8f9696f18ece67a69915c"},"headline":"R\u00e9gulation de l\u2019\u00e9nergie au Burkina Faso : L\u2019ARSE dresse un bilan prometteur et remet son rapport 2025 au Premier ministre","datePublished":"2026-07-27T16:30:45+00:00","mainEntityOfPage":{"@id":"https:\/\/lacolombeplus.net\/index.php\/2026\/07\/27\/regulation-de-lenergie-au-burkina-faso-larse-dresse-un-bilan-prometteur-et-remet-son-rapport-2025-au-premier-ministre\/"},"wordCount":503,"commentCount":0,"publisher":{"@id":"https:\/\/lacolombeplus.net\/#organization"},"image":{"@id":"https:\/\/lacolombeplus.net\/index.php\/2026\/07\/27\/regulation-de-lenergie-au-burkina-faso-larse-dresse-un-bilan-prometteur-et-remet-son-rapport-2025-au-premier-ministre\/#primaryimage"},"thumbnailUrl":"https:\/\/lacolombeplus.net\/wp-content\/uploads\/2026\/07\/77ab8ac1-dd54-45df-afd2-d7650f32f8f4.webp","keywords":["ARSE","Primature"],"articleSection":["A la Une","D\u00e9veloppement","Politique"],"inLanguage":"fr-FR","potentialAction":[{"@type":"CommentAction","name":"Comment","target":["https:\/\/lacolombeplus.net\/index.php\/2026\/07\/27\/regulation-de-lenergie-au-burkina-faso-larse-dresse-un-bilan-prometteur-et-remet-son-rapport-2025-au-premier-ministre\/#respond"]}]},{"@type":"WebPage","@id":"https:\/\/lacolombeplus.net\/index.php\/2026\/07\/27\/regulation-de-lenergie-au-burkina-faso-larse-dresse-un-bilan-prometteur-et-remet-son-rapport-2025-au-premier-ministre\/","url":"https:\/\/lacolombeplus.net\/index.php\/2026\/07\/27\/regulation-de-lenergie-au-burkina-faso-larse-dresse-un-bilan-prometteur-et-remet-son-rapport-2025-au-premier-ministre\/","name":"R\u00e9gulation de l\u2019\u00e9nergie au Burkina Faso : L\u2019ARSE dresse un bilan prometteur et remet son rapport 2025 au Premier ministre - WordPress","isPartOf":{"@id":"https:\/\/lacolombeplus.net\/#website"},"primaryImageOfPage":{"@id":"https:\/\/lacolombeplus.net\/index.php\/2026\/07\/27\/regulation-de-lenergie-au-burkina-faso-larse-dresse-un-bilan-prometteur-et-remet-son-rapport-2025-au-premier-ministre\/#primaryimage"},"image":{"@id":"https:\/\/lacolombeplus.net\/index.php\/2026\/07\/27\/regulation-de-lenergie-au-burkina-faso-larse-dresse-un-bilan-prometteur-et-remet-son-rapport-2025-au-premier-ministre\/#primaryimage"},"thumbnailUrl":"https:\/\/lacolombeplus.net\/wp-content\/uploads\/2026\/07\/77ab8ac1-dd54-45df-afd2-d7650f32f8f4.webp","datePublished":"2026-07-27T16:30:45+00:00","breadcrumb":{"@id":"https:\/\/lacolombeplus.net\/index.php\/2026\/07\/27\/regulation-de-lenergie-au-burkina-faso-larse-dresse-un-bilan-prometteur-et-remet-son-rapport-2025-au-premier-ministre\/#breadcrumb"},"inLanguage":"fr-FR","potentialAction":[{"@type":"ReadAction","target":["https:\/\/lacolombeplus.net\/index.php\/2026\/07\/27\/regulation-de-lenergie-au-burkina-faso-larse-dresse-un-bilan-prometteur-et-remet-son-rapport-2025-au-premier-ministre\/"]}]},{"@type":"ImageObject","inLanguage":"fr-FR","@id":"https:\/\/lacolombeplus.net\/index.php\/2026\/07\/27\/regulation-de-lenergie-au-burkina-faso-larse-dresse-un-bilan-prometteur-et-remet-son-rapport-2025-au-premier-ministre\/#primaryimage","url":"https:\/\/lacolombeplus.net\/wp-content\/uploads\/2026\/07\/77ab8ac1-dd54-45df-afd2-d7650f32f8f4.webp","contentUrl":"https:\/\/lacolombeplus.net\/wp-content\/uploads\/2026\/07\/77ab8ac1-dd54-45df-afd2-d7650f32f8f4.webp","width":971,"height":626},{"@type":"BreadcrumbList","@id":"https:\/\/lacolombeplus.net\/index.php\/2026\/07\/27\/regulation-de-lenergie-au-burkina-faso-larse-dresse-un-bilan-prometteur-et-remet-son-rapport-2025-au-premier-ministre\/#breadcrumb","itemListElement":[{"@type":"ListItem","position":1,"name":"Accueil","item":"https:\/\/lacolombeplus.net\/"},{"@type":"ListItem","position":2,"name":"R\u00e9gulation de l\u2019\u00e9nergie au Burkina Faso : L\u2019ARSE dresse un bilan prometteur et remet son rapport 2025 au Premier ministre"}]},{"@type":"WebSite","@id":"https:\/\/lacolombeplus.net\/#website","url":"https:\/\/lacolombeplus.net\/","name":"Lacolombeplus","description":"","publisher":{"@id":"https:\/\/lacolombeplus.net\/#organization"},"potentialAction":[{"@type":"SearchAction","target":{"@type":"EntryPoint","urlTemplate":"https:\/\/lacolombeplus.net\/?s={search_term_string}"},"query-input":{"@type":"PropertyValueSpecification","valueRequired":true,"valueName":"search_term_string"}}],"inLanguage":"fr-FR"},{"@type":"Organization","@id":"https:\/\/lacolombeplus.net\/#organization","name":"lacolombeplus.net","url":"https:\/\/lacolombeplus.net\/","logo":{"@type":"ImageObject","inLanguage":"fr-FR","@id":"https:\/\/lacolombeplus.net\/#\/schema\/logo\/image\/","url":"https:\/\/lacolombeplus.net\/wp-content\/uploads\/2026\/04\/a84391f3-a521-4177-867d-b9aaa3066b88.png","contentUrl":"https:\/\/lacolombeplus.net\/wp-content\/uploads\/2026\/04\/a84391f3-a521-4177-867d-b9aaa3066b88.png","width":1045,"height":1505,"caption":"lacolombeplus.net"},"image":{"@id":"https:\/\/lacolombeplus.net\/#\/schema\/logo\/image\/"},"sameAs":["https:\/\/web.facebook.com\/profile.php?id=61589477078953"]},{"@type":"Person","@id":"https:\/\/lacolombeplus.net\/#\/schema\/person\/1a433b3fa6e8f9696f18ece67a69915c","name":"Dramane FAYAMA","image":{"@type":"ImageObject","inLanguage":"fr-FR","@id":"https:\/\/secure.gravatar.com\/avatar\/6ae061b9c102ae93ffb7a4076195d78ace54801f91540899a6e8aacf91eacff8?s=96&d=mm&r=g","url":"https:\/\/secure.gravatar.com\/avatar\/6ae061b9c102ae93ffb7a4076195d78ace54801f91540899a6e8aacf91eacff8?s=96&d=mm&r=g","contentUrl":"https:\/\/secure.gravatar.com\/avatar\/6ae061b9c102ae93ffb7a4076195d78ace54801f91540899a6e8aacf91eacff8?s=96&d=mm&r=g","caption":"Dramane FAYAMA"},"url":"https:\/\/lacolombeplus.net\/index.php\/author\/dramane\/"}]}},"jetpack_featured_media_url":"https:\/\/lacolombeplus.net\/wp-content\/uploads\/2026\/07\/77ab8ac1-dd54-45df-afd2-d7650f32f8f4.webp","jetpack_sharing_enabled":true,"_links":{"self":[{"href":"https:\/\/lacolombeplus.net\/index.php\/wp-json\/wp\/v2\/posts\/38741","targetHints":{"allow":["GET"]}}],"collection":[{"href":"https:\/\/lacolombeplus.net\/index.php\/wp-json\/wp\/v2\/posts"}],"about":[{"href":"https:\/\/lacolombeplus.net\/index.php\/wp-json\/wp\/v2\/types\/post"}],"author":[{"embeddable":true,"href":"https:\/\/lacolombeplus.net\/index.php\/wp-json\/wp\/v2\/users\/6"}],"replies":[{"embeddable":true,"href":"https:\/\/lacolombeplus.net\/index.php\/wp-json\/wp\/v2\/comments?post=38741"}],"version-history":[{"count":1,"href":"https:\/\/lacolombeplus.net\/index.php\/wp-json\/wp\/v2\/posts\/38741\/revisions"}],"predecessor-version":[{"id":38745,"href":"https:\/\/lacolombeplus.net\/index.php\/wp-json\/wp\/v2\/posts\/38741\/revisions\/38745"}],"wp:featuredmedia":[{"embeddable":true,"href":"https:\/\/lacolombeplus.net\/index.php\/wp-json\/wp\/v2\/media\/38744"}],"wp:attachment":[{"href":"https:\/\/lacolombeplus.net\/index.php\/wp-json\/wp\/v2\/media?parent=38741"}],"wp:term":[{"taxonomy":"category","embeddable":true,"href":"https:\/\/lacolombeplus.net\/index.php\/wp-json\/wp\/v2\/categories?post=38741"},{"taxonomy":"post_tag","embeddable":true,"href":"https:\/\/lacolombeplus.net\/index.php\/wp-json\/wp\/v2\/tags?post=38741"}],"curies":[{"name":"wp","href":"https:\/\/api.w.org\/{rel}","templated":true}]}}