{"id":38738,"date":"2026-07-27T11:01:42","date_gmt":"2026-07-27T11:01:42","guid":{"rendered":"https:\/\/lacolombeplus.net\/?p=38738"},"modified":"2026-07-27T11:01:42","modified_gmt":"2026-07-27T11:01:42","slug":"forum-mines-2026-iamgold-essakane-sa-reaffirme-son-leadership-en-sante-securite-et-environnement","status":"publish","type":"post","link":"https:\/\/lacolombeplus.net\/index.php\/2026\/07\/27\/forum-mines-2026-iamgold-essakane-sa-reaffirme-son-leadership-en-sante-securite-et-environnement\/","title":{"rendered":"Forum Mines 2026 : IAMGOLD Essakane SA r\u00e9affirme son leadership en sant\u00e9, s\u00e9curit\u00e9 et environnement"},"content":{"rendered":"<p><strong>Ouagadougou \u2013 Acteur majeur de l&rsquo;industrie mini\u00e8re au Burkina Faso, IAMGOLD Essakane SA a marqu\u00e9 sa pr\u00e9sence \u00e0 la 3\u1d49 \u00e9dition du Forum Mines, organis\u00e9e du 7 au 9 juillet 2026 au Centre international de conf\u00e9rences de Ouaga 2000. Plac\u00e9e sous le th\u00e8me \u00ab Sant\u00e9, S\u00e9curit\u00e9 et Environnement : Lib\u00e9rer le plein potentiel du secteur minier \u00bb, cette rencontre a rassembl\u00e9 les principaux acteurs du secteur extractif, les pouvoirs publics, les universitaires et les partenaires techniques autour des enjeux d&rsquo;une exploitation mini\u00e8re plus s\u00fbre, plus responsable et durable.<\/strong><\/p>\n<p>\u00c0 travers cette participation, IAMGOLD Essakane SA a d\u00e9montr\u00e9 son expertise en mettant \u00e0 contribution trois de ses sp\u00e9cialistes lors des diff\u00e9rents panels du forum. Il s&rsquo;agit de Noufou Tiendr\u00e9b\u00e9ogo, expert Sant\u00e9, S\u00e9curit\u00e9 et Environnement, intervenu sur les syst\u00e8mes de management HSE, de Alain Ive Mbogne, surintendant Environnement et R\u00e9habilitation, qui a partag\u00e9 l&rsquo;exp\u00e9rience de l&rsquo;entreprise en mati\u00e8re de r\u00e9habilitation progressive des sites miniers, ainsi que de Ezidor Bazemo, surintendant adjoint Approvisionnement, dont la communication a port\u00e9 sur la promotion de la fourniture locale des biens et services.<\/p>\n<p>Leurs interventions ont permis de pr\u00e9senter les pratiques d\u00e9velopp\u00e9es par l&rsquo;entreprise en mati\u00e8re de pr\u00e9vention des risques, de gestion environnementale et de promotion du contenu local, des th\u00e9matiques aujourd&rsquo;hui au c\u0153ur des politiques mini\u00e8res responsables.<\/p>\n<p style=\"text-align: center;\"><strong>Un stand pour valoriser les bonnes pratiques<\/strong><\/p>\n<p>En marge des conf\u00e9rences, IAMGOLD Essakane SA a anim\u00e9 un stand d&rsquo;exposition qui a attir\u00e9 de nombreux visiteurs. Cet espace a servi de vitrine pour pr\u00e9senter les initiatives, les m\u00e9canismes de pr\u00e9vention ainsi que les performances de l&rsquo;entreprise en mati\u00e8re de sant\u00e9, de s\u00e9curit\u00e9 et de protection de l&rsquo;environnement.<\/p>\n<p>Les participants ont ainsi pu d\u00e9couvrir les actions concr\u00e8tes mises en \u0153uvre par la soci\u00e9t\u00e9 afin de garantir un environnement de travail s\u00e9curis\u00e9 tout en r\u00e9duisant l&#8217;empreinte environnementale de ses activit\u00e9s.<\/p>\n<p style=\"text-align: center;\"><strong>L&rsquo;ambition du \u00ab z\u00e9ro incident \u00bb<\/strong><\/p>\n<p>Avec plus de quinze ann\u00e9es de pr\u00e9sence au Burkina Faso, IAMGOLD Essakane SA continue d&rsquo;inscrire son d\u00e9veloppement dans une logique de performance durable. Guid\u00e9e par sa vision strat\u00e9gique \u00ab Z\u00e9ro incident \u00bb, l&rsquo;entreprise place la sant\u00e9 des travailleurs, la s\u00e9curit\u00e9 des op\u00e9rations et la pr\u00e9servation de l&rsquo;environnement au c\u0153ur de son mod\u00e8le de gestion.<\/p>\n<p>\u00c0 travers sa participation au Forum Mines 2026, la soci\u00e9t\u00e9 r\u00e9affirme sa volont\u00e9 de contribuer activement \u00e0 l&rsquo;am\u00e9lioration continue des standards de l&rsquo;industrie mini\u00e8re burkinab\u00e8 et de partager son exp\u00e9rience avec l&rsquo;ensemble des acteurs du secteur.<\/p>\n<p>La participation remarqu\u00e9e d&rsquo;IAMGOLD Essakane SA \u00e0 cette troisi\u00e8me \u00e9dition du Forum Mines illustre l&rsquo;importance accord\u00e9e par l&rsquo;entreprise \u00e0 la pr\u00e9vention des risques, \u00e0 la responsabilit\u00e9 environnementale et au d\u00e9veloppement d&rsquo;une exploitation mini\u00e8re durable. En partageant son expertise et ses bonnes pratiques, la soci\u00e9t\u00e9 confirme sa position de r\u00e9f\u00e9rence dans le paysage minier burkinab\u00e8 et son engagement \u00e0 accompagner la transformation du secteur vers des standards toujours plus \u00e9lev\u00e9s en mati\u00e8re de sant\u00e9, s\u00e9curit\u00e9 et environnement.<\/p>\n<p style=\"text-align: right;\"><strong>La Colombe Plus<\/strong><\/p>\n","protected":false},"excerpt":{"rendered":"<p>Ouagadougou \u2013 Acteur majeur de l&rsquo;industrie mini\u00e8re au Burkina Faso, IAMGOLD Essakane SA a marqu\u00e9 sa pr\u00e9sence \u00e0 la 3\u1d49 \u00e9dition du Forum Mines, organis\u00e9e du 7 au 9 juillet 2026 au Centre international de conf\u00e9rences de Ouaga 2000. Plac\u00e9e sous le th\u00e8me \u00ab Sant\u00e9, S\u00e9curit\u00e9 et Environnement : Lib\u00e9rer le plein potentiel du secteur&#8230;<\/p>\n","protected":false},"author":6,"featured_media":38739,"comment_status":"open","ping_status":"open","sticky":false,"template":"","format":"standard","meta":{"_jetpack_newsletter_access":"","_jetpack_dont_email_post_to_subs":false,"_jetpack_newsletter_tier_id":0,"_jetpack_memberships_contains_paywalled_content":false,"_jetpack_feature_clip_id":0,"_jetpack_memberships_contains_paid_content":false,"footnotes":"","jetpack_post_was_ever_published":false},"categories":[2,193,199],"tags":[],"class_list":["post-38738","post","type-post","status-publish","format-standard","has-post-thumbnail","hentry","category-a-la-une","category-developpement","category-sante"],"yoast_head":"<!-- This site is optimized with the Yoast SEO plugin v28.3 - https:\/\/yoast.com\/product\/yoast-seo-wordpress\/ -->\n<title>Forum Mines 2026 : IAMGOLD Essakane SA r\u00e9affirme son leadership en sant\u00e9, s\u00e9curit\u00e9 et environnement - WordPress<\/title>\n<meta name=\"robots\" content=\"index, follow, max-snippet:-1, max-image-preview:large, max-video-preview:-1\" \/>\n<link rel=\"canonical\" href=\"https:\/\/lacolombeplus.net\/index.php\/2026\/07\/27\/forum-mines-2026-iamgold-essakane-sa-reaffirme-son-leadership-en-sante-securite-et-environnement\/\" \/>\n<meta property=\"og:locale\" content=\"fr_FR\" \/>\n<meta property=\"og:type\" content=\"article\" \/>\n<meta property=\"og:title\" content=\"Forum Mines 2026 : IAMGOLD Essakane SA r\u00e9affirme son leadership en sant\u00e9, s\u00e9curit\u00e9 et environnement - WordPress\" \/>\n<meta property=\"og:description\" content=\"Ouagadougou \u2013 Acteur majeur de l&rsquo;industrie mini\u00e8re au Burkina Faso, IAMGOLD Essakane SA a marqu\u00e9 sa pr\u00e9sence \u00e0 la 3\u1d49 \u00e9dition du Forum Mines, organis\u00e9e du 7 au 9 juillet 2026 au Centre international de conf\u00e9rences de Ouaga 2000. Plac\u00e9e sous le th\u00e8me \u00ab Sant\u00e9, S\u00e9curit\u00e9 et Environnement : Lib\u00e9rer le plein potentiel du secteur...\" \/>\n<meta property=\"og:url\" content=\"https:\/\/lacolombeplus.net\/index.php\/2026\/07\/27\/forum-mines-2026-iamgold-essakane-sa-reaffirme-son-leadership-en-sante-securite-et-environnement\/\" \/>\n<meta property=\"og:site_name\" content=\"WordPress\" \/>\n<meta property=\"article:publisher\" content=\"https:\/\/web.facebook.com\/profile.php?id=61589477078953\" \/>\n<meta property=\"article:published_time\" content=\"2026-07-27T11:01:42+00:00\" \/>\n<meta property=\"og:image\" content=\"http:\/\/lacolombeplus.net\/wp-content\/uploads\/2026\/07\/WhatsApp-Image-2026-07-25-at-21.57.25.webp\" \/>\n\t<meta property=\"og:image:width\" content=\"1280\" \/>\n\t<meta property=\"og:image:height\" content=\"960\" \/>\n\t<meta property=\"og:image:type\" content=\"image\/webp\" \/>\n<meta name=\"author\" content=\"Dramane FAYAMA\" \/>\n<meta name=\"twitter:card\" content=\"summary_large_image\" \/>\n<meta name=\"twitter:label1\" content=\"\u00c9crit par\" \/>\n\t<meta name=\"twitter:data1\" content=\"Dramane FAYAMA\" \/>\n\t<meta name=\"twitter:label2\" content=\"Dur\u00e9e de lecture estim\u00e9e\" \/>\n\t<meta name=\"twitter:data2\" content=\"3 minutes\" \/>\n<script type=\"application\/ld+json\" class=\"yoast-schema-graph\">{\"@context\":\"https:\\\/\\\/schema.org\",\"@graph\":[{\"@type\":\"Article\",\"@id\":\"https:\\\/\\\/lacolombeplus.net\\\/index.php\\\/2026\\\/07\\\/27\\\/forum-mines-2026-iamgold-essakane-sa-reaffirme-son-leadership-en-sante-securite-et-environnement\\\/#article\",\"isPartOf\":{\"@id\":\"https:\\\/\\\/lacolombeplus.net\\\/index.php\\\/2026\\\/07\\\/27\\\/forum-mines-2026-iamgold-essakane-sa-reaffirme-son-leadership-en-sante-securite-et-environnement\\\/\"},\"author\":{\"name\":\"Dramane FAYAMA\",\"@id\":\"https:\\\/\\\/lacolombeplus.net\\\/#\\\/schema\\\/person\\\/1a433b3fa6e8f9696f18ece67a69915c\"},\"headline\":\"Forum Mines 2026 : IAMGOLD Essakane SA r\u00e9affirme son leadership en sant\u00e9, s\u00e9curit\u00e9 et environnement\",\"datePublished\":\"2026-07-27T11:01:42+00:00\",\"mainEntityOfPage\":{\"@id\":\"https:\\\/\\\/lacolombeplus.net\\\/index.php\\\/2026\\\/07\\\/27\\\/forum-mines-2026-iamgold-essakane-sa-reaffirme-son-leadership-en-sante-securite-et-environnement\\\/\"},\"wordCount\":557,\"commentCount\":0,\"publisher\":{\"@id\":\"https:\\\/\\\/lacolombeplus.net\\\/#organization\"},\"image\":{\"@id\":\"https:\\\/\\\/lacolombeplus.net\\\/index.php\\\/2026\\\/07\\\/27\\\/forum-mines-2026-iamgold-essakane-sa-reaffirme-son-leadership-en-sante-securite-et-environnement\\\/#primaryimage\"},\"thumbnailUrl\":\"https:\\\/\\\/lacolombeplus.net\\\/wp-content\\\/uploads\\\/2026\\\/07\\\/WhatsApp-Image-2026-07-25-at-21.57.25.webp\",\"articleSection\":[\"A la Une\",\"D\u00e9veloppement\",\"Sant\u00e9\"],\"inLanguage\":\"fr-FR\",\"potentialAction\":[{\"@type\":\"CommentAction\",\"name\":\"Comment\",\"target\":[\"https:\\\/\\\/lacolombeplus.net\\\/index.php\\\/2026\\\/07\\\/27\\\/forum-mines-2026-iamgold-essakane-sa-reaffirme-son-leadership-en-sante-securite-et-environnement\\\/#respond\"]}]},{\"@type\":\"WebPage\",\"@id\":\"https:\\\/\\\/lacolombeplus.net\\\/index.php\\\/2026\\\/07\\\/27\\\/forum-mines-2026-iamgold-essakane-sa-reaffirme-son-leadership-en-sante-securite-et-environnement\\\/\",\"url\":\"https:\\\/\\\/lacolombeplus.net\\\/index.php\\\/2026\\\/07\\\/27\\\/forum-mines-2026-iamgold-essakane-sa-reaffirme-son-leadership-en-sante-securite-et-environnement\\\/\",\"name\":\"Forum Mines 2026 : IAMGOLD Essakane SA r\u00e9affirme son leadership en sant\u00e9, s\u00e9curit\u00e9 et environnement - WordPress\",\"isPartOf\":{\"@id\":\"https:\\\/\\\/lacolombeplus.net\\\/#website\"},\"primaryImageOfPage\":{\"@id\":\"https:\\\/\\\/lacolombeplus.net\\\/index.php\\\/2026\\\/07\\\/27\\\/forum-mines-2026-iamgold-essakane-sa-reaffirme-son-leadership-en-sante-securite-et-environnement\\\/#primaryimage\"},\"image\":{\"@id\":\"https:\\\/\\\/lacolombeplus.net\\\/index.php\\\/2026\\\/07\\\/27\\\/forum-mines-2026-iamgold-essakane-sa-reaffirme-son-leadership-en-sante-securite-et-environnement\\\/#primaryimage\"},\"thumbnailUrl\":\"https:\\\/\\\/lacolombeplus.net\\\/wp-content\\\/uploads\\\/2026\\\/07\\\/WhatsApp-Image-2026-07-25-at-21.57.25.webp\",\"datePublished\":\"2026-07-27T11:01:42+00:00\",\"breadcrumb\":{\"@id\":\"https:\\\/\\\/lacolombeplus.net\\\/index.php\\\/2026\\\/07\\\/27\\\/forum-mines-2026-iamgold-essakane-sa-reaffirme-son-leadership-en-sante-securite-et-environnement\\\/#breadcrumb\"},\"inLanguage\":\"fr-FR\",\"potentialAction\":[{\"@type\":\"ReadAction\",\"target\":[\"https:\\\/\\\/lacolombeplus.net\\\/index.php\\\/2026\\\/07\\\/27\\\/forum-mines-2026-iamgold-essakane-sa-reaffirme-son-leadership-en-sante-securite-et-environnement\\\/\"]}]},{\"@type\":\"ImageObject\",\"inLanguage\":\"fr-FR\",\"@id\":\"https:\\\/\\\/lacolombeplus.net\\\/index.php\\\/2026\\\/07\\\/27\\\/forum-mines-2026-iamgold-essakane-sa-reaffirme-son-leadership-en-sante-securite-et-environnement\\\/#primaryimage\",\"url\":\"https:\\\/\\\/lacolombeplus.net\\\/wp-content\\\/uploads\\\/2026\\\/07\\\/WhatsApp-Image-2026-07-25-at-21.57.25.webp\",\"contentUrl\":\"https:\\\/\\\/lacolombeplus.net\\\/wp-content\\\/uploads\\\/2026\\\/07\\\/WhatsApp-Image-2026-07-25-at-21.57.25.webp\",\"width\":1280,\"height\":960},{\"@type\":\"BreadcrumbList\",\"@id\":\"https:\\\/\\\/lacolombeplus.net\\\/index.php\\\/2026\\\/07\\\/27\\\/forum-mines-2026-iamgold-essakane-sa-reaffirme-son-leadership-en-sante-securite-et-environnement\\\/#breadcrumb\",\"itemListElement\":[{\"@type\":\"ListItem\",\"position\":1,\"name\":\"Accueil\",\"item\":\"https:\\\/\\\/lacolombeplus.net\\\/\"},{\"@type\":\"ListItem\",\"position\":2,\"name\":\"Forum Mines 2026 : IAMGOLD Essakane SA r\u00e9affirme son leadership en sant\u00e9, s\u00e9curit\u00e9 et environnement\"}]},{\"@type\":\"WebSite\",\"@id\":\"https:\\\/\\\/lacolombeplus.net\\\/#website\",\"url\":\"https:\\\/\\\/lacolombeplus.net\\\/\",\"name\":\"Lacolombeplus\",\"description\":\"\",\"publisher\":{\"@id\":\"https:\\\/\\\/lacolombeplus.net\\\/#organization\"},\"potentialAction\":[{\"@type\":\"SearchAction\",\"target\":{\"@type\":\"EntryPoint\",\"urlTemplate\":\"https:\\\/\\\/lacolombeplus.net\\\/?s={search_term_string}\"},\"query-input\":{\"@type\":\"PropertyValueSpecification\",\"valueRequired\":true,\"valueName\":\"search_term_string\"}}],\"inLanguage\":\"fr-FR\"},{\"@type\":\"Organization\",\"@id\":\"https:\\\/\\\/lacolombeplus.net\\\/#organization\",\"name\":\"lacolombeplus.net\",\"url\":\"https:\\\/\\\/lacolombeplus.net\\\/\",\"logo\":{\"@type\":\"ImageObject\",\"inLanguage\":\"fr-FR\",\"@id\":\"https:\\\/\\\/lacolombeplus.net\\\/#\\\/schema\\\/logo\\\/image\\\/\",\"url\":\"https:\\\/\\\/lacolombeplus.net\\\/wp-content\\\/uploads\\\/2026\\\/04\\\/a84391f3-a521-4177-867d-b9aaa3066b88.png\",\"contentUrl\":\"https:\\\/\\\/lacolombeplus.net\\\/wp-content\\\/uploads\\\/2026\\\/04\\\/a84391f3-a521-4177-867d-b9aaa3066b88.png\",\"width\":1045,\"height\":1505,\"caption\":\"lacolombeplus.net\"},\"image\":{\"@id\":\"https:\\\/\\\/lacolombeplus.net\\\/#\\\/schema\\\/logo\\\/image\\\/\"},\"sameAs\":[\"https:\\\/\\\/web.facebook.com\\\/profile.php?id=61589477078953\"]},{\"@type\":\"Person\",\"@id\":\"https:\\\/\\\/lacolombeplus.net\\\/#\\\/schema\\\/person\\\/1a433b3fa6e8f9696f18ece67a69915c\",\"name\":\"Dramane FAYAMA\",\"image\":{\"@type\":\"ImageObject\",\"inLanguage\":\"fr-FR\",\"@id\":\"https:\\\/\\\/secure.gravatar.com\\\/avatar\\\/6ae061b9c102ae93ffb7a4076195d78ace54801f91540899a6e8aacf91eacff8?s=96&d=mm&r=g\",\"url\":\"https:\\\/\\\/secure.gravatar.com\\\/avatar\\\/6ae061b9c102ae93ffb7a4076195d78ace54801f91540899a6e8aacf91eacff8?s=96&d=mm&r=g\",\"contentUrl\":\"https:\\\/\\\/secure.gravatar.com\\\/avatar\\\/6ae061b9c102ae93ffb7a4076195d78ace54801f91540899a6e8aacf91eacff8?s=96&d=mm&r=g\",\"caption\":\"Dramane FAYAMA\"},\"url\":\"https:\\\/\\\/lacolombeplus.net\\\/index.php\\\/author\\\/dramane\\\/\"}]}<\/script>\n<!-- \/ Yoast SEO plugin. -->","yoast_head_json":{"title":"Forum Mines 2026 : IAMGOLD Essakane SA r\u00e9affirme son leadership en sant\u00e9, s\u00e9curit\u00e9 et environnement - WordPress","robots":{"index":"index","follow":"follow","max-snippet":"max-snippet:-1","max-image-preview":"max-image-preview:large","max-video-preview":"max-video-preview:-1"},"canonical":"https:\/\/lacolombeplus.net\/index.php\/2026\/07\/27\/forum-mines-2026-iamgold-essakane-sa-reaffirme-son-leadership-en-sante-securite-et-environnement\/","og_locale":"fr_FR","og_type":"article","og_title":"Forum Mines 2026 : IAMGOLD Essakane SA r\u00e9affirme son leadership en sant\u00e9, s\u00e9curit\u00e9 et environnement - WordPress","og_description":"Ouagadougou \u2013 Acteur majeur de l&rsquo;industrie mini\u00e8re au Burkina Faso, IAMGOLD Essakane SA a marqu\u00e9 sa pr\u00e9sence \u00e0 la 3\u1d49 \u00e9dition du Forum Mines, organis\u00e9e du 7 au 9 juillet 2026 au Centre international de conf\u00e9rences de Ouaga 2000. Plac\u00e9e sous le th\u00e8me \u00ab Sant\u00e9, S\u00e9curit\u00e9 et Environnement : Lib\u00e9rer le plein potentiel du secteur...","og_url":"https:\/\/lacolombeplus.net\/index.php\/2026\/07\/27\/forum-mines-2026-iamgold-essakane-sa-reaffirme-son-leadership-en-sante-securite-et-environnement\/","og_site_name":"WordPress","article_publisher":"https:\/\/web.facebook.com\/profile.php?id=61589477078953","article_published_time":"2026-07-27T11:01:42+00:00","og_image":[{"width":1280,"height":960,"url":"http:\/\/lacolombeplus.net\/wp-content\/uploads\/2026\/07\/WhatsApp-Image-2026-07-25-at-21.57.25.webp","type":"image\/webp"}],"author":"Dramane FAYAMA","twitter_card":"summary_large_image","twitter_misc":{"\u00c9crit par":"Dramane FAYAMA","Dur\u00e9e de lecture estim\u00e9e":"3 minutes"},"schema":{"@context":"https:\/\/schema.org","@graph":[{"@type":"Article","@id":"https:\/\/lacolombeplus.net\/index.php\/2026\/07\/27\/forum-mines-2026-iamgold-essakane-sa-reaffirme-son-leadership-en-sante-securite-et-environnement\/#article","isPartOf":{"@id":"https:\/\/lacolombeplus.net\/index.php\/2026\/07\/27\/forum-mines-2026-iamgold-essakane-sa-reaffirme-son-leadership-en-sante-securite-et-environnement\/"},"author":{"name":"Dramane FAYAMA","@id":"https:\/\/lacolombeplus.net\/#\/schema\/person\/1a433b3fa6e8f9696f18ece67a69915c"},"headline":"Forum Mines 2026 : IAMGOLD Essakane SA r\u00e9affirme son leadership en sant\u00e9, s\u00e9curit\u00e9 et environnement","datePublished":"2026-07-27T11:01:42+00:00","mainEntityOfPage":{"@id":"https:\/\/lacolombeplus.net\/index.php\/2026\/07\/27\/forum-mines-2026-iamgold-essakane-sa-reaffirme-son-leadership-en-sante-securite-et-environnement\/"},"wordCount":557,"commentCount":0,"publisher":{"@id":"https:\/\/lacolombeplus.net\/#organization"},"image":{"@id":"https:\/\/lacolombeplus.net\/index.php\/2026\/07\/27\/forum-mines-2026-iamgold-essakane-sa-reaffirme-son-leadership-en-sante-securite-et-environnement\/#primaryimage"},"thumbnailUrl":"https:\/\/lacolombeplus.net\/wp-content\/uploads\/2026\/07\/WhatsApp-Image-2026-07-25-at-21.57.25.webp","articleSection":["A la Une","D\u00e9veloppement","Sant\u00e9"],"inLanguage":"fr-FR","potentialAction":[{"@type":"CommentAction","name":"Comment","target":["https:\/\/lacolombeplus.net\/index.php\/2026\/07\/27\/forum-mines-2026-iamgold-essakane-sa-reaffirme-son-leadership-en-sante-securite-et-environnement\/#respond"]}]},{"@type":"WebPage","@id":"https:\/\/lacolombeplus.net\/index.php\/2026\/07\/27\/forum-mines-2026-iamgold-essakane-sa-reaffirme-son-leadership-en-sante-securite-et-environnement\/","url":"https:\/\/lacolombeplus.net\/index.php\/2026\/07\/27\/forum-mines-2026-iamgold-essakane-sa-reaffirme-son-leadership-en-sante-securite-et-environnement\/","name":"Forum Mines 2026 : IAMGOLD Essakane SA r\u00e9affirme son leadership en sant\u00e9, s\u00e9curit\u00e9 et environnement - WordPress","isPartOf":{"@id":"https:\/\/lacolombeplus.net\/#website"},"primaryImageOfPage":{"@id":"https:\/\/lacolombeplus.net\/index.php\/2026\/07\/27\/forum-mines-2026-iamgold-essakane-sa-reaffirme-son-leadership-en-sante-securite-et-environnement\/#primaryimage"},"image":{"@id":"https:\/\/lacolombeplus.net\/index.php\/2026\/07\/27\/forum-mines-2026-iamgold-essakane-sa-reaffirme-son-leadership-en-sante-securite-et-environnement\/#primaryimage"},"thumbnailUrl":"https:\/\/lacolombeplus.net\/wp-content\/uploads\/2026\/07\/WhatsApp-Image-2026-07-25-at-21.57.25.webp","datePublished":"2026-07-27T11:01:42+00:00","breadcrumb":{"@id":"https:\/\/lacolombeplus.net\/index.php\/2026\/07\/27\/forum-mines-2026-iamgold-essakane-sa-reaffirme-son-leadership-en-sante-securite-et-environnement\/#breadcrumb"},"inLanguage":"fr-FR","potentialAction":[{"@type":"ReadAction","target":["https:\/\/lacolombeplus.net\/index.php\/2026\/07\/27\/forum-mines-2026-iamgold-essakane-sa-reaffirme-son-leadership-en-sante-securite-et-environnement\/"]}]},{"@type":"ImageObject","inLanguage":"fr-FR","@id":"https:\/\/lacolombeplus.net\/index.php\/2026\/07\/27\/forum-mines-2026-iamgold-essakane-sa-reaffirme-son-leadership-en-sante-securite-et-environnement\/#primaryimage","url":"https:\/\/lacolombeplus.net\/wp-content\/uploads\/2026\/07\/WhatsApp-Image-2026-07-25-at-21.57.25.webp","contentUrl":"https:\/\/lacolombeplus.net\/wp-content\/uploads\/2026\/07\/WhatsApp-Image-2026-07-25-at-21.57.25.webp","width":1280,"height":960},{"@type":"BreadcrumbList","@id":"https:\/\/lacolombeplus.net\/index.php\/2026\/07\/27\/forum-mines-2026-iamgold-essakane-sa-reaffirme-son-leadership-en-sante-securite-et-environnement\/#breadcrumb","itemListElement":[{"@type":"ListItem","position":1,"name":"Accueil","item":"https:\/\/lacolombeplus.net\/"},{"@type":"ListItem","position":2,"name":"Forum Mines 2026 : IAMGOLD Essakane SA r\u00e9affirme son leadership en sant\u00e9, s\u00e9curit\u00e9 et environnement"}]},{"@type":"WebSite","@id":"https:\/\/lacolombeplus.net\/#website","url":"https:\/\/lacolombeplus.net\/","name":"Lacolombeplus","description":"","publisher":{"@id":"https:\/\/lacolombeplus.net\/#organization"},"potentialAction":[{"@type":"SearchAction","target":{"@type":"EntryPoint","urlTemplate":"https:\/\/lacolombeplus.net\/?s={search_term_string}"},"query-input":{"@type":"PropertyValueSpecification","valueRequired":true,"valueName":"search_term_string"}}],"inLanguage":"fr-FR"},{"@type":"Organization","@id":"https:\/\/lacolombeplus.net\/#organization","name":"lacolombeplus.net","url":"https:\/\/lacolombeplus.net\/","logo":{"@type":"ImageObject","inLanguage":"fr-FR","@id":"https:\/\/lacolombeplus.net\/#\/schema\/logo\/image\/","url":"https:\/\/lacolombeplus.net\/wp-content\/uploads\/2026\/04\/a84391f3-a521-4177-867d-b9aaa3066b88.png","contentUrl":"https:\/\/lacolombeplus.net\/wp-content\/uploads\/2026\/04\/a84391f3-a521-4177-867d-b9aaa3066b88.png","width":1045,"height":1505,"caption":"lacolombeplus.net"},"image":{"@id":"https:\/\/lacolombeplus.net\/#\/schema\/logo\/image\/"},"sameAs":["https:\/\/web.facebook.com\/profile.php?id=61589477078953"]},{"@type":"Person","@id":"https:\/\/lacolombeplus.net\/#\/schema\/person\/1a433b3fa6e8f9696f18ece67a69915c","name":"Dramane FAYAMA","image":{"@type":"ImageObject","inLanguage":"fr-FR","@id":"https:\/\/secure.gravatar.com\/avatar\/6ae061b9c102ae93ffb7a4076195d78ace54801f91540899a6e8aacf91eacff8?s=96&d=mm&r=g","url":"https:\/\/secure.gravatar.com\/avatar\/6ae061b9c102ae93ffb7a4076195d78ace54801f91540899a6e8aacf91eacff8?s=96&d=mm&r=g","contentUrl":"https:\/\/secure.gravatar.com\/avatar\/6ae061b9c102ae93ffb7a4076195d78ace54801f91540899a6e8aacf91eacff8?s=96&d=mm&r=g","caption":"Dramane FAYAMA"},"url":"https:\/\/lacolombeplus.net\/index.php\/author\/dramane\/"}]}},"jetpack_featured_media_url":"https:\/\/lacolombeplus.net\/wp-content\/uploads\/2026\/07\/WhatsApp-Image-2026-07-25-at-21.57.25.webp","jetpack_sharing_enabled":true,"_links":{"self":[{"href":"https:\/\/lacolombeplus.net\/index.php\/wp-json\/wp\/v2\/posts\/38738","targetHints":{"allow":["GET"]}}],"collection":[{"href":"https:\/\/lacolombeplus.net\/index.php\/wp-json\/wp\/v2\/posts"}],"about":[{"href":"https:\/\/lacolombeplus.net\/index.php\/wp-json\/wp\/v2\/types\/post"}],"author":[{"embeddable":true,"href":"https:\/\/lacolombeplus.net\/index.php\/wp-json\/wp\/v2\/users\/6"}],"replies":[{"embeddable":true,"href":"https:\/\/lacolombeplus.net\/index.php\/wp-json\/wp\/v2\/comments?post=38738"}],"version-history":[{"count":1,"href":"https:\/\/lacolombeplus.net\/index.php\/wp-json\/wp\/v2\/posts\/38738\/revisions"}],"predecessor-version":[{"id":38740,"href":"https:\/\/lacolombeplus.net\/index.php\/wp-json\/wp\/v2\/posts\/38738\/revisions\/38740"}],"wp:featuredmedia":[{"embeddable":true,"href":"https:\/\/lacolombeplus.net\/index.php\/wp-json\/wp\/v2\/media\/38739"}],"wp:attachment":[{"href":"https:\/\/lacolombeplus.net\/index.php\/wp-json\/wp\/v2\/media?parent=38738"}],"wp:term":[{"taxonomy":"category","embeddable":true,"href":"https:\/\/lacolombeplus.net\/index.php\/wp-json\/wp\/v2\/categories?post=38738"},{"taxonomy":"post_tag","embeddable":true,"href":"https:\/\/lacolombeplus.net\/index.php\/wp-json\/wp\/v2\/tags?post=38738"}],"curies":[{"name":"wp","href":"https:\/\/api.w.org\/{rel}","templated":true}]}}