{"id":38728,"date":"2026-07-25T17:53:41","date_gmt":"2026-07-25T17:53:41","guid":{"rendered":"https:\/\/lacolombeplus.net\/?p=38728"},"modified":"2026-07-25T18:00:11","modified_gmt":"2026-07-25T18:00:11","slug":"forum-sol-vert-2026-iamgold-essakane-sa-reaffirme-son-engagement-pour-la-souverainete-alimentaire-et-le-developpement-durable","status":"publish","type":"post","link":"https:\/\/lacolombeplus.net\/index.php\/2026\/07\/25\/forum-sol-vert-2026-iamgold-essakane-sa-reaffirme-son-engagement-pour-la-souverainete-alimentaire-et-le-developpement-durable\/","title":{"rendered":"Forum Sol Vert 2026 : IAMGOLD Essakane SA r\u00e9affirme son engagement pour la souverainet\u00e9 alimentaire et le d\u00e9veloppement durable"},"content":{"rendered":"<p><strong>Ouagadougou, 25 juillet 2026 \u2013 La capitale burkinab\u00e8 a accueilli, les 24 et 25 juillet 2026, le Forum Sol Vert 2026, consacr\u00e9 \u00e0 la territorialisation des syst\u00e8mes alimentaires burkinab\u00e8. Plac\u00e9e sous le th\u00e8me \u00ab La territorialisation des syst\u00e8mes alimentaires burkinab\u00e8, pilier strat\u00e9gique de la souverainet\u00e9 alimentaire et du d\u00e9veloppement durable \u00bb, cette rencontre a r\u00e9uni des repr\u00e9sentants de l&rsquo;\u00c9tat, des collecti<\/strong><strong>vit\u00e9s territoriales, du secteur priv\u00e9, de la soci\u00e9t\u00e9 civile, des partenaires techniques et financiers ainsi que des experts du d\u00e9veloppement.<\/strong><\/p>\n<p>Parmi les partenaires majeurs de cette \u00e9dition figure IAMGOLD Essakane SA, qui a une nouvelle fois d\u00e9montr\u00e9 son engagement en faveur du d\u00e9veloppement durable et de la r\u00e9silience des territoires.<\/p>\n<p style=\"text-align: center;\"><strong>Un parrainage porteur de vision<\/strong><\/p>\n<p>La c\u00e9r\u00e9monie officielle d&rsquo;ouverture s&rsquo;est tenue sous le parrainage du Vice-Pr\u00e9sident Afrique de l&rsquo;Ouest et Directeur G\u00e9n\u00e9ral d&rsquo;IAMGOLD Essakane SA, M. Tidiane Barry. Repr\u00e9sent\u00e9 par M. Kalid Kere, Coordonnateur RSE\/ESG et Partenariats, le parrain a livr\u00e9 un message mettant l&rsquo;accent sur la n\u00e9cessit\u00e9 d&rsquo;une collaboration renforc\u00e9e entre les diff\u00e9rents acteurs afin de b\u00e2tir des syst\u00e8mes alimentaires plus r\u00e9silients, inclusifs et durables.<\/p>\n<p>Son intervention a soulign\u00e9 l&rsquo;importance d&rsquo;une gouvernance concert\u00e9e des territoires, de la pr\u00e9servation des ressources naturelles et du d\u00e9veloppement de solutions adapt\u00e9es aux r\u00e9alit\u00e9s locales.<\/p>\n<figure id=\"attachment_38731\" aria-describedby=\"caption-attachment-38731\" style=\"width: 1280px\" class=\"wp-caption alignnone\"><img fetchpriority=\"high\" decoding=\"async\" class=\"size-full wp-image-38731\" src=\"http:\/\/lacolombeplus.net\/wp-content\/uploads\/2026\/07\/IMG-20260725-WA0102.webp\" alt=\"\" width=\"1280\" height=\"853\" srcset=\"https:\/\/lacolombeplus.net\/wp-content\/uploads\/2026\/07\/IMG-20260725-WA0102.webp 1280w, https:\/\/lacolombeplus.net\/wp-content\/uploads\/2026\/07\/IMG-20260725-WA0102-300x200.webp 300w, https:\/\/lacolombeplus.net\/wp-content\/uploads\/2026\/07\/IMG-20260725-WA0102-1024x682.webp 1024w, https:\/\/lacolombeplus.net\/wp-content\/uploads\/2026\/07\/IMG-20260725-WA0102-768x512.webp 768w\" sizes=\"(max-width: 1280px) 100vw, 1280px\" \/><figcaption id=\"caption-attachment-38731\" class=\"wp-caption-text\">Le pr\u00e9sidium<\/figcaption><\/figure>\n<p style=\"text-align: center;\"><strong>L&rsquo;exp\u00e9rience d&rsquo;Essakane au c\u0153ur des \u00e9changes<\/strong><\/p>\n<p>Au-del\u00e0 de son soutien institutionnel, IAMGOLD Essakane SA a pris une part active aux travaux du Forum en intervenant lors du panel consacr\u00e9 au th\u00e8me : \u00ab Cohabitation, mobilit\u00e9s et ressources : vers une gouvernance int\u00e9gr\u00e9e des territoires face aux dynamiques mini\u00e8res, migratoires et des syst\u00e8mes alimentaires \u00bb.<\/p>\n<p>\u00c0 cette occasion, M. Alain Ive Mbogne, Surintendant Sant\u00e9, S\u00e9curit\u00e9, Environnement et R\u00e9habilitation, a pr\u00e9sent\u00e9 l&rsquo;exp\u00e9rience de la soci\u00e9t\u00e9 mini\u00e8re en mati\u00e8re de gestion durable des territoires. Son intervention a mis en lumi\u00e8re les actions conduites par l&rsquo;entreprise pour favoriser une cohabitation harmonieuse entre les activit\u00e9s mini\u00e8res, les communaut\u00e9s locales et les autres usages des terres, tout en contribuant au d\u00e9veloppement socio-\u00e9conomique des zones d&rsquo;intervention.<\/p>\n<p style=\"text-align: center;\"><strong>Une responsabilit\u00e9 soci\u00e9tale affirm\u00e9e<\/strong><\/p>\n<p>\u00c0 travers sa participation au Forum Sol Vert 2026, IAMGOLD Essakane SA confirme que l&rsquo;industrie mini\u00e8re peut jouer un r\u00f4le d\u00e9terminant dans la promotion de la souverainet\u00e9 alimentaire, la protection de l&rsquo;environnement et le d\u00e9veloppement des communaut\u00e9s.<\/p>\n<p>Cette implication s&rsquo;inscrit dans la strat\u00e9gie de Responsabilit\u00e9 Soci\u00e9tale de l&rsquo;Entreprise (RSE), qui vise \u00e0 renforcer le dialogue avec les parties prenantes, soutenir des initiatives porteuses de d\u00e9veloppement durable et accompagner les politiques nationales en mati\u00e8re de r\u00e9silience climatique et de s\u00e9curit\u00e9 alimentaire.<\/p>\n<figure id=\"attachment_38730\" aria-describedby=\"caption-attachment-38730\" style=\"width: 1280px\" class=\"wp-caption alignnone\"><img decoding=\"async\" class=\"size-full wp-image-38730\" src=\"http:\/\/lacolombeplus.net\/wp-content\/uploads\/2026\/07\/IMG-20260725-WA0101.webp\" alt=\"\" width=\"1280\" height=\"853\" srcset=\"https:\/\/lacolombeplus.net\/wp-content\/uploads\/2026\/07\/IMG-20260725-WA0101.webp 1280w, https:\/\/lacolombeplus.net\/wp-content\/uploads\/2026\/07\/IMG-20260725-WA0101-300x200.webp 300w, https:\/\/lacolombeplus.net\/wp-content\/uploads\/2026\/07\/IMG-20260725-WA0101-1024x682.webp 1024w, https:\/\/lacolombeplus.net\/wp-content\/uploads\/2026\/07\/IMG-20260725-WA0101-768x512.webp 768w\" sizes=\"(max-width: 1280px) 100vw, 1280px\" \/><figcaption id=\"caption-attachment-38730\" class=\"wp-caption-text\">Une visite des stands<\/figcaption><\/figure>\n<p style=\"text-align: center;\"><strong>Une convergence d&rsquo;int\u00e9r\u00eats pour l&rsquo;avenir<\/strong><\/p>\n<p>Dans un contexte marqu\u00e9 par les d\u00e9fis climatiques, la pression sur les ressources naturelles et les enjeux de s\u00e9curit\u00e9 alimentaire, le Forum Sol Vert 2026 appara\u00eet comme un espace strat\u00e9gique de concertation entre les acteurs publics et priv\u00e9s.<\/p>\n<p>En apportant son expertise et son soutien \u00e0 cette initiative, IAMGOLD Essakane SA r\u00e9affirme sa volont\u00e9 de contribuer \u00e0 un d\u00e9veloppement territorial \u00e9quilibr\u00e9, fond\u00e9 sur le dialogue, l&rsquo;innovation et la cr\u00e9ation de valeur partag\u00e9e au b\u00e9n\u00e9fice des populations burkinab\u00e8.<\/p>\n<p style=\"text-align: right;\"><strong>La Colombe Plus<\/strong><br \/>\n<strong>R\u00e9daction<\/strong><\/p>\n","protected":false},"excerpt":{"rendered":"<p>Ouagadougou, 25 juillet 2026 \u2013 La capitale burkinab\u00e8 a accueilli, les 24 et 25 juillet 2026, le Forum Sol Vert 2026, consacr\u00e9 \u00e0 la territorialisation des syst\u00e8mes alimentaires burkinab\u00e8. Plac\u00e9e sous le th\u00e8me \u00ab La territorialisation des syst\u00e8mes alimentaires burkinab\u00e8, pilier strat\u00e9gique de la souverainet\u00e9 alimentaire et du d\u00e9veloppement durable \u00bb, cette rencontre a r\u00e9uni&#8230;<\/p>\n","protected":false},"author":6,"featured_media":38729,"comment_status":"open","ping_status":"open","sticky":false,"template":"","format":"standard","meta":{"_jetpack_newsletter_access":"","_jetpack_dont_email_post_to_subs":false,"_jetpack_newsletter_tier_id":0,"_jetpack_memberships_contains_paywalled_content":false,"_jetpack_feature_clip_id":0,"_jetpack_memberships_contains_paid_content":false,"footnotes":"","jetpack_post_was_ever_published":false},"categories":[2,193],"tags":[198],"class_list":["post-38728","post","type-post","status-publish","format-standard","has-post-thumbnail","hentry","category-a-la-une","category-developpement","tag-essakane-iamgold"],"yoast_head":"<!-- This site is optimized with the Yoast SEO plugin v28.3 - https:\/\/yoast.com\/product\/yoast-seo-wordpress\/ -->\n<title>Forum Sol Vert 2026 : IAMGOLD Essakane SA r\u00e9affirme son engagement pour la souverainet\u00e9 alimentaire et le d\u00e9veloppement durable - WordPress<\/title>\n<meta name=\"robots\" content=\"index, follow, max-snippet:-1, max-image-preview:large, max-video-preview:-1\" \/>\n<link rel=\"canonical\" href=\"https:\/\/lacolombeplus.net\/index.php\/2026\/07\/25\/forum-sol-vert-2026-iamgold-essakane-sa-reaffirme-son-engagement-pour-la-souverainete-alimentaire-et-le-developpement-durable\/\" \/>\n<meta property=\"og:locale\" content=\"fr_FR\" \/>\n<meta property=\"og:type\" content=\"article\" \/>\n<meta property=\"og:title\" content=\"Forum Sol Vert 2026 : IAMGOLD Essakane SA r\u00e9affirme son engagement pour la souverainet\u00e9 alimentaire et le d\u00e9veloppement durable - WordPress\" \/>\n<meta property=\"og:description\" content=\"Ouagadougou, 25 juillet 2026 \u2013 La capitale burkinab\u00e8 a accueilli, les 24 et 25 juillet 2026, le Forum Sol Vert 2026, consacr\u00e9 \u00e0 la territorialisation des syst\u00e8mes alimentaires burkinab\u00e8. Plac\u00e9e sous le th\u00e8me \u00ab La territorialisation des syst\u00e8mes alimentaires burkinab\u00e8, pilier strat\u00e9gique de la souverainet\u00e9 alimentaire et du d\u00e9veloppement durable \u00bb, cette rencontre a r\u00e9uni...\" \/>\n<meta property=\"og:url\" content=\"https:\/\/lacolombeplus.net\/index.php\/2026\/07\/25\/forum-sol-vert-2026-iamgold-essakane-sa-reaffirme-son-engagement-pour-la-souverainete-alimentaire-et-le-developpement-durable\/\" \/>\n<meta property=\"og:site_name\" content=\"WordPress\" \/>\n<meta property=\"article:publisher\" content=\"https:\/\/web.facebook.com\/profile.php?id=61589477078953\" \/>\n<meta property=\"article:published_time\" content=\"2026-07-25T17:53:41+00:00\" \/>\n<meta property=\"article:modified_time\" content=\"2026-07-25T18:00:11+00:00\" \/>\n<meta property=\"og:image\" content=\"http:\/\/lacolombeplus.net\/wp-content\/uploads\/2026\/07\/IMG-20260725-WA0099.webp\" \/>\n\t<meta property=\"og:image:width\" content=\"1280\" \/>\n\t<meta property=\"og:image:height\" content=\"853\" \/>\n\t<meta property=\"og:image:type\" content=\"image\/webp\" \/>\n<meta name=\"author\" content=\"Dramane FAYAMA\" \/>\n<meta name=\"twitter:card\" content=\"summary_large_image\" \/>\n<meta name=\"twitter:label1\" content=\"\u00c9crit par\" \/>\n\t<meta name=\"twitter:data1\" content=\"Dramane FAYAMA\" \/>\n\t<meta name=\"twitter:label2\" content=\"Dur\u00e9e de lecture estim\u00e9e\" \/>\n\t<meta name=\"twitter:data2\" content=\"4 minutes\" \/>\n<script type=\"application\/ld+json\" class=\"yoast-schema-graph\">{\"@context\":\"https:\\\/\\\/schema.org\",\"@graph\":[{\"@type\":\"Article\",\"@id\":\"https:\\\/\\\/lacolombeplus.net\\\/index.php\\\/2026\\\/07\\\/25\\\/forum-sol-vert-2026-iamgold-essakane-sa-reaffirme-son-engagement-pour-la-souverainete-alimentaire-et-le-developpement-durable\\\/#article\",\"isPartOf\":{\"@id\":\"https:\\\/\\\/lacolombeplus.net\\\/index.php\\\/2026\\\/07\\\/25\\\/forum-sol-vert-2026-iamgold-essakane-sa-reaffirme-son-engagement-pour-la-souverainete-alimentaire-et-le-developpement-durable\\\/\"},\"author\":{\"name\":\"Dramane FAYAMA\",\"@id\":\"https:\\\/\\\/lacolombeplus.net\\\/#\\\/schema\\\/person\\\/1a433b3fa6e8f9696f18ece67a69915c\"},\"headline\":\"Forum Sol Vert 2026 : IAMGOLD Essakane SA r\u00e9affirme son engagement pour la souverainet\u00e9 alimentaire et le d\u00e9veloppement durable\",\"datePublished\":\"2026-07-25T17:53:41+00:00\",\"dateModified\":\"2026-07-25T18:00:11+00:00\",\"mainEntityOfPage\":{\"@id\":\"https:\\\/\\\/lacolombeplus.net\\\/index.php\\\/2026\\\/07\\\/25\\\/forum-sol-vert-2026-iamgold-essakane-sa-reaffirme-son-engagement-pour-la-souverainete-alimentaire-et-le-developpement-durable\\\/\"},\"wordCount\":612,\"commentCount\":0,\"publisher\":{\"@id\":\"https:\\\/\\\/lacolombeplus.net\\\/#organization\"},\"image\":{\"@id\":\"https:\\\/\\\/lacolombeplus.net\\\/index.php\\\/2026\\\/07\\\/25\\\/forum-sol-vert-2026-iamgold-essakane-sa-reaffirme-son-engagement-pour-la-souverainete-alimentaire-et-le-developpement-durable\\\/#primaryimage\"},\"thumbnailUrl\":\"https:\\\/\\\/lacolombeplus.net\\\/wp-content\\\/uploads\\\/2026\\\/07\\\/IMG-20260725-WA0099.webp\",\"keywords\":[\"Essakane IAMGOLD\"],\"articleSection\":[\"A la Une\",\"D\u00e9veloppement\"],\"inLanguage\":\"fr-FR\",\"potentialAction\":[{\"@type\":\"CommentAction\",\"name\":\"Comment\",\"target\":[\"https:\\\/\\\/lacolombeplus.net\\\/index.php\\\/2026\\\/07\\\/25\\\/forum-sol-vert-2026-iamgold-essakane-sa-reaffirme-son-engagement-pour-la-souverainete-alimentaire-et-le-developpement-durable\\\/#respond\"]}]},{\"@type\":\"WebPage\",\"@id\":\"https:\\\/\\\/lacolombeplus.net\\\/index.php\\\/2026\\\/07\\\/25\\\/forum-sol-vert-2026-iamgold-essakane-sa-reaffirme-son-engagement-pour-la-souverainete-alimentaire-et-le-developpement-durable\\\/\",\"url\":\"https:\\\/\\\/lacolombeplus.net\\\/index.php\\\/2026\\\/07\\\/25\\\/forum-sol-vert-2026-iamgold-essakane-sa-reaffirme-son-engagement-pour-la-souverainete-alimentaire-et-le-developpement-durable\\\/\",\"name\":\"Forum Sol Vert 2026 : IAMGOLD Essakane SA r\u00e9affirme son engagement pour la souverainet\u00e9 alimentaire et le d\u00e9veloppement durable - WordPress\",\"isPartOf\":{\"@id\":\"https:\\\/\\\/lacolombeplus.net\\\/#website\"},\"primaryImageOfPage\":{\"@id\":\"https:\\\/\\\/lacolombeplus.net\\\/index.php\\\/2026\\\/07\\\/25\\\/forum-sol-vert-2026-iamgold-essakane-sa-reaffirme-son-engagement-pour-la-souverainete-alimentaire-et-le-developpement-durable\\\/#primaryimage\"},\"image\":{\"@id\":\"https:\\\/\\\/lacolombeplus.net\\\/index.php\\\/2026\\\/07\\\/25\\\/forum-sol-vert-2026-iamgold-essakane-sa-reaffirme-son-engagement-pour-la-souverainete-alimentaire-et-le-developpement-durable\\\/#primaryimage\"},\"thumbnailUrl\":\"https:\\\/\\\/lacolombeplus.net\\\/wp-content\\\/uploads\\\/2026\\\/07\\\/IMG-20260725-WA0099.webp\",\"datePublished\":\"2026-07-25T17:53:41+00:00\",\"dateModified\":\"2026-07-25T18:00:11+00:00\",\"breadcrumb\":{\"@id\":\"https:\\\/\\\/lacolombeplus.net\\\/index.php\\\/2026\\\/07\\\/25\\\/forum-sol-vert-2026-iamgold-essakane-sa-reaffirme-son-engagement-pour-la-souverainete-alimentaire-et-le-developpement-durable\\\/#breadcrumb\"},\"inLanguage\":\"fr-FR\",\"potentialAction\":[{\"@type\":\"ReadAction\",\"target\":[\"https:\\\/\\\/lacolombeplus.net\\\/index.php\\\/2026\\\/07\\\/25\\\/forum-sol-vert-2026-iamgold-essakane-sa-reaffirme-son-engagement-pour-la-souverainete-alimentaire-et-le-developpement-durable\\\/\"]}]},{\"@type\":\"ImageObject\",\"inLanguage\":\"fr-FR\",\"@id\":\"https:\\\/\\\/lacolombeplus.net\\\/index.php\\\/2026\\\/07\\\/25\\\/forum-sol-vert-2026-iamgold-essakane-sa-reaffirme-son-engagement-pour-la-souverainete-alimentaire-et-le-developpement-durable\\\/#primaryimage\",\"url\":\"https:\\\/\\\/lacolombeplus.net\\\/wp-content\\\/uploads\\\/2026\\\/07\\\/IMG-20260725-WA0099.webp\",\"contentUrl\":\"https:\\\/\\\/lacolombeplus.net\\\/wp-content\\\/uploads\\\/2026\\\/07\\\/IMG-20260725-WA0099.webp\",\"width\":1280,\"height\":853},{\"@type\":\"BreadcrumbList\",\"@id\":\"https:\\\/\\\/lacolombeplus.net\\\/index.php\\\/2026\\\/07\\\/25\\\/forum-sol-vert-2026-iamgold-essakane-sa-reaffirme-son-engagement-pour-la-souverainete-alimentaire-et-le-developpement-durable\\\/#breadcrumb\",\"itemListElement\":[{\"@type\":\"ListItem\",\"position\":1,\"name\":\"Accueil\",\"item\":\"https:\\\/\\\/lacolombeplus.net\\\/\"},{\"@type\":\"ListItem\",\"position\":2,\"name\":\"Forum Sol Vert 2026 : IAMGOLD Essakane SA r\u00e9affirme son engagement pour la souverainet\u00e9 alimentaire et le d\u00e9veloppement durable\"}]},{\"@type\":\"WebSite\",\"@id\":\"https:\\\/\\\/lacolombeplus.net\\\/#website\",\"url\":\"https:\\\/\\\/lacolombeplus.net\\\/\",\"name\":\"Lacolombeplus\",\"description\":\"\",\"publisher\":{\"@id\":\"https:\\\/\\\/lacolombeplus.net\\\/#organization\"},\"potentialAction\":[{\"@type\":\"SearchAction\",\"target\":{\"@type\":\"EntryPoint\",\"urlTemplate\":\"https:\\\/\\\/lacolombeplus.net\\\/?s={search_term_string}\"},\"query-input\":{\"@type\":\"PropertyValueSpecification\",\"valueRequired\":true,\"valueName\":\"search_term_string\"}}],\"inLanguage\":\"fr-FR\"},{\"@type\":\"Organization\",\"@id\":\"https:\\\/\\\/lacolombeplus.net\\\/#organization\",\"name\":\"lacolombeplus.net\",\"url\":\"https:\\\/\\\/lacolombeplus.net\\\/\",\"logo\":{\"@type\":\"ImageObject\",\"inLanguage\":\"fr-FR\",\"@id\":\"https:\\\/\\\/lacolombeplus.net\\\/#\\\/schema\\\/logo\\\/image\\\/\",\"url\":\"https:\\\/\\\/lacolombeplus.net\\\/wp-content\\\/uploads\\\/2026\\\/04\\\/a84391f3-a521-4177-867d-b9aaa3066b88.png\",\"contentUrl\":\"https:\\\/\\\/lacolombeplus.net\\\/wp-content\\\/uploads\\\/2026\\\/04\\\/a84391f3-a521-4177-867d-b9aaa3066b88.png\",\"width\":1045,\"height\":1505,\"caption\":\"lacolombeplus.net\"},\"image\":{\"@id\":\"https:\\\/\\\/lacolombeplus.net\\\/#\\\/schema\\\/logo\\\/image\\\/\"},\"sameAs\":[\"https:\\\/\\\/web.facebook.com\\\/profile.php?id=61589477078953\"]},{\"@type\":\"Person\",\"@id\":\"https:\\\/\\\/lacolombeplus.net\\\/#\\\/schema\\\/person\\\/1a433b3fa6e8f9696f18ece67a69915c\",\"name\":\"Dramane FAYAMA\",\"image\":{\"@type\":\"ImageObject\",\"inLanguage\":\"fr-FR\",\"@id\":\"https:\\\/\\\/secure.gravatar.com\\\/avatar\\\/6ae061b9c102ae93ffb7a4076195d78ace54801f91540899a6e8aacf91eacff8?s=96&d=mm&r=g\",\"url\":\"https:\\\/\\\/secure.gravatar.com\\\/avatar\\\/6ae061b9c102ae93ffb7a4076195d78ace54801f91540899a6e8aacf91eacff8?s=96&d=mm&r=g\",\"contentUrl\":\"https:\\\/\\\/secure.gravatar.com\\\/avatar\\\/6ae061b9c102ae93ffb7a4076195d78ace54801f91540899a6e8aacf91eacff8?s=96&d=mm&r=g\",\"caption\":\"Dramane FAYAMA\"},\"url\":\"https:\\\/\\\/lacolombeplus.net\\\/index.php\\\/author\\\/dramane\\\/\"}]}<\/script>\n<!-- \/ Yoast SEO plugin. -->","yoast_head_json":{"title":"Forum Sol Vert 2026 : IAMGOLD Essakane SA r\u00e9affirme son engagement pour la souverainet\u00e9 alimentaire et le d\u00e9veloppement durable - WordPress","robots":{"index":"index","follow":"follow","max-snippet":"max-snippet:-1","max-image-preview":"max-image-preview:large","max-video-preview":"max-video-preview:-1"},"canonical":"https:\/\/lacolombeplus.net\/index.php\/2026\/07\/25\/forum-sol-vert-2026-iamgold-essakane-sa-reaffirme-son-engagement-pour-la-souverainete-alimentaire-et-le-developpement-durable\/","og_locale":"fr_FR","og_type":"article","og_title":"Forum Sol Vert 2026 : IAMGOLD Essakane SA r\u00e9affirme son engagement pour la souverainet\u00e9 alimentaire et le d\u00e9veloppement durable - WordPress","og_description":"Ouagadougou, 25 juillet 2026 \u2013 La capitale burkinab\u00e8 a accueilli, les 24 et 25 juillet 2026, le Forum Sol Vert 2026, consacr\u00e9 \u00e0 la territorialisation des syst\u00e8mes alimentaires burkinab\u00e8. Plac\u00e9e sous le th\u00e8me \u00ab La territorialisation des syst\u00e8mes alimentaires burkinab\u00e8, pilier strat\u00e9gique de la souverainet\u00e9 alimentaire et du d\u00e9veloppement durable \u00bb, cette rencontre a r\u00e9uni...","og_url":"https:\/\/lacolombeplus.net\/index.php\/2026\/07\/25\/forum-sol-vert-2026-iamgold-essakane-sa-reaffirme-son-engagement-pour-la-souverainete-alimentaire-et-le-developpement-durable\/","og_site_name":"WordPress","article_publisher":"https:\/\/web.facebook.com\/profile.php?id=61589477078953","article_published_time":"2026-07-25T17:53:41+00:00","article_modified_time":"2026-07-25T18:00:11+00:00","og_image":[{"width":1280,"height":853,"url":"http:\/\/lacolombeplus.net\/wp-content\/uploads\/2026\/07\/IMG-20260725-WA0099.webp","type":"image\/webp"}],"author":"Dramane FAYAMA","twitter_card":"summary_large_image","twitter_misc":{"\u00c9crit par":"Dramane FAYAMA","Dur\u00e9e de lecture estim\u00e9e":"4 minutes"},"schema":{"@context":"https:\/\/schema.org","@graph":[{"@type":"Article","@id":"https:\/\/lacolombeplus.net\/index.php\/2026\/07\/25\/forum-sol-vert-2026-iamgold-essakane-sa-reaffirme-son-engagement-pour-la-souverainete-alimentaire-et-le-developpement-durable\/#article","isPartOf":{"@id":"https:\/\/lacolombeplus.net\/index.php\/2026\/07\/25\/forum-sol-vert-2026-iamgold-essakane-sa-reaffirme-son-engagement-pour-la-souverainete-alimentaire-et-le-developpement-durable\/"},"author":{"name":"Dramane FAYAMA","@id":"https:\/\/lacolombeplus.net\/#\/schema\/person\/1a433b3fa6e8f9696f18ece67a69915c"},"headline":"Forum Sol Vert 2026 : IAMGOLD Essakane SA r\u00e9affirme son engagement pour la souverainet\u00e9 alimentaire et le d\u00e9veloppement durable","datePublished":"2026-07-25T17:53:41+00:00","dateModified":"2026-07-25T18:00:11+00:00","mainEntityOfPage":{"@id":"https:\/\/lacolombeplus.net\/index.php\/2026\/07\/25\/forum-sol-vert-2026-iamgold-essakane-sa-reaffirme-son-engagement-pour-la-souverainete-alimentaire-et-le-developpement-durable\/"},"wordCount":612,"commentCount":0,"publisher":{"@id":"https:\/\/lacolombeplus.net\/#organization"},"image":{"@id":"https:\/\/lacolombeplus.net\/index.php\/2026\/07\/25\/forum-sol-vert-2026-iamgold-essakane-sa-reaffirme-son-engagement-pour-la-souverainete-alimentaire-et-le-developpement-durable\/#primaryimage"},"thumbnailUrl":"https:\/\/lacolombeplus.net\/wp-content\/uploads\/2026\/07\/IMG-20260725-WA0099.webp","keywords":["Essakane IAMGOLD"],"articleSection":["A la Une","D\u00e9veloppement"],"inLanguage":"fr-FR","potentialAction":[{"@type":"CommentAction","name":"Comment","target":["https:\/\/lacolombeplus.net\/index.php\/2026\/07\/25\/forum-sol-vert-2026-iamgold-essakane-sa-reaffirme-son-engagement-pour-la-souverainete-alimentaire-et-le-developpement-durable\/#respond"]}]},{"@type":"WebPage","@id":"https:\/\/lacolombeplus.net\/index.php\/2026\/07\/25\/forum-sol-vert-2026-iamgold-essakane-sa-reaffirme-son-engagement-pour-la-souverainete-alimentaire-et-le-developpement-durable\/","url":"https:\/\/lacolombeplus.net\/index.php\/2026\/07\/25\/forum-sol-vert-2026-iamgold-essakane-sa-reaffirme-son-engagement-pour-la-souverainete-alimentaire-et-le-developpement-durable\/","name":"Forum Sol Vert 2026 : IAMGOLD Essakane SA r\u00e9affirme son engagement pour la souverainet\u00e9 alimentaire et le d\u00e9veloppement durable - WordPress","isPartOf":{"@id":"https:\/\/lacolombeplus.net\/#website"},"primaryImageOfPage":{"@id":"https:\/\/lacolombeplus.net\/index.php\/2026\/07\/25\/forum-sol-vert-2026-iamgold-essakane-sa-reaffirme-son-engagement-pour-la-souverainete-alimentaire-et-le-developpement-durable\/#primaryimage"},"image":{"@id":"https:\/\/lacolombeplus.net\/index.php\/2026\/07\/25\/forum-sol-vert-2026-iamgold-essakane-sa-reaffirme-son-engagement-pour-la-souverainete-alimentaire-et-le-developpement-durable\/#primaryimage"},"thumbnailUrl":"https:\/\/lacolombeplus.net\/wp-content\/uploads\/2026\/07\/IMG-20260725-WA0099.webp","datePublished":"2026-07-25T17:53:41+00:00","dateModified":"2026-07-25T18:00:11+00:00","breadcrumb":{"@id":"https:\/\/lacolombeplus.net\/index.php\/2026\/07\/25\/forum-sol-vert-2026-iamgold-essakane-sa-reaffirme-son-engagement-pour-la-souverainete-alimentaire-et-le-developpement-durable\/#breadcrumb"},"inLanguage":"fr-FR","potentialAction":[{"@type":"ReadAction","target":["https:\/\/lacolombeplus.net\/index.php\/2026\/07\/25\/forum-sol-vert-2026-iamgold-essakane-sa-reaffirme-son-engagement-pour-la-souverainete-alimentaire-et-le-developpement-durable\/"]}]},{"@type":"ImageObject","inLanguage":"fr-FR","@id":"https:\/\/lacolombeplus.net\/index.php\/2026\/07\/25\/forum-sol-vert-2026-iamgold-essakane-sa-reaffirme-son-engagement-pour-la-souverainete-alimentaire-et-le-developpement-durable\/#primaryimage","url":"https:\/\/lacolombeplus.net\/wp-content\/uploads\/2026\/07\/IMG-20260725-WA0099.webp","contentUrl":"https:\/\/lacolombeplus.net\/wp-content\/uploads\/2026\/07\/IMG-20260725-WA0099.webp","width":1280,"height":853},{"@type":"BreadcrumbList","@id":"https:\/\/lacolombeplus.net\/index.php\/2026\/07\/25\/forum-sol-vert-2026-iamgold-essakane-sa-reaffirme-son-engagement-pour-la-souverainete-alimentaire-et-le-developpement-durable\/#breadcrumb","itemListElement":[{"@type":"ListItem","position":1,"name":"Accueil","item":"https:\/\/lacolombeplus.net\/"},{"@type":"ListItem","position":2,"name":"Forum Sol Vert 2026 : IAMGOLD Essakane SA r\u00e9affirme son engagement pour la souverainet\u00e9 alimentaire et le d\u00e9veloppement durable"}]},{"@type":"WebSite","@id":"https:\/\/lacolombeplus.net\/#website","url":"https:\/\/lacolombeplus.net\/","name":"Lacolombeplus","description":"","publisher":{"@id":"https:\/\/lacolombeplus.net\/#organization"},"potentialAction":[{"@type":"SearchAction","target":{"@type":"EntryPoint","urlTemplate":"https:\/\/lacolombeplus.net\/?s={search_term_string}"},"query-input":{"@type":"PropertyValueSpecification","valueRequired":true,"valueName":"search_term_string"}}],"inLanguage":"fr-FR"},{"@type":"Organization","@id":"https:\/\/lacolombeplus.net\/#organization","name":"lacolombeplus.net","url":"https:\/\/lacolombeplus.net\/","logo":{"@type":"ImageObject","inLanguage":"fr-FR","@id":"https:\/\/lacolombeplus.net\/#\/schema\/logo\/image\/","url":"https:\/\/lacolombeplus.net\/wp-content\/uploads\/2026\/04\/a84391f3-a521-4177-867d-b9aaa3066b88.png","contentUrl":"https:\/\/lacolombeplus.net\/wp-content\/uploads\/2026\/04\/a84391f3-a521-4177-867d-b9aaa3066b88.png","width":1045,"height":1505,"caption":"lacolombeplus.net"},"image":{"@id":"https:\/\/lacolombeplus.net\/#\/schema\/logo\/image\/"},"sameAs":["https:\/\/web.facebook.com\/profile.php?id=61589477078953"]},{"@type":"Person","@id":"https:\/\/lacolombeplus.net\/#\/schema\/person\/1a433b3fa6e8f9696f18ece67a69915c","name":"Dramane FAYAMA","image":{"@type":"ImageObject","inLanguage":"fr-FR","@id":"https:\/\/secure.gravatar.com\/avatar\/6ae061b9c102ae93ffb7a4076195d78ace54801f91540899a6e8aacf91eacff8?s=96&d=mm&r=g","url":"https:\/\/secure.gravatar.com\/avatar\/6ae061b9c102ae93ffb7a4076195d78ace54801f91540899a6e8aacf91eacff8?s=96&d=mm&r=g","contentUrl":"https:\/\/secure.gravatar.com\/avatar\/6ae061b9c102ae93ffb7a4076195d78ace54801f91540899a6e8aacf91eacff8?s=96&d=mm&r=g","caption":"Dramane FAYAMA"},"url":"https:\/\/lacolombeplus.net\/index.php\/author\/dramane\/"}]}},"jetpack_featured_media_url":"https:\/\/lacolombeplus.net\/wp-content\/uploads\/2026\/07\/IMG-20260725-WA0099.webp","jetpack_sharing_enabled":true,"_links":{"self":[{"href":"https:\/\/lacolombeplus.net\/index.php\/wp-json\/wp\/v2\/posts\/38728","targetHints":{"allow":["GET"]}}],"collection":[{"href":"https:\/\/lacolombeplus.net\/index.php\/wp-json\/wp\/v2\/posts"}],"about":[{"href":"https:\/\/lacolombeplus.net\/index.php\/wp-json\/wp\/v2\/types\/post"}],"author":[{"embeddable":true,"href":"https:\/\/lacolombeplus.net\/index.php\/wp-json\/wp\/v2\/users\/6"}],"replies":[{"embeddable":true,"href":"https:\/\/lacolombeplus.net\/index.php\/wp-json\/wp\/v2\/comments?post=38728"}],"version-history":[{"count":2,"href":"https:\/\/lacolombeplus.net\/index.php\/wp-json\/wp\/v2\/posts\/38728\/revisions"}],"predecessor-version":[{"id":38737,"href":"https:\/\/lacolombeplus.net\/index.php\/wp-json\/wp\/v2\/posts\/38728\/revisions\/38737"}],"wp:featuredmedia":[{"embeddable":true,"href":"https:\/\/lacolombeplus.net\/index.php\/wp-json\/wp\/v2\/media\/38729"}],"wp:attachment":[{"href":"https:\/\/lacolombeplus.net\/index.php\/wp-json\/wp\/v2\/media?parent=38728"}],"wp:term":[{"taxonomy":"category","embeddable":true,"href":"https:\/\/lacolombeplus.net\/index.php\/wp-json\/wp\/v2\/categories?post=38728"},{"taxonomy":"post_tag","embeddable":true,"href":"https:\/\/lacolombeplus.net\/index.php\/wp-json\/wp\/v2\/tags?post=38728"}],"curies":[{"name":"wp","href":"https:\/\/api.w.org\/{rel}","templated":true}]}}