{"id":38709,"date":"2026-07-23T21:02:40","date_gmt":"2026-07-23T21:02:40","guid":{"rendered":"https:\/\/lacolombeplus.net\/?p=38709"},"modified":"2026-07-23T21:02:40","modified_gmt":"2026-07-23T21:02:40","slug":"btp-le-gouvernement-liberalise-le-controle-qualite-tout-en-preservant-le-role-central-du-lnbtp","status":"publish","type":"post","link":"https:\/\/lacolombeplus.net\/index.php\/2026\/07\/23\/btp-le-gouvernement-liberalise-le-controle-qualite-tout-en-preservant-le-role-central-du-lnbtp\/","title":{"rendered":"BTP : le gouvernement lib\u00e9ralise le contr\u00f4le qualit\u00e9 tout en pr\u00e9servant le r\u00f4le central du LNBTP"},"content":{"rendered":"<p><strong>Ouagadougou, 23 juillet 2026 \u2014 R\u00e9uni en Conseil des ministres ce jeudi sous la pr\u00e9sidence du Chef de l&rsquo;\u00c9tat, le Camarade Capitaine Ibrahim TRAOR\u00c9, le gouvernement a adopt\u00e9 un d\u00e9cret r\u00e9glementant l&rsquo;exercice des activit\u00e9s de laboratoire dans le secteur du b\u00e2timent et des travaux publics (BTP) au Burkina Faso.<\/strong><\/p>\n<p>Depuis trois ans, l&rsquo;intensification des chantiers de construction \u00e0 l&rsquo;\u00e9chelle nationale exerce une forte pression sur les mat\u00e9riaux de construction, notamment le ciment, le bitume et le concass\u00e9. Face \u00e0 cette demande croissante, et dans un souci de garantir la s\u00e9curit\u00e9 des ouvrages, le gouvernement a opt\u00e9 pour une ouverture partielle du secteur du contr\u00f4le qualit\u00e9.<br \/>\nLe Ministre de la Construction de la Patrie, Camarade Mika\u00eflou SIDIB\u00c9, a expliqu\u00e9 les motivations de cette r\u00e9forme : \u00ab <em>Il a \u00e9t\u00e9 d\u00e9cid\u00e9 de casser un peu le monopole du LNBTP pour tout ce qui est op\u00e9ration de contr\u00f4le des b\u00e2timents et des travaux publics \u00bb.<\/em><\/p>\n<figure id=\"attachment_38711\" aria-describedby=\"caption-attachment-38711\" style=\"width: 2055px\" class=\"wp-caption alignnone\"><img fetchpriority=\"high\" decoding=\"async\" class=\"size-full wp-image-38711\" src=\"http:\/\/lacolombeplus.net\/wp-content\/uploads\/2026\/07\/IMG-20260723-WA0092-scaled.webp\" alt=\"\" width=\"2055\" height=\"2560\" srcset=\"https:\/\/lacolombeplus.net\/wp-content\/uploads\/2026\/07\/IMG-20260723-WA0092-scaled.webp 2055w, https:\/\/lacolombeplus.net\/wp-content\/uploads\/2026\/07\/IMG-20260723-WA0092-241x300.webp 241w, https:\/\/lacolombeplus.net\/wp-content\/uploads\/2026\/07\/IMG-20260723-WA0092-822x1024.webp 822w, https:\/\/lacolombeplus.net\/wp-content\/uploads\/2026\/07\/IMG-20260723-WA0092-768x957.webp 768w, https:\/\/lacolombeplus.net\/wp-content\/uploads\/2026\/07\/IMG-20260723-WA0092-1233x1536.webp 1233w, https:\/\/lacolombeplus.net\/wp-content\/uploads\/2026\/07\/IMG-20260723-WA0092-1644x2048.webp 1644w\" sizes=\"(max-width: 2055px) 100vw, 2055px\" \/><figcaption id=\"caption-attachment-38711\" class=\"wp-caption-text\">Camarade Mika\u00eflou SIDIB\u00c9, Ministre de la Construction de la Patrie.<\/figcaption><\/figure>\n<p>Trois domaines d\u00e9sormais ouverts aux laboratoires priv\u00e9s<br \/>\nConcr\u00e8tement, trois cat\u00e9gories d&rsquo;activit\u00e9s sont d\u00e9sormais accessibles aux laboratoires priv\u00e9s, sous r\u00e9serve d&rsquo;un agr\u00e9ment pr\u00e9alable :<br \/>\nles essais sur les mat\u00e9riaux de construction ;<br \/>\nla g\u00e9otechnique routi\u00e8re, \u00e0 travers la formulation de niveau 1 ;<br \/>\nles \u00e9tudes des sols et fondations.<br \/>\nLe LNBTP conserve les contr\u00f4les strat\u00e9giques<br \/>\nCette ouverture du march\u00e9 s&rsquo;accompagne toutefois d&rsquo;un encadrement rigoureux. Le Laboratoire National du B\u00e2timent et des Travaux Publics (LNBTP) conserve l&rsquo;exclusivit\u00e9 des contr\u00f4les jug\u00e9s strat\u00e9giques, en particulier les essais li\u00e9s \u00e0 la garantie d\u00e9cennale, et continuera d&rsquo;assurer le leadership technique du secteur.<br \/>\nPour le Ministre SIDIB\u00c9, ce nouveau cadre r\u00e9glementaire constitue \u00ab une avanc\u00e9e majeure \u00bb, qui permettra aux entreprises priv\u00e9es d&rsquo;investir l\u00e9galement dans le secteur, tout en pr\u00e9servant l&rsquo;exigence de qualit\u00e9 des infrastructures nationales.<\/p>\n<p style=\"text-align: right;\"><strong>La r\u00e9daction<\/strong><\/p>\n","protected":false},"excerpt":{"rendered":"<p>Ouagadougou, 23 juillet 2026 \u2014 R\u00e9uni en Conseil des ministres ce jeudi sous la pr\u00e9sidence du Chef de l&rsquo;\u00c9tat, le Camarade Capitaine Ibrahim TRAOR\u00c9, le gouvernement a adopt\u00e9 un d\u00e9cret r\u00e9glementant l&rsquo;exercice des activit\u00e9s de laboratoire dans le secteur du b\u00e2timent et des travaux publics (BTP) au Burkina Faso. Depuis trois ans, l&rsquo;intensification des chantiers&#8230;<\/p>\n","protected":false},"author":6,"featured_media":38710,"comment_status":"open","ping_status":"open","sticky":false,"template":"","format":"standard","meta":{"_jetpack_newsletter_access":"","_jetpack_dont_email_post_to_subs":false,"_jetpack_newsletter_tier_id":0,"_jetpack_memberships_contains_paywalled_content":false,"_jetpack_feature_clip_id":0,"_jetpack_memberships_contains_paid_content":false,"footnotes":"","jetpack_post_was_ever_published":false},"categories":[2,193],"tags":[],"class_list":["post-38709","post","type-post","status-publish","format-standard","has-post-thumbnail","hentry","category-a-la-une","category-developpement"],"yoast_head":"<!-- This site is optimized with the Yoast SEO plugin v28.3 - https:\/\/yoast.com\/product\/yoast-seo-wordpress\/ -->\n<title>BTP : le gouvernement lib\u00e9ralise le contr\u00f4le qualit\u00e9 tout en pr\u00e9servant le r\u00f4le central du LNBTP - WordPress<\/title>\n<meta name=\"robots\" content=\"index, follow, max-snippet:-1, max-image-preview:large, max-video-preview:-1\" \/>\n<link rel=\"canonical\" href=\"https:\/\/lacolombeplus.net\/index.php\/2026\/07\/23\/btp-le-gouvernement-liberalise-le-controle-qualite-tout-en-preservant-le-role-central-du-lnbtp\/\" \/>\n<meta property=\"og:locale\" content=\"fr_FR\" \/>\n<meta property=\"og:type\" content=\"article\" \/>\n<meta property=\"og:title\" content=\"BTP : le gouvernement lib\u00e9ralise le contr\u00f4le qualit\u00e9 tout en pr\u00e9servant le r\u00f4le central du LNBTP - WordPress\" \/>\n<meta property=\"og:description\" content=\"Ouagadougou, 23 juillet 2026 \u2014 R\u00e9uni en Conseil des ministres ce jeudi sous la pr\u00e9sidence du Chef de l&rsquo;\u00c9tat, le Camarade Capitaine Ibrahim TRAOR\u00c9, le gouvernement a adopt\u00e9 un d\u00e9cret r\u00e9glementant l&rsquo;exercice des activit\u00e9s de laboratoire dans le secteur du b\u00e2timent et des travaux publics (BTP) au Burkina Faso. Depuis trois ans, l&rsquo;intensification des chantiers...\" \/>\n<meta property=\"og:url\" content=\"https:\/\/lacolombeplus.net\/index.php\/2026\/07\/23\/btp-le-gouvernement-liberalise-le-controle-qualite-tout-en-preservant-le-role-central-du-lnbtp\/\" \/>\n<meta property=\"og:site_name\" content=\"WordPress\" \/>\n<meta property=\"article:publisher\" content=\"https:\/\/web.facebook.com\/profile.php?id=61589477078953\" \/>\n<meta property=\"article:published_time\" content=\"2026-07-23T21:02:40+00:00\" \/>\n<meta property=\"og:image\" content=\"http:\/\/lacolombeplus.net\/wp-content\/uploads\/2026\/07\/IMG-20260723-WA0027-scaled.webp\" \/>\n\t<meta property=\"og:image:width\" content=\"2560\" \/>\n\t<meta property=\"og:image:height\" content=\"1926\" \/>\n\t<meta property=\"og:image:type\" content=\"image\/webp\" \/>\n<meta name=\"author\" content=\"Dramane FAYAMA\" \/>\n<meta name=\"twitter:card\" content=\"summary_large_image\" \/>\n<meta name=\"twitter:label1\" content=\"\u00c9crit par\" \/>\n\t<meta name=\"twitter:data1\" content=\"Dramane FAYAMA\" \/>\n\t<meta name=\"twitter:label2\" content=\"Dur\u00e9e de lecture estim\u00e9e\" \/>\n\t<meta name=\"twitter:data2\" content=\"2 minutes\" \/>\n<script type=\"application\/ld+json\" class=\"yoast-schema-graph\">{\"@context\":\"https:\\\/\\\/schema.org\",\"@graph\":[{\"@type\":\"Article\",\"@id\":\"https:\\\/\\\/lacolombeplus.net\\\/index.php\\\/2026\\\/07\\\/23\\\/btp-le-gouvernement-liberalise-le-controle-qualite-tout-en-preservant-le-role-central-du-lnbtp\\\/#article\",\"isPartOf\":{\"@id\":\"https:\\\/\\\/lacolombeplus.net\\\/index.php\\\/2026\\\/07\\\/23\\\/btp-le-gouvernement-liberalise-le-controle-qualite-tout-en-preservant-le-role-central-du-lnbtp\\\/\"},\"author\":{\"name\":\"Dramane FAYAMA\",\"@id\":\"https:\\\/\\\/lacolombeplus.net\\\/#\\\/schema\\\/person\\\/1a433b3fa6e8f9696f18ece67a69915c\"},\"headline\":\"BTP : le gouvernement lib\u00e9ralise le contr\u00f4le qualit\u00e9 tout en pr\u00e9servant le r\u00f4le central du LNBTP\",\"datePublished\":\"2026-07-23T21:02:40+00:00\",\"mainEntityOfPage\":{\"@id\":\"https:\\\/\\\/lacolombeplus.net\\\/index.php\\\/2026\\\/07\\\/23\\\/btp-le-gouvernement-liberalise-le-controle-qualite-tout-en-preservant-le-role-central-du-lnbtp\\\/\"},\"wordCount\":358,\"commentCount\":0,\"publisher\":{\"@id\":\"https:\\\/\\\/lacolombeplus.net\\\/#organization\"},\"image\":{\"@id\":\"https:\\\/\\\/lacolombeplus.net\\\/index.php\\\/2026\\\/07\\\/23\\\/btp-le-gouvernement-liberalise-le-controle-qualite-tout-en-preservant-le-role-central-du-lnbtp\\\/#primaryimage\"},\"thumbnailUrl\":\"https:\\\/\\\/lacolombeplus.net\\\/wp-content\\\/uploads\\\/2026\\\/07\\\/IMG-20260723-WA0027-scaled.webp\",\"articleSection\":[\"A la Une\",\"D\u00e9veloppement\"],\"inLanguage\":\"fr-FR\",\"potentialAction\":[{\"@type\":\"CommentAction\",\"name\":\"Comment\",\"target\":[\"https:\\\/\\\/lacolombeplus.net\\\/index.php\\\/2026\\\/07\\\/23\\\/btp-le-gouvernement-liberalise-le-controle-qualite-tout-en-preservant-le-role-central-du-lnbtp\\\/#respond\"]}]},{\"@type\":\"WebPage\",\"@id\":\"https:\\\/\\\/lacolombeplus.net\\\/index.php\\\/2026\\\/07\\\/23\\\/btp-le-gouvernement-liberalise-le-controle-qualite-tout-en-preservant-le-role-central-du-lnbtp\\\/\",\"url\":\"https:\\\/\\\/lacolombeplus.net\\\/index.php\\\/2026\\\/07\\\/23\\\/btp-le-gouvernement-liberalise-le-controle-qualite-tout-en-preservant-le-role-central-du-lnbtp\\\/\",\"name\":\"BTP : le gouvernement lib\u00e9ralise le contr\u00f4le qualit\u00e9 tout en pr\u00e9servant le r\u00f4le central du LNBTP - WordPress\",\"isPartOf\":{\"@id\":\"https:\\\/\\\/lacolombeplus.net\\\/#website\"},\"primaryImageOfPage\":{\"@id\":\"https:\\\/\\\/lacolombeplus.net\\\/index.php\\\/2026\\\/07\\\/23\\\/btp-le-gouvernement-liberalise-le-controle-qualite-tout-en-preservant-le-role-central-du-lnbtp\\\/#primaryimage\"},\"image\":{\"@id\":\"https:\\\/\\\/lacolombeplus.net\\\/index.php\\\/2026\\\/07\\\/23\\\/btp-le-gouvernement-liberalise-le-controle-qualite-tout-en-preservant-le-role-central-du-lnbtp\\\/#primaryimage\"},\"thumbnailUrl\":\"https:\\\/\\\/lacolombeplus.net\\\/wp-content\\\/uploads\\\/2026\\\/07\\\/IMG-20260723-WA0027-scaled.webp\",\"datePublished\":\"2026-07-23T21:02:40+00:00\",\"breadcrumb\":{\"@id\":\"https:\\\/\\\/lacolombeplus.net\\\/index.php\\\/2026\\\/07\\\/23\\\/btp-le-gouvernement-liberalise-le-controle-qualite-tout-en-preservant-le-role-central-du-lnbtp\\\/#breadcrumb\"},\"inLanguage\":\"fr-FR\",\"potentialAction\":[{\"@type\":\"ReadAction\",\"target\":[\"https:\\\/\\\/lacolombeplus.net\\\/index.php\\\/2026\\\/07\\\/23\\\/btp-le-gouvernement-liberalise-le-controle-qualite-tout-en-preservant-le-role-central-du-lnbtp\\\/\"]}]},{\"@type\":\"ImageObject\",\"inLanguage\":\"fr-FR\",\"@id\":\"https:\\\/\\\/lacolombeplus.net\\\/index.php\\\/2026\\\/07\\\/23\\\/btp-le-gouvernement-liberalise-le-controle-qualite-tout-en-preservant-le-role-central-du-lnbtp\\\/#primaryimage\",\"url\":\"https:\\\/\\\/lacolombeplus.net\\\/wp-content\\\/uploads\\\/2026\\\/07\\\/IMG-20260723-WA0027-scaled.webp\",\"contentUrl\":\"https:\\\/\\\/lacolombeplus.net\\\/wp-content\\\/uploads\\\/2026\\\/07\\\/IMG-20260723-WA0027-scaled.webp\",\"width\":2560,\"height\":1926},{\"@type\":\"BreadcrumbList\",\"@id\":\"https:\\\/\\\/lacolombeplus.net\\\/index.php\\\/2026\\\/07\\\/23\\\/btp-le-gouvernement-liberalise-le-controle-qualite-tout-en-preservant-le-role-central-du-lnbtp\\\/#breadcrumb\",\"itemListElement\":[{\"@type\":\"ListItem\",\"position\":1,\"name\":\"Accueil\",\"item\":\"https:\\\/\\\/lacolombeplus.net\\\/\"},{\"@type\":\"ListItem\",\"position\":2,\"name\":\"BTP : le gouvernement lib\u00e9ralise le contr\u00f4le qualit\u00e9 tout en pr\u00e9servant le r\u00f4le central du LNBTP\"}]},{\"@type\":\"WebSite\",\"@id\":\"https:\\\/\\\/lacolombeplus.net\\\/#website\",\"url\":\"https:\\\/\\\/lacolombeplus.net\\\/\",\"name\":\"Lacolombeplus\",\"description\":\"\",\"publisher\":{\"@id\":\"https:\\\/\\\/lacolombeplus.net\\\/#organization\"},\"potentialAction\":[{\"@type\":\"SearchAction\",\"target\":{\"@type\":\"EntryPoint\",\"urlTemplate\":\"https:\\\/\\\/lacolombeplus.net\\\/?s={search_term_string}\"},\"query-input\":{\"@type\":\"PropertyValueSpecification\",\"valueRequired\":true,\"valueName\":\"search_term_string\"}}],\"inLanguage\":\"fr-FR\"},{\"@type\":\"Organization\",\"@id\":\"https:\\\/\\\/lacolombeplus.net\\\/#organization\",\"name\":\"lacolombeplus.net\",\"url\":\"https:\\\/\\\/lacolombeplus.net\\\/\",\"logo\":{\"@type\":\"ImageObject\",\"inLanguage\":\"fr-FR\",\"@id\":\"https:\\\/\\\/lacolombeplus.net\\\/#\\\/schema\\\/logo\\\/image\\\/\",\"url\":\"https:\\\/\\\/lacolombeplus.net\\\/wp-content\\\/uploads\\\/2026\\\/04\\\/a84391f3-a521-4177-867d-b9aaa3066b88.png\",\"contentUrl\":\"https:\\\/\\\/lacolombeplus.net\\\/wp-content\\\/uploads\\\/2026\\\/04\\\/a84391f3-a521-4177-867d-b9aaa3066b88.png\",\"width\":1045,\"height\":1505,\"caption\":\"lacolombeplus.net\"},\"image\":{\"@id\":\"https:\\\/\\\/lacolombeplus.net\\\/#\\\/schema\\\/logo\\\/image\\\/\"},\"sameAs\":[\"https:\\\/\\\/web.facebook.com\\\/profile.php?id=61589477078953\"]},{\"@type\":\"Person\",\"@id\":\"https:\\\/\\\/lacolombeplus.net\\\/#\\\/schema\\\/person\\\/1a433b3fa6e8f9696f18ece67a69915c\",\"name\":\"Dramane FAYAMA\",\"image\":{\"@type\":\"ImageObject\",\"inLanguage\":\"fr-FR\",\"@id\":\"https:\\\/\\\/secure.gravatar.com\\\/avatar\\\/6ae061b9c102ae93ffb7a4076195d78ace54801f91540899a6e8aacf91eacff8?s=96&d=mm&r=g\",\"url\":\"https:\\\/\\\/secure.gravatar.com\\\/avatar\\\/6ae061b9c102ae93ffb7a4076195d78ace54801f91540899a6e8aacf91eacff8?s=96&d=mm&r=g\",\"contentUrl\":\"https:\\\/\\\/secure.gravatar.com\\\/avatar\\\/6ae061b9c102ae93ffb7a4076195d78ace54801f91540899a6e8aacf91eacff8?s=96&d=mm&r=g\",\"caption\":\"Dramane FAYAMA\"},\"url\":\"https:\\\/\\\/lacolombeplus.net\\\/index.php\\\/author\\\/dramane\\\/\"}]}<\/script>\n<!-- \/ Yoast SEO plugin. -->","yoast_head_json":{"title":"BTP : le gouvernement lib\u00e9ralise le contr\u00f4le qualit\u00e9 tout en pr\u00e9servant le r\u00f4le central du LNBTP - WordPress","robots":{"index":"index","follow":"follow","max-snippet":"max-snippet:-1","max-image-preview":"max-image-preview:large","max-video-preview":"max-video-preview:-1"},"canonical":"https:\/\/lacolombeplus.net\/index.php\/2026\/07\/23\/btp-le-gouvernement-liberalise-le-controle-qualite-tout-en-preservant-le-role-central-du-lnbtp\/","og_locale":"fr_FR","og_type":"article","og_title":"BTP : le gouvernement lib\u00e9ralise le contr\u00f4le qualit\u00e9 tout en pr\u00e9servant le r\u00f4le central du LNBTP - WordPress","og_description":"Ouagadougou, 23 juillet 2026 \u2014 R\u00e9uni en Conseil des ministres ce jeudi sous la pr\u00e9sidence du Chef de l&rsquo;\u00c9tat, le Camarade Capitaine Ibrahim TRAOR\u00c9, le gouvernement a adopt\u00e9 un d\u00e9cret r\u00e9glementant l&rsquo;exercice des activit\u00e9s de laboratoire dans le secteur du b\u00e2timent et des travaux publics (BTP) au Burkina Faso. Depuis trois ans, l&rsquo;intensification des chantiers...","og_url":"https:\/\/lacolombeplus.net\/index.php\/2026\/07\/23\/btp-le-gouvernement-liberalise-le-controle-qualite-tout-en-preservant-le-role-central-du-lnbtp\/","og_site_name":"WordPress","article_publisher":"https:\/\/web.facebook.com\/profile.php?id=61589477078953","article_published_time":"2026-07-23T21:02:40+00:00","og_image":[{"width":2560,"height":1926,"url":"http:\/\/lacolombeplus.net\/wp-content\/uploads\/2026\/07\/IMG-20260723-WA0027-scaled.webp","type":"image\/webp"}],"author":"Dramane FAYAMA","twitter_card":"summary_large_image","twitter_misc":{"\u00c9crit par":"Dramane FAYAMA","Dur\u00e9e de lecture estim\u00e9e":"2 minutes"},"schema":{"@context":"https:\/\/schema.org","@graph":[{"@type":"Article","@id":"https:\/\/lacolombeplus.net\/index.php\/2026\/07\/23\/btp-le-gouvernement-liberalise-le-controle-qualite-tout-en-preservant-le-role-central-du-lnbtp\/#article","isPartOf":{"@id":"https:\/\/lacolombeplus.net\/index.php\/2026\/07\/23\/btp-le-gouvernement-liberalise-le-controle-qualite-tout-en-preservant-le-role-central-du-lnbtp\/"},"author":{"name":"Dramane FAYAMA","@id":"https:\/\/lacolombeplus.net\/#\/schema\/person\/1a433b3fa6e8f9696f18ece67a69915c"},"headline":"BTP : le gouvernement lib\u00e9ralise le contr\u00f4le qualit\u00e9 tout en pr\u00e9servant le r\u00f4le central du LNBTP","datePublished":"2026-07-23T21:02:40+00:00","mainEntityOfPage":{"@id":"https:\/\/lacolombeplus.net\/index.php\/2026\/07\/23\/btp-le-gouvernement-liberalise-le-controle-qualite-tout-en-preservant-le-role-central-du-lnbtp\/"},"wordCount":358,"commentCount":0,"publisher":{"@id":"https:\/\/lacolombeplus.net\/#organization"},"image":{"@id":"https:\/\/lacolombeplus.net\/index.php\/2026\/07\/23\/btp-le-gouvernement-liberalise-le-controle-qualite-tout-en-preservant-le-role-central-du-lnbtp\/#primaryimage"},"thumbnailUrl":"https:\/\/lacolombeplus.net\/wp-content\/uploads\/2026\/07\/IMG-20260723-WA0027-scaled.webp","articleSection":["A la Une","D\u00e9veloppement"],"inLanguage":"fr-FR","potentialAction":[{"@type":"CommentAction","name":"Comment","target":["https:\/\/lacolombeplus.net\/index.php\/2026\/07\/23\/btp-le-gouvernement-liberalise-le-controle-qualite-tout-en-preservant-le-role-central-du-lnbtp\/#respond"]}]},{"@type":"WebPage","@id":"https:\/\/lacolombeplus.net\/index.php\/2026\/07\/23\/btp-le-gouvernement-liberalise-le-controle-qualite-tout-en-preservant-le-role-central-du-lnbtp\/","url":"https:\/\/lacolombeplus.net\/index.php\/2026\/07\/23\/btp-le-gouvernement-liberalise-le-controle-qualite-tout-en-preservant-le-role-central-du-lnbtp\/","name":"BTP : le gouvernement lib\u00e9ralise le contr\u00f4le qualit\u00e9 tout en pr\u00e9servant le r\u00f4le central du LNBTP - WordPress","isPartOf":{"@id":"https:\/\/lacolombeplus.net\/#website"},"primaryImageOfPage":{"@id":"https:\/\/lacolombeplus.net\/index.php\/2026\/07\/23\/btp-le-gouvernement-liberalise-le-controle-qualite-tout-en-preservant-le-role-central-du-lnbtp\/#primaryimage"},"image":{"@id":"https:\/\/lacolombeplus.net\/index.php\/2026\/07\/23\/btp-le-gouvernement-liberalise-le-controle-qualite-tout-en-preservant-le-role-central-du-lnbtp\/#primaryimage"},"thumbnailUrl":"https:\/\/lacolombeplus.net\/wp-content\/uploads\/2026\/07\/IMG-20260723-WA0027-scaled.webp","datePublished":"2026-07-23T21:02:40+00:00","breadcrumb":{"@id":"https:\/\/lacolombeplus.net\/index.php\/2026\/07\/23\/btp-le-gouvernement-liberalise-le-controle-qualite-tout-en-preservant-le-role-central-du-lnbtp\/#breadcrumb"},"inLanguage":"fr-FR","potentialAction":[{"@type":"ReadAction","target":["https:\/\/lacolombeplus.net\/index.php\/2026\/07\/23\/btp-le-gouvernement-liberalise-le-controle-qualite-tout-en-preservant-le-role-central-du-lnbtp\/"]}]},{"@type":"ImageObject","inLanguage":"fr-FR","@id":"https:\/\/lacolombeplus.net\/index.php\/2026\/07\/23\/btp-le-gouvernement-liberalise-le-controle-qualite-tout-en-preservant-le-role-central-du-lnbtp\/#primaryimage","url":"https:\/\/lacolombeplus.net\/wp-content\/uploads\/2026\/07\/IMG-20260723-WA0027-scaled.webp","contentUrl":"https:\/\/lacolombeplus.net\/wp-content\/uploads\/2026\/07\/IMG-20260723-WA0027-scaled.webp","width":2560,"height":1926},{"@type":"BreadcrumbList","@id":"https:\/\/lacolombeplus.net\/index.php\/2026\/07\/23\/btp-le-gouvernement-liberalise-le-controle-qualite-tout-en-preservant-le-role-central-du-lnbtp\/#breadcrumb","itemListElement":[{"@type":"ListItem","position":1,"name":"Accueil","item":"https:\/\/lacolombeplus.net\/"},{"@type":"ListItem","position":2,"name":"BTP : le gouvernement lib\u00e9ralise le contr\u00f4le qualit\u00e9 tout en pr\u00e9servant le r\u00f4le central du LNBTP"}]},{"@type":"WebSite","@id":"https:\/\/lacolombeplus.net\/#website","url":"https:\/\/lacolombeplus.net\/","name":"Lacolombeplus","description":"","publisher":{"@id":"https:\/\/lacolombeplus.net\/#organization"},"potentialAction":[{"@type":"SearchAction","target":{"@type":"EntryPoint","urlTemplate":"https:\/\/lacolombeplus.net\/?s={search_term_string}"},"query-input":{"@type":"PropertyValueSpecification","valueRequired":true,"valueName":"search_term_string"}}],"inLanguage":"fr-FR"},{"@type":"Organization","@id":"https:\/\/lacolombeplus.net\/#organization","name":"lacolombeplus.net","url":"https:\/\/lacolombeplus.net\/","logo":{"@type":"ImageObject","inLanguage":"fr-FR","@id":"https:\/\/lacolombeplus.net\/#\/schema\/logo\/image\/","url":"https:\/\/lacolombeplus.net\/wp-content\/uploads\/2026\/04\/a84391f3-a521-4177-867d-b9aaa3066b88.png","contentUrl":"https:\/\/lacolombeplus.net\/wp-content\/uploads\/2026\/04\/a84391f3-a521-4177-867d-b9aaa3066b88.png","width":1045,"height":1505,"caption":"lacolombeplus.net"},"image":{"@id":"https:\/\/lacolombeplus.net\/#\/schema\/logo\/image\/"},"sameAs":["https:\/\/web.facebook.com\/profile.php?id=61589477078953"]},{"@type":"Person","@id":"https:\/\/lacolombeplus.net\/#\/schema\/person\/1a433b3fa6e8f9696f18ece67a69915c","name":"Dramane FAYAMA","image":{"@type":"ImageObject","inLanguage":"fr-FR","@id":"https:\/\/secure.gravatar.com\/avatar\/6ae061b9c102ae93ffb7a4076195d78ace54801f91540899a6e8aacf91eacff8?s=96&d=mm&r=g","url":"https:\/\/secure.gravatar.com\/avatar\/6ae061b9c102ae93ffb7a4076195d78ace54801f91540899a6e8aacf91eacff8?s=96&d=mm&r=g","contentUrl":"https:\/\/secure.gravatar.com\/avatar\/6ae061b9c102ae93ffb7a4076195d78ace54801f91540899a6e8aacf91eacff8?s=96&d=mm&r=g","caption":"Dramane FAYAMA"},"url":"https:\/\/lacolombeplus.net\/index.php\/author\/dramane\/"}]}},"jetpack_featured_media_url":"https:\/\/lacolombeplus.net\/wp-content\/uploads\/2026\/07\/IMG-20260723-WA0027-scaled.webp","jetpack_sharing_enabled":true,"_links":{"self":[{"href":"https:\/\/lacolombeplus.net\/index.php\/wp-json\/wp\/v2\/posts\/38709","targetHints":{"allow":["GET"]}}],"collection":[{"href":"https:\/\/lacolombeplus.net\/index.php\/wp-json\/wp\/v2\/posts"}],"about":[{"href":"https:\/\/lacolombeplus.net\/index.php\/wp-json\/wp\/v2\/types\/post"}],"author":[{"embeddable":true,"href":"https:\/\/lacolombeplus.net\/index.php\/wp-json\/wp\/v2\/users\/6"}],"replies":[{"embeddable":true,"href":"https:\/\/lacolombeplus.net\/index.php\/wp-json\/wp\/v2\/comments?post=38709"}],"version-history":[{"count":1,"href":"https:\/\/lacolombeplus.net\/index.php\/wp-json\/wp\/v2\/posts\/38709\/revisions"}],"predecessor-version":[{"id":38712,"href":"https:\/\/lacolombeplus.net\/index.php\/wp-json\/wp\/v2\/posts\/38709\/revisions\/38712"}],"wp:featuredmedia":[{"embeddable":true,"href":"https:\/\/lacolombeplus.net\/index.php\/wp-json\/wp\/v2\/media\/38710"}],"wp:attachment":[{"href":"https:\/\/lacolombeplus.net\/index.php\/wp-json\/wp\/v2\/media?parent=38709"}],"wp:term":[{"taxonomy":"category","embeddable":true,"href":"https:\/\/lacolombeplus.net\/index.php\/wp-json\/wp\/v2\/categories?post=38709"},{"taxonomy":"post_tag","embeddable":true,"href":"https:\/\/lacolombeplus.net\/index.php\/wp-json\/wp\/v2\/tags?post=38709"}],"curies":[{"name":"wp","href":"https:\/\/api.w.org\/{rel}","templated":true}]}}