{"id":38706,"date":"2026-07-23T20:53:34","date_gmt":"2026-07-23T20:53:34","guid":{"rendered":"https:\/\/lacolombeplus.net\/?p=38706"},"modified":"2026-07-23T21:05:33","modified_gmt":"2026-07-23T21:05:33","slug":"burkina-faso-le-conseil-des-ministres-adopte-un-budget-rectificatif-en-hausse-pour-soutenir-leconomie-et-lagriculture","status":"publish","type":"post","link":"https:\/\/lacolombeplus.net\/index.php\/2026\/07\/23\/burkina-faso-le-conseil-des-ministres-adopte-un-budget-rectificatif-en-hausse-pour-soutenir-leconomie-et-lagriculture\/","title":{"rendered":"Burkina Faso : le Conseil des ministres adopte un budget rectificatif en hausse pour soutenir l&rsquo;\u00e9conomie et l&rsquo;agriculture"},"content":{"rendered":"<p><strong>Ouagadougou, 23 juillet 2026 \u2014 Le Conseil des ministres, r\u00e9uni ce jeudi sous la pr\u00e9sidence du Chef de l&rsquo;\u00c9tat, le Camarade Capitaine Ibrahim TRAOR\u00c9, a adopt\u00e9 un projet de loi portant rectification de la loi de finances pour l&rsquo;ann\u00e9e budg\u00e9taire 2026. L&rsquo;annonce a \u00e9t\u00e9 faite \u00e0 l&rsquo;issue de la rencontre par le Ministre Porte-parole du Gouvernement, Camarade Pingdwend\u00e9 Gilbert OU\u00c9DRAOGO.<\/strong><\/p>\n<p>Une r\u00e9vision port\u00e9e par de bonnes performances \u00e9conomiques<\/p>\n<p>Cette r\u00e9vision budg\u00e9taire s&rsquo;appuie sur les r\u00e9sultats encourageants enregistr\u00e9s au cours du premier semestre de l&rsquo;ann\u00e9e. Selon la Ministre d\u00e9l\u00e9gu\u00e9e charg\u00e9e du Budget, Camarade Fatoumata BAKO\/TRAOR\u00c9, l&rsquo;\u00c9tat a pu constater une mobilisation de recettes sup\u00e9rieure aux pr\u00e9visions initiales, justifiant l&rsquo;ajustement de la loi de finances.<\/p>\n<p>\u00ab <em>Au vu des bonnes performances en mati\u00e8re de mobilisation de recettes, il a \u00e9t\u00e9 jug\u00e9 bon de prendre en compte un certain nombre de recettes suppl\u00e9mentaires<\/em> \u00bb, a-t-elle d\u00e9clar\u00e9.<\/p>\n<figure id=\"attachment_38713\" aria-describedby=\"caption-attachment-38713\" style=\"width: 1280px\" class=\"wp-caption alignnone\"><img fetchpriority=\"high\" decoding=\"async\" class=\"size-full wp-image-38713\" src=\"http:\/\/lacolombeplus.net\/wp-content\/uploads\/2026\/07\/IMG-20260723-WA0086.webp\" alt=\"\" width=\"1280\" height=\"974\" srcset=\"https:\/\/lacolombeplus.net\/wp-content\/uploads\/2026\/07\/IMG-20260723-WA0086.webp 1280w, https:\/\/lacolombeplus.net\/wp-content\/uploads\/2026\/07\/IMG-20260723-WA0086-300x228.webp 300w, https:\/\/lacolombeplus.net\/wp-content\/uploads\/2026\/07\/IMG-20260723-WA0086-1024x779.webp 1024w, https:\/\/lacolombeplus.net\/wp-content\/uploads\/2026\/07\/IMG-20260723-WA0086-768x584.webp 768w\" sizes=\"(max-width: 1280px) 100vw, 1280px\" \/><figcaption id=\"caption-attachment-38713\" class=\"wp-caption-text\">Camarade Fatoumata BAKO\/TRAOR\u00c9, Ministre d\u00e9l\u00e9gu\u00e9e charg\u00e9e du Budget<\/figcaption><\/figure>\n<p>Ces r\u00e9sultats sont notamment attribu\u00e9s \u00e0 la stabilit\u00e9 retrouv\u00e9e dans le pays ainsi qu&rsquo;aux efforts soutenus des r\u00e9gies de recettes, en particulier la Douane et la Direction g\u00e9n\u00e9rale des Imp\u00f4ts.<\/p>\n<p style=\"text-align: center;\"><strong>Des indicateurs budg\u00e9taires revus \u00e0 la hausse<\/strong><\/p>\n<p>La loi rectificative se traduit par un rel\u00e8vement substantiel des grands \u00e9quilibres budg\u00e9taires. Les recettes budg\u00e9taires passent ainsi de 3 400 \u00e0 3 700 milliards de francs CFA, tandis que les d\u00e9penses progressent de 3 900 \u00e0 4 200 milliards de francs CFA. L&rsquo;\u00e9pargne budg\u00e9taire enregistre \u00e9galement une hausse notable, passant de 600 \u00e0 900 milliards de francs CFA. Le d\u00e9ficit public, pour sa part, reste ma\u00eetris\u00e9 \u00e0 2,6 % du Produit int\u00e9rieur brut (PIB).<\/p>\n<p style=\"text-align: center;\"><strong>Un soutien renforc\u00e9 \u00e0 l&rsquo;offensive agropastorale<\/strong><\/p>\n<p>Au-del\u00e0 des ajustements chiffr\u00e9s, ce collectif budg\u00e9taire traduit une volont\u00e9 du gouvernement d&rsquo;accompagner davantage l&rsquo;offensive agropastorale et halieutique. Des mesures sp\u00e9cifiques sont pr\u00e9vues pour renforcer les capacit\u00e9s des entreprises \u00e9voluant dans ce secteur, jug\u00e9 strat\u00e9gique pour la souverainet\u00e9 alimentaire du pays.<\/p>\n<p style=\"text-align: right;\"><strong>La r\u00e9daction<\/strong><\/p>\n","protected":false},"excerpt":{"rendered":"<p>Ouagadougou, 23 juillet 2026 \u2014 Le Conseil des ministres, r\u00e9uni ce jeudi sous la pr\u00e9sidence du Chef de l&rsquo;\u00c9tat, le Camarade Capitaine Ibrahim TRAOR\u00c9, a adopt\u00e9 un projet de loi portant rectification de la loi de finances pour l&rsquo;ann\u00e9e budg\u00e9taire 2026. L&rsquo;annonce a \u00e9t\u00e9 faite \u00e0 l&rsquo;issue de la rencontre par le Ministre Porte-parole du&#8230;<\/p>\n","protected":false},"author":6,"featured_media":38707,"comment_status":"open","ping_status":"open","sticky":false,"template":"","format":"standard","meta":{"_jetpack_newsletter_access":"","_jetpack_dont_email_post_to_subs":false,"_jetpack_newsletter_tier_id":0,"_jetpack_memberships_contains_paywalled_content":false,"_jetpack_feature_clip_id":0,"_jetpack_memberships_contains_paid_content":false,"footnotes":"","jetpack_post_was_ever_published":false},"categories":[2,82],"tags":[],"class_list":["post-38706","post","type-post","status-publish","format-standard","has-post-thumbnail","hentry","category-a-la-une","category-economie"],"yoast_head":"<!-- This site is optimized with the Yoast SEO plugin v28.3 - https:\/\/yoast.com\/product\/yoast-seo-wordpress\/ -->\n<title>Burkina Faso : le Conseil des ministres adopte un budget rectificatif en hausse pour soutenir l&#039;\u00e9conomie et l&#039;agriculture - WordPress<\/title>\n<meta name=\"robots\" content=\"index, follow, max-snippet:-1, max-image-preview:large, max-video-preview:-1\" \/>\n<link rel=\"canonical\" href=\"https:\/\/lacolombeplus.net\/index.php\/2026\/07\/23\/burkina-faso-le-conseil-des-ministres-adopte-un-budget-rectificatif-en-hausse-pour-soutenir-leconomie-et-lagriculture\/\" \/>\n<meta property=\"og:locale\" content=\"fr_FR\" \/>\n<meta property=\"og:type\" content=\"article\" \/>\n<meta property=\"og:title\" content=\"Burkina Faso : le Conseil des ministres adopte un budget rectificatif en hausse pour soutenir l&#039;\u00e9conomie et l&#039;agriculture - WordPress\" \/>\n<meta property=\"og:description\" content=\"Ouagadougou, 23 juillet 2026 \u2014 Le Conseil des ministres, r\u00e9uni ce jeudi sous la pr\u00e9sidence du Chef de l&rsquo;\u00c9tat, le Camarade Capitaine Ibrahim TRAOR\u00c9, a adopt\u00e9 un projet de loi portant rectification de la loi de finances pour l&rsquo;ann\u00e9e budg\u00e9taire 2026. L&rsquo;annonce a \u00e9t\u00e9 faite \u00e0 l&rsquo;issue de la rencontre par le Ministre Porte-parole du...\" \/>\n<meta property=\"og:url\" content=\"https:\/\/lacolombeplus.net\/index.php\/2026\/07\/23\/burkina-faso-le-conseil-des-ministres-adopte-un-budget-rectificatif-en-hausse-pour-soutenir-leconomie-et-lagriculture\/\" \/>\n<meta property=\"og:site_name\" content=\"WordPress\" \/>\n<meta property=\"article:publisher\" content=\"https:\/\/web.facebook.com\/profile.php?id=61589477078953\" \/>\n<meta property=\"article:published_time\" content=\"2026-07-23T20:53:34+00:00\" \/>\n<meta property=\"article:modified_time\" content=\"2026-07-23T21:05:33+00:00\" \/>\n<meta property=\"og:image\" content=\"http:\/\/lacolombeplus.net\/wp-content\/uploads\/2026\/07\/IMG-20260723-WA0029.webp\" \/>\n\t<meta property=\"og:image:width\" content=\"1280\" \/>\n\t<meta property=\"og:image:height\" content=\"853\" \/>\n\t<meta property=\"og:image:type\" content=\"image\/webp\" \/>\n<meta name=\"author\" content=\"Dramane FAYAMA\" \/>\n<meta name=\"twitter:card\" content=\"summary_large_image\" \/>\n<meta name=\"twitter:label1\" content=\"\u00c9crit par\" \/>\n\t<meta name=\"twitter:data1\" content=\"Dramane FAYAMA\" \/>\n\t<meta name=\"twitter:label2\" content=\"Dur\u00e9e de lecture estim\u00e9e\" \/>\n\t<meta name=\"twitter:data2\" content=\"2 minutes\" \/>\n<script type=\"application\/ld+json\" class=\"yoast-schema-graph\">{\"@context\":\"https:\\\/\\\/schema.org\",\"@graph\":[{\"@type\":\"Article\",\"@id\":\"https:\\\/\\\/lacolombeplus.net\\\/index.php\\\/2026\\\/07\\\/23\\\/burkina-faso-le-conseil-des-ministres-adopte-un-budget-rectificatif-en-hausse-pour-soutenir-leconomie-et-lagriculture\\\/#article\",\"isPartOf\":{\"@id\":\"https:\\\/\\\/lacolombeplus.net\\\/index.php\\\/2026\\\/07\\\/23\\\/burkina-faso-le-conseil-des-ministres-adopte-un-budget-rectificatif-en-hausse-pour-soutenir-leconomie-et-lagriculture\\\/\"},\"author\":{\"name\":\"Dramane FAYAMA\",\"@id\":\"https:\\\/\\\/lacolombeplus.net\\\/#\\\/schema\\\/person\\\/1a433b3fa6e8f9696f18ece67a69915c\"},\"headline\":\"Burkina Faso : le Conseil des ministres adopte un budget rectificatif en hausse pour soutenir l&rsquo;\u00e9conomie et l&rsquo;agriculture\",\"datePublished\":\"2026-07-23T20:53:34+00:00\",\"dateModified\":\"2026-07-23T21:05:33+00:00\",\"mainEntityOfPage\":{\"@id\":\"https:\\\/\\\/lacolombeplus.net\\\/index.php\\\/2026\\\/07\\\/23\\\/burkina-faso-le-conseil-des-ministres-adopte-un-budget-rectificatif-en-hausse-pour-soutenir-leconomie-et-lagriculture\\\/\"},\"wordCount\":375,\"commentCount\":0,\"publisher\":{\"@id\":\"https:\\\/\\\/lacolombeplus.net\\\/#organization\"},\"image\":{\"@id\":\"https:\\\/\\\/lacolombeplus.net\\\/index.php\\\/2026\\\/07\\\/23\\\/burkina-faso-le-conseil-des-ministres-adopte-un-budget-rectificatif-en-hausse-pour-soutenir-leconomie-et-lagriculture\\\/#primaryimage\"},\"thumbnailUrl\":\"https:\\\/\\\/lacolombeplus.net\\\/wp-content\\\/uploads\\\/2026\\\/07\\\/IMG-20260723-WA0029.webp\",\"articleSection\":[\"A la Une\",\"Economie\"],\"inLanguage\":\"fr-FR\",\"potentialAction\":[{\"@type\":\"CommentAction\",\"name\":\"Comment\",\"target\":[\"https:\\\/\\\/lacolombeplus.net\\\/index.php\\\/2026\\\/07\\\/23\\\/burkina-faso-le-conseil-des-ministres-adopte-un-budget-rectificatif-en-hausse-pour-soutenir-leconomie-et-lagriculture\\\/#respond\"]}]},{\"@type\":\"WebPage\",\"@id\":\"https:\\\/\\\/lacolombeplus.net\\\/index.php\\\/2026\\\/07\\\/23\\\/burkina-faso-le-conseil-des-ministres-adopte-un-budget-rectificatif-en-hausse-pour-soutenir-leconomie-et-lagriculture\\\/\",\"url\":\"https:\\\/\\\/lacolombeplus.net\\\/index.php\\\/2026\\\/07\\\/23\\\/burkina-faso-le-conseil-des-ministres-adopte-un-budget-rectificatif-en-hausse-pour-soutenir-leconomie-et-lagriculture\\\/\",\"name\":\"Burkina Faso : le Conseil des ministres adopte un budget rectificatif en hausse pour soutenir l'\u00e9conomie et l'agriculture - WordPress\",\"isPartOf\":{\"@id\":\"https:\\\/\\\/lacolombeplus.net\\\/#website\"},\"primaryImageOfPage\":{\"@id\":\"https:\\\/\\\/lacolombeplus.net\\\/index.php\\\/2026\\\/07\\\/23\\\/burkina-faso-le-conseil-des-ministres-adopte-un-budget-rectificatif-en-hausse-pour-soutenir-leconomie-et-lagriculture\\\/#primaryimage\"},\"image\":{\"@id\":\"https:\\\/\\\/lacolombeplus.net\\\/index.php\\\/2026\\\/07\\\/23\\\/burkina-faso-le-conseil-des-ministres-adopte-un-budget-rectificatif-en-hausse-pour-soutenir-leconomie-et-lagriculture\\\/#primaryimage\"},\"thumbnailUrl\":\"https:\\\/\\\/lacolombeplus.net\\\/wp-content\\\/uploads\\\/2026\\\/07\\\/IMG-20260723-WA0029.webp\",\"datePublished\":\"2026-07-23T20:53:34+00:00\",\"dateModified\":\"2026-07-23T21:05:33+00:00\",\"breadcrumb\":{\"@id\":\"https:\\\/\\\/lacolombeplus.net\\\/index.php\\\/2026\\\/07\\\/23\\\/burkina-faso-le-conseil-des-ministres-adopte-un-budget-rectificatif-en-hausse-pour-soutenir-leconomie-et-lagriculture\\\/#breadcrumb\"},\"inLanguage\":\"fr-FR\",\"potentialAction\":[{\"@type\":\"ReadAction\",\"target\":[\"https:\\\/\\\/lacolombeplus.net\\\/index.php\\\/2026\\\/07\\\/23\\\/burkina-faso-le-conseil-des-ministres-adopte-un-budget-rectificatif-en-hausse-pour-soutenir-leconomie-et-lagriculture\\\/\"]}]},{\"@type\":\"ImageObject\",\"inLanguage\":\"fr-FR\",\"@id\":\"https:\\\/\\\/lacolombeplus.net\\\/index.php\\\/2026\\\/07\\\/23\\\/burkina-faso-le-conseil-des-ministres-adopte-un-budget-rectificatif-en-hausse-pour-soutenir-leconomie-et-lagriculture\\\/#primaryimage\",\"url\":\"https:\\\/\\\/lacolombeplus.net\\\/wp-content\\\/uploads\\\/2026\\\/07\\\/IMG-20260723-WA0029.webp\",\"contentUrl\":\"https:\\\/\\\/lacolombeplus.net\\\/wp-content\\\/uploads\\\/2026\\\/07\\\/IMG-20260723-WA0029.webp\",\"width\":1280,\"height\":853},{\"@type\":\"BreadcrumbList\",\"@id\":\"https:\\\/\\\/lacolombeplus.net\\\/index.php\\\/2026\\\/07\\\/23\\\/burkina-faso-le-conseil-des-ministres-adopte-un-budget-rectificatif-en-hausse-pour-soutenir-leconomie-et-lagriculture\\\/#breadcrumb\",\"itemListElement\":[{\"@type\":\"ListItem\",\"position\":1,\"name\":\"Accueil\",\"item\":\"https:\\\/\\\/lacolombeplus.net\\\/\"},{\"@type\":\"ListItem\",\"position\":2,\"name\":\"Burkina Faso : le Conseil des ministres adopte un budget rectificatif en hausse pour soutenir l&rsquo;\u00e9conomie et l&rsquo;agriculture\"}]},{\"@type\":\"WebSite\",\"@id\":\"https:\\\/\\\/lacolombeplus.net\\\/#website\",\"url\":\"https:\\\/\\\/lacolombeplus.net\\\/\",\"name\":\"Lacolombeplus\",\"description\":\"\",\"publisher\":{\"@id\":\"https:\\\/\\\/lacolombeplus.net\\\/#organization\"},\"potentialAction\":[{\"@type\":\"SearchAction\",\"target\":{\"@type\":\"EntryPoint\",\"urlTemplate\":\"https:\\\/\\\/lacolombeplus.net\\\/?s={search_term_string}\"},\"query-input\":{\"@type\":\"PropertyValueSpecification\",\"valueRequired\":true,\"valueName\":\"search_term_string\"}}],\"inLanguage\":\"fr-FR\"},{\"@type\":\"Organization\",\"@id\":\"https:\\\/\\\/lacolombeplus.net\\\/#organization\",\"name\":\"lacolombeplus.net\",\"url\":\"https:\\\/\\\/lacolombeplus.net\\\/\",\"logo\":{\"@type\":\"ImageObject\",\"inLanguage\":\"fr-FR\",\"@id\":\"https:\\\/\\\/lacolombeplus.net\\\/#\\\/schema\\\/logo\\\/image\\\/\",\"url\":\"https:\\\/\\\/lacolombeplus.net\\\/wp-content\\\/uploads\\\/2026\\\/04\\\/a84391f3-a521-4177-867d-b9aaa3066b88.png\",\"contentUrl\":\"https:\\\/\\\/lacolombeplus.net\\\/wp-content\\\/uploads\\\/2026\\\/04\\\/a84391f3-a521-4177-867d-b9aaa3066b88.png\",\"width\":1045,\"height\":1505,\"caption\":\"lacolombeplus.net\"},\"image\":{\"@id\":\"https:\\\/\\\/lacolombeplus.net\\\/#\\\/schema\\\/logo\\\/image\\\/\"},\"sameAs\":[\"https:\\\/\\\/web.facebook.com\\\/profile.php?id=61589477078953\"]},{\"@type\":\"Person\",\"@id\":\"https:\\\/\\\/lacolombeplus.net\\\/#\\\/schema\\\/person\\\/1a433b3fa6e8f9696f18ece67a69915c\",\"name\":\"Dramane FAYAMA\",\"image\":{\"@type\":\"ImageObject\",\"inLanguage\":\"fr-FR\",\"@id\":\"https:\\\/\\\/secure.gravatar.com\\\/avatar\\\/6ae061b9c102ae93ffb7a4076195d78ace54801f91540899a6e8aacf91eacff8?s=96&d=mm&r=g\",\"url\":\"https:\\\/\\\/secure.gravatar.com\\\/avatar\\\/6ae061b9c102ae93ffb7a4076195d78ace54801f91540899a6e8aacf91eacff8?s=96&d=mm&r=g\",\"contentUrl\":\"https:\\\/\\\/secure.gravatar.com\\\/avatar\\\/6ae061b9c102ae93ffb7a4076195d78ace54801f91540899a6e8aacf91eacff8?s=96&d=mm&r=g\",\"caption\":\"Dramane FAYAMA\"},\"url\":\"https:\\\/\\\/lacolombeplus.net\\\/index.php\\\/author\\\/dramane\\\/\"}]}<\/script>\n<!-- \/ Yoast SEO plugin. -->","yoast_head_json":{"title":"Burkina Faso : le Conseil des ministres adopte un budget rectificatif en hausse pour soutenir l'\u00e9conomie et l'agriculture - WordPress","robots":{"index":"index","follow":"follow","max-snippet":"max-snippet:-1","max-image-preview":"max-image-preview:large","max-video-preview":"max-video-preview:-1"},"canonical":"https:\/\/lacolombeplus.net\/index.php\/2026\/07\/23\/burkina-faso-le-conseil-des-ministres-adopte-un-budget-rectificatif-en-hausse-pour-soutenir-leconomie-et-lagriculture\/","og_locale":"fr_FR","og_type":"article","og_title":"Burkina Faso : le Conseil des ministres adopte un budget rectificatif en hausse pour soutenir l'\u00e9conomie et l'agriculture - WordPress","og_description":"Ouagadougou, 23 juillet 2026 \u2014 Le Conseil des ministres, r\u00e9uni ce jeudi sous la pr\u00e9sidence du Chef de l&rsquo;\u00c9tat, le Camarade Capitaine Ibrahim TRAOR\u00c9, a adopt\u00e9 un projet de loi portant rectification de la loi de finances pour l&rsquo;ann\u00e9e budg\u00e9taire 2026. L&rsquo;annonce a \u00e9t\u00e9 faite \u00e0 l&rsquo;issue de la rencontre par le Ministre Porte-parole du...","og_url":"https:\/\/lacolombeplus.net\/index.php\/2026\/07\/23\/burkina-faso-le-conseil-des-ministres-adopte-un-budget-rectificatif-en-hausse-pour-soutenir-leconomie-et-lagriculture\/","og_site_name":"WordPress","article_publisher":"https:\/\/web.facebook.com\/profile.php?id=61589477078953","article_published_time":"2026-07-23T20:53:34+00:00","article_modified_time":"2026-07-23T21:05:33+00:00","og_image":[{"width":1280,"height":853,"url":"http:\/\/lacolombeplus.net\/wp-content\/uploads\/2026\/07\/IMG-20260723-WA0029.webp","type":"image\/webp"}],"author":"Dramane FAYAMA","twitter_card":"summary_large_image","twitter_misc":{"\u00c9crit par":"Dramane FAYAMA","Dur\u00e9e de lecture estim\u00e9e":"2 minutes"},"schema":{"@context":"https:\/\/schema.org","@graph":[{"@type":"Article","@id":"https:\/\/lacolombeplus.net\/index.php\/2026\/07\/23\/burkina-faso-le-conseil-des-ministres-adopte-un-budget-rectificatif-en-hausse-pour-soutenir-leconomie-et-lagriculture\/#article","isPartOf":{"@id":"https:\/\/lacolombeplus.net\/index.php\/2026\/07\/23\/burkina-faso-le-conseil-des-ministres-adopte-un-budget-rectificatif-en-hausse-pour-soutenir-leconomie-et-lagriculture\/"},"author":{"name":"Dramane FAYAMA","@id":"https:\/\/lacolombeplus.net\/#\/schema\/person\/1a433b3fa6e8f9696f18ece67a69915c"},"headline":"Burkina Faso : le Conseil des ministres adopte un budget rectificatif en hausse pour soutenir l&rsquo;\u00e9conomie et l&rsquo;agriculture","datePublished":"2026-07-23T20:53:34+00:00","dateModified":"2026-07-23T21:05:33+00:00","mainEntityOfPage":{"@id":"https:\/\/lacolombeplus.net\/index.php\/2026\/07\/23\/burkina-faso-le-conseil-des-ministres-adopte-un-budget-rectificatif-en-hausse-pour-soutenir-leconomie-et-lagriculture\/"},"wordCount":375,"commentCount":0,"publisher":{"@id":"https:\/\/lacolombeplus.net\/#organization"},"image":{"@id":"https:\/\/lacolombeplus.net\/index.php\/2026\/07\/23\/burkina-faso-le-conseil-des-ministres-adopte-un-budget-rectificatif-en-hausse-pour-soutenir-leconomie-et-lagriculture\/#primaryimage"},"thumbnailUrl":"https:\/\/lacolombeplus.net\/wp-content\/uploads\/2026\/07\/IMG-20260723-WA0029.webp","articleSection":["A la Une","Economie"],"inLanguage":"fr-FR","potentialAction":[{"@type":"CommentAction","name":"Comment","target":["https:\/\/lacolombeplus.net\/index.php\/2026\/07\/23\/burkina-faso-le-conseil-des-ministres-adopte-un-budget-rectificatif-en-hausse-pour-soutenir-leconomie-et-lagriculture\/#respond"]}]},{"@type":"WebPage","@id":"https:\/\/lacolombeplus.net\/index.php\/2026\/07\/23\/burkina-faso-le-conseil-des-ministres-adopte-un-budget-rectificatif-en-hausse-pour-soutenir-leconomie-et-lagriculture\/","url":"https:\/\/lacolombeplus.net\/index.php\/2026\/07\/23\/burkina-faso-le-conseil-des-ministres-adopte-un-budget-rectificatif-en-hausse-pour-soutenir-leconomie-et-lagriculture\/","name":"Burkina Faso : le Conseil des ministres adopte un budget rectificatif en hausse pour soutenir l'\u00e9conomie et l'agriculture - WordPress","isPartOf":{"@id":"https:\/\/lacolombeplus.net\/#website"},"primaryImageOfPage":{"@id":"https:\/\/lacolombeplus.net\/index.php\/2026\/07\/23\/burkina-faso-le-conseil-des-ministres-adopte-un-budget-rectificatif-en-hausse-pour-soutenir-leconomie-et-lagriculture\/#primaryimage"},"image":{"@id":"https:\/\/lacolombeplus.net\/index.php\/2026\/07\/23\/burkina-faso-le-conseil-des-ministres-adopte-un-budget-rectificatif-en-hausse-pour-soutenir-leconomie-et-lagriculture\/#primaryimage"},"thumbnailUrl":"https:\/\/lacolombeplus.net\/wp-content\/uploads\/2026\/07\/IMG-20260723-WA0029.webp","datePublished":"2026-07-23T20:53:34+00:00","dateModified":"2026-07-23T21:05:33+00:00","breadcrumb":{"@id":"https:\/\/lacolombeplus.net\/index.php\/2026\/07\/23\/burkina-faso-le-conseil-des-ministres-adopte-un-budget-rectificatif-en-hausse-pour-soutenir-leconomie-et-lagriculture\/#breadcrumb"},"inLanguage":"fr-FR","potentialAction":[{"@type":"ReadAction","target":["https:\/\/lacolombeplus.net\/index.php\/2026\/07\/23\/burkina-faso-le-conseil-des-ministres-adopte-un-budget-rectificatif-en-hausse-pour-soutenir-leconomie-et-lagriculture\/"]}]},{"@type":"ImageObject","inLanguage":"fr-FR","@id":"https:\/\/lacolombeplus.net\/index.php\/2026\/07\/23\/burkina-faso-le-conseil-des-ministres-adopte-un-budget-rectificatif-en-hausse-pour-soutenir-leconomie-et-lagriculture\/#primaryimage","url":"https:\/\/lacolombeplus.net\/wp-content\/uploads\/2026\/07\/IMG-20260723-WA0029.webp","contentUrl":"https:\/\/lacolombeplus.net\/wp-content\/uploads\/2026\/07\/IMG-20260723-WA0029.webp","width":1280,"height":853},{"@type":"BreadcrumbList","@id":"https:\/\/lacolombeplus.net\/index.php\/2026\/07\/23\/burkina-faso-le-conseil-des-ministres-adopte-un-budget-rectificatif-en-hausse-pour-soutenir-leconomie-et-lagriculture\/#breadcrumb","itemListElement":[{"@type":"ListItem","position":1,"name":"Accueil","item":"https:\/\/lacolombeplus.net\/"},{"@type":"ListItem","position":2,"name":"Burkina Faso : le Conseil des ministres adopte un budget rectificatif en hausse pour soutenir l&rsquo;\u00e9conomie et l&rsquo;agriculture"}]},{"@type":"WebSite","@id":"https:\/\/lacolombeplus.net\/#website","url":"https:\/\/lacolombeplus.net\/","name":"Lacolombeplus","description":"","publisher":{"@id":"https:\/\/lacolombeplus.net\/#organization"},"potentialAction":[{"@type":"SearchAction","target":{"@type":"EntryPoint","urlTemplate":"https:\/\/lacolombeplus.net\/?s={search_term_string}"},"query-input":{"@type":"PropertyValueSpecification","valueRequired":true,"valueName":"search_term_string"}}],"inLanguage":"fr-FR"},{"@type":"Organization","@id":"https:\/\/lacolombeplus.net\/#organization","name":"lacolombeplus.net","url":"https:\/\/lacolombeplus.net\/","logo":{"@type":"ImageObject","inLanguage":"fr-FR","@id":"https:\/\/lacolombeplus.net\/#\/schema\/logo\/image\/","url":"https:\/\/lacolombeplus.net\/wp-content\/uploads\/2026\/04\/a84391f3-a521-4177-867d-b9aaa3066b88.png","contentUrl":"https:\/\/lacolombeplus.net\/wp-content\/uploads\/2026\/04\/a84391f3-a521-4177-867d-b9aaa3066b88.png","width":1045,"height":1505,"caption":"lacolombeplus.net"},"image":{"@id":"https:\/\/lacolombeplus.net\/#\/schema\/logo\/image\/"},"sameAs":["https:\/\/web.facebook.com\/profile.php?id=61589477078953"]},{"@type":"Person","@id":"https:\/\/lacolombeplus.net\/#\/schema\/person\/1a433b3fa6e8f9696f18ece67a69915c","name":"Dramane FAYAMA","image":{"@type":"ImageObject","inLanguage":"fr-FR","@id":"https:\/\/secure.gravatar.com\/avatar\/6ae061b9c102ae93ffb7a4076195d78ace54801f91540899a6e8aacf91eacff8?s=96&d=mm&r=g","url":"https:\/\/secure.gravatar.com\/avatar\/6ae061b9c102ae93ffb7a4076195d78ace54801f91540899a6e8aacf91eacff8?s=96&d=mm&r=g","contentUrl":"https:\/\/secure.gravatar.com\/avatar\/6ae061b9c102ae93ffb7a4076195d78ace54801f91540899a6e8aacf91eacff8?s=96&d=mm&r=g","caption":"Dramane FAYAMA"},"url":"https:\/\/lacolombeplus.net\/index.php\/author\/dramane\/"}]}},"jetpack_featured_media_url":"https:\/\/lacolombeplus.net\/wp-content\/uploads\/2026\/07\/IMG-20260723-WA0029.webp","jetpack_sharing_enabled":true,"_links":{"self":[{"href":"https:\/\/lacolombeplus.net\/index.php\/wp-json\/wp\/v2\/posts\/38706","targetHints":{"allow":["GET"]}}],"collection":[{"href":"https:\/\/lacolombeplus.net\/index.php\/wp-json\/wp\/v2\/posts"}],"about":[{"href":"https:\/\/lacolombeplus.net\/index.php\/wp-json\/wp\/v2\/types\/post"}],"author":[{"embeddable":true,"href":"https:\/\/lacolombeplus.net\/index.php\/wp-json\/wp\/v2\/users\/6"}],"replies":[{"embeddable":true,"href":"https:\/\/lacolombeplus.net\/index.php\/wp-json\/wp\/v2\/comments?post=38706"}],"version-history":[{"count":3,"href":"https:\/\/lacolombeplus.net\/index.php\/wp-json\/wp\/v2\/posts\/38706\/revisions"}],"predecessor-version":[{"id":38714,"href":"https:\/\/lacolombeplus.net\/index.php\/wp-json\/wp\/v2\/posts\/38706\/revisions\/38714"}],"wp:featuredmedia":[{"embeddable":true,"href":"https:\/\/lacolombeplus.net\/index.php\/wp-json\/wp\/v2\/media\/38707"}],"wp:attachment":[{"href":"https:\/\/lacolombeplus.net\/index.php\/wp-json\/wp\/v2\/media?parent=38706"}],"wp:term":[{"taxonomy":"category","embeddable":true,"href":"https:\/\/lacolombeplus.net\/index.php\/wp-json\/wp\/v2\/categories?post=38706"},{"taxonomy":"post_tag","embeddable":true,"href":"https:\/\/lacolombeplus.net\/index.php\/wp-json\/wp\/v2\/tags?post=38706"}],"curies":[{"name":"wp","href":"https:\/\/api.w.org\/{rel}","templated":true}]}}