{"id":38697,"date":"2026-07-23T02:16:05","date_gmt":"2026-07-23T02:16:05","guid":{"rendered":"https:\/\/lacolombeplus.net\/?p=38697"},"modified":"2026-07-28T15:46:31","modified_gmt":"2026-07-28T15:46:31","slug":"hepatites-virales-lepidemie-silencieuse-qui-frappe-pres-dun-burkinabe-sur-dix","status":"publish","type":"post","link":"https:\/\/lacolombeplus.net\/index.php\/2026\/07\/23\/hepatites-virales-lepidemie-silencieuse-qui-frappe-pres-dun-burkinabe-sur-dix\/","title":{"rendered":"H\u00e9patites virales : l&rsquo;\u00e9pid\u00e9mie silencieuse qui frappe pr\u00e8s d&rsquo;un Burkinab\u00e8 sur dix"},"content":{"rendered":"<p><strong>OUAGADOUGOU, 22 juillet 2026\u00a0 \u2014 Elles ne provoquent ni fi\u00e8vre spectaculaire, ni douleur imm\u00e9diate, et pourtant elles rongent silencieusement le foie de milliers de Burkinab\u00e8, parfois jusqu&rsquo;\u00e0 la cirrhose ou au cancer. \u00c0 l&rsquo;approche de la Journ\u00e9e mondiale de lutte contre l&rsquo;h\u00e9patite, c\u00e9l\u00e9br\u00e9e chaque 28 juillet, le minist\u00e8re de la Sant\u00e9, \u00e0 travers le Programme sectoriel sant\u00e9 de lutte contre le Sida, les IST et les H\u00e9patites virales (PSSLS-IST\/HV), a organis\u00e9 ce mercredi 22 juillet 2026 une conf\u00e9rence de presse \u00e0 Ouagadougou pour pr\u00e9senter les activit\u00e9s pr\u00e9vues au titre de l&rsquo;\u00e9dition 2026, en pr\u00e9sence de Dr Laurent Moyenga, coordonnateur de programme \u00e0 l&rsquo;Organisation mondiale de la sant\u00e9 (OMS).<\/strong><\/p>\n<p>Dans sa d\u00e9claration, le coordonnateur du PSSLS-IST\/HV, Dr Natyon Dieudonn\u00e9 Soma, a d&#8217;embl\u00e9e plant\u00e9 le d\u00e9cor de cette \u00ab \u00e9pid\u00e9mie silencieuse \u00bb : <em>\u00ab Chaque jour au Burkina Faso, des milliers de personnes vivent avec une h\u00e9patite virale sans le savoir. Elles poursuivent leurs activit\u00e9s, se sentent parfois en parfaite sant\u00e9, alors que la maladie \u00e9volue silencieusement jusqu&rsquo;\u00e0 provoquer, dans certains cas, une cirrhose ou un cancer du foie. Pourtant, cette \u00e9volution peut \u00eatre \u00e9vit\u00e9e gr\u00e2ce au d\u00e9pistage pr\u00e9coce, \u00e0 la vaccination et \u00e0 une prise en charge adapt\u00e9e. \u00bb<\/em><\/p>\n<figure id=\"attachment_38699\" aria-describedby=\"caption-attachment-38699\" style=\"width: 551px\" class=\"wp-caption alignright\"><img fetchpriority=\"high\" decoding=\"async\" class=\" wp-image-38699\" src=\"http:\/\/lacolombeplus.net\/wp-content\/uploads\/2026\/07\/753702325_2037894163622030_6855065833560778745_n-1.webp\" alt=\"\" width=\"551\" height=\"408\" srcset=\"https:\/\/lacolombeplus.net\/wp-content\/uploads\/2026\/07\/753702325_2037894163622030_6855065833560778745_n-1.webp 1457w, https:\/\/lacolombeplus.net\/wp-content\/uploads\/2026\/07\/753702325_2037894163622030_6855065833560778745_n-1-300x222.webp 300w, https:\/\/lacolombeplus.net\/wp-content\/uploads\/2026\/07\/753702325_2037894163622030_6855065833560778745_n-1-1024x758.webp 1024w, https:\/\/lacolombeplus.net\/wp-content\/uploads\/2026\/07\/753702325_2037894163622030_6855065833560778745_n-1-768x569.webp 768w\" sizes=\"(max-width: 551px) 100vw, 551px\" \/><figcaption id=\"caption-attachment-38699\" class=\"wp-caption-text\">Une s\u00e9ance coanim\u00e9e par le Programme sectoriel Sant\u00e9 de lutte contre le VIH\/Sida, les infections sexuellement transmissibles (IST) et les h\u00e9patites virales, ainsi que par le coordonnateur de programme de l&rsquo;Organisation mondiale de la Sant\u00e9 (OMS).<\/figcaption><\/figure>\n<h2 style=\"text-align: center;\"><strong>Des chiffres qui interpellent<\/strong><\/h2>\n<p>Les donn\u00e9es nationales disponibles donnent la mesure du probl\u00e8me de sant\u00e9 publique que repr\u00e9sentent les h\u00e9patites virales B et C dans le pays. Leur pr\u00e9valence est estim\u00e9e respectivement \u00e0 9,1 % et 3,6 % au sein de la population g\u00e9n\u00e9rale. Une enqu\u00eate de surveillance sentinelle men\u00e9e en 2025 aupr\u00e8s des femmes enceintes de 15 \u00e0 45 ans a par ailleurs relev\u00e9 une pr\u00e9valence de l&rsquo;h\u00e9patite B de 5,92 % et de l&rsquo;h\u00e9patite C de 2,49 % dans ce groupe. Des chiffres d&rsquo;autant plus pr\u00e9occupants, selon Dr Soma, que ces maladies \u00e9voluent le plus souvent sans sympt\u00f4mes pendant plusieurs ann\u00e9es : <em>\u00ab Beaucoup de personnes d\u00e9couvrent leur statut lorsque des complications graves sont d\u00e9j\u00e0 install\u00e9es. Derri\u00e8re ces chiffres se cachent des milliers de familles confront\u00e9es \u00e0 la souffrance, \u00e0 la perte de revenus et parfois \u00e0 la disparition pr\u00e9matur\u00e9e d&rsquo;un proche. \u00bb<\/em><\/p>\n<h2 style=\"text-align: center;\"><strong>\u00ab H\u00e9patite, parlons-en \u00bb : faire tomber les barri\u00e8res<\/strong><\/h2>\n<figure id=\"attachment_38700\" aria-describedby=\"caption-attachment-38700\" style=\"width: 606px\" class=\"wp-caption alignleft\"><img decoding=\"async\" class=\" wp-image-38700\" src=\"http:\/\/lacolombeplus.net\/wp-content\/uploads\/2026\/07\/Soma.webp\" alt=\"\" width=\"606\" height=\"341\" srcset=\"https:\/\/lacolombeplus.net\/wp-content\/uploads\/2026\/07\/Soma.webp 1600w, https:\/\/lacolombeplus.net\/wp-content\/uploads\/2026\/07\/Soma-300x169.webp 300w, https:\/\/lacolombeplus.net\/wp-content\/uploads\/2026\/07\/Soma-1024x576.webp 1024w, https:\/\/lacolombeplus.net\/wp-content\/uploads\/2026\/07\/Soma-768x432.webp 768w, https:\/\/lacolombeplus.net\/wp-content\/uploads\/2026\/07\/Soma-1536x864.webp 1536w\" sizes=\"(max-width: 606px) 100vw, 606px\" \/><figcaption id=\"caption-attachment-38700\" class=\"wp-caption-text\">Dr Natyon Dieudonn\u00e9 Soma : <em>\u00ab Notre ambition est claire : faire tomber toutes les barri\u00e8res qui emp\u00eachent encore les populations d&rsquo;acc\u00e9der au d\u00e9pistage, \u00e0 la vaccination, au traitement et aux soins. \u00bb<\/em><\/figcaption><\/figure>\n<p>Cette ann\u00e9e, la Journ\u00e9e mondiale est c\u00e9l\u00e9br\u00e9e sous le th\u00e8me \u00ab H\u00e9patite : faisons tomber les barri\u00e8res \u00bb, avec pour slogan \u00ab H\u00e9patite, parlons-en \u00bb. Un th\u00e8me qui, selon le coordonnateur du PSSLS-IST\/HV, invite \u00e0 lever tous les obstacles qui emp\u00eachent encore de nombreuses personnes d&rsquo;acc\u00e9der \u00e0 l&rsquo;information, au d\u00e9pistage, \u00e0 la vaccination, aux soins et au traitement. <em>\u00ab Il nous rappelle \u00e9galement que les h\u00e9patites virales ne constituent pas seulement un d\u00e9fi m\u00e9dical : elles sont aussi un enjeu social, \u00e9conomique et humain. \u00bb<\/em><\/p>\n<p>Mais des raisons d&rsquo;esp\u00e9rer existent, a-t-il tenu \u00e0 souligner : les h\u00e9patites peuvent \u00eatre pr\u00e9venues, d\u00e9pist\u00e9es et, pour certaines, trait\u00e9es efficacement lorsque le diagnostic est pos\u00e9 \u00e0 temps. Le gouvernement burkinab\u00e8, sous le leadership du minist\u00e8re de la Sant\u00e9, poursuit ses efforts pour renforcer la pr\u00e9vention, la vaccination, le d\u00e9pistage, l&rsquo;acc\u00e8s aux soins et la prise en charge des personnes vivant avec les h\u00e9patites virales.<\/p>\n<h2 style=\"text-align: center;\"><strong>Un programme d&rsquo;activit\u00e9s jusqu&rsquo;au 28 juillet<\/strong><\/h2>\n<p>Au menu de l&rsquo;\u00e9dition 2026 : des discours officiels des repr\u00e9sentants du minist\u00e8re de la Sant\u00e9 et des partenaires techniques et financiers, une pr\u00e9sentation des statistiques nationales sur la pr\u00e9valence des h\u00e9patites virales et des efforts de riposte, ainsi que des t\u00e9moignages de personnes vivant avec l&rsquo;h\u00e9patite, destin\u00e9s \u00e0 souligner l&rsquo;importance du d\u00e9pistage pr\u00e9coce et de la prise en charge. Des sessions de sensibilisation porteront sur les modes de transmission et les mesures de pr\u00e9vention, avec un accent particulier sur la vaccination contre l&rsquo;h\u00e9patite B chez les nouveau-n\u00e9s et les populations \u00e0 haut risque, ainsi que sur les options de traitement disponibles dans le pays. Des campagnes de d\u00e9pistage volontaire, gratuit ou \u00e0 co\u00fbt r\u00e9duit, seront \u00e9galement organis\u00e9es dans plusieurs centres de r\u00e9f\u00e9rence pour faciliter l&rsquo;acc\u00e8s des populations \u00e0 ce service essentiel.<\/p>\n<h2 style=\"text-align: center;\"><strong>Objectif 2030 : moins 90 % d&rsquo;infections, moins 65 % de mortalit\u00e9<\/strong><\/h2>\n<figure id=\"attachment_38701\" aria-describedby=\"caption-attachment-38701\" style=\"width: 669px\" class=\"wp-caption alignright\"><img decoding=\"async\" class=\"wp-image-38701\" src=\"http:\/\/lacolombeplus.net\/wp-content\/uploads\/2026\/07\/Journalistes-et-acteurs-de-la-sante.webp\" alt=\"\" width=\"669\" height=\"374\" srcset=\"https:\/\/lacolombeplus.net\/wp-content\/uploads\/2026\/07\/Journalistes-et-acteurs-de-la-sante.webp 1600w, https:\/\/lacolombeplus.net\/wp-content\/uploads\/2026\/07\/Journalistes-et-acteurs-de-la-sante-300x168.webp 300w, https:\/\/lacolombeplus.net\/wp-content\/uploads\/2026\/07\/Journalistes-et-acteurs-de-la-sante-1024x572.webp 1024w, https:\/\/lacolombeplus.net\/wp-content\/uploads\/2026\/07\/Journalistes-et-acteurs-de-la-sante-768x429.webp 768w, https:\/\/lacolombeplus.net\/wp-content\/uploads\/2026\/07\/Journalistes-et-acteurs-de-la-sante-1536x858.webp 1536w\" sizes=\"(max-width: 669px) 100vw, 669px\" \/><figcaption id=\"caption-attachment-38701\" class=\"wp-caption-text\">Une forte mobilisation des acteurs des m\u00e9dias et de la sant\u00e9.<\/figcaption><\/figure>\n<p>Le Burkina Faso a souscrit \u00e0 la strat\u00e9gie mondiale du secteur de la sant\u00e9 contre les h\u00e9patites virales de l&rsquo;Organisation mondiale de la sant\u00e9, qui vise, d&rsquo;ici 2030, \u00e0 r\u00e9duire de 90 % les nouvelles infections par les virus de l&rsquo;h\u00e9patite B et C, et de 65 % la mortalit\u00e9 li\u00e9e \u00e0 leurs complications, notamment la cirrhose et le cancer du foie. La conf\u00e9rence de presse s&rsquo;est conclue par un appel \u00e0 une mobilisation accrue des ressources et \u00e0 un renforcement des politiques de sant\u00e9 pour atteindre ces objectifs d&rsquo;\u00e9limination.<\/p>\n<h2 style=\"text-align: center;\"><strong>Les journalistes, \u00ab ambassadeurs \u00bb de la lutte<\/strong><\/h2>\n<p>S&rsquo;adressant directement aux professionnels des m\u00e9dias pr\u00e9sents, Dr Soma a insist\u00e9 sur leur r\u00f4le de relais aupr\u00e8s des populations : <em>\u00ab Par vos articles, vos \u00e9missions, vos reportages et vos publications sur les r\u00e9seaux sociaux, vous avez le pouvoir de sensibiliser, de combattre les id\u00e9es re\u00e7ues et d&rsquo;encourager les populations \u00e0 adopter des comportements qui sauvent des vies. Un article ou un reportage peut convaincre une personne de se faire d\u00e9pister. Une \u00e9mission peut inciter une famille enti\u00e8re \u00e0 faire vacciner ses enfants. Une information juste peut sauver une vie. \u00bb<\/em><\/p>\n<p>Une ambition r\u00e9sum\u00e9e en une phrase par le coordonnateur du PSSLS-IST\/HV : faire tomber toutes les barri\u00e8res qui emp\u00eachent encore les populations d&rsquo;acc\u00e9der au d\u00e9pistage, \u00e0 la vaccination, au traitement et aux soins.<\/p>\n<p style=\"text-align: right;\"><strong>Dramane FAYAMA<\/strong><\/p>\n","protected":false},"excerpt":{"rendered":"<p>OUAGADOUGOU, 22 juillet 2026\u00a0 \u2014 Elles ne provoquent ni fi\u00e8vre spectaculaire, ni douleur imm\u00e9diate, et pourtant elles rongent silencieusement le foie de milliers de Burkinab\u00e8, parfois jusqu&rsquo;\u00e0 la cirrhose ou au cancer. \u00c0 l&rsquo;approche de la Journ\u00e9e mondiale de lutte contre l&rsquo;h\u00e9patite, c\u00e9l\u00e9br\u00e9e chaque 28 juillet, le minist\u00e8re de la Sant\u00e9, \u00e0 travers le Programme&#8230;<\/p>\n","protected":false},"author":6,"featured_media":38702,"comment_status":"open","ping_status":"open","sticky":false,"template":"","format":"standard","meta":{"_jetpack_newsletter_access":"","_jetpack_dont_email_post_to_subs":false,"_jetpack_newsletter_tier_id":0,"_jetpack_memberships_contains_paywalled_content":false,"_jetpack_feature_clip_id":0,"_jetpack_memberships_contains_paid_content":false,"footnotes":"","jetpack_post_was_ever_published":false},"categories":[2,199,1],"tags":[292,289,293],"class_list":["post-38697","post","type-post","status-publish","format-standard","has-post-thumbnail","hentry","category-a-la-une","category-sante","category-uncategorized","tag-journee-mondiale-de-lhepatite","tag-oms","tag-pssls-ist-hv"],"yoast_head":"<!-- This site is optimized with the Yoast SEO plugin v28.3 - https:\/\/yoast.com\/product\/yoast-seo-wordpress\/ -->\n<title>H\u00e9patites virales : l&#039;\u00e9pid\u00e9mie silencieuse qui frappe pr\u00e8s d&#039;un Burkinab\u00e8 sur dix - WordPress<\/title>\n<meta name=\"robots\" content=\"index, follow, max-snippet:-1, max-image-preview:large, max-video-preview:-1\" \/>\n<link rel=\"canonical\" href=\"https:\/\/lacolombeplus.net\/index.php\/2026\/07\/23\/hepatites-virales-lepidemie-silencieuse-qui-frappe-pres-dun-burkinabe-sur-dix\/\" \/>\n<meta property=\"og:locale\" content=\"fr_FR\" \/>\n<meta property=\"og:type\" content=\"article\" \/>\n<meta property=\"og:title\" content=\"H\u00e9patites virales : l&#039;\u00e9pid\u00e9mie silencieuse qui frappe pr\u00e8s d&#039;un Burkinab\u00e8 sur dix - WordPress\" \/>\n<meta property=\"og:description\" content=\"OUAGADOUGOU, 22 juillet 2026\u00a0 \u2014 Elles ne provoquent ni fi\u00e8vre spectaculaire, ni douleur imm\u00e9diate, et pourtant elles rongent silencieusement le foie de milliers de Burkinab\u00e8, parfois jusqu&rsquo;\u00e0 la cirrhose ou au cancer. \u00c0 l&rsquo;approche de la Journ\u00e9e mondiale de lutte contre l&rsquo;h\u00e9patite, c\u00e9l\u00e9br\u00e9e chaque 28 juillet, le minist\u00e8re de la Sant\u00e9, \u00e0 travers le Programme...\" \/>\n<meta property=\"og:url\" content=\"https:\/\/lacolombeplus.net\/index.php\/2026\/07\/23\/hepatites-virales-lepidemie-silencieuse-qui-frappe-pres-dun-burkinabe-sur-dix\/\" \/>\n<meta property=\"og:site_name\" content=\"WordPress\" \/>\n<meta property=\"article:publisher\" content=\"https:\/\/web.facebook.com\/profile.php?id=61589477078953\" \/>\n<meta property=\"article:published_time\" content=\"2026-07-23T02:16:05+00:00\" \/>\n<meta property=\"article:modified_time\" content=\"2026-07-28T15:46:31+00:00\" \/>\n<meta property=\"og:image\" content=\"http:\/\/lacolombeplus.net\/wp-content\/uploads\/2026\/07\/Page-Couverture.webp\" \/>\n\t<meta property=\"og:image:width\" content=\"1600\" \/>\n\t<meta property=\"og:image:height\" content=\"782\" \/>\n\t<meta property=\"og:image:type\" content=\"image\/webp\" \/>\n<meta name=\"author\" content=\"Dramane FAYAMA\" \/>\n<meta name=\"twitter:card\" content=\"summary_large_image\" \/>\n<meta name=\"twitter:label1\" content=\"\u00c9crit par\" \/>\n\t<meta name=\"twitter:data1\" content=\"Dramane FAYAMA\" \/>\n\t<meta name=\"twitter:label2\" content=\"Dur\u00e9e de lecture estim\u00e9e\" \/>\n\t<meta name=\"twitter:data2\" content=\"6 minutes\" \/>\n<script type=\"application\/ld+json\" class=\"yoast-schema-graph\">{\"@context\":\"https:\\\/\\\/schema.org\",\"@graph\":[{\"@type\":\"Article\",\"@id\":\"https:\\\/\\\/lacolombeplus.net\\\/index.php\\\/2026\\\/07\\\/23\\\/hepatites-virales-lepidemie-silencieuse-qui-frappe-pres-dun-burkinabe-sur-dix\\\/#article\",\"isPartOf\":{\"@id\":\"https:\\\/\\\/lacolombeplus.net\\\/index.php\\\/2026\\\/07\\\/23\\\/hepatites-virales-lepidemie-silencieuse-qui-frappe-pres-dun-burkinabe-sur-dix\\\/\"},\"author\":{\"name\":\"Dramane FAYAMA\",\"@id\":\"https:\\\/\\\/lacolombeplus.net\\\/#\\\/schema\\\/person\\\/1a433b3fa6e8f9696f18ece67a69915c\"},\"headline\":\"H\u00e9patites virales : l&rsquo;\u00e9pid\u00e9mie silencieuse qui frappe pr\u00e8s d&rsquo;un Burkinab\u00e8 sur dix\",\"datePublished\":\"2026-07-23T02:16:05+00:00\",\"dateModified\":\"2026-07-28T15:46:31+00:00\",\"mainEntityOfPage\":{\"@id\":\"https:\\\/\\\/lacolombeplus.net\\\/index.php\\\/2026\\\/07\\\/23\\\/hepatites-virales-lepidemie-silencieuse-qui-frappe-pres-dun-burkinabe-sur-dix\\\/\"},\"wordCount\":1066,\"commentCount\":0,\"publisher\":{\"@id\":\"https:\\\/\\\/lacolombeplus.net\\\/#organization\"},\"image\":{\"@id\":\"https:\\\/\\\/lacolombeplus.net\\\/index.php\\\/2026\\\/07\\\/23\\\/hepatites-virales-lepidemie-silencieuse-qui-frappe-pres-dun-burkinabe-sur-dix\\\/#primaryimage\"},\"thumbnailUrl\":\"https:\\\/\\\/lacolombeplus.net\\\/wp-content\\\/uploads\\\/2026\\\/07\\\/Page-Couverture.webp\",\"keywords\":[\"Journ\u00e9e mondiale de l'h\u00e9patite\",\"OMS\",\"PSSLS-IST\\\/HV\"],\"articleSection\":[\"A la Une\",\"Sant\u00e9\",\"Uncategorized\"],\"inLanguage\":\"fr-FR\",\"potentialAction\":[{\"@type\":\"CommentAction\",\"name\":\"Comment\",\"target\":[\"https:\\\/\\\/lacolombeplus.net\\\/index.php\\\/2026\\\/07\\\/23\\\/hepatites-virales-lepidemie-silencieuse-qui-frappe-pres-dun-burkinabe-sur-dix\\\/#respond\"]}]},{\"@type\":\"WebPage\",\"@id\":\"https:\\\/\\\/lacolombeplus.net\\\/index.php\\\/2026\\\/07\\\/23\\\/hepatites-virales-lepidemie-silencieuse-qui-frappe-pres-dun-burkinabe-sur-dix\\\/\",\"url\":\"https:\\\/\\\/lacolombeplus.net\\\/index.php\\\/2026\\\/07\\\/23\\\/hepatites-virales-lepidemie-silencieuse-qui-frappe-pres-dun-burkinabe-sur-dix\\\/\",\"name\":\"H\u00e9patites virales : l'\u00e9pid\u00e9mie silencieuse qui frappe pr\u00e8s d'un Burkinab\u00e8 sur dix - WordPress\",\"isPartOf\":{\"@id\":\"https:\\\/\\\/lacolombeplus.net\\\/#website\"},\"primaryImageOfPage\":{\"@id\":\"https:\\\/\\\/lacolombeplus.net\\\/index.php\\\/2026\\\/07\\\/23\\\/hepatites-virales-lepidemie-silencieuse-qui-frappe-pres-dun-burkinabe-sur-dix\\\/#primaryimage\"},\"image\":{\"@id\":\"https:\\\/\\\/lacolombeplus.net\\\/index.php\\\/2026\\\/07\\\/23\\\/hepatites-virales-lepidemie-silencieuse-qui-frappe-pres-dun-burkinabe-sur-dix\\\/#primaryimage\"},\"thumbnailUrl\":\"https:\\\/\\\/lacolombeplus.net\\\/wp-content\\\/uploads\\\/2026\\\/07\\\/Page-Couverture.webp\",\"datePublished\":\"2026-07-23T02:16:05+00:00\",\"dateModified\":\"2026-07-28T15:46:31+00:00\",\"breadcrumb\":{\"@id\":\"https:\\\/\\\/lacolombeplus.net\\\/index.php\\\/2026\\\/07\\\/23\\\/hepatites-virales-lepidemie-silencieuse-qui-frappe-pres-dun-burkinabe-sur-dix\\\/#breadcrumb\"},\"inLanguage\":\"fr-FR\",\"potentialAction\":[{\"@type\":\"ReadAction\",\"target\":[\"https:\\\/\\\/lacolombeplus.net\\\/index.php\\\/2026\\\/07\\\/23\\\/hepatites-virales-lepidemie-silencieuse-qui-frappe-pres-dun-burkinabe-sur-dix\\\/\"]}]},{\"@type\":\"ImageObject\",\"inLanguage\":\"fr-FR\",\"@id\":\"https:\\\/\\\/lacolombeplus.net\\\/index.php\\\/2026\\\/07\\\/23\\\/hepatites-virales-lepidemie-silencieuse-qui-frappe-pres-dun-burkinabe-sur-dix\\\/#primaryimage\",\"url\":\"https:\\\/\\\/lacolombeplus.net\\\/wp-content\\\/uploads\\\/2026\\\/07\\\/Page-Couverture.webp\",\"contentUrl\":\"https:\\\/\\\/lacolombeplus.net\\\/wp-content\\\/uploads\\\/2026\\\/07\\\/Page-Couverture.webp\",\"width\":1600,\"height\":782},{\"@type\":\"BreadcrumbList\",\"@id\":\"https:\\\/\\\/lacolombeplus.net\\\/index.php\\\/2026\\\/07\\\/23\\\/hepatites-virales-lepidemie-silencieuse-qui-frappe-pres-dun-burkinabe-sur-dix\\\/#breadcrumb\",\"itemListElement\":[{\"@type\":\"ListItem\",\"position\":1,\"name\":\"Accueil\",\"item\":\"https:\\\/\\\/lacolombeplus.net\\\/\"},{\"@type\":\"ListItem\",\"position\":2,\"name\":\"H\u00e9patites virales : l&rsquo;\u00e9pid\u00e9mie silencieuse qui frappe pr\u00e8s d&rsquo;un Burkinab\u00e8 sur dix\"}]},{\"@type\":\"WebSite\",\"@id\":\"https:\\\/\\\/lacolombeplus.net\\\/#website\",\"url\":\"https:\\\/\\\/lacolombeplus.net\\\/\",\"name\":\"Lacolombeplus\",\"description\":\"\",\"publisher\":{\"@id\":\"https:\\\/\\\/lacolombeplus.net\\\/#organization\"},\"potentialAction\":[{\"@type\":\"SearchAction\",\"target\":{\"@type\":\"EntryPoint\",\"urlTemplate\":\"https:\\\/\\\/lacolombeplus.net\\\/?s={search_term_string}\"},\"query-input\":{\"@type\":\"PropertyValueSpecification\",\"valueRequired\":true,\"valueName\":\"search_term_string\"}}],\"inLanguage\":\"fr-FR\"},{\"@type\":\"Organization\",\"@id\":\"https:\\\/\\\/lacolombeplus.net\\\/#organization\",\"name\":\"lacolombeplus.net\",\"url\":\"https:\\\/\\\/lacolombeplus.net\\\/\",\"logo\":{\"@type\":\"ImageObject\",\"inLanguage\":\"fr-FR\",\"@id\":\"https:\\\/\\\/lacolombeplus.net\\\/#\\\/schema\\\/logo\\\/image\\\/\",\"url\":\"https:\\\/\\\/lacolombeplus.net\\\/wp-content\\\/uploads\\\/2026\\\/04\\\/a84391f3-a521-4177-867d-b9aaa3066b88.png\",\"contentUrl\":\"https:\\\/\\\/lacolombeplus.net\\\/wp-content\\\/uploads\\\/2026\\\/04\\\/a84391f3-a521-4177-867d-b9aaa3066b88.png\",\"width\":1045,\"height\":1505,\"caption\":\"lacolombeplus.net\"},\"image\":{\"@id\":\"https:\\\/\\\/lacolombeplus.net\\\/#\\\/schema\\\/logo\\\/image\\\/\"},\"sameAs\":[\"https:\\\/\\\/web.facebook.com\\\/profile.php?id=61589477078953\"]},{\"@type\":\"Person\",\"@id\":\"https:\\\/\\\/lacolombeplus.net\\\/#\\\/schema\\\/person\\\/1a433b3fa6e8f9696f18ece67a69915c\",\"name\":\"Dramane FAYAMA\",\"image\":{\"@type\":\"ImageObject\",\"inLanguage\":\"fr-FR\",\"@id\":\"https:\\\/\\\/secure.gravatar.com\\\/avatar\\\/6ae061b9c102ae93ffb7a4076195d78ace54801f91540899a6e8aacf91eacff8?s=96&d=mm&r=g\",\"url\":\"https:\\\/\\\/secure.gravatar.com\\\/avatar\\\/6ae061b9c102ae93ffb7a4076195d78ace54801f91540899a6e8aacf91eacff8?s=96&d=mm&r=g\",\"contentUrl\":\"https:\\\/\\\/secure.gravatar.com\\\/avatar\\\/6ae061b9c102ae93ffb7a4076195d78ace54801f91540899a6e8aacf91eacff8?s=96&d=mm&r=g\",\"caption\":\"Dramane FAYAMA\"},\"url\":\"https:\\\/\\\/lacolombeplus.net\\\/index.php\\\/author\\\/dramane\\\/\"}]}<\/script>\n<!-- \/ Yoast SEO plugin. -->","yoast_head_json":{"title":"H\u00e9patites virales : l'\u00e9pid\u00e9mie silencieuse qui frappe pr\u00e8s d'un Burkinab\u00e8 sur dix - WordPress","robots":{"index":"index","follow":"follow","max-snippet":"max-snippet:-1","max-image-preview":"max-image-preview:large","max-video-preview":"max-video-preview:-1"},"canonical":"https:\/\/lacolombeplus.net\/index.php\/2026\/07\/23\/hepatites-virales-lepidemie-silencieuse-qui-frappe-pres-dun-burkinabe-sur-dix\/","og_locale":"fr_FR","og_type":"article","og_title":"H\u00e9patites virales : l'\u00e9pid\u00e9mie silencieuse qui frappe pr\u00e8s d'un Burkinab\u00e8 sur dix - WordPress","og_description":"OUAGADOUGOU, 22 juillet 2026\u00a0 \u2014 Elles ne provoquent ni fi\u00e8vre spectaculaire, ni douleur imm\u00e9diate, et pourtant elles rongent silencieusement le foie de milliers de Burkinab\u00e8, parfois jusqu&rsquo;\u00e0 la cirrhose ou au cancer. \u00c0 l&rsquo;approche de la Journ\u00e9e mondiale de lutte contre l&rsquo;h\u00e9patite, c\u00e9l\u00e9br\u00e9e chaque 28 juillet, le minist\u00e8re de la Sant\u00e9, \u00e0 travers le Programme...","og_url":"https:\/\/lacolombeplus.net\/index.php\/2026\/07\/23\/hepatites-virales-lepidemie-silencieuse-qui-frappe-pres-dun-burkinabe-sur-dix\/","og_site_name":"WordPress","article_publisher":"https:\/\/web.facebook.com\/profile.php?id=61589477078953","article_published_time":"2026-07-23T02:16:05+00:00","article_modified_time":"2026-07-28T15:46:31+00:00","og_image":[{"width":1600,"height":782,"url":"http:\/\/lacolombeplus.net\/wp-content\/uploads\/2026\/07\/Page-Couverture.webp","type":"image\/webp"}],"author":"Dramane FAYAMA","twitter_card":"summary_large_image","twitter_misc":{"\u00c9crit par":"Dramane FAYAMA","Dur\u00e9e de lecture estim\u00e9e":"6 minutes"},"schema":{"@context":"https:\/\/schema.org","@graph":[{"@type":"Article","@id":"https:\/\/lacolombeplus.net\/index.php\/2026\/07\/23\/hepatites-virales-lepidemie-silencieuse-qui-frappe-pres-dun-burkinabe-sur-dix\/#article","isPartOf":{"@id":"https:\/\/lacolombeplus.net\/index.php\/2026\/07\/23\/hepatites-virales-lepidemie-silencieuse-qui-frappe-pres-dun-burkinabe-sur-dix\/"},"author":{"name":"Dramane FAYAMA","@id":"https:\/\/lacolombeplus.net\/#\/schema\/person\/1a433b3fa6e8f9696f18ece67a69915c"},"headline":"H\u00e9patites virales : l&rsquo;\u00e9pid\u00e9mie silencieuse qui frappe pr\u00e8s d&rsquo;un Burkinab\u00e8 sur dix","datePublished":"2026-07-23T02:16:05+00:00","dateModified":"2026-07-28T15:46:31+00:00","mainEntityOfPage":{"@id":"https:\/\/lacolombeplus.net\/index.php\/2026\/07\/23\/hepatites-virales-lepidemie-silencieuse-qui-frappe-pres-dun-burkinabe-sur-dix\/"},"wordCount":1066,"commentCount":0,"publisher":{"@id":"https:\/\/lacolombeplus.net\/#organization"},"image":{"@id":"https:\/\/lacolombeplus.net\/index.php\/2026\/07\/23\/hepatites-virales-lepidemie-silencieuse-qui-frappe-pres-dun-burkinabe-sur-dix\/#primaryimage"},"thumbnailUrl":"https:\/\/lacolombeplus.net\/wp-content\/uploads\/2026\/07\/Page-Couverture.webp","keywords":["Journ\u00e9e mondiale de l'h\u00e9patite","OMS","PSSLS-IST\/HV"],"articleSection":["A la Une","Sant\u00e9","Uncategorized"],"inLanguage":"fr-FR","potentialAction":[{"@type":"CommentAction","name":"Comment","target":["https:\/\/lacolombeplus.net\/index.php\/2026\/07\/23\/hepatites-virales-lepidemie-silencieuse-qui-frappe-pres-dun-burkinabe-sur-dix\/#respond"]}]},{"@type":"WebPage","@id":"https:\/\/lacolombeplus.net\/index.php\/2026\/07\/23\/hepatites-virales-lepidemie-silencieuse-qui-frappe-pres-dun-burkinabe-sur-dix\/","url":"https:\/\/lacolombeplus.net\/index.php\/2026\/07\/23\/hepatites-virales-lepidemie-silencieuse-qui-frappe-pres-dun-burkinabe-sur-dix\/","name":"H\u00e9patites virales : l'\u00e9pid\u00e9mie silencieuse qui frappe pr\u00e8s d'un Burkinab\u00e8 sur dix - WordPress","isPartOf":{"@id":"https:\/\/lacolombeplus.net\/#website"},"primaryImageOfPage":{"@id":"https:\/\/lacolombeplus.net\/index.php\/2026\/07\/23\/hepatites-virales-lepidemie-silencieuse-qui-frappe-pres-dun-burkinabe-sur-dix\/#primaryimage"},"image":{"@id":"https:\/\/lacolombeplus.net\/index.php\/2026\/07\/23\/hepatites-virales-lepidemie-silencieuse-qui-frappe-pres-dun-burkinabe-sur-dix\/#primaryimage"},"thumbnailUrl":"https:\/\/lacolombeplus.net\/wp-content\/uploads\/2026\/07\/Page-Couverture.webp","datePublished":"2026-07-23T02:16:05+00:00","dateModified":"2026-07-28T15:46:31+00:00","breadcrumb":{"@id":"https:\/\/lacolombeplus.net\/index.php\/2026\/07\/23\/hepatites-virales-lepidemie-silencieuse-qui-frappe-pres-dun-burkinabe-sur-dix\/#breadcrumb"},"inLanguage":"fr-FR","potentialAction":[{"@type":"ReadAction","target":["https:\/\/lacolombeplus.net\/index.php\/2026\/07\/23\/hepatites-virales-lepidemie-silencieuse-qui-frappe-pres-dun-burkinabe-sur-dix\/"]}]},{"@type":"ImageObject","inLanguage":"fr-FR","@id":"https:\/\/lacolombeplus.net\/index.php\/2026\/07\/23\/hepatites-virales-lepidemie-silencieuse-qui-frappe-pres-dun-burkinabe-sur-dix\/#primaryimage","url":"https:\/\/lacolombeplus.net\/wp-content\/uploads\/2026\/07\/Page-Couverture.webp","contentUrl":"https:\/\/lacolombeplus.net\/wp-content\/uploads\/2026\/07\/Page-Couverture.webp","width":1600,"height":782},{"@type":"BreadcrumbList","@id":"https:\/\/lacolombeplus.net\/index.php\/2026\/07\/23\/hepatites-virales-lepidemie-silencieuse-qui-frappe-pres-dun-burkinabe-sur-dix\/#breadcrumb","itemListElement":[{"@type":"ListItem","position":1,"name":"Accueil","item":"https:\/\/lacolombeplus.net\/"},{"@type":"ListItem","position":2,"name":"H\u00e9patites virales : l&rsquo;\u00e9pid\u00e9mie silencieuse qui frappe pr\u00e8s d&rsquo;un Burkinab\u00e8 sur dix"}]},{"@type":"WebSite","@id":"https:\/\/lacolombeplus.net\/#website","url":"https:\/\/lacolombeplus.net\/","name":"Lacolombeplus","description":"","publisher":{"@id":"https:\/\/lacolombeplus.net\/#organization"},"potentialAction":[{"@type":"SearchAction","target":{"@type":"EntryPoint","urlTemplate":"https:\/\/lacolombeplus.net\/?s={search_term_string}"},"query-input":{"@type":"PropertyValueSpecification","valueRequired":true,"valueName":"search_term_string"}}],"inLanguage":"fr-FR"},{"@type":"Organization","@id":"https:\/\/lacolombeplus.net\/#organization","name":"lacolombeplus.net","url":"https:\/\/lacolombeplus.net\/","logo":{"@type":"ImageObject","inLanguage":"fr-FR","@id":"https:\/\/lacolombeplus.net\/#\/schema\/logo\/image\/","url":"https:\/\/lacolombeplus.net\/wp-content\/uploads\/2026\/04\/a84391f3-a521-4177-867d-b9aaa3066b88.png","contentUrl":"https:\/\/lacolombeplus.net\/wp-content\/uploads\/2026\/04\/a84391f3-a521-4177-867d-b9aaa3066b88.png","width":1045,"height":1505,"caption":"lacolombeplus.net"},"image":{"@id":"https:\/\/lacolombeplus.net\/#\/schema\/logo\/image\/"},"sameAs":["https:\/\/web.facebook.com\/profile.php?id=61589477078953"]},{"@type":"Person","@id":"https:\/\/lacolombeplus.net\/#\/schema\/person\/1a433b3fa6e8f9696f18ece67a69915c","name":"Dramane FAYAMA","image":{"@type":"ImageObject","inLanguage":"fr-FR","@id":"https:\/\/secure.gravatar.com\/avatar\/6ae061b9c102ae93ffb7a4076195d78ace54801f91540899a6e8aacf91eacff8?s=96&d=mm&r=g","url":"https:\/\/secure.gravatar.com\/avatar\/6ae061b9c102ae93ffb7a4076195d78ace54801f91540899a6e8aacf91eacff8?s=96&d=mm&r=g","contentUrl":"https:\/\/secure.gravatar.com\/avatar\/6ae061b9c102ae93ffb7a4076195d78ace54801f91540899a6e8aacf91eacff8?s=96&d=mm&r=g","caption":"Dramane FAYAMA"},"url":"https:\/\/lacolombeplus.net\/index.php\/author\/dramane\/"}]}},"jetpack_featured_media_url":"https:\/\/lacolombeplus.net\/wp-content\/uploads\/2026\/07\/Page-Couverture.webp","jetpack_sharing_enabled":true,"_links":{"self":[{"href":"https:\/\/lacolombeplus.net\/index.php\/wp-json\/wp\/v2\/posts\/38697","targetHints":{"allow":["GET"]}}],"collection":[{"href":"https:\/\/lacolombeplus.net\/index.php\/wp-json\/wp\/v2\/posts"}],"about":[{"href":"https:\/\/lacolombeplus.net\/index.php\/wp-json\/wp\/v2\/types\/post"}],"author":[{"embeddable":true,"href":"https:\/\/lacolombeplus.net\/index.php\/wp-json\/wp\/v2\/users\/6"}],"replies":[{"embeddable":true,"href":"https:\/\/lacolombeplus.net\/index.php\/wp-json\/wp\/v2\/comments?post=38697"}],"version-history":[{"count":4,"href":"https:\/\/lacolombeplus.net\/index.php\/wp-json\/wp\/v2\/posts\/38697\/revisions"}],"predecessor-version":[{"id":38747,"href":"https:\/\/lacolombeplus.net\/index.php\/wp-json\/wp\/v2\/posts\/38697\/revisions\/38747"}],"wp:featuredmedia":[{"embeddable":true,"href":"https:\/\/lacolombeplus.net\/index.php\/wp-json\/wp\/v2\/media\/38702"}],"wp:attachment":[{"href":"https:\/\/lacolombeplus.net\/index.php\/wp-json\/wp\/v2\/media?parent=38697"}],"wp:term":[{"taxonomy":"category","embeddable":true,"href":"https:\/\/lacolombeplus.net\/index.php\/wp-json\/wp\/v2\/categories?post=38697"},{"taxonomy":"post_tag","embeddable":true,"href":"https:\/\/lacolombeplus.net\/index.php\/wp-json\/wp\/v2\/tags?post=38697"}],"curies":[{"name":"wp","href":"https:\/\/api.w.org\/{rel}","templated":true}]}}