{"id":38685,"date":"2026-07-22T20:24:57","date_gmt":"2026-07-22T20:24:57","guid":{"rendered":"https:\/\/lacolombeplus.net\/?p=38685"},"modified":"2026-07-23T00:05:16","modified_gmt":"2026-07-23T00:05:16","slug":"samu-burkina-un-an-apres-son-operationnalisation-le-service-leve-le-voile-sur-ses-coulisses","status":"publish","type":"post","link":"https:\/\/lacolombeplus.net\/index.php\/2026\/07\/22\/samu-burkina-un-an-apres-son-operationnalisation-le-service-leve-le-voile-sur-ses-coulisses\/","title":{"rendered":"SAMU Burkina : un an apr\u00e8s son op\u00e9rationnalisation, le service l\u00e8ve le voile sur ses coulisses"},"content":{"rendered":"<p style=\"text-align: left;\"><strong>OUAGADOUGOU, 22 juillet 2026\u00a0 \u2014 Un an apr\u00e8s son op\u00e9rationnalisation compl\u00e8te, le Service d&rsquo;Aide M\u00e9dicale Urgente (SAMU) Burkina a ouvert ses portes aux journalistes ce mardi 22 juillet 2026, \u00e0 l&rsquo;occasion d&rsquo;une journ\u00e9e d&rsquo;immersion m\u00e9diatique organis\u00e9e par la Direction de la communication et des relations presse (DCRP) du minist\u00e8re de la Sant\u00e9, en collaboration avec la Direction g\u00e9n\u00e9rale du SAMU Burkina. Objectif affich\u00e9 : dresser le bilan d&rsquo;une ann\u00e9e d&rsquo;activit\u00e9s et, surtout, faire conna\u00eetre davantage un service qui demeure encore trop peu identifi\u00e9 par les populations.<\/strong><\/p>\n<p>Salle de r\u00e9gulation, d\u00e9part d&rsquo;ambulances m\u00e9dicalis\u00e9es, transferts de patients : la visite organis\u00e9e pour la presse a permis de mieux comprendre le r\u00f4le de ce service devenu indispensable dans la prise en charge des urgences. Dans la salle de r\u00e9gulation, un \u00e9cran affiche en temps r\u00e9el les mouvements des \u00e9quipes d\u00e9ploy\u00e9es sur le terrain.<br \/>\nPoint d&rsquo;orgue de cette immersion, les journalistes ont pu suivre en direct une \u00e9quipe du SMUR dans l&rsquo;exercice de sa mission : assurer le transfert d&rsquo;un patient entre le Centre hospitalier universitaire Yalgado Ou\u00e9draogo (CHU-YO) et un autre centre de sant\u00e9, illustration concr\u00e8te de ce que recouvre, au quotidien, une intervention secondaire.<br \/>\nAu-del\u00e0 du bilan d&rsquo;\u00e9tape, cette journ\u00e9e d&rsquo;immersion visait avant tout \u00e0 rapprocher le service des populations, dont la majorit\u00e9 ignore encore l&rsquo;existence du num\u00e9ro d&rsquo;urgence 15.<\/p>\n<p style=\"text-align: center;\"><strong>Trois piliers, un bilan chiffr\u00e9<\/strong><\/p>\n<figure id=\"attachment_38689\" aria-describedby=\"caption-attachment-38689\" style=\"width: 560px\" class=\"wp-caption alignright\"><img fetchpriority=\"high\" decoding=\"async\" class=\"wp-image-38689\" src=\"http:\/\/lacolombeplus.net\/wp-content\/uploads\/2026\/07\/WhatsApp-Image-2026-07-22-at-20.06.37-1.webp\" alt=\"\" width=\"560\" height=\"308\" srcset=\"https:\/\/lacolombeplus.net\/wp-content\/uploads\/2026\/07\/WhatsApp-Image-2026-07-22-at-20.06.37-1.webp 1600w, https:\/\/lacolombeplus.net\/wp-content\/uploads\/2026\/07\/WhatsApp-Image-2026-07-22-at-20.06.37-1-300x165.webp 300w, https:\/\/lacolombeplus.net\/wp-content\/uploads\/2026\/07\/WhatsApp-Image-2026-07-22-at-20.06.37-1-1024x563.webp 1024w, https:\/\/lacolombeplus.net\/wp-content\/uploads\/2026\/07\/WhatsApp-Image-2026-07-22-at-20.06.37-1-768x422.webp 768w, https:\/\/lacolombeplus.net\/wp-content\/uploads\/2026\/07\/WhatsApp-Image-2026-07-22-at-20.06.37-1-1536x844.webp 1536w\" sizes=\"(max-width: 560px) 100vw, 560px\" \/><figcaption id=\"caption-attachment-38689\" class=\"wp-caption-text\">Romuald Kafando, ing\u00e9nieur de sant\u00e9.<\/figcaption><\/figure>\n<p style=\"text-align: left;\">La toute premi\u00e8re intervention du SAMU \u00e0 Ouagadougou remonte au 11 d\u00e9cembre 2023. Le lancement officiel du service est intervenu le 10 avril 2025 \u00e0 Ouagadougou, puis le 8 novembre 2025 \u00e0 Bobo-Dioulasso. Le dispositif repose sur trois piliers essentiels : la r\u00e9gulation, le SMUR (Service Mobile d&rsquo;Urgence et de R\u00e9animation) et la formation. Un an apr\u00e8s son op\u00e9rationnalisation compl\u00e8te, le SAMU comptabilise 216 459 appels trait\u00e9s et 15 531 transports, dont 4 121 interventions primaires et 11 219 transports secondaires.<br \/>\nLe SMUR, un v\u00e9ritable service intensif mobile<br \/>\nPr\u00e9sent\u00e9 aux journalistes par Romuald Kafando, ing\u00e9nieur de sant\u00e9, le v\u00e9hicule m\u00e9dicalis\u00e9 du SMUR embarque brancard, aspirateur, moniteur de surveillance, oxyg\u00e8ne, m\u00e9dicaments et consommables, avec \u00e0 son bord un personnel qualifi\u00e9 compos\u00e9 d&rsquo;un m\u00e9decin, d&rsquo;un infirmier et d&rsquo;un chauffeur ambulancier form\u00e9s en la mati\u00e8re. Pendant tout le trajet, le patient est suivi comme s&rsquo;il se trouvait d\u00e9j\u00e0 dans une unit\u00e9 de soins intensifs.<\/p>\n<p style=\"text-align: center;\"><strong>\u00ab Une juste vision des plus hautes autorit\u00e9s \u00bb<\/strong><\/p>\n<p style=\"text-align: left;\">Directeur g\u00e9n\u00e9ral du SAMU Burkina Faso, le Pr Armel Flavien Kabor\u00e9 se f\u00e9licite de la mont\u00e9e en puissance du service : \u00ab<em> Un an apr\u00e8s l&rsquo;op\u00e9rationnalisation compl\u00e8te du SAMU, nous avons constat\u00e9 une augmentation des sollicitations du SAMU par les populations burkinab\u00e8, ce qui t\u00e9moigne de l&rsquo;importance que le SAMU repr\u00e9sente dans la gestion des urgences sanitaires au niveau de la ville de Ouaga et de la ville de Bobo-Dioulasso. Cela permet de saluer la juste vision des plus hautes autorit\u00e9s de ce pays qui ont \u0153uvr\u00e9 \u00e0 la mise en place du SAMU, un outil indispensable dans la prise en charge de la sant\u00e9 de nos populations<\/em>. \u00bb<\/p>\n<p style=\"text-align: center;\"><strong>SAMU et BNSP : des services compl\u00e9mentaires<\/strong><\/p>\n<figure id=\"attachment_38690\" aria-describedby=\"caption-attachment-38690\" style=\"width: 461px\" class=\"wp-caption alignleft\"><img decoding=\"async\" class=\"wp-image-38690\" src=\"http:\/\/lacolombeplus.net\/wp-content\/uploads\/2026\/07\/WhatsApp-Image-2026-07-22-at-20.06.37.webp\" alt=\"\" width=\"461\" height=\"352\" srcset=\"https:\/\/lacolombeplus.net\/wp-content\/uploads\/2026\/07\/WhatsApp-Image-2026-07-22-at-20.06.37.webp 1435w, https:\/\/lacolombeplus.net\/wp-content\/uploads\/2026\/07\/WhatsApp-Image-2026-07-22-at-20.06.37-300x229.webp 300w, https:\/\/lacolombeplus.net\/wp-content\/uploads\/2026\/07\/WhatsApp-Image-2026-07-22-at-20.06.37-1024x782.webp 1024w, https:\/\/lacolombeplus.net\/wp-content\/uploads\/2026\/07\/WhatsApp-Image-2026-07-22-at-20.06.37-768x587.webp 768w\" sizes=\"(max-width: 461px) 100vw, 461px\" \/><figcaption id=\"caption-attachment-38690\" class=\"wp-caption-text\">Pr Armel Flavien Kabor\u00e9, Directeur g\u00e9n\u00e9ral du SAMU Burkina Faso.<\/figcaption><\/figure>\n<p style=\"text-align: left;\">Interrog\u00e9 sur une \u00e9ventuelle redondance avec la Brigade nationale des sapeurs-pompiers (BNSP), le directeur g\u00e9n\u00e9ral du SAMU est cat\u00e9gorique : \u00ab<em> Nous sommes compl\u00e9mentaires, parce que nous intervenons avec des moyens m\u00e9dicalis\u00e9s. Lorsque la vie de la personne est en danger dans les minutes qui suivent la r\u00e9ception de l&rsquo;appel, nous intervenons pour pr\u00e9server sa vie et assurer son transfert vers la structure de sant\u00e9 adapt\u00e9e \u00e0 sa prise en charg<\/em>e. \u00bb<\/p>\n<p style=\"text-align: center;\"><strong>Des renforts en personnel et en ambulances annonc\u00e9s<\/strong><\/p>\n<p style=\"text-align: left;\">Le SAMU ne cache toutefois pas ses difficult\u00e9s, notamment en mati\u00e8re de ressources humaines et de moyens roulants : \u00ab<em> Nous avons des difficult\u00e9s en termes d&rsquo;insuffisance de ressources humaines, parce que la ressource humaine est la premi\u00e8re ressource de toute structure. Les plus hautes autorit\u00e9s du minist\u00e8re ont pr\u00e9vu de nous accompagner en nous octroyant du personnel pour nous permettre de nous d\u00e9ployer de fa\u00e7on plus efficace sur le terrain. En plus de cela, nous avons des difficult\u00e9s en termes de v\u00e9hicules terrestres, notamment les ambulances. Il arrive des moments o\u00f9 la sollicitation est tellement forte que nous n&rsquo;avons pas la possibilit\u00e9 de satisfaire \u00e0 la demande, et cela est pr\u00e9vu dans le plan d&rsquo;approvisionnement du minist\u00e8re de la Sant\u00e9, qui va nous octroyer dans les mois \u00e0 venir des ambulances pour nous permettre d&rsquo;\u00eatre plus op\u00e9rationnels.<\/em> \u00bb<\/p>\n<p style=\"text-align: center;\"><strong>Interventions primaires et secondaires : un service encore trop peu sollicit\u00e9 en amont<\/strong><\/p>\n<figure id=\"attachment_38694\" aria-describedby=\"caption-attachment-38694\" style=\"width: 1600px\" class=\"wp-caption alignnone\"><img decoding=\"async\" class=\"size-full wp-image-38694\" src=\"http:\/\/lacolombeplus.net\/wp-content\/uploads\/2026\/07\/WhatsApp-Image-2026-07-22-at-20.22.43.webp\" alt=\"\" width=\"1600\" height=\"895\" srcset=\"https:\/\/lacolombeplus.net\/wp-content\/uploads\/2026\/07\/WhatsApp-Image-2026-07-22-at-20.22.43.webp 1600w, https:\/\/lacolombeplus.net\/wp-content\/uploads\/2026\/07\/WhatsApp-Image-2026-07-22-at-20.22.43-300x168.webp 300w, https:\/\/lacolombeplus.net\/wp-content\/uploads\/2026\/07\/WhatsApp-Image-2026-07-22-at-20.22.43-1024x573.webp 1024w, https:\/\/lacolombeplus.net\/wp-content\/uploads\/2026\/07\/WhatsApp-Image-2026-07-22-at-20.22.43-768x430.webp 768w, https:\/\/lacolombeplus.net\/wp-content\/uploads\/2026\/07\/WhatsApp-Image-2026-07-22-at-20.22.43-1536x859.webp 1536w\" sizes=\"(max-width: 1600px) 100vw, 1600px\" \/><figcaption id=\"caption-attachment-38694\" class=\"wp-caption-text\">Bilan des transports<\/figcaption><\/figure>\n<p style=\"text-align: left;\">Le SAMU distingue deux types d&rsquo;interventions : les interventions primaires, d&rsquo;urgence, lorsque ses \u00e9quipes portent les premiers secours \u00e0 la victime avant son transfert vers une structure adapt\u00e9e, et les interventions secondaires, qui consistent \u00e0 transf\u00e9rer un patient d&rsquo;une structure de sant\u00e9 vers une autre. Sur pr\u00e8s de 15 000 interventions d\u00e9j\u00e0 r\u00e9alis\u00e9es, un peu plus de 10 000 sont des interventions secondaires, contre 4 500 \u00e0 4 600 interventions primaires. Un d\u00e9s\u00e9quilibre que le Pr Kabor\u00e9 attribue directement \u00e0 un d\u00e9ficit de notori\u00e9t\u00e9 : \u00ab<em> Le SAMU n&rsquo;est pas totalement connu des populations. C&rsquo;est pour cela que nous incitons la population \u00e0 ne pas h\u00e9siter \u00e0 faire appel au SAMU chaque fois qu&rsquo;une situation de d\u00e9tresse vitale se posera au sein de la communaut\u00e9. Je rappelle que ces interventions primaires sont enti\u00e8rement gratuites : le gouvernement a pris ces mesures pour permettre \u00e0 chaque Burkinab\u00e8 d&rsquo;avoir des soins d&rsquo;urgence extrahospitaliers, quelle que soit sa situation sociale, ce qui permet d&rsquo;avoir une certaine \u00e9quit\u00e9 dans les soins d&rsquo;urgence.<\/em> \u00bb<\/p>\n<p style=\"text-align: center;\"><strong>Le 15, un num\u00e9ro \u00e0 pr\u00e9server face aux appels malveillants<\/strong><\/p>\n<p style=\"text-align: left;\">Autre d\u00e9fi pour la visibilit\u00e9 et l&rsquo;efficacit\u00e9 du service : la mauvaise utilisation du num\u00e9ro d&rsquo;urgence. Selon les statistiques internes, pr\u00e8s de 48 % des appels re\u00e7us sont qualifi\u00e9s de malveillants, sans lien avec une sollicitation m\u00e9dicale. Le directeur g\u00e9n\u00e9ral du SAMU lance un appel \u00e0 la responsabilit\u00e9 citoyenne : \u00ab<em> Nous profitons de votre antenne pour lancer un appel \u00e0 la population afin qu&rsquo;elle fasse un usage citoyen du num\u00e9ro 15, parce que ce num\u00e9ro est exclusivement r\u00e9serv\u00e9 aux situations d&rsquo;urgence. Pendant que vous nous appelez pour un probl\u00e8me qui n&rsquo;en est pas un, vous occupez la ligne, et cela emp\u00eache de porter secours \u00e0 une personne qui serait effectivement dans le besoin. \u00bb<\/em><\/p>\n<p style=\"text-align: center;\"><strong>Le SAMU peut aussi intervenir \u00e0 domicile<\/strong><\/p>\n<figure id=\"attachment_38688\" aria-describedby=\"caption-attachment-38688\" style=\"width: 568px\" class=\"wp-caption alignright\"><img loading=\"lazy\" decoding=\"async\" class=\"wp-image-38688\" src=\"http:\/\/lacolombeplus.net\/wp-content\/uploads\/2026\/07\/WhatsApp-Image-2026-07-22-at-20.06.37-2.webp\" alt=\"\" width=\"568\" height=\"426\" srcset=\"https:\/\/lacolombeplus.net\/wp-content\/uploads\/2026\/07\/WhatsApp-Image-2026-07-22-at-20.06.37-2.webp 1600w, https:\/\/lacolombeplus.net\/wp-content\/uploads\/2026\/07\/WhatsApp-Image-2026-07-22-at-20.06.37-2-300x225.webp 300w, https:\/\/lacolombeplus.net\/wp-content\/uploads\/2026\/07\/WhatsApp-Image-2026-07-22-at-20.06.37-2-1024x768.webp 1024w, https:\/\/lacolombeplus.net\/wp-content\/uploads\/2026\/07\/WhatsApp-Image-2026-07-22-at-20.06.37-2-768x576.webp 768w, https:\/\/lacolombeplus.net\/wp-content\/uploads\/2026\/07\/WhatsApp-Image-2026-07-22-at-20.06.37-2-1536x1152.webp 1536w\" sizes=\"(max-width: 568px) 100vw, 568px\" \/><figcaption id=\"caption-attachment-38688\" class=\"wp-caption-text\">\u00c9vacuation d&rsquo;un patient du service d&rsquo;urologie-andrologie du Centre hospitalier universitaire Yalgado Ou\u00e9draogo vers un autre centre de sant\u00e9.<\/figcaption><\/figure>\n<p style=\"text-align: left;\">Malaise, accident de la circulation ou du travail : le SAMU rappelle qu&rsquo;il peut \u00eatre sollicit\u00e9 en dehors de toute structure de sant\u00e9. \u00ab<em> C&rsquo;est l&rsquo;une des missions principales du SAMU : g\u00e9rer une urgence qui surviendrait en dehors d&rsquo;une structure de sant\u00e9. Toute personne victime d&rsquo;un malaise, ou t\u00e9moin d&rsquo;une personne pr\u00e9sentant un malaise ou un probl\u00e8me de sant\u00e9 urgent, ne doit pas h\u00e9siter \u00e0 appeler le 15. Cela nous permettra de d\u00e9ployer une \u00e9quipe sur place pour stabiliser le patient et assurer son transport vers une structure de sant\u00e9 adapt\u00e9e. Ces interventions sont enti\u00e8rement gratuites : nous sommes l\u00e0 pour servir la population burkinab\u00e8 <\/em>\u00bb, conclut Pr Armel Flavien Kabor\u00e9 .<br \/>\nUn an apr\u00e8s sa pleine op\u00e9rationnalisation, le SAMU Burkina affiche donc un bilan solide, mais reste confront\u00e9 \u00e0 un d\u00e9fi majeur : se faire conna\u00eetre. \u00c0 travers cette journ\u00e9e d&rsquo;immersion, la Direction g\u00e9n\u00e9rale du service et le minist\u00e8re de la Sant\u00e9 entendent inviter chaque Burkinab\u00e8 \u00e0 retenir un seul r\u00e9flexe en cas d&rsquo;urgence vitale : composer le 15.<\/p>\n<p style=\"text-align: right;\"><strong>Dramane FAYAMA<\/strong><\/p>\n","protected":false},"excerpt":{"rendered":"<p>OUAGADOUGOU, 22 juillet 2026\u00a0 \u2014 Un an apr\u00e8s son op\u00e9rationnalisation compl\u00e8te, le Service d&rsquo;Aide M\u00e9dicale Urgente (SAMU) Burkina a ouvert ses portes aux journalistes ce mardi 22 juillet 2026, \u00e0 l&rsquo;occasion d&rsquo;une journ\u00e9e d&rsquo;immersion m\u00e9diatique organis\u00e9e par la Direction de la communication et des relations presse (DCRP) du minist\u00e8re de la Sant\u00e9, en collaboration avec&#8230;<\/p>\n","protected":false},"author":6,"featured_media":38692,"comment_status":"open","ping_status":"open","sticky":false,"template":"","format":"standard","meta":{"_jetpack_newsletter_access":"","_jetpack_dont_email_post_to_subs":false,"_jetpack_newsletter_tier_id":0,"_jetpack_memberships_contains_paywalled_content":false,"_jetpack_feature_clip_id":0,"_jetpack_memberships_contains_paid_content":false,"footnotes":"","jetpack_post_was_ever_published":false},"categories":[2,199],"tags":[290,148,291],"class_list":["post-38685","post","type-post","status-publish","format-standard","has-post-thumbnail","hentry","category-a-la-une","category-sante","tag-samu","tag-sante","tag-smur"],"yoast_head":"<!-- This site is optimized with the Yoast SEO plugin v28.3 - https:\/\/yoast.com\/product\/yoast-seo-wordpress\/ -->\n<title>SAMU Burkina : un an apr\u00e8s son op\u00e9rationnalisation, le service l\u00e8ve le voile sur ses coulisses - WordPress<\/title>\n<meta name=\"robots\" content=\"index, follow, max-snippet:-1, max-image-preview:large, max-video-preview:-1\" \/>\n<link rel=\"canonical\" href=\"https:\/\/lacolombeplus.net\/index.php\/2026\/07\/22\/samu-burkina-un-an-apres-son-operationnalisation-le-service-leve-le-voile-sur-ses-coulisses\/\" \/>\n<meta property=\"og:locale\" content=\"fr_FR\" \/>\n<meta property=\"og:type\" content=\"article\" \/>\n<meta property=\"og:title\" content=\"SAMU Burkina : un an apr\u00e8s son op\u00e9rationnalisation, le service l\u00e8ve le voile sur ses coulisses - WordPress\" \/>\n<meta property=\"og:description\" content=\"OUAGADOUGOU, 22 juillet 2026\u00a0 \u2014 Un an apr\u00e8s son op\u00e9rationnalisation compl\u00e8te, le Service d&rsquo;Aide M\u00e9dicale Urgente (SAMU) Burkina a ouvert ses portes aux journalistes ce mardi 22 juillet 2026, \u00e0 l&rsquo;occasion d&rsquo;une journ\u00e9e d&rsquo;immersion m\u00e9diatique organis\u00e9e par la Direction de la communication et des relations presse (DCRP) du minist\u00e8re de la Sant\u00e9, en collaboration avec...\" \/>\n<meta property=\"og:url\" content=\"https:\/\/lacolombeplus.net\/index.php\/2026\/07\/22\/samu-burkina-un-an-apres-son-operationnalisation-le-service-leve-le-voile-sur-ses-coulisses\/\" \/>\n<meta property=\"og:site_name\" content=\"WordPress\" \/>\n<meta property=\"article:publisher\" content=\"https:\/\/web.facebook.com\/profile.php?id=61589477078953\" \/>\n<meta property=\"article:published_time\" content=\"2026-07-22T20:24:57+00:00\" \/>\n<meta property=\"article:modified_time\" content=\"2026-07-23T00:05:16+00:00\" \/>\n<meta property=\"og:image\" content=\"http:\/\/lacolombeplus.net\/wp-content\/uploads\/2026\/07\/WhatsApp-Image-2026-07-22-at-20.08.46-1.webp\" \/>\n\t<meta property=\"og:image:width\" content=\"1600\" \/>\n\t<meta property=\"og:image:height\" content=\"901\" \/>\n\t<meta property=\"og:image:type\" content=\"image\/webp\" \/>\n<meta name=\"author\" content=\"Dramane FAYAMA\" \/>\n<meta name=\"twitter:card\" content=\"summary_large_image\" \/>\n<meta name=\"twitter:label1\" content=\"\u00c9crit par\" \/>\n\t<meta name=\"twitter:data1\" content=\"Dramane FAYAMA\" \/>\n\t<meta name=\"twitter:label2\" content=\"Dur\u00e9e de lecture estim\u00e9e\" \/>\n\t<meta name=\"twitter:data2\" content=\"8 minutes\" \/>\n<script type=\"application\/ld+json\" class=\"yoast-schema-graph\">{\"@context\":\"https:\\\/\\\/schema.org\",\"@graph\":[{\"@type\":\"Article\",\"@id\":\"https:\\\/\\\/lacolombeplus.net\\\/index.php\\\/2026\\\/07\\\/22\\\/samu-burkina-un-an-apres-son-operationnalisation-le-service-leve-le-voile-sur-ses-coulisses\\\/#article\",\"isPartOf\":{\"@id\":\"https:\\\/\\\/lacolombeplus.net\\\/index.php\\\/2026\\\/07\\\/22\\\/samu-burkina-un-an-apres-son-operationnalisation-le-service-leve-le-voile-sur-ses-coulisses\\\/\"},\"author\":{\"name\":\"Dramane FAYAMA\",\"@id\":\"https:\\\/\\\/lacolombeplus.net\\\/#\\\/schema\\\/person\\\/1a433b3fa6e8f9696f18ece67a69915c\"},\"headline\":\"SAMU Burkina : un an apr\u00e8s son op\u00e9rationnalisation, le service l\u00e8ve le voile sur ses coulisses\",\"datePublished\":\"2026-07-22T20:24:57+00:00\",\"dateModified\":\"2026-07-23T00:05:16+00:00\",\"mainEntityOfPage\":{\"@id\":\"https:\\\/\\\/lacolombeplus.net\\\/index.php\\\/2026\\\/07\\\/22\\\/samu-burkina-un-an-apres-son-operationnalisation-le-service-leve-le-voile-sur-ses-coulisses\\\/\"},\"wordCount\":1375,\"commentCount\":0,\"publisher\":{\"@id\":\"https:\\\/\\\/lacolombeplus.net\\\/#organization\"},\"image\":{\"@id\":\"https:\\\/\\\/lacolombeplus.net\\\/index.php\\\/2026\\\/07\\\/22\\\/samu-burkina-un-an-apres-son-operationnalisation-le-service-leve-le-voile-sur-ses-coulisses\\\/#primaryimage\"},\"thumbnailUrl\":\"https:\\\/\\\/lacolombeplus.net\\\/wp-content\\\/uploads\\\/2026\\\/07\\\/WhatsApp-Image-2026-07-22-at-20.08.46-1.webp\",\"keywords\":[\"SAMU\",\"Sant\u00e9\",\"SMUR\"],\"articleSection\":[\"A la Une\",\"Sant\u00e9\"],\"inLanguage\":\"fr-FR\",\"potentialAction\":[{\"@type\":\"CommentAction\",\"name\":\"Comment\",\"target\":[\"https:\\\/\\\/lacolombeplus.net\\\/index.php\\\/2026\\\/07\\\/22\\\/samu-burkina-un-an-apres-son-operationnalisation-le-service-leve-le-voile-sur-ses-coulisses\\\/#respond\"]}]},{\"@type\":\"WebPage\",\"@id\":\"https:\\\/\\\/lacolombeplus.net\\\/index.php\\\/2026\\\/07\\\/22\\\/samu-burkina-un-an-apres-son-operationnalisation-le-service-leve-le-voile-sur-ses-coulisses\\\/\",\"url\":\"https:\\\/\\\/lacolombeplus.net\\\/index.php\\\/2026\\\/07\\\/22\\\/samu-burkina-un-an-apres-son-operationnalisation-le-service-leve-le-voile-sur-ses-coulisses\\\/\",\"name\":\"SAMU Burkina : un an apr\u00e8s son op\u00e9rationnalisation, le service l\u00e8ve le voile sur ses coulisses - WordPress\",\"isPartOf\":{\"@id\":\"https:\\\/\\\/lacolombeplus.net\\\/#website\"},\"primaryImageOfPage\":{\"@id\":\"https:\\\/\\\/lacolombeplus.net\\\/index.php\\\/2026\\\/07\\\/22\\\/samu-burkina-un-an-apres-son-operationnalisation-le-service-leve-le-voile-sur-ses-coulisses\\\/#primaryimage\"},\"image\":{\"@id\":\"https:\\\/\\\/lacolombeplus.net\\\/index.php\\\/2026\\\/07\\\/22\\\/samu-burkina-un-an-apres-son-operationnalisation-le-service-leve-le-voile-sur-ses-coulisses\\\/#primaryimage\"},\"thumbnailUrl\":\"https:\\\/\\\/lacolombeplus.net\\\/wp-content\\\/uploads\\\/2026\\\/07\\\/WhatsApp-Image-2026-07-22-at-20.08.46-1.webp\",\"datePublished\":\"2026-07-22T20:24:57+00:00\",\"dateModified\":\"2026-07-23T00:05:16+00:00\",\"breadcrumb\":{\"@id\":\"https:\\\/\\\/lacolombeplus.net\\\/index.php\\\/2026\\\/07\\\/22\\\/samu-burkina-un-an-apres-son-operationnalisation-le-service-leve-le-voile-sur-ses-coulisses\\\/#breadcrumb\"},\"inLanguage\":\"fr-FR\",\"potentialAction\":[{\"@type\":\"ReadAction\",\"target\":[\"https:\\\/\\\/lacolombeplus.net\\\/index.php\\\/2026\\\/07\\\/22\\\/samu-burkina-un-an-apres-son-operationnalisation-le-service-leve-le-voile-sur-ses-coulisses\\\/\"]}]},{\"@type\":\"ImageObject\",\"inLanguage\":\"fr-FR\",\"@id\":\"https:\\\/\\\/lacolombeplus.net\\\/index.php\\\/2026\\\/07\\\/22\\\/samu-burkina-un-an-apres-son-operationnalisation-le-service-leve-le-voile-sur-ses-coulisses\\\/#primaryimage\",\"url\":\"https:\\\/\\\/lacolombeplus.net\\\/wp-content\\\/uploads\\\/2026\\\/07\\\/WhatsApp-Image-2026-07-22-at-20.08.46-1.webp\",\"contentUrl\":\"https:\\\/\\\/lacolombeplus.net\\\/wp-content\\\/uploads\\\/2026\\\/07\\\/WhatsApp-Image-2026-07-22-at-20.08.46-1.webp\",\"width\":1600,\"height\":901},{\"@type\":\"BreadcrumbList\",\"@id\":\"https:\\\/\\\/lacolombeplus.net\\\/index.php\\\/2026\\\/07\\\/22\\\/samu-burkina-un-an-apres-son-operationnalisation-le-service-leve-le-voile-sur-ses-coulisses\\\/#breadcrumb\",\"itemListElement\":[{\"@type\":\"ListItem\",\"position\":1,\"name\":\"Accueil\",\"item\":\"https:\\\/\\\/lacolombeplus.net\\\/\"},{\"@type\":\"ListItem\",\"position\":2,\"name\":\"SAMU Burkina : un an apr\u00e8s son op\u00e9rationnalisation, le service l\u00e8ve le voile sur ses coulisses\"}]},{\"@type\":\"WebSite\",\"@id\":\"https:\\\/\\\/lacolombeplus.net\\\/#website\",\"url\":\"https:\\\/\\\/lacolombeplus.net\\\/\",\"name\":\"Lacolombeplus\",\"description\":\"\",\"publisher\":{\"@id\":\"https:\\\/\\\/lacolombeplus.net\\\/#organization\"},\"potentialAction\":[{\"@type\":\"SearchAction\",\"target\":{\"@type\":\"EntryPoint\",\"urlTemplate\":\"https:\\\/\\\/lacolombeplus.net\\\/?s={search_term_string}\"},\"query-input\":{\"@type\":\"PropertyValueSpecification\",\"valueRequired\":true,\"valueName\":\"search_term_string\"}}],\"inLanguage\":\"fr-FR\"},{\"@type\":\"Organization\",\"@id\":\"https:\\\/\\\/lacolombeplus.net\\\/#organization\",\"name\":\"lacolombeplus.net\",\"url\":\"https:\\\/\\\/lacolombeplus.net\\\/\",\"logo\":{\"@type\":\"ImageObject\",\"inLanguage\":\"fr-FR\",\"@id\":\"https:\\\/\\\/lacolombeplus.net\\\/#\\\/schema\\\/logo\\\/image\\\/\",\"url\":\"https:\\\/\\\/lacolombeplus.net\\\/wp-content\\\/uploads\\\/2026\\\/04\\\/a84391f3-a521-4177-867d-b9aaa3066b88.png\",\"contentUrl\":\"https:\\\/\\\/lacolombeplus.net\\\/wp-content\\\/uploads\\\/2026\\\/04\\\/a84391f3-a521-4177-867d-b9aaa3066b88.png\",\"width\":1045,\"height\":1505,\"caption\":\"lacolombeplus.net\"},\"image\":{\"@id\":\"https:\\\/\\\/lacolombeplus.net\\\/#\\\/schema\\\/logo\\\/image\\\/\"},\"sameAs\":[\"https:\\\/\\\/web.facebook.com\\\/profile.php?id=61589477078953\"]},{\"@type\":\"Person\",\"@id\":\"https:\\\/\\\/lacolombeplus.net\\\/#\\\/schema\\\/person\\\/1a433b3fa6e8f9696f18ece67a69915c\",\"name\":\"Dramane FAYAMA\",\"image\":{\"@type\":\"ImageObject\",\"inLanguage\":\"fr-FR\",\"@id\":\"https:\\\/\\\/secure.gravatar.com\\\/avatar\\\/6ae061b9c102ae93ffb7a4076195d78ace54801f91540899a6e8aacf91eacff8?s=96&d=mm&r=g\",\"url\":\"https:\\\/\\\/secure.gravatar.com\\\/avatar\\\/6ae061b9c102ae93ffb7a4076195d78ace54801f91540899a6e8aacf91eacff8?s=96&d=mm&r=g\",\"contentUrl\":\"https:\\\/\\\/secure.gravatar.com\\\/avatar\\\/6ae061b9c102ae93ffb7a4076195d78ace54801f91540899a6e8aacf91eacff8?s=96&d=mm&r=g\",\"caption\":\"Dramane FAYAMA\"},\"url\":\"https:\\\/\\\/lacolombeplus.net\\\/index.php\\\/author\\\/dramane\\\/\"}]}<\/script>\n<!-- \/ Yoast SEO plugin. -->","yoast_head_json":{"title":"SAMU Burkina : un an apr\u00e8s son op\u00e9rationnalisation, le service l\u00e8ve le voile sur ses coulisses - WordPress","robots":{"index":"index","follow":"follow","max-snippet":"max-snippet:-1","max-image-preview":"max-image-preview:large","max-video-preview":"max-video-preview:-1"},"canonical":"https:\/\/lacolombeplus.net\/index.php\/2026\/07\/22\/samu-burkina-un-an-apres-son-operationnalisation-le-service-leve-le-voile-sur-ses-coulisses\/","og_locale":"fr_FR","og_type":"article","og_title":"SAMU Burkina : un an apr\u00e8s son op\u00e9rationnalisation, le service l\u00e8ve le voile sur ses coulisses - WordPress","og_description":"OUAGADOUGOU, 22 juillet 2026\u00a0 \u2014 Un an apr\u00e8s son op\u00e9rationnalisation compl\u00e8te, le Service d&rsquo;Aide M\u00e9dicale Urgente (SAMU) Burkina a ouvert ses portes aux journalistes ce mardi 22 juillet 2026, \u00e0 l&rsquo;occasion d&rsquo;une journ\u00e9e d&rsquo;immersion m\u00e9diatique organis\u00e9e par la Direction de la communication et des relations presse (DCRP) du minist\u00e8re de la Sant\u00e9, en collaboration avec...","og_url":"https:\/\/lacolombeplus.net\/index.php\/2026\/07\/22\/samu-burkina-un-an-apres-son-operationnalisation-le-service-leve-le-voile-sur-ses-coulisses\/","og_site_name":"WordPress","article_publisher":"https:\/\/web.facebook.com\/profile.php?id=61589477078953","article_published_time":"2026-07-22T20:24:57+00:00","article_modified_time":"2026-07-23T00:05:16+00:00","og_image":[{"width":1600,"height":901,"url":"http:\/\/lacolombeplus.net\/wp-content\/uploads\/2026\/07\/WhatsApp-Image-2026-07-22-at-20.08.46-1.webp","type":"image\/webp"}],"author":"Dramane FAYAMA","twitter_card":"summary_large_image","twitter_misc":{"\u00c9crit par":"Dramane FAYAMA","Dur\u00e9e de lecture estim\u00e9e":"8 minutes"},"schema":{"@context":"https:\/\/schema.org","@graph":[{"@type":"Article","@id":"https:\/\/lacolombeplus.net\/index.php\/2026\/07\/22\/samu-burkina-un-an-apres-son-operationnalisation-le-service-leve-le-voile-sur-ses-coulisses\/#article","isPartOf":{"@id":"https:\/\/lacolombeplus.net\/index.php\/2026\/07\/22\/samu-burkina-un-an-apres-son-operationnalisation-le-service-leve-le-voile-sur-ses-coulisses\/"},"author":{"name":"Dramane FAYAMA","@id":"https:\/\/lacolombeplus.net\/#\/schema\/person\/1a433b3fa6e8f9696f18ece67a69915c"},"headline":"SAMU Burkina : un an apr\u00e8s son op\u00e9rationnalisation, le service l\u00e8ve le voile sur ses coulisses","datePublished":"2026-07-22T20:24:57+00:00","dateModified":"2026-07-23T00:05:16+00:00","mainEntityOfPage":{"@id":"https:\/\/lacolombeplus.net\/index.php\/2026\/07\/22\/samu-burkina-un-an-apres-son-operationnalisation-le-service-leve-le-voile-sur-ses-coulisses\/"},"wordCount":1375,"commentCount":0,"publisher":{"@id":"https:\/\/lacolombeplus.net\/#organization"},"image":{"@id":"https:\/\/lacolombeplus.net\/index.php\/2026\/07\/22\/samu-burkina-un-an-apres-son-operationnalisation-le-service-leve-le-voile-sur-ses-coulisses\/#primaryimage"},"thumbnailUrl":"https:\/\/lacolombeplus.net\/wp-content\/uploads\/2026\/07\/WhatsApp-Image-2026-07-22-at-20.08.46-1.webp","keywords":["SAMU","Sant\u00e9","SMUR"],"articleSection":["A la Une","Sant\u00e9"],"inLanguage":"fr-FR","potentialAction":[{"@type":"CommentAction","name":"Comment","target":["https:\/\/lacolombeplus.net\/index.php\/2026\/07\/22\/samu-burkina-un-an-apres-son-operationnalisation-le-service-leve-le-voile-sur-ses-coulisses\/#respond"]}]},{"@type":"WebPage","@id":"https:\/\/lacolombeplus.net\/index.php\/2026\/07\/22\/samu-burkina-un-an-apres-son-operationnalisation-le-service-leve-le-voile-sur-ses-coulisses\/","url":"https:\/\/lacolombeplus.net\/index.php\/2026\/07\/22\/samu-burkina-un-an-apres-son-operationnalisation-le-service-leve-le-voile-sur-ses-coulisses\/","name":"SAMU Burkina : un an apr\u00e8s son op\u00e9rationnalisation, le service l\u00e8ve le voile sur ses coulisses - WordPress","isPartOf":{"@id":"https:\/\/lacolombeplus.net\/#website"},"primaryImageOfPage":{"@id":"https:\/\/lacolombeplus.net\/index.php\/2026\/07\/22\/samu-burkina-un-an-apres-son-operationnalisation-le-service-leve-le-voile-sur-ses-coulisses\/#primaryimage"},"image":{"@id":"https:\/\/lacolombeplus.net\/index.php\/2026\/07\/22\/samu-burkina-un-an-apres-son-operationnalisation-le-service-leve-le-voile-sur-ses-coulisses\/#primaryimage"},"thumbnailUrl":"https:\/\/lacolombeplus.net\/wp-content\/uploads\/2026\/07\/WhatsApp-Image-2026-07-22-at-20.08.46-1.webp","datePublished":"2026-07-22T20:24:57+00:00","dateModified":"2026-07-23T00:05:16+00:00","breadcrumb":{"@id":"https:\/\/lacolombeplus.net\/index.php\/2026\/07\/22\/samu-burkina-un-an-apres-son-operationnalisation-le-service-leve-le-voile-sur-ses-coulisses\/#breadcrumb"},"inLanguage":"fr-FR","potentialAction":[{"@type":"ReadAction","target":["https:\/\/lacolombeplus.net\/index.php\/2026\/07\/22\/samu-burkina-un-an-apres-son-operationnalisation-le-service-leve-le-voile-sur-ses-coulisses\/"]}]},{"@type":"ImageObject","inLanguage":"fr-FR","@id":"https:\/\/lacolombeplus.net\/index.php\/2026\/07\/22\/samu-burkina-un-an-apres-son-operationnalisation-le-service-leve-le-voile-sur-ses-coulisses\/#primaryimage","url":"https:\/\/lacolombeplus.net\/wp-content\/uploads\/2026\/07\/WhatsApp-Image-2026-07-22-at-20.08.46-1.webp","contentUrl":"https:\/\/lacolombeplus.net\/wp-content\/uploads\/2026\/07\/WhatsApp-Image-2026-07-22-at-20.08.46-1.webp","width":1600,"height":901},{"@type":"BreadcrumbList","@id":"https:\/\/lacolombeplus.net\/index.php\/2026\/07\/22\/samu-burkina-un-an-apres-son-operationnalisation-le-service-leve-le-voile-sur-ses-coulisses\/#breadcrumb","itemListElement":[{"@type":"ListItem","position":1,"name":"Accueil","item":"https:\/\/lacolombeplus.net\/"},{"@type":"ListItem","position":2,"name":"SAMU Burkina : un an apr\u00e8s son op\u00e9rationnalisation, le service l\u00e8ve le voile sur ses coulisses"}]},{"@type":"WebSite","@id":"https:\/\/lacolombeplus.net\/#website","url":"https:\/\/lacolombeplus.net\/","name":"Lacolombeplus","description":"","publisher":{"@id":"https:\/\/lacolombeplus.net\/#organization"},"potentialAction":[{"@type":"SearchAction","target":{"@type":"EntryPoint","urlTemplate":"https:\/\/lacolombeplus.net\/?s={search_term_string}"},"query-input":{"@type":"PropertyValueSpecification","valueRequired":true,"valueName":"search_term_string"}}],"inLanguage":"fr-FR"},{"@type":"Organization","@id":"https:\/\/lacolombeplus.net\/#organization","name":"lacolombeplus.net","url":"https:\/\/lacolombeplus.net\/","logo":{"@type":"ImageObject","inLanguage":"fr-FR","@id":"https:\/\/lacolombeplus.net\/#\/schema\/logo\/image\/","url":"https:\/\/lacolombeplus.net\/wp-content\/uploads\/2026\/04\/a84391f3-a521-4177-867d-b9aaa3066b88.png","contentUrl":"https:\/\/lacolombeplus.net\/wp-content\/uploads\/2026\/04\/a84391f3-a521-4177-867d-b9aaa3066b88.png","width":1045,"height":1505,"caption":"lacolombeplus.net"},"image":{"@id":"https:\/\/lacolombeplus.net\/#\/schema\/logo\/image\/"},"sameAs":["https:\/\/web.facebook.com\/profile.php?id=61589477078953"]},{"@type":"Person","@id":"https:\/\/lacolombeplus.net\/#\/schema\/person\/1a433b3fa6e8f9696f18ece67a69915c","name":"Dramane FAYAMA","image":{"@type":"ImageObject","inLanguage":"fr-FR","@id":"https:\/\/secure.gravatar.com\/avatar\/6ae061b9c102ae93ffb7a4076195d78ace54801f91540899a6e8aacf91eacff8?s=96&d=mm&r=g","url":"https:\/\/secure.gravatar.com\/avatar\/6ae061b9c102ae93ffb7a4076195d78ace54801f91540899a6e8aacf91eacff8?s=96&d=mm&r=g","contentUrl":"https:\/\/secure.gravatar.com\/avatar\/6ae061b9c102ae93ffb7a4076195d78ace54801f91540899a6e8aacf91eacff8?s=96&d=mm&r=g","caption":"Dramane FAYAMA"},"url":"https:\/\/lacolombeplus.net\/index.php\/author\/dramane\/"}]}},"jetpack_featured_media_url":"https:\/\/lacolombeplus.net\/wp-content\/uploads\/2026\/07\/WhatsApp-Image-2026-07-22-at-20.08.46-1.webp","jetpack_sharing_enabled":true,"_links":{"self":[{"href":"https:\/\/lacolombeplus.net\/index.php\/wp-json\/wp\/v2\/posts\/38685","targetHints":{"allow":["GET"]}}],"collection":[{"href":"https:\/\/lacolombeplus.net\/index.php\/wp-json\/wp\/v2\/posts"}],"about":[{"href":"https:\/\/lacolombeplus.net\/index.php\/wp-json\/wp\/v2\/types\/post"}],"author":[{"embeddable":true,"href":"https:\/\/lacolombeplus.net\/index.php\/wp-json\/wp\/v2\/users\/6"}],"replies":[{"embeddable":true,"href":"https:\/\/lacolombeplus.net\/index.php\/wp-json\/wp\/v2\/comments?post=38685"}],"version-history":[{"count":5,"href":"https:\/\/lacolombeplus.net\/index.php\/wp-json\/wp\/v2\/posts\/38685\/revisions"}],"predecessor-version":[{"id":38696,"href":"https:\/\/lacolombeplus.net\/index.php\/wp-json\/wp\/v2\/posts\/38685\/revisions\/38696"}],"wp:featuredmedia":[{"embeddable":true,"href":"https:\/\/lacolombeplus.net\/index.php\/wp-json\/wp\/v2\/media\/38692"}],"wp:attachment":[{"href":"https:\/\/lacolombeplus.net\/index.php\/wp-json\/wp\/v2\/media?parent=38685"}],"wp:term":[{"taxonomy":"category","embeddable":true,"href":"https:\/\/lacolombeplus.net\/index.php\/wp-json\/wp\/v2\/categories?post=38685"},{"taxonomy":"post_tag","embeddable":true,"href":"https:\/\/lacolombeplus.net\/index.php\/wp-json\/wp\/v2\/tags?post=38685"}],"curies":[{"name":"wp","href":"https:\/\/api.w.org\/{rel}","templated":true}]}}