{"id":38676,"date":"2026-07-21T13:00:44","date_gmt":"2026-07-21T13:00:44","guid":{"rendered":"https:\/\/lacolombeplus.net\/?p=38676"},"modified":"2026-07-21T13:00:44","modified_gmt":"2026-07-21T13:00:44","slug":"sante-publique-le-burkina-faso-mise-sur-le-sport-de-masse-pour-freiner-les-maladies-non-transmissibles","status":"publish","type":"post","link":"https:\/\/lacolombeplus.net\/index.php\/2026\/07\/21\/sante-publique-le-burkina-faso-mise-sur-le-sport-de-masse-pour-freiner-les-maladies-non-transmissibles\/","title":{"rendered":"Sant\u00e9 publique : le Burkina Faso mise sur le sport de masse pour freiner les maladies non transmissibles"},"content":{"rendered":"<p class=\"font-claude-response-body break-words whitespace-normal\" dir=\"auto\"><strong>OUAGADOUGOU \u2014 Face \u00e0 la progression des maladies non transmissibles, le gouvernement burkinab\u00e8 a lanc\u00e9 une campagne de sensibilisation appelant les populations \u00e0 int\u00e9grer durablement l&rsquo;activit\u00e9 physique dans leur quotidien, afin de pr\u00e9venir les maladies li\u00e9es \u00e0 la s\u00e9dentarit\u00e9 et d&rsquo;am\u00e9liorer leur qualit\u00e9 de vie. Une grande journ\u00e9e d&rsquo;activit\u00e9 physique et sportive tenue le samedi 18 juillet 2026 sous le th\u00e8me : \u00ab un pas aujourd&rsquo;hui, moins de maladies non transmissibles demain \u00bb.<\/strong><\/p>\n<p class=\"font-claude-response-body break-words whitespace-normal\" dir=\"auto\">Le sport ne se limite plus \u00e0 la recherche de performances ou de m\u00e9dailles. Dans un contexte marqu\u00e9 par l&rsquo;urbanisation, l&rsquo;\u00e9volution des modes de vie et la mont\u00e9e des maladies chroniques, il s&rsquo;impose d\u00e9sormais comme un outil essentiel de pr\u00e9vention et de promotion de la sant\u00e9.<\/p>\n<p class=\"font-claude-response-body break-words whitespace-normal\" dir=\"auto\" style=\"text-align: center;\"><strong>Un rempart contre les maladies chroniques<\/strong><\/p>\n<p dir=\"auto\"><img fetchpriority=\"high\" decoding=\"async\" class=\" wp-image-38682 alignleft\" src=\"http:\/\/lacolombeplus.net\/wp-content\/uploads\/2026\/07\/750615989_1459147196234121_9135257245266343093_n.webp\" alt=\"\" width=\"520\" height=\"390\" srcset=\"https:\/\/lacolombeplus.net\/wp-content\/uploads\/2026\/07\/750615989_1459147196234121_9135257245266343093_n.webp 1600w, https:\/\/lacolombeplus.net\/wp-content\/uploads\/2026\/07\/750615989_1459147196234121_9135257245266343093_n-300x225.webp 300w, https:\/\/lacolombeplus.net\/wp-content\/uploads\/2026\/07\/750615989_1459147196234121_9135257245266343093_n-1024x768.webp 1024w, https:\/\/lacolombeplus.net\/wp-content\/uploads\/2026\/07\/750615989_1459147196234121_9135257245266343093_n-768x576.webp 768w, https:\/\/lacolombeplus.net\/wp-content\/uploads\/2026\/07\/750615989_1459147196234121_9135257245266343093_n-1536x1152.webp 1536w\" sizes=\"(max-width: 520px) 100vw, 520px\" \/><\/p>\n<p class=\"font-claude-response-body break-words whitespace-normal\" dir=\"auto\">Les autorit\u00e9s sanitaires rappellent que la pratique r\u00e9guli\u00e8re d&rsquo;une activit\u00e9 physique constitue l&rsquo;un des moyens les plus efficaces pour lutter contre les maladies non transmissibles telles que le diab\u00e8te, l&rsquo;hypertension art\u00e9rielle, les cancers et les affections respiratoires chroniques. Selon l&rsquo;Organisation mondiale de la Sant\u00e9 (OMS), ces pathologies provoquent pr\u00e8s de 40 millions de d\u00e9c\u00e8s chaque ann\u00e9e dans le monde.<\/p>\n<figure id=\"attachment_38677\" aria-describedby=\"caption-attachment-38677\" style=\"width: 515px\" class=\"wp-caption alignright\"><img decoding=\"async\" class=\" wp-image-38677\" src=\"http:\/\/lacolombeplus.net\/wp-content\/uploads\/2026\/07\/WhatsApp-Image-2026-07-21-at-11.49.51-2.webp\" alt=\"\" width=\"515\" height=\"386\" srcset=\"https:\/\/lacolombeplus.net\/wp-content\/uploads\/2026\/07\/WhatsApp-Image-2026-07-21-at-11.49.51-2.webp 1600w, https:\/\/lacolombeplus.net\/wp-content\/uploads\/2026\/07\/WhatsApp-Image-2026-07-21-at-11.49.51-2-300x225.webp 300w, https:\/\/lacolombeplus.net\/wp-content\/uploads\/2026\/07\/WhatsApp-Image-2026-07-21-at-11.49.51-2-1024x768.webp 1024w, https:\/\/lacolombeplus.net\/wp-content\/uploads\/2026\/07\/WhatsApp-Image-2026-07-21-at-11.49.51-2-768x576.webp 768w, https:\/\/lacolombeplus.net\/wp-content\/uploads\/2026\/07\/WhatsApp-Image-2026-07-21-at-11.49.51-2-1536x1152.webp 1536w\" sizes=\"(max-width: 515px) 100vw, 515px\" \/><figcaption id=\"caption-attachment-38677\" class=\"wp-caption-text\">Le ministre de la Sant\u00e9, Dr Robert Lucien Jean Claude Kargougou, pr\u00e9sident de l\u2019activit\u00e9<\/figcaption><\/figure>\n<p class=\"font-claude-response-body break-words whitespace-normal\" dir=\"auto\">Au-del\u00e0 de ses bienfaits physiques, l&rsquo;exercice contribue \u00e9galement \u00e0 r\u00e9duire le stress, am\u00e9liorer la qualit\u00e9 du sommeil, renforcer le syst\u00e8me immunitaire et favoriser le bien-\u00eatre psychologique.<\/p>\n<p class=\"font-claude-response-body break-words whitespace-normal\" dir=\"auto\">\u00ab <em>Le sport est le m\u00e9dicament le plus naturel et le plus accessible au corps humain<\/em> \u00bb, a d\u00e9clar\u00e9 le ministre de la Sant\u00e9, Dr Robert Lucien Jean Claude Kargougou, soulignant qu&rsquo;il repr\u00e9sente \u00e0 la fois une \u00e9cole de vie, un facteur de coh\u00e9sion sociale et un v\u00e9ritable bouclier sanitaire.<\/p>\n<p class=\"font-claude-response-body break-words whitespace-normal\" dir=\"auto\">Le pr\u00e9sident de la d\u00e9l\u00e9gation sp\u00e9ciale de la r\u00e9gion du Kadiogo, Maurice Konat\u00e9, a abond\u00e9 dans le m\u00eame sens, insistant sur l&rsquo;urgence sanitaire que repr\u00e9sentent ces pathologies :<\/p>\n<p class=\"font-claude-response-body break-words whitespace-normal\" dir=\"auto\">\u00ab <em>Face \u00e0 la mont\u00e9e inqui\u00e9tante des maladies non transmissibles li\u00e9es \u00e0 la s\u00e9dentarit\u00e9, la pratique r\u00e9guli\u00e8re d&rsquo;une activit\u00e9 sportive reste notre meilleure d\u00e9fense<\/em>. \u00bb<\/p>\n<p class=\"font-claude-response-body break-words whitespace-normal\" dir=\"auto\" style=\"text-align: center;\"><strong>Un enjeu de d\u00e9veloppement humain et \u00e9conomique<\/strong><\/p>\n<p class=\"font-claude-response-body break-words whitespace-normal\" dir=\"auto\">Pour les autorit\u00e9s, une jeunesse active est une jeunesse plus forte, plus lucide et mieux pr\u00e9par\u00e9e \u00e0 relever les d\u00e9fis du d\u00e9veloppement. De m\u00eame, des travailleurs en bonne sant\u00e9 sont plus performants, cr\u00e9atifs et productifs. En encourageant la pratique sportive, le gouvernement entend \u00e9galement r\u00e9duire l&rsquo;absent\u00e9isme au travail et renforcer le capital humain, indispensable \u00e0 la croissance \u00e9conomique du pays.<\/p>\n<p class=\"font-claude-response-body break-words whitespace-normal\" dir=\"auto\">Marraine de cette journ\u00e9e, la ministre des Sports, de la Jeunesse et de l&rsquo;Emploi, Annick Pikbougoum Zingu\u00e9, a insist\u00e9 sur cette dimension \u00e9conomique de l&rsquo;activit\u00e9 physique :<\/p>\n<figure id=\"attachment_38678\" aria-describedby=\"caption-attachment-38678\" style=\"width: 609px\" class=\"wp-caption alignleft\"><img decoding=\"async\" class=\" wp-image-38678\" src=\"http:\/\/lacolombeplus.net\/wp-content\/uploads\/2026\/07\/WhatsApp-Image-2026-07-21-at-11.49.51-1.webp\" alt=\"\" width=\"609\" height=\"457\" srcset=\"https:\/\/lacolombeplus.net\/wp-content\/uploads\/2026\/07\/WhatsApp-Image-2026-07-21-at-11.49.51-1.webp 1600w, https:\/\/lacolombeplus.net\/wp-content\/uploads\/2026\/07\/WhatsApp-Image-2026-07-21-at-11.49.51-1-300x225.webp 300w, https:\/\/lacolombeplus.net\/wp-content\/uploads\/2026\/07\/WhatsApp-Image-2026-07-21-at-11.49.51-1-1024x768.webp 1024w, https:\/\/lacolombeplus.net\/wp-content\/uploads\/2026\/07\/WhatsApp-Image-2026-07-21-at-11.49.51-1-768x576.webp 768w, https:\/\/lacolombeplus.net\/wp-content\/uploads\/2026\/07\/WhatsApp-Image-2026-07-21-at-11.49.51-1-1536x1152.webp 1536w\" sizes=\"(max-width: 609px) 100vw, 609px\" \/><figcaption id=\"caption-attachment-38678\" class=\"wp-caption-text\">Annick Pikbougoum Zingu\u00e9, parrain de l\u2019activit\u00e9, Ministre des Sports, de la Jeunesse et de l&rsquo;Emploi.<\/figcaption><\/figure>\n<p class=\"font-claude-response-body break-words whitespace-normal\" dir=\"auto\">\u00ab<em> Un travailleur en bonne sant\u00e9 est un travailleur performant, cr\u00e9atif et productif. En favorisant la pratique du sport, nous r\u00e9duisons l&rsquo;absent\u00e9isme au travail et nous forgeons une main-d&rsquo;\u0153uvre dynamique, capable de porter la croissance \u00e9conomique de notre pays<\/em>. \u00bb<\/p>\n<p class=\"font-claude-response-body break-words whitespace-normal\" dir=\"auto\">Le minist\u00e8re de la Sant\u00e9 ambitionne ainsi de transformer le sport de masse en un v\u00e9ritable mouvement citoyen, pour que l&rsquo;activit\u00e9 physique ne soit plus r\u00e9serv\u00e9e \u00e0 des manifestations occasionnelles, mais devienne un r\u00e9flexe quotidien au sein des familles, des communaut\u00e9s, des \u00e9tablissements scolaires, des entreprises et des administrations publiques.<\/p>\n<p class=\"font-claude-response-body break-words whitespace-normal\" dir=\"auto\"><strong>Une \u00ab ordonnance \u00bb pour des habitudes de vie plus saines<\/strong><\/p>\n<p class=\"font-claude-response-body break-words whitespace-normal\" dir=\"auto\">Les sp\u00e9cialistes rappellent toutefois que les b\u00e9n\u00e9fices du sport doivent s&rsquo;accompagner d&rsquo;une alimentation saine et \u00e9quilibr\u00e9e. L&rsquo;OMS recommande au moins 150 minutes d&rsquo;activit\u00e9 physique d&rsquo;intensit\u00e9 mod\u00e9r\u00e9e par semaine, associ\u00e9es \u00e0 une consommation quotidienne d&rsquo;au moins cinq portions de fruits et l\u00e9gumes, tout en limitant les apports excessifs en sucre, en sel et en mati\u00e8res grasses.<\/p>\n<p class=\"font-claude-response-body break-words whitespace-normal\" dir=\"auto\">Pr\u00e9sent \u00e0 cette journ\u00e9e de promotion de l&rsquo;activit\u00e9 physique, le Dr Kargougou a lanc\u00e9 un appel \u00e0 l&rsquo;ensemble des Burkinab\u00e8 \u00e0 adopter des habitudes de vie plus saines :<\/p>\n<p class=\"font-claude-response-body break-words whitespace-normal\" dir=\"auto\">\u00ab N<em>ous faisons le sport parce qu&rsquo;il est extr\u00eamement important. C&rsquo;est une r\u00e9ponse th\u00e9rapeutique majeure face \u00e0 la mont\u00e9e en puissance des maladies non transmissibles. Aux Burkinab\u00e8, quelle que soit leur position, nous prescrivons une v\u00e9ritable ordonnance : pratiquer une activit\u00e9 physique r\u00e9guli\u00e8re, au moins trois fois par semaine, r\u00e9duire la consommation de sel et de sucre, et consulter les professionnels de sant\u00e9 d\u00e8s l&rsquo;apparition des premiers probl\u00e8mes.<\/em> \u00bb<\/p>\n<p class=\"font-claude-response-body break-words whitespace-normal\" dir=\"auto\"><strong>Une mobilisation des autorit\u00e9s locales<\/strong><\/p>\n<p class=\"font-claude-response-body break-words whitespace-normal\" dir=\"auto\">Cette journ\u00e9e d&rsquo;activit\u00e9 physique a r\u00e9uni plusieurs personnalit\u00e9s administratives et politiques, sous le parrainage de la ministre des Sports, de la Jeunesse et de l&rsquo;Emploi, Annick Pikbougoum Zingu\u00e9, avec pour co-parrain le gouverneur de la r\u00e9gion du Kadiogo, Abdoulaye Bassinga. Maurice Konat\u00e9, pr\u00e9sident de la d\u00e9l\u00e9gation sp\u00e9ciale de la commune de Ouagadougou, ainsi que de nombreuses autres autorit\u00e9s y ont \u00e9galement pris part.<\/p>\n<p class=\"font-claude-response-body break-words whitespace-normal\" dir=\"auto\">\u00c0 travers cette initiative, les autorit\u00e9s burkinab\u00e8 r\u00e9affirment leur volont\u00e9 de faire de l&rsquo;activit\u00e9 physique un pilier de la pr\u00e9vention sanitaire. Au-del\u00e0 d&rsquo;un simple exercice, le sport appara\u00eet d\u00e9sormais comme un investissement durable pour une population en meilleure sant\u00e9, une administration plus performante et une nation plus r\u00e9siliente.<\/p>\n<p class=\"font-claude-response-body break-words whitespace-normal\" dir=\"auto\" style=\"text-align: right;\"><strong><em>KABA Cl\u00e9ment<\/em><\/strong><\/p>\n","protected":false},"excerpt":{"rendered":"<p>OUAGADOUGOU \u2014 Face \u00e0 la progression des maladies non transmissibles, le gouvernement burkinab\u00e8 a lanc\u00e9 une campagne de sensibilisation appelant les populations \u00e0 int\u00e9grer durablement l&rsquo;activit\u00e9 physique dans leur quotidien, afin de pr\u00e9venir les maladies li\u00e9es \u00e0 la s\u00e9dentarit\u00e9 et d&rsquo;am\u00e9liorer leur qualit\u00e9 de vie. Une grande journ\u00e9e d&rsquo;activit\u00e9 physique et sportive tenue le samedi&#8230;<\/p>\n","protected":false},"author":6,"featured_media":38681,"comment_status":"open","ping_status":"open","sticky":false,"template":"","format":"standard","meta":{"_jetpack_newsletter_access":"","_jetpack_dont_email_post_to_subs":false,"_jetpack_newsletter_tier_id":0,"_jetpack_memberships_contains_paywalled_content":false,"_jetpack_feature_clip_id":0,"_jetpack_memberships_contains_paid_content":false,"footnotes":"","jetpack_post_was_ever_published":false},"categories":[2,199,8],"tags":[289,148,244,256,214],"class_list":["post-38676","post","type-post","status-publish","format-standard","has-post-thumbnail","hentry","category-a-la-une","category-sante","category-sport","tag-oms","tag-sante","tag-sante-mentale","tag-sante-securite-au-travail","tag-sport"],"yoast_head":"<!-- This site is optimized with the Yoast SEO plugin v28.3 - https:\/\/yoast.com\/product\/yoast-seo-wordpress\/ -->\n<title>Sant\u00e9 publique : le Burkina Faso mise sur le sport de masse pour freiner les maladies non transmissibles - WordPress<\/title>\n<meta name=\"robots\" content=\"index, follow, max-snippet:-1, max-image-preview:large, max-video-preview:-1\" \/>\n<link rel=\"canonical\" href=\"https:\/\/lacolombeplus.net\/index.php\/2026\/07\/21\/sante-publique-le-burkina-faso-mise-sur-le-sport-de-masse-pour-freiner-les-maladies-non-transmissibles\/\" \/>\n<meta property=\"og:locale\" content=\"fr_FR\" \/>\n<meta property=\"og:type\" content=\"article\" \/>\n<meta property=\"og:title\" content=\"Sant\u00e9 publique : le Burkina Faso mise sur le sport de masse pour freiner les maladies non transmissibles - WordPress\" \/>\n<meta property=\"og:description\" content=\"OUAGADOUGOU \u2014 Face \u00e0 la progression des maladies non transmissibles, le gouvernement burkinab\u00e8 a lanc\u00e9 une campagne de sensibilisation appelant les populations \u00e0 int\u00e9grer durablement l&rsquo;activit\u00e9 physique dans leur quotidien, afin de pr\u00e9venir les maladies li\u00e9es \u00e0 la s\u00e9dentarit\u00e9 et d&rsquo;am\u00e9liorer leur qualit\u00e9 de vie. Une grande journ\u00e9e d&rsquo;activit\u00e9 physique et sportive tenue le samedi...\" \/>\n<meta property=\"og:url\" content=\"https:\/\/lacolombeplus.net\/index.php\/2026\/07\/21\/sante-publique-le-burkina-faso-mise-sur-le-sport-de-masse-pour-freiner-les-maladies-non-transmissibles\/\" \/>\n<meta property=\"og:site_name\" content=\"WordPress\" \/>\n<meta property=\"article:publisher\" content=\"https:\/\/web.facebook.com\/profile.php?id=61589477078953\" \/>\n<meta property=\"article:published_time\" content=\"2026-07-21T13:00:44+00:00\" \/>\n<meta property=\"og:image\" content=\"http:\/\/lacolombeplus.net\/wp-content\/uploads\/2026\/07\/751692587_1459147269567447_2097669249177756707_n-1.webp\" \/>\n\t<meta property=\"og:image:width\" content=\"2048\" \/>\n\t<meta property=\"og:image:height\" content=\"1536\" \/>\n\t<meta property=\"og:image:type\" content=\"image\/webp\" \/>\n<meta name=\"author\" content=\"Dramane FAYAMA\" \/>\n<meta name=\"twitter:card\" content=\"summary_large_image\" \/>\n<meta name=\"twitter:label1\" content=\"\u00c9crit par\" \/>\n\t<meta name=\"twitter:data1\" content=\"Dramane FAYAMA\" \/>\n\t<meta name=\"twitter:label2\" content=\"Dur\u00e9e de lecture estim\u00e9e\" \/>\n\t<meta name=\"twitter:data2\" content=\"5 minutes\" \/>\n<script type=\"application\/ld+json\" class=\"yoast-schema-graph\">{\"@context\":\"https:\\\/\\\/schema.org\",\"@graph\":[{\"@type\":\"Article\",\"@id\":\"https:\\\/\\\/lacolombeplus.net\\\/index.php\\\/2026\\\/07\\\/21\\\/sante-publique-le-burkina-faso-mise-sur-le-sport-de-masse-pour-freiner-les-maladies-non-transmissibles\\\/#article\",\"isPartOf\":{\"@id\":\"https:\\\/\\\/lacolombeplus.net\\\/index.php\\\/2026\\\/07\\\/21\\\/sante-publique-le-burkina-faso-mise-sur-le-sport-de-masse-pour-freiner-les-maladies-non-transmissibles\\\/\"},\"author\":{\"name\":\"Dramane FAYAMA\",\"@id\":\"https:\\\/\\\/lacolombeplus.net\\\/#\\\/schema\\\/person\\\/1a433b3fa6e8f9696f18ece67a69915c\"},\"headline\":\"Sant\u00e9 publique : le Burkina Faso mise sur le sport de masse pour freiner les maladies non transmissibles\",\"datePublished\":\"2026-07-21T13:00:44+00:00\",\"mainEntityOfPage\":{\"@id\":\"https:\\\/\\\/lacolombeplus.net\\\/index.php\\\/2026\\\/07\\\/21\\\/sante-publique-le-burkina-faso-mise-sur-le-sport-de-masse-pour-freiner-les-maladies-non-transmissibles\\\/\"},\"wordCount\":941,\"commentCount\":0,\"publisher\":{\"@id\":\"https:\\\/\\\/lacolombeplus.net\\\/#organization\"},\"image\":{\"@id\":\"https:\\\/\\\/lacolombeplus.net\\\/index.php\\\/2026\\\/07\\\/21\\\/sante-publique-le-burkina-faso-mise-sur-le-sport-de-masse-pour-freiner-les-maladies-non-transmissibles\\\/#primaryimage\"},\"thumbnailUrl\":\"https:\\\/\\\/lacolombeplus.net\\\/wp-content\\\/uploads\\\/2026\\\/07\\\/751692587_1459147269567447_2097669249177756707_n-1.webp\",\"keywords\":[\"OMS\",\"Sant\u00e9\",\"Sant\u00e9 mentale\",\"Sant\u00e9-s\u00e9curit\u00e9 au travail\",\"Sport\"],\"articleSection\":[\"A la Une\",\"Sant\u00e9\",\"Sport\"],\"inLanguage\":\"fr-FR\",\"potentialAction\":[{\"@type\":\"CommentAction\",\"name\":\"Comment\",\"target\":[\"https:\\\/\\\/lacolombeplus.net\\\/index.php\\\/2026\\\/07\\\/21\\\/sante-publique-le-burkina-faso-mise-sur-le-sport-de-masse-pour-freiner-les-maladies-non-transmissibles\\\/#respond\"]}]},{\"@type\":\"WebPage\",\"@id\":\"https:\\\/\\\/lacolombeplus.net\\\/index.php\\\/2026\\\/07\\\/21\\\/sante-publique-le-burkina-faso-mise-sur-le-sport-de-masse-pour-freiner-les-maladies-non-transmissibles\\\/\",\"url\":\"https:\\\/\\\/lacolombeplus.net\\\/index.php\\\/2026\\\/07\\\/21\\\/sante-publique-le-burkina-faso-mise-sur-le-sport-de-masse-pour-freiner-les-maladies-non-transmissibles\\\/\",\"name\":\"Sant\u00e9 publique : le Burkina Faso mise sur le sport de masse pour freiner les maladies non transmissibles - WordPress\",\"isPartOf\":{\"@id\":\"https:\\\/\\\/lacolombeplus.net\\\/#website\"},\"primaryImageOfPage\":{\"@id\":\"https:\\\/\\\/lacolombeplus.net\\\/index.php\\\/2026\\\/07\\\/21\\\/sante-publique-le-burkina-faso-mise-sur-le-sport-de-masse-pour-freiner-les-maladies-non-transmissibles\\\/#primaryimage\"},\"image\":{\"@id\":\"https:\\\/\\\/lacolombeplus.net\\\/index.php\\\/2026\\\/07\\\/21\\\/sante-publique-le-burkina-faso-mise-sur-le-sport-de-masse-pour-freiner-les-maladies-non-transmissibles\\\/#primaryimage\"},\"thumbnailUrl\":\"https:\\\/\\\/lacolombeplus.net\\\/wp-content\\\/uploads\\\/2026\\\/07\\\/751692587_1459147269567447_2097669249177756707_n-1.webp\",\"datePublished\":\"2026-07-21T13:00:44+00:00\",\"breadcrumb\":{\"@id\":\"https:\\\/\\\/lacolombeplus.net\\\/index.php\\\/2026\\\/07\\\/21\\\/sante-publique-le-burkina-faso-mise-sur-le-sport-de-masse-pour-freiner-les-maladies-non-transmissibles\\\/#breadcrumb\"},\"inLanguage\":\"fr-FR\",\"potentialAction\":[{\"@type\":\"ReadAction\",\"target\":[\"https:\\\/\\\/lacolombeplus.net\\\/index.php\\\/2026\\\/07\\\/21\\\/sante-publique-le-burkina-faso-mise-sur-le-sport-de-masse-pour-freiner-les-maladies-non-transmissibles\\\/\"]}]},{\"@type\":\"ImageObject\",\"inLanguage\":\"fr-FR\",\"@id\":\"https:\\\/\\\/lacolombeplus.net\\\/index.php\\\/2026\\\/07\\\/21\\\/sante-publique-le-burkina-faso-mise-sur-le-sport-de-masse-pour-freiner-les-maladies-non-transmissibles\\\/#primaryimage\",\"url\":\"https:\\\/\\\/lacolombeplus.net\\\/wp-content\\\/uploads\\\/2026\\\/07\\\/751692587_1459147269567447_2097669249177756707_n-1.webp\",\"contentUrl\":\"https:\\\/\\\/lacolombeplus.net\\\/wp-content\\\/uploads\\\/2026\\\/07\\\/751692587_1459147269567447_2097669249177756707_n-1.webp\",\"width\":2048,\"height\":1536,\"caption\":\"S\u00e9ance d'Aerobic apres une marche effectu\u00e9.\"},{\"@type\":\"BreadcrumbList\",\"@id\":\"https:\\\/\\\/lacolombeplus.net\\\/index.php\\\/2026\\\/07\\\/21\\\/sante-publique-le-burkina-faso-mise-sur-le-sport-de-masse-pour-freiner-les-maladies-non-transmissibles\\\/#breadcrumb\",\"itemListElement\":[{\"@type\":\"ListItem\",\"position\":1,\"name\":\"Accueil\",\"item\":\"https:\\\/\\\/lacolombeplus.net\\\/\"},{\"@type\":\"ListItem\",\"position\":2,\"name\":\"Sant\u00e9 publique : le Burkina Faso mise sur le sport de masse pour freiner les maladies non transmissibles\"}]},{\"@type\":\"WebSite\",\"@id\":\"https:\\\/\\\/lacolombeplus.net\\\/#website\",\"url\":\"https:\\\/\\\/lacolombeplus.net\\\/\",\"name\":\"Lacolombeplus\",\"description\":\"\",\"publisher\":{\"@id\":\"https:\\\/\\\/lacolombeplus.net\\\/#organization\"},\"potentialAction\":[{\"@type\":\"SearchAction\",\"target\":{\"@type\":\"EntryPoint\",\"urlTemplate\":\"https:\\\/\\\/lacolombeplus.net\\\/?s={search_term_string}\"},\"query-input\":{\"@type\":\"PropertyValueSpecification\",\"valueRequired\":true,\"valueName\":\"search_term_string\"}}],\"inLanguage\":\"fr-FR\"},{\"@type\":\"Organization\",\"@id\":\"https:\\\/\\\/lacolombeplus.net\\\/#organization\",\"name\":\"lacolombeplus.net\",\"url\":\"https:\\\/\\\/lacolombeplus.net\\\/\",\"logo\":{\"@type\":\"ImageObject\",\"inLanguage\":\"fr-FR\",\"@id\":\"https:\\\/\\\/lacolombeplus.net\\\/#\\\/schema\\\/logo\\\/image\\\/\",\"url\":\"https:\\\/\\\/lacolombeplus.net\\\/wp-content\\\/uploads\\\/2026\\\/04\\\/a84391f3-a521-4177-867d-b9aaa3066b88.png\",\"contentUrl\":\"https:\\\/\\\/lacolombeplus.net\\\/wp-content\\\/uploads\\\/2026\\\/04\\\/a84391f3-a521-4177-867d-b9aaa3066b88.png\",\"width\":1045,\"height\":1505,\"caption\":\"lacolombeplus.net\"},\"image\":{\"@id\":\"https:\\\/\\\/lacolombeplus.net\\\/#\\\/schema\\\/logo\\\/image\\\/\"},\"sameAs\":[\"https:\\\/\\\/web.facebook.com\\\/profile.php?id=61589477078953\"]},{\"@type\":\"Person\",\"@id\":\"https:\\\/\\\/lacolombeplus.net\\\/#\\\/schema\\\/person\\\/1a433b3fa6e8f9696f18ece67a69915c\",\"name\":\"Dramane FAYAMA\",\"image\":{\"@type\":\"ImageObject\",\"inLanguage\":\"fr-FR\",\"@id\":\"https:\\\/\\\/secure.gravatar.com\\\/avatar\\\/6ae061b9c102ae93ffb7a4076195d78ace54801f91540899a6e8aacf91eacff8?s=96&d=mm&r=g\",\"url\":\"https:\\\/\\\/secure.gravatar.com\\\/avatar\\\/6ae061b9c102ae93ffb7a4076195d78ace54801f91540899a6e8aacf91eacff8?s=96&d=mm&r=g\",\"contentUrl\":\"https:\\\/\\\/secure.gravatar.com\\\/avatar\\\/6ae061b9c102ae93ffb7a4076195d78ace54801f91540899a6e8aacf91eacff8?s=96&d=mm&r=g\",\"caption\":\"Dramane FAYAMA\"},\"url\":\"https:\\\/\\\/lacolombeplus.net\\\/index.php\\\/author\\\/dramane\\\/\"}]}<\/script>\n<!-- \/ Yoast SEO plugin. -->","yoast_head_json":{"title":"Sant\u00e9 publique : le Burkina Faso mise sur le sport de masse pour freiner les maladies non transmissibles - WordPress","robots":{"index":"index","follow":"follow","max-snippet":"max-snippet:-1","max-image-preview":"max-image-preview:large","max-video-preview":"max-video-preview:-1"},"canonical":"https:\/\/lacolombeplus.net\/index.php\/2026\/07\/21\/sante-publique-le-burkina-faso-mise-sur-le-sport-de-masse-pour-freiner-les-maladies-non-transmissibles\/","og_locale":"fr_FR","og_type":"article","og_title":"Sant\u00e9 publique : le Burkina Faso mise sur le sport de masse pour freiner les maladies non transmissibles - WordPress","og_description":"OUAGADOUGOU \u2014 Face \u00e0 la progression des maladies non transmissibles, le gouvernement burkinab\u00e8 a lanc\u00e9 une campagne de sensibilisation appelant les populations \u00e0 int\u00e9grer durablement l&rsquo;activit\u00e9 physique dans leur quotidien, afin de pr\u00e9venir les maladies li\u00e9es \u00e0 la s\u00e9dentarit\u00e9 et d&rsquo;am\u00e9liorer leur qualit\u00e9 de vie. Une grande journ\u00e9e d&rsquo;activit\u00e9 physique et sportive tenue le samedi...","og_url":"https:\/\/lacolombeplus.net\/index.php\/2026\/07\/21\/sante-publique-le-burkina-faso-mise-sur-le-sport-de-masse-pour-freiner-les-maladies-non-transmissibles\/","og_site_name":"WordPress","article_publisher":"https:\/\/web.facebook.com\/profile.php?id=61589477078953","article_published_time":"2026-07-21T13:00:44+00:00","og_image":[{"width":2048,"height":1536,"url":"http:\/\/lacolombeplus.net\/wp-content\/uploads\/2026\/07\/751692587_1459147269567447_2097669249177756707_n-1.webp","type":"image\/webp"}],"author":"Dramane FAYAMA","twitter_card":"summary_large_image","twitter_misc":{"\u00c9crit par":"Dramane FAYAMA","Dur\u00e9e de lecture estim\u00e9e":"5 minutes"},"schema":{"@context":"https:\/\/schema.org","@graph":[{"@type":"Article","@id":"https:\/\/lacolombeplus.net\/index.php\/2026\/07\/21\/sante-publique-le-burkina-faso-mise-sur-le-sport-de-masse-pour-freiner-les-maladies-non-transmissibles\/#article","isPartOf":{"@id":"https:\/\/lacolombeplus.net\/index.php\/2026\/07\/21\/sante-publique-le-burkina-faso-mise-sur-le-sport-de-masse-pour-freiner-les-maladies-non-transmissibles\/"},"author":{"name":"Dramane FAYAMA","@id":"https:\/\/lacolombeplus.net\/#\/schema\/person\/1a433b3fa6e8f9696f18ece67a69915c"},"headline":"Sant\u00e9 publique : le Burkina Faso mise sur le sport de masse pour freiner les maladies non transmissibles","datePublished":"2026-07-21T13:00:44+00:00","mainEntityOfPage":{"@id":"https:\/\/lacolombeplus.net\/index.php\/2026\/07\/21\/sante-publique-le-burkina-faso-mise-sur-le-sport-de-masse-pour-freiner-les-maladies-non-transmissibles\/"},"wordCount":941,"commentCount":0,"publisher":{"@id":"https:\/\/lacolombeplus.net\/#organization"},"image":{"@id":"https:\/\/lacolombeplus.net\/index.php\/2026\/07\/21\/sante-publique-le-burkina-faso-mise-sur-le-sport-de-masse-pour-freiner-les-maladies-non-transmissibles\/#primaryimage"},"thumbnailUrl":"https:\/\/lacolombeplus.net\/wp-content\/uploads\/2026\/07\/751692587_1459147269567447_2097669249177756707_n-1.webp","keywords":["OMS","Sant\u00e9","Sant\u00e9 mentale","Sant\u00e9-s\u00e9curit\u00e9 au travail","Sport"],"articleSection":["A la Une","Sant\u00e9","Sport"],"inLanguage":"fr-FR","potentialAction":[{"@type":"CommentAction","name":"Comment","target":["https:\/\/lacolombeplus.net\/index.php\/2026\/07\/21\/sante-publique-le-burkina-faso-mise-sur-le-sport-de-masse-pour-freiner-les-maladies-non-transmissibles\/#respond"]}]},{"@type":"WebPage","@id":"https:\/\/lacolombeplus.net\/index.php\/2026\/07\/21\/sante-publique-le-burkina-faso-mise-sur-le-sport-de-masse-pour-freiner-les-maladies-non-transmissibles\/","url":"https:\/\/lacolombeplus.net\/index.php\/2026\/07\/21\/sante-publique-le-burkina-faso-mise-sur-le-sport-de-masse-pour-freiner-les-maladies-non-transmissibles\/","name":"Sant\u00e9 publique : le Burkina Faso mise sur le sport de masse pour freiner les maladies non transmissibles - WordPress","isPartOf":{"@id":"https:\/\/lacolombeplus.net\/#website"},"primaryImageOfPage":{"@id":"https:\/\/lacolombeplus.net\/index.php\/2026\/07\/21\/sante-publique-le-burkina-faso-mise-sur-le-sport-de-masse-pour-freiner-les-maladies-non-transmissibles\/#primaryimage"},"image":{"@id":"https:\/\/lacolombeplus.net\/index.php\/2026\/07\/21\/sante-publique-le-burkina-faso-mise-sur-le-sport-de-masse-pour-freiner-les-maladies-non-transmissibles\/#primaryimage"},"thumbnailUrl":"https:\/\/lacolombeplus.net\/wp-content\/uploads\/2026\/07\/751692587_1459147269567447_2097669249177756707_n-1.webp","datePublished":"2026-07-21T13:00:44+00:00","breadcrumb":{"@id":"https:\/\/lacolombeplus.net\/index.php\/2026\/07\/21\/sante-publique-le-burkina-faso-mise-sur-le-sport-de-masse-pour-freiner-les-maladies-non-transmissibles\/#breadcrumb"},"inLanguage":"fr-FR","potentialAction":[{"@type":"ReadAction","target":["https:\/\/lacolombeplus.net\/index.php\/2026\/07\/21\/sante-publique-le-burkina-faso-mise-sur-le-sport-de-masse-pour-freiner-les-maladies-non-transmissibles\/"]}]},{"@type":"ImageObject","inLanguage":"fr-FR","@id":"https:\/\/lacolombeplus.net\/index.php\/2026\/07\/21\/sante-publique-le-burkina-faso-mise-sur-le-sport-de-masse-pour-freiner-les-maladies-non-transmissibles\/#primaryimage","url":"https:\/\/lacolombeplus.net\/wp-content\/uploads\/2026\/07\/751692587_1459147269567447_2097669249177756707_n-1.webp","contentUrl":"https:\/\/lacolombeplus.net\/wp-content\/uploads\/2026\/07\/751692587_1459147269567447_2097669249177756707_n-1.webp","width":2048,"height":1536,"caption":"S\u00e9ance d'Aerobic apres une marche effectu\u00e9."},{"@type":"BreadcrumbList","@id":"https:\/\/lacolombeplus.net\/index.php\/2026\/07\/21\/sante-publique-le-burkina-faso-mise-sur-le-sport-de-masse-pour-freiner-les-maladies-non-transmissibles\/#breadcrumb","itemListElement":[{"@type":"ListItem","position":1,"name":"Accueil","item":"https:\/\/lacolombeplus.net\/"},{"@type":"ListItem","position":2,"name":"Sant\u00e9 publique : le Burkina Faso mise sur le sport de masse pour freiner les maladies non transmissibles"}]},{"@type":"WebSite","@id":"https:\/\/lacolombeplus.net\/#website","url":"https:\/\/lacolombeplus.net\/","name":"Lacolombeplus","description":"","publisher":{"@id":"https:\/\/lacolombeplus.net\/#organization"},"potentialAction":[{"@type":"SearchAction","target":{"@type":"EntryPoint","urlTemplate":"https:\/\/lacolombeplus.net\/?s={search_term_string}"},"query-input":{"@type":"PropertyValueSpecification","valueRequired":true,"valueName":"search_term_string"}}],"inLanguage":"fr-FR"},{"@type":"Organization","@id":"https:\/\/lacolombeplus.net\/#organization","name":"lacolombeplus.net","url":"https:\/\/lacolombeplus.net\/","logo":{"@type":"ImageObject","inLanguage":"fr-FR","@id":"https:\/\/lacolombeplus.net\/#\/schema\/logo\/image\/","url":"https:\/\/lacolombeplus.net\/wp-content\/uploads\/2026\/04\/a84391f3-a521-4177-867d-b9aaa3066b88.png","contentUrl":"https:\/\/lacolombeplus.net\/wp-content\/uploads\/2026\/04\/a84391f3-a521-4177-867d-b9aaa3066b88.png","width":1045,"height":1505,"caption":"lacolombeplus.net"},"image":{"@id":"https:\/\/lacolombeplus.net\/#\/schema\/logo\/image\/"},"sameAs":["https:\/\/web.facebook.com\/profile.php?id=61589477078953"]},{"@type":"Person","@id":"https:\/\/lacolombeplus.net\/#\/schema\/person\/1a433b3fa6e8f9696f18ece67a69915c","name":"Dramane FAYAMA","image":{"@type":"ImageObject","inLanguage":"fr-FR","@id":"https:\/\/secure.gravatar.com\/avatar\/6ae061b9c102ae93ffb7a4076195d78ace54801f91540899a6e8aacf91eacff8?s=96&d=mm&r=g","url":"https:\/\/secure.gravatar.com\/avatar\/6ae061b9c102ae93ffb7a4076195d78ace54801f91540899a6e8aacf91eacff8?s=96&d=mm&r=g","contentUrl":"https:\/\/secure.gravatar.com\/avatar\/6ae061b9c102ae93ffb7a4076195d78ace54801f91540899a6e8aacf91eacff8?s=96&d=mm&r=g","caption":"Dramane FAYAMA"},"url":"https:\/\/lacolombeplus.net\/index.php\/author\/dramane\/"}]}},"jetpack_featured_media_url":"https:\/\/lacolombeplus.net\/wp-content\/uploads\/2026\/07\/751692587_1459147269567447_2097669249177756707_n-1.webp","jetpack_sharing_enabled":true,"_links":{"self":[{"href":"https:\/\/lacolombeplus.net\/index.php\/wp-json\/wp\/v2\/posts\/38676","targetHints":{"allow":["GET"]}}],"collection":[{"href":"https:\/\/lacolombeplus.net\/index.php\/wp-json\/wp\/v2\/posts"}],"about":[{"href":"https:\/\/lacolombeplus.net\/index.php\/wp-json\/wp\/v2\/types\/post"}],"author":[{"embeddable":true,"href":"https:\/\/lacolombeplus.net\/index.php\/wp-json\/wp\/v2\/users\/6"}],"replies":[{"embeddable":true,"href":"https:\/\/lacolombeplus.net\/index.php\/wp-json\/wp\/v2\/comments?post=38676"}],"version-history":[{"count":2,"href":"https:\/\/lacolombeplus.net\/index.php\/wp-json\/wp\/v2\/posts\/38676\/revisions"}],"predecessor-version":[{"id":38683,"href":"https:\/\/lacolombeplus.net\/index.php\/wp-json\/wp\/v2\/posts\/38676\/revisions\/38683"}],"wp:featuredmedia":[{"embeddable":true,"href":"https:\/\/lacolombeplus.net\/index.php\/wp-json\/wp\/v2\/media\/38681"}],"wp:attachment":[{"href":"https:\/\/lacolombeplus.net\/index.php\/wp-json\/wp\/v2\/media?parent=38676"}],"wp:term":[{"taxonomy":"category","embeddable":true,"href":"https:\/\/lacolombeplus.net\/index.php\/wp-json\/wp\/v2\/categories?post=38676"},{"taxonomy":"post_tag","embeddable":true,"href":"https:\/\/lacolombeplus.net\/index.php\/wp-json\/wp\/v2\/tags?post=38676"}],"curies":[{"name":"wp","href":"https:\/\/api.w.org\/{rel}","templated":true}]}}